{"id":2451,"date":"2025-03-14T04:09:59","date_gmt":"2025-03-14T04:09:59","guid":{"rendered":"https:\/\/www.diario21.tv\/noticias\/exclusivo-el-expapa-del-palmar-de-troya-y-su-esposa-enfrentan-concurso-de-acreedores\/"},"modified":"2025-03-14T04:10:00","modified_gmt":"2025-03-14T04:10:00","slug":"exclusivo-el-expapa-del-palmar-de-troya-y-su-esposa-enfrentan-concurso-de-acreedores","status":"publish","type":"post","link":"https:\/\/www.diario21.tv\/noticias\/exclusivo-el-expapa-del-palmar-de-troya-y-su-esposa-enfrentan-concurso-de-acreedores\/","title":{"rendered":"\u00a1Exclusivo! El expapa del Palmar de Troya y su esposa enfrentan concurso de acreedores"},"content":{"rendered":"<h2>El Antiguo Papa de Palmar de Troya y su Esposa se Declaran en Bancarrota<\/h2>\n<p>En un giro sorprendente de los eventos, el que fuera cabeza de la Iglesia Palmariana, conocido como el Papa de Palmar de Troya, junto con su esposa, han sido declarados en concurso de acreedores. Este acontecimiento marca un cap\u00edtulo m\u00e1s en la ya tumultuosa historia de esta figura religiosa y su asociaci\u00f3n con la Iglesia Palmariana.<\/p>\n<h3>Ascenso y Ca\u00edda de un L\u00edder Religioso<\/h3>\n<p>El exl\u00edder religioso, quien en su momento reclam\u00f3 la suprema autoridad espiritual de la Iglesia Palmariana, hab\u00eda abandonado sorpresivamente su cargo y la vida religiosa hace algunos a\u00f1os. Tras renunciar a su posici\u00f3n, inici\u00f3 una nueva vida junto a su pareja, alejados de las estructuras y doctrinas eclesi\u00e1sticas que una vez lider\u00f3.<\/p>\n<p>La vida del expapa palmariano cambi\u00f3 radicalmente despu\u00e9s de dejar atr\u00e1s su rol en la iglesia. Su transici\u00f3n de un l\u00edder religioso a un ciudadano com\u00fan incluy\u00f3 no solo un cambio en su estilo de vida personal, sino tambi\u00e9n enfrentamientos a desaf\u00edos econ\u00f3micos significativos, culminando ahora en la declaraci\u00f3n de bancarrota.<\/p>\n<h3>El Concurso de Acreedores<\/h3>\n<p>El proceso de concurso de acreedores se inici\u00f3 tras la incapacidad de la pareja para hacer frente a sus deudas acumuladas. Este procedimiento legal es una medida que busca reorganizar las finanzas del deudor bajo supervisi\u00f3n judicial, intentando as\u00ed encontrar una manera equitativa de pagar a los acreedores.<\/p>\n<p>Esta situaci\u00f3n financiera es un reflejo de las dificultades que enfrentan muchos que, tras dejar posiciones de alto perfil, se encuentran con desaf\u00edos econ\u00f3micos insuperables. En el caso del expapa de Palmar de Troya y su esposa, el paso de la vida en una comunidad religiosa cerrada al mundo exterior a una existencia m\u00e1s secular parece haber venido con su propio conjunto de desaf\u00edos financieros.<\/p>\n<h3>Impacto en la Comunidad y M\u00e1s All\u00e1<\/h3>\n<p>La noticia de la bancarrota no solo ha sacudido a aquellos cercanos a la pareja, sino tambi\u00e9n a los exseguidores y conocedores de la Iglesia Palmariana. Adem\u00e1s, plantea preguntas m\u00e1s amplias sobre la gesti\u00f3n financiera y las responsabilidades de los l\u00edderes religiosos, tanto durante su mandato como despu\u00e9s de su retiro o renuncia.<\/p>\n<p>El caso del expapa de Palmar de Troya es una muestra de c\u00f3mo la vida y las decisiones de figuras p\u00fablicas pueden tener ramificaciones que van m\u00e1s all\u00e1 de su esfera personal, afectando a una comunidad m\u00e1s amplia y, en algunos casos, generando un debate p\u00fablico sobre temas de responsabilidad y redenci\u00f3n.<\/p>\n<h3>Reflexiones Finales<\/h3>\n<p>La declaraci\u00f3n de concurso de acreedores del expapa palmariano y su esposa cierra un cap\u00edtulo en su vida personal y abre otro lleno de incertidumbres y aprendizaje. Mientras enfrentan este desaf\u00edo, la historia contin\u00faa desarroll\u00e1ndose, record\u00e1ndonos la complejidad de la vida despu\u00e9s del liderazgo religioso y las implicaciones que tiene en el plano personal y financiero.<\/p>\n\n\n<div class=\"kk-star-ratings kksr-auto kksr-align-left kksr-valign-bottom\"\n    data-payload='{&quot;align&quot;:&quot;left&quot;,&quot;id&quot;:&quot;2451&quot;,&quot;slug&quot;:&quot;default&quot;,&quot;valign&quot;:&quot;bottom&quot;,&quot;ignore&quot;:&quot;&quot;,&quot;reference&quot;:&quot;auto&quot;,&quot;class&quot;:&quot;&quot;,&quot;count&quot;:&quot;0&quot;,&quot;legendonly&quot;:&quot;&quot;,&quot;readonly&quot;:&quot;&quot;,&quot;score&quot;:&quot;0&quot;,&quot;starsonly&quot;:&quot;&quot;,&quot;best&quot;:&quot;5&quot;,&quot;gap&quot;:&quot;5&quot;,&quot;greet&quot;:&quot;Valora este post&quot;,&quot;legend&quot;:&quot;0\\\/5 - (0 votes)&quot;,&quot;size&quot;:&quot;22&quot;,&quot;title&quot;:&quot;\u00a1Exclusivo! El expapa del Palmar de Troya y su esposa enfrentan concurso de acreedores&quot;,&quot;width&quot;:&quot;0&quot;,&quot;_legend&quot;:&quot;{score}\\\/{best} - ({count} {votes})&quot;,&quot;font_factor&quot;:&quot;1.25&quot;}'>\n            \n<div class=\"kksr-stars\">\n    \n<div class=\"kksr-stars-inactive\">\n            <div class=\"kksr-star\" data-star=\"1\" style=\"padding-right: 5px\">\n            \n\n<div class=\"kksr-icon\" style=\"width: 22px; height: 22px;\"><\/div>\n        <\/div>\n            <div class=\"kksr-star\" data-star=\"2\" style=\"padding-right: 5px\">\n            \n\n<div class=\"kksr-icon\" style=\"width: 22px; height: 22px;\"><\/div>\n        <\/div>\n            <div class=\"kksr-star\" data-star=\"3\" style=\"padding-right: 5px\">\n            \n\n<div class=\"kksr-icon\" style=\"width: 22px; height: 22px;\"><\/div>\n        <\/div>\n            <div class=\"kksr-star\" data-star=\"4\" style=\"padding-right: 5px\">\n            \n\n<div class=\"kksr-icon\" style=\"width: 22px; height: 22px;\"><\/div>\n        <\/div>\n            <div class=\"kksr-star\" data-star=\"5\" style=\"padding-right: 5px\">\n            \n\n<div class=\"kksr-icon\" style=\"width: 22px; height: 22px;\"><\/div>\n        <\/div>\n    <\/div>\n    \n<div class=\"kksr-stars-active\" style=\"width: 0px;\">\n            <div class=\"kksr-star\" style=\"padding-right: 5px\">\n            \n\n<div class=\"kksr-icon\" style=\"width: 22px; height: 22px;\"><\/div>\n        <\/div>\n            <div class=\"kksr-star\" style=\"padding-right: 5px\">\n            \n\n<div class=\"kksr-icon\" style=\"width: 22px; height: 22px;\"><\/div>\n        <\/div>\n            <div class=\"kksr-star\" style=\"padding-right: 5px\">\n            \n\n<div class=\"kksr-icon\" style=\"width: 22px; height: 22px;\"><\/div>\n        <\/div>\n            <div class=\"kksr-star\" style=\"padding-right: 5px\">\n            \n\n<div class=\"kksr-icon\" style=\"width: 22px; height: 22px;\"><\/div>\n        <\/div>\n            <div class=\"kksr-star\" style=\"padding-right: 5px\">\n            \n\n<div class=\"kksr-icon\" style=\"width: 22px; height: 22px;\"><\/div>\n        <\/div>\n    <\/div>\n<\/div>\n                \n\n<div class=\"kksr-legend\" style=\"font-size: 17.6px;\">\n            <span class=\"kksr-muted\">Valora este post<\/span>\n    <\/div>\n    <\/div>\n","protected":false},"excerpt":{"rendered":"<p>El Antiguo Papa de Palmar de Troya y su Esposa se Declaran en Bancarrota En un giro sorprendente de los eventos, el que fuera cabeza de &#8230; <a title=\"\u00a1Exclusivo! El expapa del Palmar de Troya y su esposa enfrentan concurso de acreedores\" class=\"read-more\" href=\"https:\/\/www.diario21.tv\/noticias\/exclusivo-el-expapa-del-palmar-de-troya-y-su-esposa-enfrentan-concurso-de-acreedores\/\" aria-label=\"Leer m\u00e1s sobre \u00a1Exclusivo! El expapa del Palmar de Troya y su esposa enfrentan concurso de acreedores\">Seguir leyendo &rarr;<\/a><\/p>\n","protected":false},"author":20,"featured_media":2452,"comment_status":"open","ping_status":"open","sticky":false,"template":"","format":"standard","meta":{"footnotes":""},"categories":[13],"tags":[],"class_list":["post-2451","post","type-post","status-publish","format-standard","has-post-thumbnail","hentry","category-portada"],"yoast_head":"<!-- This site is optimized with the Yoast SEO plugin v25.6 - https:\/\/yoast.com\/wordpress\/plugins\/seo\/ -->\n<title>\u00a1Exclusivo! El expapa del Palmar de Troya y su esposa enfrentan concurso de acreedores - Diario 21<\/title>\n<meta name=\"robots\" content=\"index, follow, max-snippet:-1, max-image-preview:large, max-video-preview:-1\" \/>\n<link rel=\"canonical\" href=\"https:\/\/www.diario21.tv\/noticias\/exclusivo-el-expapa-del-palmar-de-troya-y-su-esposa-enfrentan-concurso-de-acreedores\/\" \/>\n<meta property=\"og:locale\" content=\"es_ES\" \/>\n<meta property=\"og:type\" content=\"article\" \/>\n<meta property=\"og:title\" content=\"\u00a1Exclusivo! El expapa del Palmar de Troya y su esposa enfrentan concurso de acreedores - Diario 21\" \/>\n<meta property=\"og:description\" content=\"El Antiguo Papa de Palmar de Troya y su Esposa se Declaran en Bancarrota En un giro sorprendente de los eventos, el que fuera cabeza de ... Seguir leyendo &rarr;\" \/>\n<meta property=\"og:url\" content=\"https:\/\/www.diario21.tv\/noticias\/exclusivo-el-expapa-del-palmar-de-troya-y-su-esposa-enfrentan-concurso-de-acreedores\/\" \/>\n<meta property=\"og:site_name\" content=\"Diario 21\" \/>\n<meta property=\"article:published_time\" content=\"2025-03-14T04:09:59+00:00\" \/>\n<meta property=\"article:modified_time\" content=\"2025-03-14T04:10:00+00:00\" \/>\n<meta property=\"og:image\" content=\"https:\/\/www.diario21.tv\/noticias\/wp-content\/uploads\/2025\/03\/\u00a1Exclusivo-El-expapa-del-Palmar-de-Troya-y-su-esposa.jpg\" \/>\n\t<meta property=\"og:image:width\" content=\"1920\" \/>\n\t<meta property=\"og:image:height\" content=\"1080\" \/>\n\t<meta property=\"og:image:type\" content=\"image\/jpeg\" \/>\n<meta name=\"author\" content=\"Juan P\u00e9rez\" \/>\n<meta name=\"twitter:card\" content=\"summary_large_image\" \/>\n<meta name=\"twitter:label1\" content=\"Escrito por\" \/>\n\t<meta name=\"twitter:data1\" content=\"Juan P\u00e9rez\" \/>\n\t<meta name=\"twitter:label2\" content=\"Tiempo de lectura\" \/>\n\t<meta name=\"twitter:data2\" content=\"3 minutos\" \/>\n<script type=\"application\/ld+json\" class=\"yoast-schema-graph\">{\"@context\":\"https:\/\/schema.org\",\"@graph\":[{\"@type\":\"WebPage\",\"@id\":\"https:\/\/www.diario21.tv\/noticias\/exclusivo-el-expapa-del-palmar-de-troya-y-su-esposa-enfrentan-concurso-de-acreedores\/\",\"url\":\"https:\/\/www.diario21.tv\/noticias\/exclusivo-el-expapa-del-palmar-de-troya-y-su-esposa-enfrentan-concurso-de-acreedores\/\",\"name\":\"\u00a1Exclusivo! El expapa del Palmar de Troya y su esposa enfrentan concurso de acreedores - Diario 21\",\"isPartOf\":{\"@id\":\"https:\/\/www.diario21.tv\/noticias\/#website\"},\"primaryImageOfPage\":{\"@id\":\"https:\/\/www.diario21.tv\/noticias\/exclusivo-el-expapa-del-palmar-de-troya-y-su-esposa-enfrentan-concurso-de-acreedores\/#primaryimage\"},\"image\":{\"@id\":\"https:\/\/www.diario21.tv\/noticias\/exclusivo-el-expapa-del-palmar-de-troya-y-su-esposa-enfrentan-concurso-de-acreedores\/#primaryimage\"},\"thumbnailUrl\":\"https:\/\/www.diario21.tv\/noticias\/wp-content\/uploads\/2025\/03\/\u00a1Exclusivo-El-expapa-del-Palmar-de-Troya-y-su-esposa.jpg\",\"datePublished\":\"2025-03-14T04:09:59+00:00\",\"dateModified\":\"2025-03-14T04:10:00+00:00\",\"author\":{\"@id\":\"https:\/\/www.diario21.tv\/noticias\/#\/schema\/person\/dfb778f73814d8f09f302618446a526b\"},\"breadcrumb\":{\"@id\":\"https:\/\/www.diario21.tv\/noticias\/exclusivo-el-expapa-del-palmar-de-troya-y-su-esposa-enfrentan-concurso-de-acreedores\/#breadcrumb\"},\"inLanguage\":\"es-AR\",\"potentialAction\":[{\"@type\":\"ReadAction\",\"target\":[\"https:\/\/www.diario21.tv\/noticias\/exclusivo-el-expapa-del-palmar-de-troya-y-su-esposa-enfrentan-concurso-de-acreedores\/\"]}]},{\"@type\":\"ImageObject\",\"inLanguage\":\"es-AR\",\"@id\":\"https:\/\/www.diario21.tv\/noticias\/exclusivo-el-expapa-del-palmar-de-troya-y-su-esposa-enfrentan-concurso-de-acreedores\/#primaryimage\",\"url\":\"https:\/\/www.diario21.tv\/noticias\/wp-content\/uploads\/2025\/03\/\u00a1Exclusivo-El-expapa-del-Palmar-de-Troya-y-su-esposa.jpg\",\"contentUrl\":\"https:\/\/www.diario21.tv\/noticias\/wp-content\/uploads\/2025\/03\/\u00a1Exclusivo-El-expapa-del-Palmar-de-Troya-y-su-esposa.jpg\",\"width\":1920,\"height\":1080,\"caption\":\"El expapa del Palmar de Troya y su mujer, en concurso de acreedores\"},{\"@type\":\"BreadcrumbList\",\"@id\":\"https:\/\/www.diario21.tv\/noticias\/exclusivo-el-expapa-del-palmar-de-troya-y-su-esposa-enfrentan-concurso-de-acreedores\/#breadcrumb\",\"itemListElement\":[{\"@type\":\"ListItem\",\"position\":1,\"name\":\"Accueil\",\"item\":\"https:\/\/www.diario21.tv\/noticias\/\"},{\"@type\":\"ListItem\",\"position\":2,\"name\":\"\u00a1Exclusivo! El expapa del Palmar de Troya y su esposa enfrentan concurso de acreedores\"}]},{\"@type\":\"WebSite\",\"@id\":\"https:\/\/www.diario21.tv\/noticias\/#website\",\"url\":\"https:\/\/www.diario21.tv\/noticias\/\",\"name\":\"Diario 21\",\"description\":\"\",\"potentialAction\":[{\"@type\":\"SearchAction\",\"target\":{\"@type\":\"EntryPoint\",\"urlTemplate\":\"https:\/\/www.diario21.tv\/noticias\/?s={search_term_string}\"},\"query-input\":{\"@type\":\"PropertyValueSpecification\",\"valueRequired\":true,\"valueName\":\"search_term_string\"}}],\"inLanguage\":\"es-AR\"},{\"@type\":\"Person\",\"@id\":\"https:\/\/www.diario21.tv\/noticias\/#\/schema\/person\/dfb778f73814d8f09f302618446a526b\",\"name\":\"Juan P\u00e9rez\",\"image\":{\"@type\":\"ImageObject\",\"inLanguage\":\"es-AR\",\"@id\":\"https:\/\/www.diario21.tv\/noticias\/#\/schema\/person\/image\/\",\"url\":\"https:\/\/secure.gravatar.com\/avatar\/c478a405bd10621167f4c3167cc770f5?s=96&d=mm&r=g\",\"contentUrl\":\"https:\/\/secure.gravatar.com\/avatar\/c478a405bd10621167f4c3167cc770f5?s=96&d=mm&r=g\",\"caption\":\"Juan P\u00e9rez\"},\"description\":\"Juan P\u00e9rez es el redactor en jefe de Diario 21. Con m\u00e1s de 10 a\u00f1os de experiencia en el periodismo, se especializa en pol\u00edtica nacional y an\u00e1lisis socioecon\u00f3mico. Su enfoque cr\u00edtico y riguroso aporta una perspectiva \u00fanica a cada art\u00edculo.\",\"sameAs\":[\"https:\/\/www.diario21.tv\/noticias\/\"],\"url\":\"https:\/\/www.diario21.tv\/noticias\/author\/juan-perez\/\"}]}<\/script>\n<!-- \/ Yoast SEO plugin. -->","yoast_head_json":{"title":"\u00a1Exclusivo! El expapa del Palmar de Troya y su esposa enfrentan concurso de acreedores - Diario 21","robots":{"index":"index","follow":"follow","max-snippet":"max-snippet:-1","max-image-preview":"max-image-preview:large","max-video-preview":"max-video-preview:-1"},"canonical":"https:\/\/www.diario21.tv\/noticias\/exclusivo-el-expapa-del-palmar-de-troya-y-su-esposa-enfrentan-concurso-de-acreedores\/","og_locale":"es_ES","og_type":"article","og_title":"\u00a1Exclusivo! El expapa del Palmar de Troya y su esposa enfrentan concurso de acreedores - Diario 21","og_description":"El Antiguo Papa de Palmar de Troya y su Esposa se Declaran en Bancarrota En un giro sorprendente de los eventos, el que fuera cabeza de ... Seguir leyendo &rarr;","og_url":"https:\/\/www.diario21.tv\/noticias\/exclusivo-el-expapa-del-palmar-de-troya-y-su-esposa-enfrentan-concurso-de-acreedores\/","og_site_name":"Diario 21","article_published_time":"2025-03-14T04:09:59+00:00","article_modified_time":"2025-03-14T04:10:00+00:00","og_image":[{"width":1920,"height":1080,"url":"https:\/\/www.diario21.tv\/noticias\/wp-content\/uploads\/2025\/03\/\u00a1Exclusivo-El-expapa-del-Palmar-de-Troya-y-su-esposa.jpg","type":"image\/jpeg"}],"author":"Juan P\u00e9rez","twitter_card":"summary_large_image","twitter_misc":{"Escrito por":"Juan P\u00e9rez","Tiempo de lectura":"3 minutos"},"schema":{"@context":"https:\/\/schema.org","@graph":[{"@type":"WebPage","@id":"https:\/\/www.diario21.tv\/noticias\/exclusivo-el-expapa-del-palmar-de-troya-y-su-esposa-enfrentan-concurso-de-acreedores\/","url":"https:\/\/www.diario21.tv\/noticias\/exclusivo-el-expapa-del-palmar-de-troya-y-su-esposa-enfrentan-concurso-de-acreedores\/","name":"\u00a1Exclusivo! El expapa del Palmar de Troya y su esposa enfrentan concurso de acreedores - Diario 21","isPartOf":{"@id":"https:\/\/www.diario21.tv\/noticias\/#website"},"primaryImageOfPage":{"@id":"https:\/\/www.diario21.tv\/noticias\/exclusivo-el-expapa-del-palmar-de-troya-y-su-esposa-enfrentan-concurso-de-acreedores\/#primaryimage"},"image":{"@id":"https:\/\/www.diario21.tv\/noticias\/exclusivo-el-expapa-del-palmar-de-troya-y-su-esposa-enfrentan-concurso-de-acreedores\/#primaryimage"},"thumbnailUrl":"https:\/\/www.diario21.tv\/noticias\/wp-content\/uploads\/2025\/03\/\u00a1Exclusivo-El-expapa-del-Palmar-de-Troya-y-su-esposa.jpg","datePublished":"2025-03-14T04:09:59+00:00","dateModified":"2025-03-14T04:10:00+00:00","author":{"@id":"https:\/\/www.diario21.tv\/noticias\/#\/schema\/person\/dfb778f73814d8f09f302618446a526b"},"breadcrumb":{"@id":"https:\/\/www.diario21.tv\/noticias\/exclusivo-el-expapa-del-palmar-de-troya-y-su-esposa-enfrentan-concurso-de-acreedores\/#breadcrumb"},"inLanguage":"es-AR","potentialAction":[{"@type":"ReadAction","target":["https:\/\/www.diario21.tv\/noticias\/exclusivo-el-expapa-del-palmar-de-troya-y-su-esposa-enfrentan-concurso-de-acreedores\/"]}]},{"@type":"ImageObject","inLanguage":"es-AR","@id":"https:\/\/www.diario21.tv\/noticias\/exclusivo-el-expapa-del-palmar-de-troya-y-su-esposa-enfrentan-concurso-de-acreedores\/#primaryimage","url":"https:\/\/www.diario21.tv\/noticias\/wp-content\/uploads\/2025\/03\/\u00a1Exclusivo-El-expapa-del-Palmar-de-Troya-y-su-esposa.jpg","contentUrl":"https:\/\/www.diario21.tv\/noticias\/wp-content\/uploads\/2025\/03\/\u00a1Exclusivo-El-expapa-del-Palmar-de-Troya-y-su-esposa.jpg","width":1920,"height":1080,"caption":"El expapa del Palmar de Troya y su mujer, en concurso de acreedores"},{"@type":"BreadcrumbList","@id":"https:\/\/www.diario21.tv\/noticias\/exclusivo-el-expapa-del-palmar-de-troya-y-su-esposa-enfrentan-concurso-de-acreedores\/#breadcrumb","itemListElement":[{"@type":"ListItem","position":1,"name":"Accueil","item":"https:\/\/www.diario21.tv\/noticias\/"},{"@type":"ListItem","position":2,"name":"\u00a1Exclusivo! El expapa del Palmar de Troya y su esposa enfrentan concurso de acreedores"}]},{"@type":"WebSite","@id":"https:\/\/www.diario21.tv\/noticias\/#website","url":"https:\/\/www.diario21.tv\/noticias\/","name":"Diario 21","description":"","potentialAction":[{"@type":"SearchAction","target":{"@type":"EntryPoint","urlTemplate":"https:\/\/www.diario21.tv\/noticias\/?s={search_term_string}"},"query-input":{"@type":"PropertyValueSpecification","valueRequired":true,"valueName":"search_term_string"}}],"inLanguage":"es-AR"},{"@type":"Person","@id":"https:\/\/www.diario21.tv\/noticias\/#\/schema\/person\/dfb778f73814d8f09f302618446a526b","name":"Juan P\u00e9rez","image":{"@type":"ImageObject","inLanguage":"es-AR","@id":"https:\/\/www.diario21.tv\/noticias\/#\/schema\/person\/image\/","url":"https:\/\/secure.gravatar.com\/avatar\/c478a405bd10621167f4c3167cc770f5?s=96&d=mm&r=g","contentUrl":"https:\/\/secure.gravatar.com\/avatar\/c478a405bd10621167f4c3167cc770f5?s=96&d=mm&r=g","caption":"Juan P\u00e9rez"},"description":"Juan P\u00e9rez es el redactor en jefe de Diario 21. Con m\u00e1s de 10 a\u00f1os de experiencia en el periodismo, se especializa en pol\u00edtica nacional y an\u00e1lisis socioecon\u00f3mico. Su enfoque cr\u00edtico y riguroso aporta una perspectiva \u00fanica a cada art\u00edculo.","sameAs":["https:\/\/www.diario21.tv\/noticias\/"],"url":"https:\/\/www.diario21.tv\/noticias\/author\/juan-perez\/"}]}},"_links":{"self":[{"href":"https:\/\/www.diario21.tv\/noticias\/wp-json\/wp\/v2\/posts\/2451"}],"collection":[{"href":"https:\/\/www.diario21.tv\/noticias\/wp-json\/wp\/v2\/posts"}],"about":[{"href":"https:\/\/www.diario21.tv\/noticias\/wp-json\/wp\/v2\/types\/post"}],"author":[{"embeddable":true,"href":"https:\/\/www.diario21.tv\/noticias\/wp-json\/wp\/v2\/users\/20"}],"replies":[{"embeddable":true,"href":"https:\/\/www.diario21.tv\/noticias\/wp-json\/wp\/v2\/comments?post=2451"}],"version-history":[{"count":1,"href":"https:\/\/www.diario21.tv\/noticias\/wp-json\/wp\/v2\/posts\/2451\/revisions"}],"predecessor-version":[{"id":2453,"href":"https:\/\/www.diario21.tv\/noticias\/wp-json\/wp\/v2\/posts\/2451\/revisions\/2453"}],"wp:featuredmedia":[{"embeddable":true,"href":"https:\/\/www.diario21.tv\/noticias\/wp-json\/wp\/v2\/media\/2452"}],"wp:attachment":[{"href":"https:\/\/www.diario21.tv\/noticias\/wp-json\/wp\/v2\/media?parent=2451"}],"wp:term":[{"taxonomy":"category","embeddable":true,"href":"https:\/\/www.diario21.tv\/noticias\/wp-json\/wp\/v2\/categories?post=2451"},{"taxonomy":"post_tag","embeddable":true,"href":"https:\/\/www.diario21.tv\/noticias\/wp-json\/wp\/v2\/tags?post=2451"}],"curies":[{"name":"wp","href":"https:\/\/api.w.org\/{rel}","templated":true}]}}