{"id":2445,"date":"2025-03-13T10:07:32","date_gmt":"2025-03-13T10:07:32","guid":{"rendered":"https:\/\/www.diario21.tv\/noticias\/escandalo-en-granada-destituyen-alcalde-por-viralizar-cruel-agresion-a-un-zorro\/"},"modified":"2025-03-13T10:07:34","modified_gmt":"2025-03-13T10:07:34","slug":"escandalo-en-granada-destituyen-alcalde-por-viralizar-cruel-agresion-a-un-zorro","status":"publish","type":"post","link":"https:\/\/www.diario21.tv\/noticias\/escandalo-en-granada-destituyen-alcalde-por-viralizar-cruel-agresion-a-un-zorro\/","title":{"rendered":"\u00a1Esc\u00e1ndalo en Granada! Destituyen alcalde por viralizar cruel agresi\u00f3n a un zorro"},"content":{"rendered":"<h2>Destituyen a un alcalde de pedan\u00eda en Granada tras compartir im\u00e1genes de un violento maltrato animal<\/h2>\n<p>Un alcalde de una pedan\u00eda perteneciente a un municipio de la provincia de Granada ha sido destituido de su cargo luego de que se le vinculara con la difusi\u00f3n de un video en el que se observa un acto de crueldad extrema hacia un zorro. El suceso ha provocado una oleada de indignaci\u00f3n tanto en la comunidad local como en redes sociales, llevando a las autoridades municipales a tomar medidas disciplinarias.<\/p>\n<h3>El video que desat\u00f3 la pol\u00e9mica<\/h3>\n<p>El incidente sali\u00f3 a la luz cuando un video comenz\u00f3 a circular a trav\u00e9s de diversas plataformas digitales. En las im\u00e1genes, se puede ver a un grupo de individuos agrediendo brutalmente a un zorro, provocando al animal un sufrimiento innecesario y extremo. El alcalde ped\u00e1neo, cuya identidad no ha sido revelada por razones legales, no s\u00f3lo tuvo acceso a dicho material, sino que adem\u00e1s opt\u00f3 por compartirlo.<\/p>\n<p>Esta acci\u00f3n no pas\u00f3 inadvertida y r\u00e1pidamente escal\u00f3 a ser un asunto de gran envergadura, atrayendo la atenci\u00f3n de entidades defensoras de los derechos de los animales y del p\u00fablico general. La viralizaci\u00f3n del video motiv\u00f3 una serie de reacciones adversas contra la crueldad mostrada y contra la participaci\u00f3n del alcalde en la difusi\u00f3n del mismo.<\/p>\n<h3>Reacciones y consecuencias<\/h3>\n<p>Ante la gravedad de los hechos y la implicaci\u00f3n del alcalde ped\u00e1neo en la propagaci\u00f3n de las im\u00e1genes, el ayuntamiento del municipio tom\u00f3 la decisi\u00f3n de relevarlo de su cargo de manera inmediata. Esta medida busca no solo sancionar la conducta inapropiada del alcalde, sino tambi\u00e9n enviar un mensaje claro respecto a la postura del municipio contra el maltrato animal y la irresponsabilidad en el manejo de contenidos sensibles.<\/p>\n<p>La destituci\u00f3n ha sido acompa\u00f1ada de declaraciones p\u00fablicas por parte de varios funcionarios y representantes locales, quienes han condenado el acto de violencia y han reafirmado su compromiso con la protecci\u00f3n de todos los seres vivos y el mantenimiento de la \u00e9tica en la administraci\u00f3n p\u00fablica.<\/p>\n<h3>Impacto en la comunidad y medidas a futuro<\/h3>\n<p>La comunidad ha reaccionado con alivio ante la r\u00e1pida respuesta de las autoridades, aunque persiste la preocupaci\u00f3n sobre c\u00f3mo incidentes de esta naturaleza pueden ser mejor prevenidos en el futuro. En respuesta, se ha propuesto la implementaci\u00f3n de programas de educaci\u00f3n y concientizaci\u00f3n sobre el bienestar animal y la responsabilidad digital, especialmente dirigidos a funcionarios p\u00fablicos y a la poblaci\u00f3n joven.<\/p>\n<p>Adem\u00e1s, el ayuntamiento est\u00e1 considerando la adopci\u00f3n de pol\u00edticas m\u00e1s estrictas para el manejo de contenido digital por parte de sus empleados, asegurando que acciones similares no se repitan y que se respeten los principios de respeto y dignidad hacia todas las formas de vida.<\/p>\n<p>Este lamentable incidente subraya la importancia de la integridad en el ejercicio de cargos p\u00fablicos y refuerza la necesidad de mantener una vigilancia constante sobre las acciones que los representantes de la poblaci\u00f3n eligen llevar a cabo.<\/p>\n\n\n<div class=\"kk-star-ratings kksr-auto kksr-align-left kksr-valign-bottom\"\n    data-payload='{&quot;align&quot;:&quot;left&quot;,&quot;id&quot;:&quot;2445&quot;,&quot;slug&quot;:&quot;default&quot;,&quot;valign&quot;:&quot;bottom&quot;,&quot;ignore&quot;:&quot;&quot;,&quot;reference&quot;:&quot;auto&quot;,&quot;class&quot;:&quot;&quot;,&quot;count&quot;:&quot;0&quot;,&quot;legendonly&quot;:&quot;&quot;,&quot;readonly&quot;:&quot;&quot;,&quot;score&quot;:&quot;0&quot;,&quot;starsonly&quot;:&quot;&quot;,&quot;best&quot;:&quot;5&quot;,&quot;gap&quot;:&quot;5&quot;,&quot;greet&quot;:&quot;Valora este post&quot;,&quot;legend&quot;:&quot;0\\\/5 - (0 votes)&quot;,&quot;size&quot;:&quot;22&quot;,&quot;title&quot;:&quot;\u00a1Esc\u00e1ndalo en Granada! Destituyen alcalde por viralizar cruel agresi\u00f3n a un zorro&quot;,&quot;width&quot;:&quot;0&quot;,&quot;_legend&quot;:&quot;{score}\\\/{best} - ({count} {votes})&quot;,&quot;font_factor&quot;:&quot;1.25&quot;}'>\n            \n<div class=\"kksr-stars\">\n    \n<div class=\"kksr-stars-inactive\">\n            <div class=\"kksr-star\" data-star=\"1\" style=\"padding-right: 5px\">\n            \n\n<div class=\"kksr-icon\" style=\"width: 22px; height: 22px;\"><\/div>\n        <\/div>\n            <div class=\"kksr-star\" data-star=\"2\" style=\"padding-right: 5px\">\n            \n\n<div class=\"kksr-icon\" style=\"width: 22px; height: 22px;\"><\/div>\n        <\/div>\n            <div class=\"kksr-star\" data-star=\"3\" style=\"padding-right: 5px\">\n            \n\n<div class=\"kksr-icon\" style=\"width: 22px; height: 22px;\"><\/div>\n        <\/div>\n            <div class=\"kksr-star\" data-star=\"4\" style=\"padding-right: 5px\">\n            \n\n<div class=\"kksr-icon\" style=\"width: 22px; height: 22px;\"><\/div>\n        <\/div>\n            <div class=\"kksr-star\" data-star=\"5\" style=\"padding-right: 5px\">\n            \n\n<div class=\"kksr-icon\" style=\"width: 22px; height: 22px;\"><\/div>\n        <\/div>\n    <\/div>\n    \n<div class=\"kksr-stars-active\" style=\"width: 0px;\">\n            <div class=\"kksr-star\" style=\"padding-right: 5px\">\n            \n\n<div class=\"kksr-icon\" style=\"width: 22px; height: 22px;\"><\/div>\n        <\/div>\n            <div class=\"kksr-star\" style=\"padding-right: 5px\">\n            \n\n<div class=\"kksr-icon\" style=\"width: 22px; height: 22px;\"><\/div>\n        <\/div>\n            <div class=\"kksr-star\" style=\"padding-right: 5px\">\n            \n\n<div class=\"kksr-icon\" style=\"width: 22px; height: 22px;\"><\/div>\n        <\/div>\n            <div class=\"kksr-star\" style=\"padding-right: 5px\">\n            \n\n<div class=\"kksr-icon\" style=\"width: 22px; height: 22px;\"><\/div>\n        <\/div>\n            <div class=\"kksr-star\" style=\"padding-right: 5px\">\n            \n\n<div class=\"kksr-icon\" style=\"width: 22px; height: 22px;\"><\/div>\n        <\/div>\n    <\/div>\n<\/div>\n                \n\n<div class=\"kksr-legend\" style=\"font-size: 17.6px;\">\n            <span class=\"kksr-muted\">Valora este post<\/span>\n    <\/div>\n    <\/div>\n","protected":false},"excerpt":{"rendered":"<p>Destituyen a un alcalde de pedan\u00eda en Granada tras compartir im\u00e1genes de un violento maltrato animal Un alcalde de una pedan\u00eda perteneciente a un municipio de &#8230; <a title=\"\u00a1Esc\u00e1ndalo en Granada! Destituyen alcalde por viralizar cruel agresi\u00f3n a un zorro\" class=\"read-more\" href=\"https:\/\/www.diario21.tv\/noticias\/escandalo-en-granada-destituyen-alcalde-por-viralizar-cruel-agresion-a-un-zorro\/\" aria-label=\"Leer m\u00e1s sobre \u00a1Esc\u00e1ndalo en Granada! Destituyen alcalde por viralizar cruel agresi\u00f3n a un zorro\">Seguir leyendo &rarr;<\/a><\/p>\n","protected":false},"author":20,"featured_media":2446,"comment_status":"open","ping_status":"open","sticky":false,"template":"","format":"standard","meta":{"footnotes":""},"categories":[13],"tags":[],"class_list":["post-2445","post","type-post","status-publish","format-standard","has-post-thumbnail","hentry","category-portada"],"yoast_head":"<!-- This site is optimized with the Yoast SEO plugin v25.6 - https:\/\/yoast.com\/wordpress\/plugins\/seo\/ -->\n<title>\u00a1Esc\u00e1ndalo en Granada! Destituyen alcalde por viralizar cruel agresi\u00f3n a un zorro - Diario 21<\/title>\n<meta name=\"robots\" content=\"index, follow, max-snippet:-1, max-image-preview:large, max-video-preview:-1\" \/>\n<link rel=\"canonical\" href=\"https:\/\/www.diario21.tv\/noticias\/escandalo-en-granada-destituyen-alcalde-por-viralizar-cruel-agresion-a-un-zorro\/\" \/>\n<meta property=\"og:locale\" content=\"es_ES\" \/>\n<meta property=\"og:type\" content=\"article\" \/>\n<meta property=\"og:title\" content=\"\u00a1Esc\u00e1ndalo en Granada! Destituyen alcalde por viralizar cruel agresi\u00f3n a un zorro - Diario 21\" \/>\n<meta property=\"og:description\" content=\"Destituyen a un alcalde de pedan\u00eda en Granada tras compartir im\u00e1genes de un violento maltrato animal Un alcalde de una pedan\u00eda perteneciente a un municipio de ... Seguir leyendo &rarr;\" \/>\n<meta property=\"og:url\" content=\"https:\/\/www.diario21.tv\/noticias\/escandalo-en-granada-destituyen-alcalde-por-viralizar-cruel-agresion-a-un-zorro\/\" \/>\n<meta property=\"og:site_name\" content=\"Diario 21\" \/>\n<meta property=\"article:published_time\" content=\"2025-03-13T10:07:32+00:00\" \/>\n<meta property=\"article:modified_time\" content=\"2025-03-13T10:07:34+00:00\" \/>\n<meta property=\"og:image\" content=\"https:\/\/www.diario21.tv\/noticias\/wp-content\/uploads\/2025\/03\/\u00a1Escandalo-en-Granada-Destituyen-alcalde-por-viralizar-cruel-agresion-a.png\" \/>\n\t<meta property=\"og:image:width\" content=\"1200\" \/>\n\t<meta property=\"og:image:height\" content=\"840\" \/>\n\t<meta property=\"og:image:type\" content=\"image\/png\" \/>\n<meta name=\"author\" content=\"Juan P\u00e9rez\" \/>\n<meta name=\"twitter:card\" content=\"summary_large_image\" \/>\n<meta name=\"twitter:label1\" content=\"Escrito por\" \/>\n\t<meta name=\"twitter:data1\" content=\"Juan P\u00e9rez\" \/>\n\t<meta name=\"twitter:label2\" content=\"Tiempo de lectura\" \/>\n\t<meta name=\"twitter:data2\" content=\"3 minutos\" \/>\n<script type=\"application\/ld+json\" class=\"yoast-schema-graph\">{\"@context\":\"https:\/\/schema.org\",\"@graph\":[{\"@type\":\"WebPage\",\"@id\":\"https:\/\/www.diario21.tv\/noticias\/escandalo-en-granada-destituyen-alcalde-por-viralizar-cruel-agresion-a-un-zorro\/\",\"url\":\"https:\/\/www.diario21.tv\/noticias\/escandalo-en-granada-destituyen-alcalde-por-viralizar-cruel-agresion-a-un-zorro\/\",\"name\":\"\u00a1Esc\u00e1ndalo en Granada! Destituyen alcalde por viralizar cruel agresi\u00f3n a un zorro - Diario 21\",\"isPartOf\":{\"@id\":\"https:\/\/www.diario21.tv\/noticias\/#website\"},\"primaryImageOfPage\":{\"@id\":\"https:\/\/www.diario21.tv\/noticias\/escandalo-en-granada-destituyen-alcalde-por-viralizar-cruel-agresion-a-un-zorro\/#primaryimage\"},\"image\":{\"@id\":\"https:\/\/www.diario21.tv\/noticias\/escandalo-en-granada-destituyen-alcalde-por-viralizar-cruel-agresion-a-un-zorro\/#primaryimage\"},\"thumbnailUrl\":\"https:\/\/www.diario21.tv\/noticias\/wp-content\/uploads\/2025\/03\/\u00a1Escandalo-en-Granada-Destituyen-alcalde-por-viralizar-cruel-agresion-a.png\",\"datePublished\":\"2025-03-13T10:07:32+00:00\",\"dateModified\":\"2025-03-13T10:07:34+00:00\",\"author\":{\"@id\":\"https:\/\/www.diario21.tv\/noticias\/#\/schema\/person\/dfb778f73814d8f09f302618446a526b\"},\"breadcrumb\":{\"@id\":\"https:\/\/www.diario21.tv\/noticias\/escandalo-en-granada-destituyen-alcalde-por-viralizar-cruel-agresion-a-un-zorro\/#breadcrumb\"},\"inLanguage\":\"es-AR\",\"potentialAction\":[{\"@type\":\"ReadAction\",\"target\":[\"https:\/\/www.diario21.tv\/noticias\/escandalo-en-granada-destituyen-alcalde-por-viralizar-cruel-agresion-a-un-zorro\/\"]}]},{\"@type\":\"ImageObject\",\"inLanguage\":\"es-AR\",\"@id\":\"https:\/\/www.diario21.tv\/noticias\/escandalo-en-granada-destituyen-alcalde-por-viralizar-cruel-agresion-a-un-zorro\/#primaryimage\",\"url\":\"https:\/\/www.diario21.tv\/noticias\/wp-content\/uploads\/2025\/03\/\u00a1Escandalo-en-Granada-Destituyen-alcalde-por-viralizar-cruel-agresion-a.png\",\"contentUrl\":\"https:\/\/www.diario21.tv\/noticias\/wp-content\/uploads\/2025\/03\/\u00a1Escandalo-en-Granada-Destituyen-alcalde-por-viralizar-cruel-agresion-a.png\",\"width\":1200,\"height\":840,\"caption\":\"Cesan a un alcalde ped\u00e1neo de un municipio de Granada por difundir la brutal agresi\u00f3n a un zorro\"},{\"@type\":\"BreadcrumbList\",\"@id\":\"https:\/\/www.diario21.tv\/noticias\/escandalo-en-granada-destituyen-alcalde-por-viralizar-cruel-agresion-a-un-zorro\/#breadcrumb\",\"itemListElement\":[{\"@type\":\"ListItem\",\"position\":1,\"name\":\"Accueil\",\"item\":\"https:\/\/www.diario21.tv\/noticias\/\"},{\"@type\":\"ListItem\",\"position\":2,\"name\":\"\u00a1Esc\u00e1ndalo en Granada! Destituyen alcalde por viralizar cruel agresi\u00f3n a un zorro\"}]},{\"@type\":\"WebSite\",\"@id\":\"https:\/\/www.diario21.tv\/noticias\/#website\",\"url\":\"https:\/\/www.diario21.tv\/noticias\/\",\"name\":\"Diario 21\",\"description\":\"\",\"potentialAction\":[{\"@type\":\"SearchAction\",\"target\":{\"@type\":\"EntryPoint\",\"urlTemplate\":\"https:\/\/www.diario21.tv\/noticias\/?s={search_term_string}\"},\"query-input\":{\"@type\":\"PropertyValueSpecification\",\"valueRequired\":true,\"valueName\":\"search_term_string\"}}],\"inLanguage\":\"es-AR\"},{\"@type\":\"Person\",\"@id\":\"https:\/\/www.diario21.tv\/noticias\/#\/schema\/person\/dfb778f73814d8f09f302618446a526b\",\"name\":\"Juan P\u00e9rez\",\"image\":{\"@type\":\"ImageObject\",\"inLanguage\":\"es-AR\",\"@id\":\"https:\/\/www.diario21.tv\/noticias\/#\/schema\/person\/image\/\",\"url\":\"https:\/\/secure.gravatar.com\/avatar\/c478a405bd10621167f4c3167cc770f5?s=96&d=mm&r=g\",\"contentUrl\":\"https:\/\/secure.gravatar.com\/avatar\/c478a405bd10621167f4c3167cc770f5?s=96&d=mm&r=g\",\"caption\":\"Juan P\u00e9rez\"},\"description\":\"Juan P\u00e9rez es el redactor en jefe de Diario 21. Con m\u00e1s de 10 a\u00f1os de experiencia en el periodismo, se especializa en pol\u00edtica nacional y an\u00e1lisis socioecon\u00f3mico. Su enfoque cr\u00edtico y riguroso aporta una perspectiva \u00fanica a cada art\u00edculo.\",\"sameAs\":[\"https:\/\/www.diario21.tv\/noticias\/\"],\"url\":\"https:\/\/www.diario21.tv\/noticias\/author\/juan-perez\/\"}]}<\/script>\n<!-- \/ Yoast SEO plugin. -->","yoast_head_json":{"title":"\u00a1Esc\u00e1ndalo en Granada! Destituyen alcalde por viralizar cruel agresi\u00f3n a un zorro - Diario 21","robots":{"index":"index","follow":"follow","max-snippet":"max-snippet:-1","max-image-preview":"max-image-preview:large","max-video-preview":"max-video-preview:-1"},"canonical":"https:\/\/www.diario21.tv\/noticias\/escandalo-en-granada-destituyen-alcalde-por-viralizar-cruel-agresion-a-un-zorro\/","og_locale":"es_ES","og_type":"article","og_title":"\u00a1Esc\u00e1ndalo en Granada! Destituyen alcalde por viralizar cruel agresi\u00f3n a un zorro - Diario 21","og_description":"Destituyen a un alcalde de pedan\u00eda en Granada tras compartir im\u00e1genes de un violento maltrato animal Un alcalde de una pedan\u00eda perteneciente a un municipio de ... Seguir leyendo &rarr;","og_url":"https:\/\/www.diario21.tv\/noticias\/escandalo-en-granada-destituyen-alcalde-por-viralizar-cruel-agresion-a-un-zorro\/","og_site_name":"Diario 21","article_published_time":"2025-03-13T10:07:32+00:00","article_modified_time":"2025-03-13T10:07:34+00:00","og_image":[{"width":1200,"height":840,"url":"https:\/\/www.diario21.tv\/noticias\/wp-content\/uploads\/2025\/03\/\u00a1Escandalo-en-Granada-Destituyen-alcalde-por-viralizar-cruel-agresion-a.png","type":"image\/png"}],"author":"Juan P\u00e9rez","twitter_card":"summary_large_image","twitter_misc":{"Escrito por":"Juan P\u00e9rez","Tiempo de lectura":"3 minutos"},"schema":{"@context":"https:\/\/schema.org","@graph":[{"@type":"WebPage","@id":"https:\/\/www.diario21.tv\/noticias\/escandalo-en-granada-destituyen-alcalde-por-viralizar-cruel-agresion-a-un-zorro\/","url":"https:\/\/www.diario21.tv\/noticias\/escandalo-en-granada-destituyen-alcalde-por-viralizar-cruel-agresion-a-un-zorro\/","name":"\u00a1Esc\u00e1ndalo en Granada! Destituyen alcalde por viralizar cruel agresi\u00f3n a un zorro - Diario 21","isPartOf":{"@id":"https:\/\/www.diario21.tv\/noticias\/#website"},"primaryImageOfPage":{"@id":"https:\/\/www.diario21.tv\/noticias\/escandalo-en-granada-destituyen-alcalde-por-viralizar-cruel-agresion-a-un-zorro\/#primaryimage"},"image":{"@id":"https:\/\/www.diario21.tv\/noticias\/escandalo-en-granada-destituyen-alcalde-por-viralizar-cruel-agresion-a-un-zorro\/#primaryimage"},"thumbnailUrl":"https:\/\/www.diario21.tv\/noticias\/wp-content\/uploads\/2025\/03\/\u00a1Escandalo-en-Granada-Destituyen-alcalde-por-viralizar-cruel-agresion-a.png","datePublished":"2025-03-13T10:07:32+00:00","dateModified":"2025-03-13T10:07:34+00:00","author":{"@id":"https:\/\/www.diario21.tv\/noticias\/#\/schema\/person\/dfb778f73814d8f09f302618446a526b"},"breadcrumb":{"@id":"https:\/\/www.diario21.tv\/noticias\/escandalo-en-granada-destituyen-alcalde-por-viralizar-cruel-agresion-a-un-zorro\/#breadcrumb"},"inLanguage":"es-AR","potentialAction":[{"@type":"ReadAction","target":["https:\/\/www.diario21.tv\/noticias\/escandalo-en-granada-destituyen-alcalde-por-viralizar-cruel-agresion-a-un-zorro\/"]}]},{"@type":"ImageObject","inLanguage":"es-AR","@id":"https:\/\/www.diario21.tv\/noticias\/escandalo-en-granada-destituyen-alcalde-por-viralizar-cruel-agresion-a-un-zorro\/#primaryimage","url":"https:\/\/www.diario21.tv\/noticias\/wp-content\/uploads\/2025\/03\/\u00a1Escandalo-en-Granada-Destituyen-alcalde-por-viralizar-cruel-agresion-a.png","contentUrl":"https:\/\/www.diario21.tv\/noticias\/wp-content\/uploads\/2025\/03\/\u00a1Escandalo-en-Granada-Destituyen-alcalde-por-viralizar-cruel-agresion-a.png","width":1200,"height":840,"caption":"Cesan a un alcalde ped\u00e1neo de un municipio de Granada por difundir la brutal agresi\u00f3n a un zorro"},{"@type":"BreadcrumbList","@id":"https:\/\/www.diario21.tv\/noticias\/escandalo-en-granada-destituyen-alcalde-por-viralizar-cruel-agresion-a-un-zorro\/#breadcrumb","itemListElement":[{"@type":"ListItem","position":1,"name":"Accueil","item":"https:\/\/www.diario21.tv\/noticias\/"},{"@type":"ListItem","position":2,"name":"\u00a1Esc\u00e1ndalo en Granada! Destituyen alcalde por viralizar cruel agresi\u00f3n a un zorro"}]},{"@type":"WebSite","@id":"https:\/\/www.diario21.tv\/noticias\/#website","url":"https:\/\/www.diario21.tv\/noticias\/","name":"Diario 21","description":"","potentialAction":[{"@type":"SearchAction","target":{"@type":"EntryPoint","urlTemplate":"https:\/\/www.diario21.tv\/noticias\/?s={search_term_string}"},"query-input":{"@type":"PropertyValueSpecification","valueRequired":true,"valueName":"search_term_string"}}],"inLanguage":"es-AR"},{"@type":"Person","@id":"https:\/\/www.diario21.tv\/noticias\/#\/schema\/person\/dfb778f73814d8f09f302618446a526b","name":"Juan P\u00e9rez","image":{"@type":"ImageObject","inLanguage":"es-AR","@id":"https:\/\/www.diario21.tv\/noticias\/#\/schema\/person\/image\/","url":"https:\/\/secure.gravatar.com\/avatar\/c478a405bd10621167f4c3167cc770f5?s=96&d=mm&r=g","contentUrl":"https:\/\/secure.gravatar.com\/avatar\/c478a405bd10621167f4c3167cc770f5?s=96&d=mm&r=g","caption":"Juan P\u00e9rez"},"description":"Juan P\u00e9rez es el redactor en jefe de Diario 21. Con m\u00e1s de 10 a\u00f1os de experiencia en el periodismo, se especializa en pol\u00edtica nacional y an\u00e1lisis socioecon\u00f3mico. Su enfoque cr\u00edtico y riguroso aporta una perspectiva \u00fanica a cada art\u00edculo.","sameAs":["https:\/\/www.diario21.tv\/noticias\/"],"url":"https:\/\/www.diario21.tv\/noticias\/author\/juan-perez\/"}]}},"_links":{"self":[{"href":"https:\/\/www.diario21.tv\/noticias\/wp-json\/wp\/v2\/posts\/2445"}],"collection":[{"href":"https:\/\/www.diario21.tv\/noticias\/wp-json\/wp\/v2\/posts"}],"about":[{"href":"https:\/\/www.diario21.tv\/noticias\/wp-json\/wp\/v2\/types\/post"}],"author":[{"embeddable":true,"href":"https:\/\/www.diario21.tv\/noticias\/wp-json\/wp\/v2\/users\/20"}],"replies":[{"embeddable":true,"href":"https:\/\/www.diario21.tv\/noticias\/wp-json\/wp\/v2\/comments?post=2445"}],"version-history":[{"count":1,"href":"https:\/\/www.diario21.tv\/noticias\/wp-json\/wp\/v2\/posts\/2445\/revisions"}],"predecessor-version":[{"id":2447,"href":"https:\/\/www.diario21.tv\/noticias\/wp-json\/wp\/v2\/posts\/2445\/revisions\/2447"}],"wp:featuredmedia":[{"embeddable":true,"href":"https:\/\/www.diario21.tv\/noticias\/wp-json\/wp\/v2\/media\/2446"}],"wp:attachment":[{"href":"https:\/\/www.diario21.tv\/noticias\/wp-json\/wp\/v2\/media?parent=2445"}],"wp:term":[{"taxonomy":"category","embeddable":true,"href":"https:\/\/www.diario21.tv\/noticias\/wp-json\/wp\/v2\/categories?post=2445"},{"taxonomy":"post_tag","embeddable":true,"href":"https:\/\/www.diario21.tv\/noticias\/wp-json\/wp\/v2\/tags?post=2445"}],"curies":[{"name":"wp","href":"https:\/\/api.w.org\/{rel}","templated":true}]}}