{"id":2442,"date":"2025-03-13T04:00:21","date_gmt":"2025-03-13T04:00:21","guid":{"rendered":"https:\/\/www.diario21.tv\/noticias\/descubre-por-que-los-madrilenos-emigraban-a-extremadura-en-los-anos-60\/"},"modified":"2025-03-13T04:00:23","modified_gmt":"2025-03-13T04:00:23","slug":"descubre-por-que-los-madrilenos-emigraban-a-extremadura-en-los-anos-60","status":"publish","type":"post","link":"https:\/\/www.diario21.tv\/noticias\/descubre-por-que-los-madrilenos-emigraban-a-extremadura-en-los-anos-60\/","title":{"rendered":"Descubre por qu\u00e9 los madrile\u00f1os emigraban a Extremadura en los a\u00f1os 60"},"content":{"rendered":"<h2>La migraci\u00f3n de los madrile\u00f1os a Extremadura en la d\u00e9cada de 1960<\/h2>\n<p>Durante los a\u00f1os 60, un fen\u00f3meno notable fue la migraci\u00f3n interna en Espa\u00f1a, particularmente de personas originarias de Madrid hacia la regi\u00f3n de Extremadura. Este movimiento poblacional fue motivado principalmente por la b\u00fasqueda de oportunidades laborales y mejores condiciones de vida, un reflejo de las din\u00e1micas socioecon\u00f3micas de la \u00e9poca.<\/p>\n<h3>Factores que impulsaron la migraci\u00f3n<\/h3>\n<p>En aquellos tiempos, Madrid, aunque era el centro neur\u00e1lgico del pa\u00eds en t\u00e9rminos pol\u00edticos y culturales, enfrentaba problemas de empleo y vivienda debido a su r\u00e1pida expansi\u00f3n y urbanizaci\u00f3n. Paralelamente, Extremadura ofrec\u00eda posibilidades en sectores como la agricultura, la construcci\u00f3n y la industria, que empezaban a desarrollarse gracias a diversos planes de fomento impulsados por el gobierno.<\/p>\n<p>La falta de mano de obra en estas \u00e1reas, combinada con la promoci\u00f3n de pol\u00edticas de desarrollo regional, hizo que muchos madrile\u00f1os vieran en Extremadura un destino atractivo para mejorar su situaci\u00f3n econ\u00f3mica y calidad de vida. Adem\u00e1s, la mejora en las infraestructuras de transporte, como carreteras y servicios de autob\u00fas, facilit\u00f3 considerablemente el desplazamiento entre las dos regiones.<\/p>\n<h3>Impacto en la sociedad extreme\u00f1a<\/h3>\n<p>La llegada de trabajadores madrile\u00f1os a Extremadura no solo tuvo un impacto econ\u00f3mico, sino tambi\u00e9n cultural y social. La integraci\u00f3n de estos migrantes trajo consigo un intercambio de costumbres, tradiciones y, en cierto modo, una renovaci\u00f3n del tejido social de las localidades extreme\u00f1as. <\/p>\n<p>Adem\u00e1s, este fen\u00f3meno ayud\u00f3 a mitigar el problema del despoblamiento rural que empezaba a vislumbrarse en Extremadura, ya que muchos de los pueblos beneficiados por la llegada de estos nuevos habitantes pudieron mantener o incluso aumentar su poblaci\u00f3n, lo que a su vez repercuti\u00f3 positivamente en la econom\u00eda local.<\/p>\n<h3>Consecuencias a largo plazo<\/h3>\n<p>A largo plazo, la migraci\u00f3n de madrile\u00f1os a Extremadura durante los a\u00f1os 60 contribuy\u00f3 a la diversificaci\u00f3n econ\u00f3mica de la regi\u00f3n. Las habilidades y conocimientos que trajeron los migrantes apoyaron el desarrollo de sectores m\u00e1s all\u00e1 de la agricultura tradicional, incluyendo peque\u00f1as industrias y servicios.<\/p>\n<p>Sin embargo, tambi\u00e9n es importante reconocer que este proceso trajo desaf\u00edos, como la necesidad de adaptaci\u00f3n cultural y la integraci\u00f3n de los migrantes en las comunidades locales, lo cual no siempre fue un proceso fluido. A pesar de estos retos, la historia de la migraci\u00f3n madrile\u00f1a a Extremadura en la d\u00e9cada de 1960 es un testimonio de c\u00f3mo los movimientos poblacionales internos pueden transformar de manera significativa las regiones, influyendo en su desarrollo econ\u00f3mico, social y cultural.<\/p>\n\n\n<div class=\"kk-star-ratings kksr-auto kksr-align-left kksr-valign-bottom\"\n    data-payload='{&quot;align&quot;:&quot;left&quot;,&quot;id&quot;:&quot;2442&quot;,&quot;slug&quot;:&quot;default&quot;,&quot;valign&quot;:&quot;bottom&quot;,&quot;ignore&quot;:&quot;&quot;,&quot;reference&quot;:&quot;auto&quot;,&quot;class&quot;:&quot;&quot;,&quot;count&quot;:&quot;0&quot;,&quot;legendonly&quot;:&quot;&quot;,&quot;readonly&quot;:&quot;&quot;,&quot;score&quot;:&quot;0&quot;,&quot;starsonly&quot;:&quot;&quot;,&quot;best&quot;:&quot;5&quot;,&quot;gap&quot;:&quot;5&quot;,&quot;greet&quot;:&quot;Valora este post&quot;,&quot;legend&quot;:&quot;0\\\/5 - (0 votes)&quot;,&quot;size&quot;:&quot;22&quot;,&quot;title&quot;:&quot;Descubre por qu\u00e9 los madrile\u00f1os emigraban a Extremadura en los a\u00f1os 60&quot;,&quot;width&quot;:&quot;0&quot;,&quot;_legend&quot;:&quot;{score}\\\/{best} - ({count} {votes})&quot;,&quot;font_factor&quot;:&quot;1.25&quot;}'>\n            \n<div class=\"kksr-stars\">\n    \n<div class=\"kksr-stars-inactive\">\n            <div class=\"kksr-star\" data-star=\"1\" style=\"padding-right: 5px\">\n            \n\n<div class=\"kksr-icon\" style=\"width: 22px; height: 22px;\"><\/div>\n        <\/div>\n            <div class=\"kksr-star\" data-star=\"2\" style=\"padding-right: 5px\">\n            \n\n<div class=\"kksr-icon\" style=\"width: 22px; height: 22px;\"><\/div>\n        <\/div>\n            <div class=\"kksr-star\" data-star=\"3\" style=\"padding-right: 5px\">\n            \n\n<div class=\"kksr-icon\" style=\"width: 22px; height: 22px;\"><\/div>\n        <\/div>\n            <div class=\"kksr-star\" data-star=\"4\" style=\"padding-right: 5px\">\n            \n\n<div class=\"kksr-icon\" style=\"width: 22px; height: 22px;\"><\/div>\n        <\/div>\n            <div class=\"kksr-star\" data-star=\"5\" style=\"padding-right: 5px\">\n            \n\n<div class=\"kksr-icon\" style=\"width: 22px; height: 22px;\"><\/div>\n        <\/div>\n    <\/div>\n    \n<div class=\"kksr-stars-active\" style=\"width: 0px;\">\n            <div class=\"kksr-star\" style=\"padding-right: 5px\">\n            \n\n<div class=\"kksr-icon\" style=\"width: 22px; height: 22px;\"><\/div>\n        <\/div>\n            <div class=\"kksr-star\" style=\"padding-right: 5px\">\n            \n\n<div class=\"kksr-icon\" style=\"width: 22px; height: 22px;\"><\/div>\n        <\/div>\n            <div class=\"kksr-star\" style=\"padding-right: 5px\">\n            \n\n<div class=\"kksr-icon\" style=\"width: 22px; height: 22px;\"><\/div>\n        <\/div>\n            <div class=\"kksr-star\" style=\"padding-right: 5px\">\n            \n\n<div class=\"kksr-icon\" style=\"width: 22px; height: 22px;\"><\/div>\n        <\/div>\n            <div class=\"kksr-star\" style=\"padding-right: 5px\">\n            \n\n<div class=\"kksr-icon\" style=\"width: 22px; height: 22px;\"><\/div>\n        <\/div>\n    <\/div>\n<\/div>\n                \n\n<div class=\"kksr-legend\" style=\"font-size: 17.6px;\">\n            <span class=\"kksr-muted\">Valora este post<\/span>\n    <\/div>\n    <\/div>\n","protected":false},"excerpt":{"rendered":"<p>La migraci\u00f3n de los madrile\u00f1os a Extremadura en la d\u00e9cada de 1960 Durante los a\u00f1os 60, un fen\u00f3meno notable fue la migraci\u00f3n interna en Espa\u00f1a, particularmente &#8230; <a title=\"Descubre por qu\u00e9 los madrile\u00f1os emigraban a Extremadura en los a\u00f1os 60\" class=\"read-more\" href=\"https:\/\/www.diario21.tv\/noticias\/descubre-por-que-los-madrilenos-emigraban-a-extremadura-en-los-anos-60\/\" aria-label=\"Leer m\u00e1s sobre Descubre por qu\u00e9 los madrile\u00f1os emigraban a Extremadura en los a\u00f1os 60\">Seguir leyendo &rarr;<\/a><\/p>\n","protected":false},"author":20,"featured_media":2443,"comment_status":"open","ping_status":"open","sticky":false,"template":"","format":"standard","meta":{"footnotes":""},"categories":[13],"tags":[],"class_list":["post-2442","post","type-post","status-publish","format-standard","has-post-thumbnail","hentry","category-portada"],"yoast_head":"<!-- This site is optimized with the Yoast SEO plugin v25.6 - https:\/\/yoast.com\/wordpress\/plugins\/seo\/ -->\n<title>Descubre por qu\u00e9 los madrile\u00f1os emigraban a Extremadura en los a\u00f1os 60 - Diario 21<\/title>\n<meta name=\"robots\" content=\"index, follow, max-snippet:-1, max-image-preview:large, max-video-preview:-1\" \/>\n<link rel=\"canonical\" href=\"https:\/\/www.diario21.tv\/noticias\/descubre-por-que-los-madrilenos-emigraban-a-extremadura-en-los-anos-60\/\" \/>\n<meta property=\"og:locale\" content=\"es_ES\" \/>\n<meta property=\"og:type\" content=\"article\" \/>\n<meta property=\"og:title\" content=\"Descubre por qu\u00e9 los madrile\u00f1os emigraban a Extremadura en los a\u00f1os 60 - Diario 21\" \/>\n<meta property=\"og:description\" content=\"La migraci\u00f3n de los madrile\u00f1os a Extremadura en la d\u00e9cada de 1960 Durante los a\u00f1os 60, un fen\u00f3meno notable fue la migraci\u00f3n interna en Espa\u00f1a, particularmente ... Seguir leyendo &rarr;\" \/>\n<meta property=\"og:url\" content=\"https:\/\/www.diario21.tv\/noticias\/descubre-por-que-los-madrilenos-emigraban-a-extremadura-en-los-anos-60\/\" \/>\n<meta property=\"og:site_name\" content=\"Diario 21\" \/>\n<meta property=\"article:published_time\" content=\"2025-03-13T04:00:21+00:00\" \/>\n<meta property=\"article:modified_time\" content=\"2025-03-13T04:00:23+00:00\" \/>\n<meta property=\"og:image\" content=\"https:\/\/www.diario21.tv\/noticias\/wp-content\/uploads\/2025\/03\/Descubre-por-que-los-madrilenos-emigraban-a-Extremadura-en-los.jpg\" \/>\n\t<meta property=\"og:image:width\" content=\"1913\" \/>\n\t<meta property=\"og:image:height\" content=\"1080\" \/>\n\t<meta property=\"og:image:type\" content=\"image\/jpeg\" \/>\n<meta name=\"author\" content=\"Juan P\u00e9rez\" \/>\n<meta name=\"twitter:card\" content=\"summary_large_image\" \/>\n<meta name=\"twitter:label1\" content=\"Escrito por\" \/>\n\t<meta name=\"twitter:data1\" content=\"Juan P\u00e9rez\" \/>\n\t<meta name=\"twitter:label2\" content=\"Tiempo de lectura\" \/>\n\t<meta name=\"twitter:data2\" content=\"2 minutos\" \/>\n<script type=\"application\/ld+json\" class=\"yoast-schema-graph\">{\"@context\":\"https:\/\/schema.org\",\"@graph\":[{\"@type\":\"WebPage\",\"@id\":\"https:\/\/www.diario21.tv\/noticias\/descubre-por-que-los-madrilenos-emigraban-a-extremadura-en-los-anos-60\/\",\"url\":\"https:\/\/www.diario21.tv\/noticias\/descubre-por-que-los-madrilenos-emigraban-a-extremadura-en-los-anos-60\/\",\"name\":\"Descubre por qu\u00e9 los madrile\u00f1os emigraban a Extremadura en los a\u00f1os 60 - Diario 21\",\"isPartOf\":{\"@id\":\"https:\/\/www.diario21.tv\/noticias\/#website\"},\"primaryImageOfPage\":{\"@id\":\"https:\/\/www.diario21.tv\/noticias\/descubre-por-que-los-madrilenos-emigraban-a-extremadura-en-los-anos-60\/#primaryimage\"},\"image\":{\"@id\":\"https:\/\/www.diario21.tv\/noticias\/descubre-por-que-los-madrilenos-emigraban-a-extremadura-en-los-anos-60\/#primaryimage\"},\"thumbnailUrl\":\"https:\/\/www.diario21.tv\/noticias\/wp-content\/uploads\/2025\/03\/Descubre-por-que-los-madrilenos-emigraban-a-Extremadura-en-los.jpg\",\"datePublished\":\"2025-03-13T04:00:21+00:00\",\"dateModified\":\"2025-03-13T04:00:23+00:00\",\"author\":{\"@id\":\"https:\/\/www.diario21.tv\/noticias\/#\/schema\/person\/dfb778f73814d8f09f302618446a526b\"},\"breadcrumb\":{\"@id\":\"https:\/\/www.diario21.tv\/noticias\/descubre-por-que-los-madrilenos-emigraban-a-extremadura-en-los-anos-60\/#breadcrumb\"},\"inLanguage\":\"es-AR\",\"potentialAction\":[{\"@type\":\"ReadAction\",\"target\":[\"https:\/\/www.diario21.tv\/noticias\/descubre-por-que-los-madrilenos-emigraban-a-extremadura-en-los-anos-60\/\"]}]},{\"@type\":\"ImageObject\",\"inLanguage\":\"es-AR\",\"@id\":\"https:\/\/www.diario21.tv\/noticias\/descubre-por-que-los-madrilenos-emigraban-a-extremadura-en-los-anos-60\/#primaryimage\",\"url\":\"https:\/\/www.diario21.tv\/noticias\/wp-content\/uploads\/2025\/03\/Descubre-por-que-los-madrilenos-emigraban-a-Extremadura-en-los.jpg\",\"contentUrl\":\"https:\/\/www.diario21.tv\/noticias\/wp-content\/uploads\/2025\/03\/Descubre-por-que-los-madrilenos-emigraban-a-Extremadura-en-los.jpg\",\"width\":1913,\"height\":1080,\"caption\":\"Los madrile\u00f1os tambi\u00e9n emigraban a Extremadura a trabajar en los a\u00f1os 60\"},{\"@type\":\"BreadcrumbList\",\"@id\":\"https:\/\/www.diario21.tv\/noticias\/descubre-por-que-los-madrilenos-emigraban-a-extremadura-en-los-anos-60\/#breadcrumb\",\"itemListElement\":[{\"@type\":\"ListItem\",\"position\":1,\"name\":\"Accueil\",\"item\":\"https:\/\/www.diario21.tv\/noticias\/\"},{\"@type\":\"ListItem\",\"position\":2,\"name\":\"Descubre por qu\u00e9 los madrile\u00f1os emigraban a Extremadura en los a\u00f1os 60\"}]},{\"@type\":\"WebSite\",\"@id\":\"https:\/\/www.diario21.tv\/noticias\/#website\",\"url\":\"https:\/\/www.diario21.tv\/noticias\/\",\"name\":\"Diario 21\",\"description\":\"\",\"potentialAction\":[{\"@type\":\"SearchAction\",\"target\":{\"@type\":\"EntryPoint\",\"urlTemplate\":\"https:\/\/www.diario21.tv\/noticias\/?s={search_term_string}\"},\"query-input\":{\"@type\":\"PropertyValueSpecification\",\"valueRequired\":true,\"valueName\":\"search_term_string\"}}],\"inLanguage\":\"es-AR\"},{\"@type\":\"Person\",\"@id\":\"https:\/\/www.diario21.tv\/noticias\/#\/schema\/person\/dfb778f73814d8f09f302618446a526b\",\"name\":\"Juan P\u00e9rez\",\"image\":{\"@type\":\"ImageObject\",\"inLanguage\":\"es-AR\",\"@id\":\"https:\/\/www.diario21.tv\/noticias\/#\/schema\/person\/image\/\",\"url\":\"https:\/\/secure.gravatar.com\/avatar\/c478a405bd10621167f4c3167cc770f5?s=96&d=mm&r=g\",\"contentUrl\":\"https:\/\/secure.gravatar.com\/avatar\/c478a405bd10621167f4c3167cc770f5?s=96&d=mm&r=g\",\"caption\":\"Juan P\u00e9rez\"},\"description\":\"Juan P\u00e9rez es el redactor en jefe de Diario 21. Con m\u00e1s de 10 a\u00f1os de experiencia en el periodismo, se especializa en pol\u00edtica nacional y an\u00e1lisis socioecon\u00f3mico. Su enfoque cr\u00edtico y riguroso aporta una perspectiva \u00fanica a cada art\u00edculo.\",\"sameAs\":[\"https:\/\/www.diario21.tv\/noticias\/\"],\"url\":\"https:\/\/www.diario21.tv\/noticias\/author\/juan-perez\/\"}]}<\/script>\n<!-- \/ Yoast SEO plugin. -->","yoast_head_json":{"title":"Descubre por qu\u00e9 los madrile\u00f1os emigraban a Extremadura en los a\u00f1os 60 - Diario 21","robots":{"index":"index","follow":"follow","max-snippet":"max-snippet:-1","max-image-preview":"max-image-preview:large","max-video-preview":"max-video-preview:-1"},"canonical":"https:\/\/www.diario21.tv\/noticias\/descubre-por-que-los-madrilenos-emigraban-a-extremadura-en-los-anos-60\/","og_locale":"es_ES","og_type":"article","og_title":"Descubre por qu\u00e9 los madrile\u00f1os emigraban a Extremadura en los a\u00f1os 60 - Diario 21","og_description":"La migraci\u00f3n de los madrile\u00f1os a Extremadura en la d\u00e9cada de 1960 Durante los a\u00f1os 60, un fen\u00f3meno notable fue la migraci\u00f3n interna en Espa\u00f1a, particularmente ... Seguir leyendo &rarr;","og_url":"https:\/\/www.diario21.tv\/noticias\/descubre-por-que-los-madrilenos-emigraban-a-extremadura-en-los-anos-60\/","og_site_name":"Diario 21","article_published_time":"2025-03-13T04:00:21+00:00","article_modified_time":"2025-03-13T04:00:23+00:00","og_image":[{"width":1913,"height":1080,"url":"https:\/\/www.diario21.tv\/noticias\/wp-content\/uploads\/2025\/03\/Descubre-por-que-los-madrilenos-emigraban-a-Extremadura-en-los.jpg","type":"image\/jpeg"}],"author":"Juan P\u00e9rez","twitter_card":"summary_large_image","twitter_misc":{"Escrito por":"Juan P\u00e9rez","Tiempo de lectura":"2 minutos"},"schema":{"@context":"https:\/\/schema.org","@graph":[{"@type":"WebPage","@id":"https:\/\/www.diario21.tv\/noticias\/descubre-por-que-los-madrilenos-emigraban-a-extremadura-en-los-anos-60\/","url":"https:\/\/www.diario21.tv\/noticias\/descubre-por-que-los-madrilenos-emigraban-a-extremadura-en-los-anos-60\/","name":"Descubre por qu\u00e9 los madrile\u00f1os emigraban a Extremadura en los a\u00f1os 60 - Diario 21","isPartOf":{"@id":"https:\/\/www.diario21.tv\/noticias\/#website"},"primaryImageOfPage":{"@id":"https:\/\/www.diario21.tv\/noticias\/descubre-por-que-los-madrilenos-emigraban-a-extremadura-en-los-anos-60\/#primaryimage"},"image":{"@id":"https:\/\/www.diario21.tv\/noticias\/descubre-por-que-los-madrilenos-emigraban-a-extremadura-en-los-anos-60\/#primaryimage"},"thumbnailUrl":"https:\/\/www.diario21.tv\/noticias\/wp-content\/uploads\/2025\/03\/Descubre-por-que-los-madrilenos-emigraban-a-Extremadura-en-los.jpg","datePublished":"2025-03-13T04:00:21+00:00","dateModified":"2025-03-13T04:00:23+00:00","author":{"@id":"https:\/\/www.diario21.tv\/noticias\/#\/schema\/person\/dfb778f73814d8f09f302618446a526b"},"breadcrumb":{"@id":"https:\/\/www.diario21.tv\/noticias\/descubre-por-que-los-madrilenos-emigraban-a-extremadura-en-los-anos-60\/#breadcrumb"},"inLanguage":"es-AR","potentialAction":[{"@type":"ReadAction","target":["https:\/\/www.diario21.tv\/noticias\/descubre-por-que-los-madrilenos-emigraban-a-extremadura-en-los-anos-60\/"]}]},{"@type":"ImageObject","inLanguage":"es-AR","@id":"https:\/\/www.diario21.tv\/noticias\/descubre-por-que-los-madrilenos-emigraban-a-extremadura-en-los-anos-60\/#primaryimage","url":"https:\/\/www.diario21.tv\/noticias\/wp-content\/uploads\/2025\/03\/Descubre-por-que-los-madrilenos-emigraban-a-Extremadura-en-los.jpg","contentUrl":"https:\/\/www.diario21.tv\/noticias\/wp-content\/uploads\/2025\/03\/Descubre-por-que-los-madrilenos-emigraban-a-Extremadura-en-los.jpg","width":1913,"height":1080,"caption":"Los madrile\u00f1os tambi\u00e9n emigraban a Extremadura a trabajar en los a\u00f1os 60"},{"@type":"BreadcrumbList","@id":"https:\/\/www.diario21.tv\/noticias\/descubre-por-que-los-madrilenos-emigraban-a-extremadura-en-los-anos-60\/#breadcrumb","itemListElement":[{"@type":"ListItem","position":1,"name":"Accueil","item":"https:\/\/www.diario21.tv\/noticias\/"},{"@type":"ListItem","position":2,"name":"Descubre por qu\u00e9 los madrile\u00f1os emigraban a Extremadura en los a\u00f1os 60"}]},{"@type":"WebSite","@id":"https:\/\/www.diario21.tv\/noticias\/#website","url":"https:\/\/www.diario21.tv\/noticias\/","name":"Diario 21","description":"","potentialAction":[{"@type":"SearchAction","target":{"@type":"EntryPoint","urlTemplate":"https:\/\/www.diario21.tv\/noticias\/?s={search_term_string}"},"query-input":{"@type":"PropertyValueSpecification","valueRequired":true,"valueName":"search_term_string"}}],"inLanguage":"es-AR"},{"@type":"Person","@id":"https:\/\/www.diario21.tv\/noticias\/#\/schema\/person\/dfb778f73814d8f09f302618446a526b","name":"Juan P\u00e9rez","image":{"@type":"ImageObject","inLanguage":"es-AR","@id":"https:\/\/www.diario21.tv\/noticias\/#\/schema\/person\/image\/","url":"https:\/\/secure.gravatar.com\/avatar\/c478a405bd10621167f4c3167cc770f5?s=96&d=mm&r=g","contentUrl":"https:\/\/secure.gravatar.com\/avatar\/c478a405bd10621167f4c3167cc770f5?s=96&d=mm&r=g","caption":"Juan P\u00e9rez"},"description":"Juan P\u00e9rez es el redactor en jefe de Diario 21. Con m\u00e1s de 10 a\u00f1os de experiencia en el periodismo, se especializa en pol\u00edtica nacional y an\u00e1lisis socioecon\u00f3mico. Su enfoque cr\u00edtico y riguroso aporta una perspectiva \u00fanica a cada art\u00edculo.","sameAs":["https:\/\/www.diario21.tv\/noticias\/"],"url":"https:\/\/www.diario21.tv\/noticias\/author\/juan-perez\/"}]}},"_links":{"self":[{"href":"https:\/\/www.diario21.tv\/noticias\/wp-json\/wp\/v2\/posts\/2442"}],"collection":[{"href":"https:\/\/www.diario21.tv\/noticias\/wp-json\/wp\/v2\/posts"}],"about":[{"href":"https:\/\/www.diario21.tv\/noticias\/wp-json\/wp\/v2\/types\/post"}],"author":[{"embeddable":true,"href":"https:\/\/www.diario21.tv\/noticias\/wp-json\/wp\/v2\/users\/20"}],"replies":[{"embeddable":true,"href":"https:\/\/www.diario21.tv\/noticias\/wp-json\/wp\/v2\/comments?post=2442"}],"version-history":[{"count":1,"href":"https:\/\/www.diario21.tv\/noticias\/wp-json\/wp\/v2\/posts\/2442\/revisions"}],"predecessor-version":[{"id":2444,"href":"https:\/\/www.diario21.tv\/noticias\/wp-json\/wp\/v2\/posts\/2442\/revisions\/2444"}],"wp:featuredmedia":[{"embeddable":true,"href":"https:\/\/www.diario21.tv\/noticias\/wp-json\/wp\/v2\/media\/2443"}],"wp:attachment":[{"href":"https:\/\/www.diario21.tv\/noticias\/wp-json\/wp\/v2\/media?parent=2442"}],"wp:term":[{"taxonomy":"category","embeddable":true,"href":"https:\/\/www.diario21.tv\/noticias\/wp-json\/wp\/v2\/categories?post=2442"},{"taxonomy":"post_tag","embeddable":true,"href":"https:\/\/www.diario21.tv\/noticias\/wp-json\/wp\/v2\/tags?post=2442"}],"curies":[{"name":"wp","href":"https:\/\/api.w.org\/{rel}","templated":true}]}}