{"id":2430,"date":"2025-03-12T03:45:43","date_gmt":"2025-03-12T03:45:43","guid":{"rendered":"https:\/\/www.diario21.tv\/noticias\/polemica-en-malaga-la-quema-de-la-guarra-en-el-8m-desata-indignacion\/"},"modified":"2025-03-12T03:45:45","modified_gmt":"2025-03-12T03:45:45","slug":"polemica-en-malaga-la-quema-de-la-guarra-en-el-8m-desata-indignacion","status":"publish","type":"post","link":"https:\/\/www.diario21.tv\/noticias\/polemica-en-malaga-la-quema-de-la-guarra-en-el-8m-desata-indignacion\/","title":{"rendered":"Pol\u00e9mica en M\u00e1laga: La &#8216;quema de la guarra&#8217; en el 8M desata indignaci\u00f3n"},"content":{"rendered":"<h2>Controversia en M\u00e1laga por el evento de &#8216;quema de la guarra&#8217; en el D\u00eda de la Mujer<\/h2>\n<p>En la ciudad de M\u00e1laga, un evento conocido como la &#8216;quema de la guarra&#8217; ha generado un intenso debate en relaci\u00f3n con su realizaci\u00f3n coincidiendo con el D\u00eda Internacional de la Mujer, el 8 de marzo. Este acto, que supuestamente busca celebrar este d\u00eda tan significativo, ha sido cuestionado por diversos sectores de la sociedad que lo consideran inapropiado y ofensivo.<\/p>\n<h3>Or\u00edgenes y significado del evento<\/h3>\n<p>La &#8216;quema de la guarra&#8217; es una tradici\u00f3n que tiene lugar en varios puntos de la regi\u00f3n, y consiste en quemar un mu\u00f1eco que representa a un animal, en este caso una cerda. Este acto tiene ra\u00edces hist\u00f3ricas cuyo significado original se ha ido diluyendo con el tiempo. Originalmente, este evento ten\u00eda connotaciones de purificaci\u00f3n y renovaci\u00f3n al final del invierno, pero su adaptaci\u00f3n a los tiempos modernos y su coincidencia con el 8M ha provocado una oleada de cr\u00edticas.<\/p>\n<h3>Reacciones de la comunidad<\/h3>\n<p>Grupos feministas y defensores de los derechos de la mujer han expresado su repudio por la realizaci\u00f3n de este evento en un d\u00eda destinado a la reflexi\u00f3n sobre la igualdad de g\u00e9nero y la lucha contra la violencia hacia las mujeres. Argumentan que la quema de un s\u00edmbolo femenino puede interpretarse como un acto de violencia simb\u00f3lica y misoginia, lo cual va completamente en contra del esp\u00edritu del 8 de marzo.<\/p>\n<p>Por otro lado, algunos defensores de la tradici\u00f3n alegan que la &#8216;quema de la guarra&#8217; es simplemente una celebraci\u00f3n cultural sin intenciones de ofender o denigrar a nadie. Sin embargo, esta posici\u00f3n ha encontrado fuerte oposici\u00f3n, especialmente en las redes sociales, donde la controversia ha ganado visibilidad y ha generado un debate p\u00fablico sobre la sensibilidad y el respeto en la conmemoraci\u00f3n de fechas significativas.<\/p>\n<h3>Posibles repercusiones<\/h3>\n<p>El ayuntamiento de M\u00e1laga se ha visto en la necesidad de revisar esta tradici\u00f3n, considerando la posibilidad de modificarla o incluso cancelarla en futuras ediciones. La presi\u00f3n p\u00fablica podr\u00eda llevar a una reevaluaci\u00f3n de c\u00f3mo se celebran estas festividades y el impacto que tienen en diferentes grupos sociales.<\/p>\n<p>Este incidente ha abierto una discusi\u00f3n m\u00e1s amplia sobre la necesidad de adaptar las tradiciones a un contexto social y cultural que est\u00e1 en constante cambio. El desaf\u00edo es mantener la esencia de las celebraciones culturales, al tiempo que se garantiza que estas no perpet\u00faan estereotipos ni fomentan la discriminaci\u00f3n.<\/p>\n<h3>Conclusi\u00f3n<\/h3>\n<p>La &#8216;quema de la guarra&#8217; en M\u00e1laga en el D\u00eda Internacional de la Mujer ha servido como un punto de inflexi\u00f3n sobre c\u00f3mo las tradiciones pueden y deben evolucionar. La sociedad malague\u00f1a, y en general la sociedad global, debe reflexionar sobre c\u00f3mo algunos actos pueden ser percibidos y el efecto que tienen en la lucha por una sociedad m\u00e1s justa e igualitaria.<\/p>\n\n\n<div class=\"kk-star-ratings kksr-auto kksr-align-left kksr-valign-bottom\"\n    data-payload='{&quot;align&quot;:&quot;left&quot;,&quot;id&quot;:&quot;2430&quot;,&quot;slug&quot;:&quot;default&quot;,&quot;valign&quot;:&quot;bottom&quot;,&quot;ignore&quot;:&quot;&quot;,&quot;reference&quot;:&quot;auto&quot;,&quot;class&quot;:&quot;&quot;,&quot;count&quot;:&quot;0&quot;,&quot;legendonly&quot;:&quot;&quot;,&quot;readonly&quot;:&quot;&quot;,&quot;score&quot;:&quot;0&quot;,&quot;starsonly&quot;:&quot;&quot;,&quot;best&quot;:&quot;5&quot;,&quot;gap&quot;:&quot;5&quot;,&quot;greet&quot;:&quot;Valora este post&quot;,&quot;legend&quot;:&quot;0\\\/5 - (0 votes)&quot;,&quot;size&quot;:&quot;22&quot;,&quot;title&quot;:&quot;Pol\u00e9mica en M\u00e1laga: La \\u0026#039;quema de la guarra\\u0026#039; en el 8M desata indignaci\u00f3n&quot;,&quot;width&quot;:&quot;0&quot;,&quot;_legend&quot;:&quot;{score}\\\/{best} - ({count} {votes})&quot;,&quot;font_factor&quot;:&quot;1.25&quot;}'>\n            \n<div class=\"kksr-stars\">\n    \n<div class=\"kksr-stars-inactive\">\n            <div class=\"kksr-star\" data-star=\"1\" style=\"padding-right: 5px\">\n            \n\n<div class=\"kksr-icon\" style=\"width: 22px; height: 22px;\"><\/div>\n        <\/div>\n            <div class=\"kksr-star\" data-star=\"2\" style=\"padding-right: 5px\">\n            \n\n<div class=\"kksr-icon\" style=\"width: 22px; height: 22px;\"><\/div>\n        <\/div>\n            <div class=\"kksr-star\" data-star=\"3\" style=\"padding-right: 5px\">\n            \n\n<div class=\"kksr-icon\" style=\"width: 22px; height: 22px;\"><\/div>\n        <\/div>\n            <div class=\"kksr-star\" data-star=\"4\" style=\"padding-right: 5px\">\n            \n\n<div class=\"kksr-icon\" style=\"width: 22px; height: 22px;\"><\/div>\n        <\/div>\n            <div class=\"kksr-star\" data-star=\"5\" style=\"padding-right: 5px\">\n            \n\n<div class=\"kksr-icon\" style=\"width: 22px; height: 22px;\"><\/div>\n        <\/div>\n    <\/div>\n    \n<div class=\"kksr-stars-active\" style=\"width: 0px;\">\n            <div class=\"kksr-star\" style=\"padding-right: 5px\">\n            \n\n<div class=\"kksr-icon\" style=\"width: 22px; height: 22px;\"><\/div>\n        <\/div>\n            <div class=\"kksr-star\" style=\"padding-right: 5px\">\n            \n\n<div class=\"kksr-icon\" style=\"width: 22px; height: 22px;\"><\/div>\n        <\/div>\n            <div class=\"kksr-star\" style=\"padding-right: 5px\">\n            \n\n<div class=\"kksr-icon\" style=\"width: 22px; height: 22px;\"><\/div>\n        <\/div>\n            <div class=\"kksr-star\" style=\"padding-right: 5px\">\n            \n\n<div class=\"kksr-icon\" style=\"width: 22px; height: 22px;\"><\/div>\n        <\/div>\n            <div class=\"kksr-star\" style=\"padding-right: 5px\">\n            \n\n<div class=\"kksr-icon\" style=\"width: 22px; height: 22px;\"><\/div>\n        <\/div>\n    <\/div>\n<\/div>\n                \n\n<div class=\"kksr-legend\" style=\"font-size: 17.6px;\">\n            <span class=\"kksr-muted\">Valora este post<\/span>\n    <\/div>\n    <\/div>\n","protected":false},"excerpt":{"rendered":"<p>Controversia en M\u00e1laga por el evento de &#8216;quema de la guarra&#8217; en el D\u00eda de la Mujer En la ciudad de M\u00e1laga, un evento conocido como &#8230; <a title=\"Pol\u00e9mica en M\u00e1laga: La &#8216;quema de la guarra&#8217; en el 8M desata indignaci\u00f3n\" class=\"read-more\" href=\"https:\/\/www.diario21.tv\/noticias\/polemica-en-malaga-la-quema-de-la-guarra-en-el-8m-desata-indignacion\/\" aria-label=\"Leer m\u00e1s sobre Pol\u00e9mica en M\u00e1laga: La &#8216;quema de la guarra&#8217; en el 8M desata indignaci\u00f3n\">Seguir leyendo &rarr;<\/a><\/p>\n","protected":false},"author":20,"featured_media":2431,"comment_status":"open","ping_status":"open","sticky":false,"template":"","format":"standard","meta":{"footnotes":""},"categories":[13],"tags":[],"class_list":["post-2430","post","type-post","status-publish","format-standard","has-post-thumbnail","hentry","category-portada"],"yoast_head":"<!-- This site is optimized with the Yoast SEO plugin v25.6 - https:\/\/yoast.com\/wordpress\/plugins\/seo\/ -->\n<title>Pol\u00e9mica en M\u00e1laga: La &#039;quema de la guarra&#039; en el 8M desata indignaci\u00f3n - Diario 21<\/title>\n<meta name=\"robots\" content=\"index, follow, max-snippet:-1, max-image-preview:large, max-video-preview:-1\" \/>\n<link rel=\"canonical\" href=\"https:\/\/www.diario21.tv\/noticias\/polemica-en-malaga-la-quema-de-la-guarra-en-el-8m-desata-indignacion\/\" \/>\n<meta property=\"og:locale\" content=\"es_ES\" \/>\n<meta property=\"og:type\" content=\"article\" \/>\n<meta property=\"og:title\" content=\"Pol\u00e9mica en M\u00e1laga: La &#039;quema de la guarra&#039; en el 8M desata indignaci\u00f3n - Diario 21\" \/>\n<meta property=\"og:description\" content=\"Controversia en M\u00e1laga por el evento de &#8216;quema de la guarra&#8217; en el D\u00eda de la Mujer En la ciudad de M\u00e1laga, un evento conocido como ... Seguir leyendo &rarr;\" \/>\n<meta property=\"og:url\" content=\"https:\/\/www.diario21.tv\/noticias\/polemica-en-malaga-la-quema-de-la-guarra-en-el-8m-desata-indignacion\/\" \/>\n<meta property=\"og:site_name\" content=\"Diario 21\" \/>\n<meta property=\"article:published_time\" content=\"2025-03-12T03:45:43+00:00\" \/>\n<meta property=\"article:modified_time\" content=\"2025-03-12T03:45:45+00:00\" \/>\n<meta property=\"og:image\" content=\"https:\/\/www.diario21.tv\/noticias\/wp-content\/uploads\/2025\/03\/Polemica-en-Malaga-La-quema-de-la-guarra-en-el.jpg\" \/>\n\t<meta property=\"og:image:width\" content=\"1920\" \/>\n\t<meta property=\"og:image:height\" content=\"1080\" \/>\n\t<meta property=\"og:image:type\" content=\"image\/jpeg\" \/>\n<meta name=\"author\" content=\"Juan P\u00e9rez\" \/>\n<meta name=\"twitter:card\" content=\"summary_large_image\" \/>\n<meta name=\"twitter:label1\" content=\"Escrito por\" \/>\n\t<meta name=\"twitter:data1\" content=\"Juan P\u00e9rez\" \/>\n\t<meta name=\"twitter:label2\" content=\"Tiempo de lectura\" \/>\n\t<meta name=\"twitter:data2\" content=\"3 minutos\" \/>\n<script type=\"application\/ld+json\" class=\"yoast-schema-graph\">{\"@context\":\"https:\/\/schema.org\",\"@graph\":[{\"@type\":\"WebPage\",\"@id\":\"https:\/\/www.diario21.tv\/noticias\/polemica-en-malaga-la-quema-de-la-guarra-en-el-8m-desata-indignacion\/\",\"url\":\"https:\/\/www.diario21.tv\/noticias\/polemica-en-malaga-la-quema-de-la-guarra-en-el-8m-desata-indignacion\/\",\"name\":\"Pol\u00e9mica en M\u00e1laga: La 'quema de la guarra' en el 8M desata indignaci\u00f3n - Diario 21\",\"isPartOf\":{\"@id\":\"https:\/\/www.diario21.tv\/noticias\/#website\"},\"primaryImageOfPage\":{\"@id\":\"https:\/\/www.diario21.tv\/noticias\/polemica-en-malaga-la-quema-de-la-guarra-en-el-8m-desata-indignacion\/#primaryimage\"},\"image\":{\"@id\":\"https:\/\/www.diario21.tv\/noticias\/polemica-en-malaga-la-quema-de-la-guarra-en-el-8m-desata-indignacion\/#primaryimage\"},\"thumbnailUrl\":\"https:\/\/www.diario21.tv\/noticias\/wp-content\/uploads\/2025\/03\/Polemica-en-Malaga-La-quema-de-la-guarra-en-el.jpg\",\"datePublished\":\"2025-03-12T03:45:43+00:00\",\"dateModified\":\"2025-03-12T03:45:45+00:00\",\"author\":{\"@id\":\"https:\/\/www.diario21.tv\/noticias\/#\/schema\/person\/dfb778f73814d8f09f302618446a526b\"},\"breadcrumb\":{\"@id\":\"https:\/\/www.diario21.tv\/noticias\/polemica-en-malaga-la-quema-de-la-guarra-en-el-8m-desata-indignacion\/#breadcrumb\"},\"inLanguage\":\"es-AR\",\"potentialAction\":[{\"@type\":\"ReadAction\",\"target\":[\"https:\/\/www.diario21.tv\/noticias\/polemica-en-malaga-la-quema-de-la-guarra-en-el-8m-desata-indignacion\/\"]}]},{\"@type\":\"ImageObject\",\"inLanguage\":\"es-AR\",\"@id\":\"https:\/\/www.diario21.tv\/noticias\/polemica-en-malaga-la-quema-de-la-guarra-en-el-8m-desata-indignacion\/#primaryimage\",\"url\":\"https:\/\/www.diario21.tv\/noticias\/wp-content\/uploads\/2025\/03\/Polemica-en-Malaga-La-quema-de-la-guarra-en-el.jpg\",\"contentUrl\":\"https:\/\/www.diario21.tv\/noticias\/wp-content\/uploads\/2025\/03\/Polemica-en-Malaga-La-quema-de-la-guarra-en-el.jpg\",\"width\":1920,\"height\":1080,\"caption\":\"Pol\u00e9mica en M\u00e1laga por la &#039;quema de la guarra&#039; para \u00abconmemorar\u00bb el 8M\"},{\"@type\":\"BreadcrumbList\",\"@id\":\"https:\/\/www.diario21.tv\/noticias\/polemica-en-malaga-la-quema-de-la-guarra-en-el-8m-desata-indignacion\/#breadcrumb\",\"itemListElement\":[{\"@type\":\"ListItem\",\"position\":1,\"name\":\"Accueil\",\"item\":\"https:\/\/www.diario21.tv\/noticias\/\"},{\"@type\":\"ListItem\",\"position\":2,\"name\":\"Pol\u00e9mica en M\u00e1laga: La &#8216;quema de la guarra&#8217; en el 8M desata indignaci\u00f3n\"}]},{\"@type\":\"WebSite\",\"@id\":\"https:\/\/www.diario21.tv\/noticias\/#website\",\"url\":\"https:\/\/www.diario21.tv\/noticias\/\",\"name\":\"Diario 21\",\"description\":\"\",\"potentialAction\":[{\"@type\":\"SearchAction\",\"target\":{\"@type\":\"EntryPoint\",\"urlTemplate\":\"https:\/\/www.diario21.tv\/noticias\/?s={search_term_string}\"},\"query-input\":{\"@type\":\"PropertyValueSpecification\",\"valueRequired\":true,\"valueName\":\"search_term_string\"}}],\"inLanguage\":\"es-AR\"},{\"@type\":\"Person\",\"@id\":\"https:\/\/www.diario21.tv\/noticias\/#\/schema\/person\/dfb778f73814d8f09f302618446a526b\",\"name\":\"Juan P\u00e9rez\",\"image\":{\"@type\":\"ImageObject\",\"inLanguage\":\"es-AR\",\"@id\":\"https:\/\/www.diario21.tv\/noticias\/#\/schema\/person\/image\/\",\"url\":\"https:\/\/secure.gravatar.com\/avatar\/c478a405bd10621167f4c3167cc770f5?s=96&d=mm&r=g\",\"contentUrl\":\"https:\/\/secure.gravatar.com\/avatar\/c478a405bd10621167f4c3167cc770f5?s=96&d=mm&r=g\",\"caption\":\"Juan P\u00e9rez\"},\"description\":\"Juan P\u00e9rez es el redactor en jefe de Diario 21. Con m\u00e1s de 10 a\u00f1os de experiencia en el periodismo, se especializa en pol\u00edtica nacional y an\u00e1lisis socioecon\u00f3mico. Su enfoque cr\u00edtico y riguroso aporta una perspectiva \u00fanica a cada art\u00edculo.\",\"sameAs\":[\"https:\/\/www.diario21.tv\/noticias\/\"],\"url\":\"https:\/\/www.diario21.tv\/noticias\/author\/juan-perez\/\"}]}<\/script>\n<!-- \/ Yoast SEO plugin. -->","yoast_head_json":{"title":"Pol\u00e9mica en M\u00e1laga: La 'quema de la guarra' en el 8M desata indignaci\u00f3n - Diario 21","robots":{"index":"index","follow":"follow","max-snippet":"max-snippet:-1","max-image-preview":"max-image-preview:large","max-video-preview":"max-video-preview:-1"},"canonical":"https:\/\/www.diario21.tv\/noticias\/polemica-en-malaga-la-quema-de-la-guarra-en-el-8m-desata-indignacion\/","og_locale":"es_ES","og_type":"article","og_title":"Pol\u00e9mica en M\u00e1laga: La 'quema de la guarra' en el 8M desata indignaci\u00f3n - Diario 21","og_description":"Controversia en M\u00e1laga por el evento de &#8216;quema de la guarra&#8217; en el D\u00eda de la Mujer En la ciudad de M\u00e1laga, un evento conocido como ... Seguir leyendo &rarr;","og_url":"https:\/\/www.diario21.tv\/noticias\/polemica-en-malaga-la-quema-de-la-guarra-en-el-8m-desata-indignacion\/","og_site_name":"Diario 21","article_published_time":"2025-03-12T03:45:43+00:00","article_modified_time":"2025-03-12T03:45:45+00:00","og_image":[{"width":1920,"height":1080,"url":"https:\/\/www.diario21.tv\/noticias\/wp-content\/uploads\/2025\/03\/Polemica-en-Malaga-La-quema-de-la-guarra-en-el.jpg","type":"image\/jpeg"}],"author":"Juan P\u00e9rez","twitter_card":"summary_large_image","twitter_misc":{"Escrito por":"Juan P\u00e9rez","Tiempo de lectura":"3 minutos"},"schema":{"@context":"https:\/\/schema.org","@graph":[{"@type":"WebPage","@id":"https:\/\/www.diario21.tv\/noticias\/polemica-en-malaga-la-quema-de-la-guarra-en-el-8m-desata-indignacion\/","url":"https:\/\/www.diario21.tv\/noticias\/polemica-en-malaga-la-quema-de-la-guarra-en-el-8m-desata-indignacion\/","name":"Pol\u00e9mica en M\u00e1laga: La 'quema de la guarra' en el 8M desata indignaci\u00f3n - Diario 21","isPartOf":{"@id":"https:\/\/www.diario21.tv\/noticias\/#website"},"primaryImageOfPage":{"@id":"https:\/\/www.diario21.tv\/noticias\/polemica-en-malaga-la-quema-de-la-guarra-en-el-8m-desata-indignacion\/#primaryimage"},"image":{"@id":"https:\/\/www.diario21.tv\/noticias\/polemica-en-malaga-la-quema-de-la-guarra-en-el-8m-desata-indignacion\/#primaryimage"},"thumbnailUrl":"https:\/\/www.diario21.tv\/noticias\/wp-content\/uploads\/2025\/03\/Polemica-en-Malaga-La-quema-de-la-guarra-en-el.jpg","datePublished":"2025-03-12T03:45:43+00:00","dateModified":"2025-03-12T03:45:45+00:00","author":{"@id":"https:\/\/www.diario21.tv\/noticias\/#\/schema\/person\/dfb778f73814d8f09f302618446a526b"},"breadcrumb":{"@id":"https:\/\/www.diario21.tv\/noticias\/polemica-en-malaga-la-quema-de-la-guarra-en-el-8m-desata-indignacion\/#breadcrumb"},"inLanguage":"es-AR","potentialAction":[{"@type":"ReadAction","target":["https:\/\/www.diario21.tv\/noticias\/polemica-en-malaga-la-quema-de-la-guarra-en-el-8m-desata-indignacion\/"]}]},{"@type":"ImageObject","inLanguage":"es-AR","@id":"https:\/\/www.diario21.tv\/noticias\/polemica-en-malaga-la-quema-de-la-guarra-en-el-8m-desata-indignacion\/#primaryimage","url":"https:\/\/www.diario21.tv\/noticias\/wp-content\/uploads\/2025\/03\/Polemica-en-Malaga-La-quema-de-la-guarra-en-el.jpg","contentUrl":"https:\/\/www.diario21.tv\/noticias\/wp-content\/uploads\/2025\/03\/Polemica-en-Malaga-La-quema-de-la-guarra-en-el.jpg","width":1920,"height":1080,"caption":"Pol\u00e9mica en M\u00e1laga por la &#039;quema de la guarra&#039; para \u00abconmemorar\u00bb el 8M"},{"@type":"BreadcrumbList","@id":"https:\/\/www.diario21.tv\/noticias\/polemica-en-malaga-la-quema-de-la-guarra-en-el-8m-desata-indignacion\/#breadcrumb","itemListElement":[{"@type":"ListItem","position":1,"name":"Accueil","item":"https:\/\/www.diario21.tv\/noticias\/"},{"@type":"ListItem","position":2,"name":"Pol\u00e9mica en M\u00e1laga: La &#8216;quema de la guarra&#8217; en el 8M desata indignaci\u00f3n"}]},{"@type":"WebSite","@id":"https:\/\/www.diario21.tv\/noticias\/#website","url":"https:\/\/www.diario21.tv\/noticias\/","name":"Diario 21","description":"","potentialAction":[{"@type":"SearchAction","target":{"@type":"EntryPoint","urlTemplate":"https:\/\/www.diario21.tv\/noticias\/?s={search_term_string}"},"query-input":{"@type":"PropertyValueSpecification","valueRequired":true,"valueName":"search_term_string"}}],"inLanguage":"es-AR"},{"@type":"Person","@id":"https:\/\/www.diario21.tv\/noticias\/#\/schema\/person\/dfb778f73814d8f09f302618446a526b","name":"Juan P\u00e9rez","image":{"@type":"ImageObject","inLanguage":"es-AR","@id":"https:\/\/www.diario21.tv\/noticias\/#\/schema\/person\/image\/","url":"https:\/\/secure.gravatar.com\/avatar\/c478a405bd10621167f4c3167cc770f5?s=96&d=mm&r=g","contentUrl":"https:\/\/secure.gravatar.com\/avatar\/c478a405bd10621167f4c3167cc770f5?s=96&d=mm&r=g","caption":"Juan P\u00e9rez"},"description":"Juan P\u00e9rez es el redactor en jefe de Diario 21. Con m\u00e1s de 10 a\u00f1os de experiencia en el periodismo, se especializa en pol\u00edtica nacional y an\u00e1lisis socioecon\u00f3mico. Su enfoque cr\u00edtico y riguroso aporta una perspectiva \u00fanica a cada art\u00edculo.","sameAs":["https:\/\/www.diario21.tv\/noticias\/"],"url":"https:\/\/www.diario21.tv\/noticias\/author\/juan-perez\/"}]}},"_links":{"self":[{"href":"https:\/\/www.diario21.tv\/noticias\/wp-json\/wp\/v2\/posts\/2430"}],"collection":[{"href":"https:\/\/www.diario21.tv\/noticias\/wp-json\/wp\/v2\/posts"}],"about":[{"href":"https:\/\/www.diario21.tv\/noticias\/wp-json\/wp\/v2\/types\/post"}],"author":[{"embeddable":true,"href":"https:\/\/www.diario21.tv\/noticias\/wp-json\/wp\/v2\/users\/20"}],"replies":[{"embeddable":true,"href":"https:\/\/www.diario21.tv\/noticias\/wp-json\/wp\/v2\/comments?post=2430"}],"version-history":[{"count":1,"href":"https:\/\/www.diario21.tv\/noticias\/wp-json\/wp\/v2\/posts\/2430\/revisions"}],"predecessor-version":[{"id":2432,"href":"https:\/\/www.diario21.tv\/noticias\/wp-json\/wp\/v2\/posts\/2430\/revisions\/2432"}],"wp:featuredmedia":[{"embeddable":true,"href":"https:\/\/www.diario21.tv\/noticias\/wp-json\/wp\/v2\/media\/2431"}],"wp:attachment":[{"href":"https:\/\/www.diario21.tv\/noticias\/wp-json\/wp\/v2\/media?parent=2430"}],"wp:term":[{"taxonomy":"category","embeddable":true,"href":"https:\/\/www.diario21.tv\/noticias\/wp-json\/wp\/v2\/categories?post=2430"},{"taxonomy":"post_tag","embeddable":true,"href":"https:\/\/www.diario21.tv\/noticias\/wp-json\/wp\/v2\/tags?post=2430"}],"curies":[{"name":"wp","href":"https:\/\/api.w.org\/{rel}","templated":true}]}}