{"id":2418,"date":"2025-03-11T03:18:21","date_gmt":"2025-03-11T03:18:21","guid":{"rendered":"https:\/\/www.diario21.tv\/noticias\/papa-responde-bien-a-terapia-contra-neumonia-noche-tranquila-tras-mejora-inicial\/"},"modified":"2025-03-11T03:18:23","modified_gmt":"2025-03-11T03:18:23","slug":"papa-responde-bien-a-terapia-contra-neumonia-noche-tranquila-tras-mejora-inicial","status":"publish","type":"post","link":"https:\/\/www.diario21.tv\/noticias\/papa-responde-bien-a-terapia-contra-neumonia-noche-tranquila-tras-mejora-inicial\/","title":{"rendered":"Papa responde bien a terapia contra neumon\u00eda: noche tranquila tras mejora inicial"},"content":{"rendered":"<h2>El Papa Disfruta de una Noche Estable Despu\u00e9s de Responder Positivamente al Tratamiento de Neumon\u00eda<\/h2>\n<p>El l\u00edder de la Iglesia Cat\u00f3lica, el Papa, ha tenido una noche de reposo y estabilidad despu\u00e9s de que los m\u00e9dicos notaran una mejor\u00eda significativa en su lucha contra la neumon\u00eda. Esta noticia llega como un alivio para los fieles y seguidores de todo el mundo, quienes han estado preocupados por la salud del pont\u00edfice desde que se anunci\u00f3 su enfermedad.<\/p>\n<h3>Una Mejor\u00eda Esperanzadora en la Salud del Pont\u00edfice<\/h3>\n<p>El tratamiento aplicado para combatir la neumon\u00eda que afecta al Papa ha comenzado a mostrar resultados favorables. Seg\u00fan fuentes cercanas, la respuesta del Papa al tratamiento ha sido calificada de &#8220;buena&#8221;, un t\u00e9rmino que refleja un progreso significativo en su recuperaci\u00f3n. Esta evoluci\u00f3n positiva en su estado de salud permiti\u00f3 que el Papa tuviera una noche sin complicaciones, marcando un momento crucial en su proceso de curaci\u00f3n.<\/p>\n<p>La neumon\u00eda, conocida por ser una enfermedad que puede ser grave especialmente en personas de avanzada edad o con condiciones preexistentes, ha sido motivo de preocupaci\u00f3n desde el diagn\u00f3stico del l\u00edder religioso. Sin embargo, la respuesta al tratamiento y la subsiguiente estabilizaci\u00f3n de su salud son se\u00f1ales alentadoras que sugieren una adaptaci\u00f3n positiva a las terapias suministradas.<\/p>\n<h3>Contin\u00faa la Vigilancia M\u00e9dica<\/h3>\n<p>A pesar de la mejora notable, el equipo m\u00e9dico contin\u00faa monitoreando de cerca la salud del Papa, manteniendo un r\u00e9gimen estricto para asegurar su total recuperaci\u00f3n. El tratamiento seguir\u00e1 ajust\u00e1ndose seg\u00fan la evoluci\u00f3n de su estado, con la esperanza de que contin\u00fae respondiendo bien a las intervenciones m\u00e9dicas.<\/p>\n<p>Este episodio de salud ha subrayado la vulnerabilidad del Papa frente a enfermedades como la neumon\u00eda, pero tambi\u00e9n ha demostrado la capacidad de recuperaci\u00f3n del l\u00edder espiritual ante adversidades. La comunidad global sigue enviando mensajes de apoyo y oraciones, deseando una pronta recuperaci\u00f3n para que pueda continuar con sus deberes y responsabilidades.<\/p>\n<h3>Reacciones y Apoyo Global<\/h3>\n<p>La noticia de la enfermedad del Papa y su posterior recuperaci\u00f3n ha resonado en todo el mundo, generando una ola de apoyo y preocupaci\u00f3n entre los fieles y la comunidad internacional. L\u00edderes mundiales, dignatarios religiosos y ciudadanos comunes han expresado su solidaridad y deseos de pronta recuperaci\u00f3n para el pont\u00edfice, destacando su papel fundamental como l\u00edder espiritual y moral.<\/p>\n<p>En resumen, aunque la situaci\u00f3n fue inicialmente preocupante, la reciente mejora en la salud del Papa ofrece un rayo de esperanza y muestra el efecto positivo del tratamiento m\u00e9dico. Con una noche tranquila a sus espaldas, las expectativas son optimistas de cara a su completa recuperaci\u00f3n y retorno a las actividades normales de su ministerio.<\/p>\n\n\n<div class=\"kk-star-ratings kksr-auto kksr-align-left kksr-valign-bottom\"\n    data-payload='{&quot;align&quot;:&quot;left&quot;,&quot;id&quot;:&quot;2418&quot;,&quot;slug&quot;:&quot;default&quot;,&quot;valign&quot;:&quot;bottom&quot;,&quot;ignore&quot;:&quot;&quot;,&quot;reference&quot;:&quot;auto&quot;,&quot;class&quot;:&quot;&quot;,&quot;count&quot;:&quot;0&quot;,&quot;legendonly&quot;:&quot;&quot;,&quot;readonly&quot;:&quot;&quot;,&quot;score&quot;:&quot;0&quot;,&quot;starsonly&quot;:&quot;&quot;,&quot;best&quot;:&quot;5&quot;,&quot;gap&quot;:&quot;5&quot;,&quot;greet&quot;:&quot;Valora este post&quot;,&quot;legend&quot;:&quot;0\\\/5 - (0 votes)&quot;,&quot;size&quot;:&quot;22&quot;,&quot;title&quot;:&quot;Papa responde bien a terapia contra neumon\u00eda: noche tranquila tras mejora inicial&quot;,&quot;width&quot;:&quot;0&quot;,&quot;_legend&quot;:&quot;{score}\\\/{best} - ({count} {votes})&quot;,&quot;font_factor&quot;:&quot;1.25&quot;}'>\n            \n<div class=\"kksr-stars\">\n    \n<div class=\"kksr-stars-inactive\">\n            <div class=\"kksr-star\" data-star=\"1\" style=\"padding-right: 5px\">\n            \n\n<div class=\"kksr-icon\" style=\"width: 22px; height: 22px;\"><\/div>\n        <\/div>\n            <div class=\"kksr-star\" data-star=\"2\" style=\"padding-right: 5px\">\n            \n\n<div class=\"kksr-icon\" style=\"width: 22px; height: 22px;\"><\/div>\n        <\/div>\n            <div class=\"kksr-star\" data-star=\"3\" style=\"padding-right: 5px\">\n            \n\n<div class=\"kksr-icon\" style=\"width: 22px; height: 22px;\"><\/div>\n        <\/div>\n            <div class=\"kksr-star\" data-star=\"4\" style=\"padding-right: 5px\">\n            \n\n<div class=\"kksr-icon\" style=\"width: 22px; height: 22px;\"><\/div>\n        <\/div>\n            <div class=\"kksr-star\" data-star=\"5\" style=\"padding-right: 5px\">\n            \n\n<div class=\"kksr-icon\" style=\"width: 22px; height: 22px;\"><\/div>\n        <\/div>\n    <\/div>\n    \n<div class=\"kksr-stars-active\" style=\"width: 0px;\">\n            <div class=\"kksr-star\" style=\"padding-right: 5px\">\n            \n\n<div class=\"kksr-icon\" style=\"width: 22px; height: 22px;\"><\/div>\n        <\/div>\n            <div class=\"kksr-star\" style=\"padding-right: 5px\">\n            \n\n<div class=\"kksr-icon\" style=\"width: 22px; height: 22px;\"><\/div>\n        <\/div>\n            <div class=\"kksr-star\" style=\"padding-right: 5px\">\n            \n\n<div class=\"kksr-icon\" style=\"width: 22px; height: 22px;\"><\/div>\n        <\/div>\n            <div class=\"kksr-star\" style=\"padding-right: 5px\">\n            \n\n<div class=\"kksr-icon\" style=\"width: 22px; height: 22px;\"><\/div>\n        <\/div>\n            <div class=\"kksr-star\" style=\"padding-right: 5px\">\n            \n\n<div class=\"kksr-icon\" style=\"width: 22px; height: 22px;\"><\/div>\n        <\/div>\n    <\/div>\n<\/div>\n                \n\n<div class=\"kksr-legend\" style=\"font-size: 17.6px;\">\n            <span class=\"kksr-muted\">Valora este post<\/span>\n    <\/div>\n    <\/div>\n","protected":false},"excerpt":{"rendered":"<p>El Papa Disfruta de una Noche Estable Despu\u00e9s de Responder Positivamente al Tratamiento de Neumon\u00eda El l\u00edder de la Iglesia Cat\u00f3lica, el Papa, ha tenido una &#8230; <a title=\"Papa responde bien a terapia contra neumon\u00eda: noche tranquila tras mejora inicial\" class=\"read-more\" href=\"https:\/\/www.diario21.tv\/noticias\/papa-responde-bien-a-terapia-contra-neumonia-noche-tranquila-tras-mejora-inicial\/\" aria-label=\"Leer m\u00e1s sobre Papa responde bien a terapia contra neumon\u00eda: noche tranquila tras mejora inicial\">Seguir leyendo &rarr;<\/a><\/p>\n","protected":false},"author":20,"featured_media":2419,"comment_status":"open","ping_status":"open","sticky":false,"template":"","format":"standard","meta":{"footnotes":""},"categories":[13],"tags":[],"class_list":["post-2418","post","type-post","status-publish","format-standard","has-post-thumbnail","hentry","category-portada"],"yoast_head":"<!-- This site is optimized with the Yoast SEO plugin v25.6 - https:\/\/yoast.com\/wordpress\/plugins\/seo\/ -->\n<title>Papa responde bien a terapia contra neumon\u00eda: noche tranquila tras mejora inicial - Diario 21<\/title>\n<meta name=\"robots\" content=\"index, follow, max-snippet:-1, max-image-preview:large, max-video-preview:-1\" \/>\n<link rel=\"canonical\" href=\"https:\/\/www.diario21.tv\/noticias\/papa-responde-bien-a-terapia-contra-neumonia-noche-tranquila-tras-mejora-inicial\/\" \/>\n<meta property=\"og:locale\" content=\"es_ES\" \/>\n<meta property=\"og:type\" content=\"article\" \/>\n<meta property=\"og:title\" content=\"Papa responde bien a terapia contra neumon\u00eda: noche tranquila tras mejora inicial - Diario 21\" \/>\n<meta property=\"og:description\" content=\"El Papa Disfruta de una Noche Estable Despu\u00e9s de Responder Positivamente al Tratamiento de Neumon\u00eda El l\u00edder de la Iglesia Cat\u00f3lica, el Papa, ha tenido una ... Seguir leyendo &rarr;\" \/>\n<meta property=\"og:url\" content=\"https:\/\/www.diario21.tv\/noticias\/papa-responde-bien-a-terapia-contra-neumonia-noche-tranquila-tras-mejora-inicial\/\" \/>\n<meta property=\"og:site_name\" content=\"Diario 21\" \/>\n<meta property=\"article:published_time\" content=\"2025-03-11T03:18:21+00:00\" \/>\n<meta property=\"article:modified_time\" content=\"2025-03-11T03:18:23+00:00\" \/>\n<meta property=\"og:image\" content=\"https:\/\/www.diario21.tv\/noticias\/wp-content\/uploads\/2025\/03\/Papa-responde-bien-a-terapia-contra-neumonia-noche-tranquila-tras.jpg\" \/>\n\t<meta property=\"og:image:width\" content=\"1920\" \/>\n\t<meta property=\"og:image:height\" content=\"1080\" \/>\n\t<meta property=\"og:image:type\" content=\"image\/jpeg\" \/>\n<meta name=\"author\" content=\"Juan P\u00e9rez\" \/>\n<meta name=\"twitter:card\" content=\"summary_large_image\" \/>\n<meta name=\"twitter:label1\" content=\"Escrito por\" \/>\n\t<meta name=\"twitter:data1\" content=\"Juan P\u00e9rez\" \/>\n\t<meta name=\"twitter:label2\" content=\"Tiempo de lectura\" \/>\n\t<meta name=\"twitter:data2\" content=\"2 minutos\" \/>\n<script type=\"application\/ld+json\" class=\"yoast-schema-graph\">{\"@context\":\"https:\/\/schema.org\",\"@graph\":[{\"@type\":\"WebPage\",\"@id\":\"https:\/\/www.diario21.tv\/noticias\/papa-responde-bien-a-terapia-contra-neumonia-noche-tranquila-tras-mejora-inicial\/\",\"url\":\"https:\/\/www.diario21.tv\/noticias\/papa-responde-bien-a-terapia-contra-neumonia-noche-tranquila-tras-mejora-inicial\/\",\"name\":\"Papa responde bien a terapia contra neumon\u00eda: noche tranquila tras mejora inicial - Diario 21\",\"isPartOf\":{\"@id\":\"https:\/\/www.diario21.tv\/noticias\/#website\"},\"primaryImageOfPage\":{\"@id\":\"https:\/\/www.diario21.tv\/noticias\/papa-responde-bien-a-terapia-contra-neumonia-noche-tranquila-tras-mejora-inicial\/#primaryimage\"},\"image\":{\"@id\":\"https:\/\/www.diario21.tv\/noticias\/papa-responde-bien-a-terapia-contra-neumonia-noche-tranquila-tras-mejora-inicial\/#primaryimage\"},\"thumbnailUrl\":\"https:\/\/www.diario21.tv\/noticias\/wp-content\/uploads\/2025\/03\/Papa-responde-bien-a-terapia-contra-neumonia-noche-tranquila-tras.jpg\",\"datePublished\":\"2025-03-11T03:18:21+00:00\",\"dateModified\":\"2025-03-11T03:18:23+00:00\",\"author\":{\"@id\":\"https:\/\/www.diario21.tv\/noticias\/#\/schema\/person\/dfb778f73814d8f09f302618446a526b\"},\"breadcrumb\":{\"@id\":\"https:\/\/www.diario21.tv\/noticias\/papa-responde-bien-a-terapia-contra-neumonia-noche-tranquila-tras-mejora-inicial\/#breadcrumb\"},\"inLanguage\":\"es-AR\",\"potentialAction\":[{\"@type\":\"ReadAction\",\"target\":[\"https:\/\/www.diario21.tv\/noticias\/papa-responde-bien-a-terapia-contra-neumonia-noche-tranquila-tras-mejora-inicial\/\"]}]},{\"@type\":\"ImageObject\",\"inLanguage\":\"es-AR\",\"@id\":\"https:\/\/www.diario21.tv\/noticias\/papa-responde-bien-a-terapia-contra-neumonia-noche-tranquila-tras-mejora-inicial\/#primaryimage\",\"url\":\"https:\/\/www.diario21.tv\/noticias\/wp-content\/uploads\/2025\/03\/Papa-responde-bien-a-terapia-contra-neumonia-noche-tranquila-tras.jpg\",\"contentUrl\":\"https:\/\/www.diario21.tv\/noticias\/wp-content\/uploads\/2025\/03\/Papa-responde-bien-a-terapia-contra-neumonia-noche-tranquila-tras.jpg\",\"width\":1920,\"height\":1080,\"caption\":\"El Papa pasa una \u00abnoche tranquila\u00bb tras mostrar ayer por primera vez una \u00abbuena respuesta\u00bb a la terapia contra la neumon\u00eda\"},{\"@type\":\"BreadcrumbList\",\"@id\":\"https:\/\/www.diario21.tv\/noticias\/papa-responde-bien-a-terapia-contra-neumonia-noche-tranquila-tras-mejora-inicial\/#breadcrumb\",\"itemListElement\":[{\"@type\":\"ListItem\",\"position\":1,\"name\":\"Accueil\",\"item\":\"https:\/\/www.diario21.tv\/noticias\/\"},{\"@type\":\"ListItem\",\"position\":2,\"name\":\"Papa responde bien a terapia contra neumon\u00eda: noche tranquila tras mejora inicial\"}]},{\"@type\":\"WebSite\",\"@id\":\"https:\/\/www.diario21.tv\/noticias\/#website\",\"url\":\"https:\/\/www.diario21.tv\/noticias\/\",\"name\":\"Diario 21\",\"description\":\"\",\"potentialAction\":[{\"@type\":\"SearchAction\",\"target\":{\"@type\":\"EntryPoint\",\"urlTemplate\":\"https:\/\/www.diario21.tv\/noticias\/?s={search_term_string}\"},\"query-input\":{\"@type\":\"PropertyValueSpecification\",\"valueRequired\":true,\"valueName\":\"search_term_string\"}}],\"inLanguage\":\"es-AR\"},{\"@type\":\"Person\",\"@id\":\"https:\/\/www.diario21.tv\/noticias\/#\/schema\/person\/dfb778f73814d8f09f302618446a526b\",\"name\":\"Juan P\u00e9rez\",\"image\":{\"@type\":\"ImageObject\",\"inLanguage\":\"es-AR\",\"@id\":\"https:\/\/www.diario21.tv\/noticias\/#\/schema\/person\/image\/\",\"url\":\"https:\/\/secure.gravatar.com\/avatar\/c478a405bd10621167f4c3167cc770f5?s=96&d=mm&r=g\",\"contentUrl\":\"https:\/\/secure.gravatar.com\/avatar\/c478a405bd10621167f4c3167cc770f5?s=96&d=mm&r=g\",\"caption\":\"Juan P\u00e9rez\"},\"description\":\"Juan P\u00e9rez es el redactor en jefe de Diario 21. Con m\u00e1s de 10 a\u00f1os de experiencia en el periodismo, se especializa en pol\u00edtica nacional y an\u00e1lisis socioecon\u00f3mico. Su enfoque cr\u00edtico y riguroso aporta una perspectiva \u00fanica a cada art\u00edculo.\",\"sameAs\":[\"https:\/\/www.diario21.tv\/noticias\/\"],\"url\":\"https:\/\/www.diario21.tv\/noticias\/author\/juan-perez\/\"}]}<\/script>\n<!-- \/ Yoast SEO plugin. -->","yoast_head_json":{"title":"Papa responde bien a terapia contra neumon\u00eda: noche tranquila tras mejora inicial - Diario 21","robots":{"index":"index","follow":"follow","max-snippet":"max-snippet:-1","max-image-preview":"max-image-preview:large","max-video-preview":"max-video-preview:-1"},"canonical":"https:\/\/www.diario21.tv\/noticias\/papa-responde-bien-a-terapia-contra-neumonia-noche-tranquila-tras-mejora-inicial\/","og_locale":"es_ES","og_type":"article","og_title":"Papa responde bien a terapia contra neumon\u00eda: noche tranquila tras mejora inicial - Diario 21","og_description":"El Papa Disfruta de una Noche Estable Despu\u00e9s de Responder Positivamente al Tratamiento de Neumon\u00eda El l\u00edder de la Iglesia Cat\u00f3lica, el Papa, ha tenido una ... Seguir leyendo &rarr;","og_url":"https:\/\/www.diario21.tv\/noticias\/papa-responde-bien-a-terapia-contra-neumonia-noche-tranquila-tras-mejora-inicial\/","og_site_name":"Diario 21","article_published_time":"2025-03-11T03:18:21+00:00","article_modified_time":"2025-03-11T03:18:23+00:00","og_image":[{"width":1920,"height":1080,"url":"https:\/\/www.diario21.tv\/noticias\/wp-content\/uploads\/2025\/03\/Papa-responde-bien-a-terapia-contra-neumonia-noche-tranquila-tras.jpg","type":"image\/jpeg"}],"author":"Juan P\u00e9rez","twitter_card":"summary_large_image","twitter_misc":{"Escrito por":"Juan P\u00e9rez","Tiempo de lectura":"2 minutos"},"schema":{"@context":"https:\/\/schema.org","@graph":[{"@type":"WebPage","@id":"https:\/\/www.diario21.tv\/noticias\/papa-responde-bien-a-terapia-contra-neumonia-noche-tranquila-tras-mejora-inicial\/","url":"https:\/\/www.diario21.tv\/noticias\/papa-responde-bien-a-terapia-contra-neumonia-noche-tranquila-tras-mejora-inicial\/","name":"Papa responde bien a terapia contra neumon\u00eda: noche tranquila tras mejora inicial - Diario 21","isPartOf":{"@id":"https:\/\/www.diario21.tv\/noticias\/#website"},"primaryImageOfPage":{"@id":"https:\/\/www.diario21.tv\/noticias\/papa-responde-bien-a-terapia-contra-neumonia-noche-tranquila-tras-mejora-inicial\/#primaryimage"},"image":{"@id":"https:\/\/www.diario21.tv\/noticias\/papa-responde-bien-a-terapia-contra-neumonia-noche-tranquila-tras-mejora-inicial\/#primaryimage"},"thumbnailUrl":"https:\/\/www.diario21.tv\/noticias\/wp-content\/uploads\/2025\/03\/Papa-responde-bien-a-terapia-contra-neumonia-noche-tranquila-tras.jpg","datePublished":"2025-03-11T03:18:21+00:00","dateModified":"2025-03-11T03:18:23+00:00","author":{"@id":"https:\/\/www.diario21.tv\/noticias\/#\/schema\/person\/dfb778f73814d8f09f302618446a526b"},"breadcrumb":{"@id":"https:\/\/www.diario21.tv\/noticias\/papa-responde-bien-a-terapia-contra-neumonia-noche-tranquila-tras-mejora-inicial\/#breadcrumb"},"inLanguage":"es-AR","potentialAction":[{"@type":"ReadAction","target":["https:\/\/www.diario21.tv\/noticias\/papa-responde-bien-a-terapia-contra-neumonia-noche-tranquila-tras-mejora-inicial\/"]}]},{"@type":"ImageObject","inLanguage":"es-AR","@id":"https:\/\/www.diario21.tv\/noticias\/papa-responde-bien-a-terapia-contra-neumonia-noche-tranquila-tras-mejora-inicial\/#primaryimage","url":"https:\/\/www.diario21.tv\/noticias\/wp-content\/uploads\/2025\/03\/Papa-responde-bien-a-terapia-contra-neumonia-noche-tranquila-tras.jpg","contentUrl":"https:\/\/www.diario21.tv\/noticias\/wp-content\/uploads\/2025\/03\/Papa-responde-bien-a-terapia-contra-neumonia-noche-tranquila-tras.jpg","width":1920,"height":1080,"caption":"El Papa pasa una \u00abnoche tranquila\u00bb tras mostrar ayer por primera vez una \u00abbuena respuesta\u00bb a la terapia contra la neumon\u00eda"},{"@type":"BreadcrumbList","@id":"https:\/\/www.diario21.tv\/noticias\/papa-responde-bien-a-terapia-contra-neumonia-noche-tranquila-tras-mejora-inicial\/#breadcrumb","itemListElement":[{"@type":"ListItem","position":1,"name":"Accueil","item":"https:\/\/www.diario21.tv\/noticias\/"},{"@type":"ListItem","position":2,"name":"Papa responde bien a terapia contra neumon\u00eda: noche tranquila tras mejora inicial"}]},{"@type":"WebSite","@id":"https:\/\/www.diario21.tv\/noticias\/#website","url":"https:\/\/www.diario21.tv\/noticias\/","name":"Diario 21","description":"","potentialAction":[{"@type":"SearchAction","target":{"@type":"EntryPoint","urlTemplate":"https:\/\/www.diario21.tv\/noticias\/?s={search_term_string}"},"query-input":{"@type":"PropertyValueSpecification","valueRequired":true,"valueName":"search_term_string"}}],"inLanguage":"es-AR"},{"@type":"Person","@id":"https:\/\/www.diario21.tv\/noticias\/#\/schema\/person\/dfb778f73814d8f09f302618446a526b","name":"Juan P\u00e9rez","image":{"@type":"ImageObject","inLanguage":"es-AR","@id":"https:\/\/www.diario21.tv\/noticias\/#\/schema\/person\/image\/","url":"https:\/\/secure.gravatar.com\/avatar\/c478a405bd10621167f4c3167cc770f5?s=96&d=mm&r=g","contentUrl":"https:\/\/secure.gravatar.com\/avatar\/c478a405bd10621167f4c3167cc770f5?s=96&d=mm&r=g","caption":"Juan P\u00e9rez"},"description":"Juan P\u00e9rez es el redactor en jefe de Diario 21. Con m\u00e1s de 10 a\u00f1os de experiencia en el periodismo, se especializa en pol\u00edtica nacional y an\u00e1lisis socioecon\u00f3mico. Su enfoque cr\u00edtico y riguroso aporta una perspectiva \u00fanica a cada art\u00edculo.","sameAs":["https:\/\/www.diario21.tv\/noticias\/"],"url":"https:\/\/www.diario21.tv\/noticias\/author\/juan-perez\/"}]}},"_links":{"self":[{"href":"https:\/\/www.diario21.tv\/noticias\/wp-json\/wp\/v2\/posts\/2418"}],"collection":[{"href":"https:\/\/www.diario21.tv\/noticias\/wp-json\/wp\/v2\/posts"}],"about":[{"href":"https:\/\/www.diario21.tv\/noticias\/wp-json\/wp\/v2\/types\/post"}],"author":[{"embeddable":true,"href":"https:\/\/www.diario21.tv\/noticias\/wp-json\/wp\/v2\/users\/20"}],"replies":[{"embeddable":true,"href":"https:\/\/www.diario21.tv\/noticias\/wp-json\/wp\/v2\/comments?post=2418"}],"version-history":[{"count":1,"href":"https:\/\/www.diario21.tv\/noticias\/wp-json\/wp\/v2\/posts\/2418\/revisions"}],"predecessor-version":[{"id":2420,"href":"https:\/\/www.diario21.tv\/noticias\/wp-json\/wp\/v2\/posts\/2418\/revisions\/2420"}],"wp:featuredmedia":[{"embeddable":true,"href":"https:\/\/www.diario21.tv\/noticias\/wp-json\/wp\/v2\/media\/2419"}],"wp:attachment":[{"href":"https:\/\/www.diario21.tv\/noticias\/wp-json\/wp\/v2\/media?parent=2418"}],"wp:term":[{"taxonomy":"category","embeddable":true,"href":"https:\/\/www.diario21.tv\/noticias\/wp-json\/wp\/v2\/categories?post=2418"},{"taxonomy":"post_tag","embeddable":true,"href":"https:\/\/www.diario21.tv\/noticias\/wp-json\/wp\/v2\/tags?post=2418"}],"curies":[{"name":"wp","href":"https:\/\/api.w.org\/{rel}","templated":true}]}}