{"id":240,"date":"2024-08-30T22:00:27","date_gmt":"2024-08-30T22:00:27","guid":{"rendered":"https:\/\/www.diario21.tv\/noticias\/impactante-hombre-encontrado-muerto-a-tiros-en-casa-campestre-de-alicante-descubre-los-detalles\/"},"modified":"2024-08-30T22:00:30","modified_gmt":"2024-08-30T22:00:30","slug":"impactante-hombre-encontrado-muerto-a-tiros-en-casa-campestre-de-alicante-descubre-los-detalles","status":"publish","type":"post","link":"https:\/\/www.diario21.tv\/noticias\/impactante-hombre-encontrado-muerto-a-tiros-en-casa-campestre-de-alicante-descubre-los-detalles\/","title":{"rendered":"\u00a1Impactante! Hombre encontrado muerto a tiros en casa campestre de Alicante \u00a1Descubre los detalles!"},"content":{"rendered":"<h2>Un individuo es hallado sin vida debido a heridas de bala en una vivienda rural de Alicante<\/h2>\n<p>En un lamentable suceso, se ha descubierto el cuerpo sin vida de un var\u00f3n en una finca rural en la ciudad de Alicante. Las circunstancias que rodean su muerte apuntan a que fue v\u00edctima de varios disparos.<\/p>\n<h3>Descubrimiento del cuerpo<\/h3>\n<p>En una residencia de campo situada en Alicante, se ha hallado el cad\u00e1ver de un hombre. Las primeras informaciones indican que el hombre muri\u00f3 a causa de varias heridas provocadas por disparos de arma de fuego. <\/p>\n<h3>Investigaci\u00f3n en curso<\/h3>\n<p>Las autoridades locales ya han emprendido las investigaciones necesarias para esclarecer las circunstancias en torno a este tr\u00e1gico suceso. Si bien a\u00fan no se ha hecho un informe oficial, las evidencias preliminares apuntan a que el hombre fue v\u00edctima de un tiroteo.<\/p>\n<h3>Posibles sospechosos<\/h3>\n<p>Hasta el momento, no se ha identificado a ning\u00fan sospechoso. Los investigadores est\u00e1n trabajando arduamente para recolectar pruebas y pistas que puedan conducir a la detenci\u00f3n del o los responsables. <\/p>\n<h3>Reacciones de la comunidad<\/h3>\n<p>Este hecho ha causado conmoci\u00f3n y tristeza en la comunidad de Alicante. Los residentes locales se han expresado consternados ante la violenta muerte de este individuo y esperan que las autoridades puedan pronto esclarecer lo sucedido y llevar ante la justicia a los responsables. <\/p>\n<h3>Conclusi\u00f3n<\/h3>\n<p>La investigaci\u00f3n sigue en marcha y las autoridades est\u00e1n solicitando la colaboraci\u00f3n de cualquier persona que pueda aportar informaci\u00f3n relevante sobre el caso. Este tr\u00e1gico suceso ha dejado una huella de tristeza en la comunidad de Alicante, quienes esperan que se haga justicia.<\/p>\n\n\n<div class=\"kk-star-ratings kksr-auto kksr-align-left kksr-valign-bottom\"\n    data-payload='{&quot;align&quot;:&quot;left&quot;,&quot;id&quot;:&quot;240&quot;,&quot;slug&quot;:&quot;default&quot;,&quot;valign&quot;:&quot;bottom&quot;,&quot;ignore&quot;:&quot;&quot;,&quot;reference&quot;:&quot;auto&quot;,&quot;class&quot;:&quot;&quot;,&quot;count&quot;:&quot;0&quot;,&quot;legendonly&quot;:&quot;&quot;,&quot;readonly&quot;:&quot;&quot;,&quot;score&quot;:&quot;0&quot;,&quot;starsonly&quot;:&quot;&quot;,&quot;best&quot;:&quot;5&quot;,&quot;gap&quot;:&quot;5&quot;,&quot;greet&quot;:&quot;Valora este post&quot;,&quot;legend&quot;:&quot;0\\\/5 - (0 votes)&quot;,&quot;size&quot;:&quot;22&quot;,&quot;title&quot;:&quot;\u00a1Impactante! Hombre encontrado muerto a tiros en casa campestre de Alicante \u00a1Descubre los detalles!&quot;,&quot;width&quot;:&quot;0&quot;,&quot;_legend&quot;:&quot;{score}\\\/{best} - ({count} {votes})&quot;,&quot;font_factor&quot;:&quot;1.25&quot;}'>\n            \n<div class=\"kksr-stars\">\n    \n<div class=\"kksr-stars-inactive\">\n            <div class=\"kksr-star\" data-star=\"1\" style=\"padding-right: 5px\">\n            \n\n<div class=\"kksr-icon\" style=\"width: 22px; height: 22px;\"><\/div>\n        <\/div>\n            <div class=\"kksr-star\" data-star=\"2\" style=\"padding-right: 5px\">\n            \n\n<div class=\"kksr-icon\" style=\"width: 22px; height: 22px;\"><\/div>\n        <\/div>\n            <div class=\"kksr-star\" data-star=\"3\" style=\"padding-right: 5px\">\n            \n\n<div class=\"kksr-icon\" style=\"width: 22px; height: 22px;\"><\/div>\n        <\/div>\n            <div class=\"kksr-star\" data-star=\"4\" style=\"padding-right: 5px\">\n            \n\n<div class=\"kksr-icon\" style=\"width: 22px; height: 22px;\"><\/div>\n        <\/div>\n            <div class=\"kksr-star\" data-star=\"5\" style=\"padding-right: 5px\">\n            \n\n<div class=\"kksr-icon\" style=\"width: 22px; height: 22px;\"><\/div>\n        <\/div>\n    <\/div>\n    \n<div class=\"kksr-stars-active\" style=\"width: 0px;\">\n            <div class=\"kksr-star\" style=\"padding-right: 5px\">\n            \n\n<div class=\"kksr-icon\" style=\"width: 22px; height: 22px;\"><\/div>\n        <\/div>\n            <div class=\"kksr-star\" style=\"padding-right: 5px\">\n            \n\n<div class=\"kksr-icon\" style=\"width: 22px; height: 22px;\"><\/div>\n        <\/div>\n            <div class=\"kksr-star\" style=\"padding-right: 5px\">\n            \n\n<div class=\"kksr-icon\" style=\"width: 22px; height: 22px;\"><\/div>\n        <\/div>\n            <div class=\"kksr-star\" style=\"padding-right: 5px\">\n            \n\n<div class=\"kksr-icon\" style=\"width: 22px; height: 22px;\"><\/div>\n        <\/div>\n            <div class=\"kksr-star\" style=\"padding-right: 5px\">\n            \n\n<div class=\"kksr-icon\" style=\"width: 22px; height: 22px;\"><\/div>\n        <\/div>\n    <\/div>\n<\/div>\n                \n\n<div class=\"kksr-legend\" style=\"font-size: 17.6px;\">\n            <span class=\"kksr-muted\">Valora este post<\/span>\n    <\/div>\n    <\/div>\n","protected":false},"excerpt":{"rendered":"<p>Un individuo es hallado sin vida debido a heridas de bala en una vivienda rural de Alicante En un lamentable suceso, se ha descubierto el cuerpo &#8230; <a title=\"\u00a1Impactante! Hombre encontrado muerto a tiros en casa campestre de Alicante \u00a1Descubre los detalles!\" class=\"read-more\" href=\"https:\/\/www.diario21.tv\/noticias\/impactante-hombre-encontrado-muerto-a-tiros-en-casa-campestre-de-alicante-descubre-los-detalles\/\" aria-label=\"Leer m\u00e1s sobre \u00a1Impactante! Hombre encontrado muerto a tiros en casa campestre de Alicante \u00a1Descubre los detalles!\">Seguir leyendo &rarr;<\/a><\/p>\n","protected":false},"author":16,"featured_media":241,"comment_status":"open","ping_status":"open","sticky":false,"template":"","format":"standard","meta":{"footnotes":""},"categories":[12],"tags":[],"class_list":["post-240","post","type-post","status-publish","format-standard","has-post-thumbnail","hentry","category-tendencia"],"yoast_head":"<!-- This site is optimized with the Yoast SEO plugin v25.6 - https:\/\/yoast.com\/wordpress\/plugins\/seo\/ -->\n<title>\u00a1Impactante! Hombre encontrado muerto a tiros en casa campestre de Alicante \u00a1Descubre los detalles! - Diario 21<\/title>\n<meta name=\"robots\" content=\"index, follow, max-snippet:-1, max-image-preview:large, max-video-preview:-1\" \/>\n<link rel=\"canonical\" href=\"https:\/\/www.diario21.tv\/noticias\/impactante-hombre-encontrado-muerto-a-tiros-en-casa-campestre-de-alicante-descubre-los-detalles\/\" \/>\n<meta property=\"og:locale\" content=\"es_ES\" \/>\n<meta property=\"og:type\" content=\"article\" \/>\n<meta property=\"og:title\" content=\"\u00a1Impactante! Hombre encontrado muerto a tiros en casa campestre de Alicante \u00a1Descubre los detalles! - Diario 21\" \/>\n<meta property=\"og:description\" content=\"Un individuo es hallado sin vida debido a heridas de bala en una vivienda rural de Alicante En un lamentable suceso, se ha descubierto el cuerpo ... Seguir leyendo &rarr;\" \/>\n<meta property=\"og:url\" content=\"https:\/\/www.diario21.tv\/noticias\/impactante-hombre-encontrado-muerto-a-tiros-en-casa-campestre-de-alicante-descubre-los-detalles\/\" \/>\n<meta property=\"og:site_name\" content=\"Diario 21\" \/>\n<meta property=\"article:published_time\" content=\"2024-08-30T22:00:27+00:00\" \/>\n<meta property=\"article:modified_time\" content=\"2024-08-30T22:00:30+00:00\" \/>\n<meta property=\"og:image\" content=\"https:\/\/www.diario21.tv\/noticias\/wp-content\/uploads\/2024\/08\/\u00a1Impactante-Hombre-encontrado-muerto-a-tiros-en-casa-campestre-de.jpg\" \/>\n\t<meta property=\"og:image:width\" content=\"1916\" \/>\n\t<meta property=\"og:image:height\" content=\"1080\" \/>\n\t<meta property=\"og:image:type\" content=\"image\/jpeg\" \/>\n<meta name=\"author\" content=\"Diario 21\" \/>\n<meta name=\"twitter:card\" content=\"summary_large_image\" \/>\n<meta name=\"twitter:label1\" content=\"Escrito por\" \/>\n\t<meta name=\"twitter:data1\" content=\"Diario 21\" \/>\n\t<meta name=\"twitter:label2\" content=\"Tiempo de lectura\" \/>\n\t<meta name=\"twitter:data2\" content=\"1 minuto\" \/>\n<script type=\"application\/ld+json\" class=\"yoast-schema-graph\">{\"@context\":\"https:\/\/schema.org\",\"@graph\":[{\"@type\":\"WebPage\",\"@id\":\"https:\/\/www.diario21.tv\/noticias\/impactante-hombre-encontrado-muerto-a-tiros-en-casa-campestre-de-alicante-descubre-los-detalles\/\",\"url\":\"https:\/\/www.diario21.tv\/noticias\/impactante-hombre-encontrado-muerto-a-tiros-en-casa-campestre-de-alicante-descubre-los-detalles\/\",\"name\":\"\u00a1Impactante! Hombre encontrado muerto a tiros en casa campestre de Alicante \u00a1Descubre los detalles! - Diario 21\",\"isPartOf\":{\"@id\":\"https:\/\/www.diario21.tv\/noticias\/#website\"},\"primaryImageOfPage\":{\"@id\":\"https:\/\/www.diario21.tv\/noticias\/impactante-hombre-encontrado-muerto-a-tiros-en-casa-campestre-de-alicante-descubre-los-detalles\/#primaryimage\"},\"image\":{\"@id\":\"https:\/\/www.diario21.tv\/noticias\/impactante-hombre-encontrado-muerto-a-tiros-en-casa-campestre-de-alicante-descubre-los-detalles\/#primaryimage\"},\"thumbnailUrl\":\"https:\/\/www.diario21.tv\/noticias\/wp-content\/uploads\/2024\/08\/\u00a1Impactante-Hombre-encontrado-muerto-a-tiros-en-casa-campestre-de.jpg\",\"datePublished\":\"2024-08-30T22:00:27+00:00\",\"dateModified\":\"2024-08-30T22:00:30+00:00\",\"author\":{\"@id\":\"https:\/\/www.diario21.tv\/noticias\/#\/schema\/person\/7de9d6205bd3da5b7f01f5cffb18d715\"},\"breadcrumb\":{\"@id\":\"https:\/\/www.diario21.tv\/noticias\/impactante-hombre-encontrado-muerto-a-tiros-en-casa-campestre-de-alicante-descubre-los-detalles\/#breadcrumb\"},\"inLanguage\":\"es-AR\",\"potentialAction\":[{\"@type\":\"ReadAction\",\"target\":[\"https:\/\/www.diario21.tv\/noticias\/impactante-hombre-encontrado-muerto-a-tiros-en-casa-campestre-de-alicante-descubre-los-detalles\/\"]}]},{\"@type\":\"ImageObject\",\"inLanguage\":\"es-AR\",\"@id\":\"https:\/\/www.diario21.tv\/noticias\/impactante-hombre-encontrado-muerto-a-tiros-en-casa-campestre-de-alicante-descubre-los-detalles\/#primaryimage\",\"url\":\"https:\/\/www.diario21.tv\/noticias\/wp-content\/uploads\/2024\/08\/\u00a1Impactante-Hombre-encontrado-muerto-a-tiros-en-casa-campestre-de.jpg\",\"contentUrl\":\"https:\/\/www.diario21.tv\/noticias\/wp-content\/uploads\/2024\/08\/\u00a1Impactante-Hombre-encontrado-muerto-a-tiros-en-casa-campestre-de.jpg\",\"width\":1916,\"height\":1080,\"caption\":\"Encuentran muerto por disparos a un hombre en una casa de campo en Alicante\"},{\"@type\":\"BreadcrumbList\",\"@id\":\"https:\/\/www.diario21.tv\/noticias\/impactante-hombre-encontrado-muerto-a-tiros-en-casa-campestre-de-alicante-descubre-los-detalles\/#breadcrumb\",\"itemListElement\":[{\"@type\":\"ListItem\",\"position\":1,\"name\":\"Accueil\",\"item\":\"https:\/\/www.diario21.tv\/noticias\/\"},{\"@type\":\"ListItem\",\"position\":2,\"name\":\"\u00a1Impactante! Hombre encontrado muerto a tiros en casa campestre de Alicante \u00a1Descubre los detalles!\"}]},{\"@type\":\"WebSite\",\"@id\":\"https:\/\/www.diario21.tv\/noticias\/#website\",\"url\":\"https:\/\/www.diario21.tv\/noticias\/\",\"name\":\"Diario 21\",\"description\":\"\",\"potentialAction\":[{\"@type\":\"SearchAction\",\"target\":{\"@type\":\"EntryPoint\",\"urlTemplate\":\"https:\/\/www.diario21.tv\/noticias\/?s={search_term_string}\"},\"query-input\":{\"@type\":\"PropertyValueSpecification\",\"valueRequired\":true,\"valueName\":\"search_term_string\"}}],\"inLanguage\":\"es-AR\"},{\"@type\":\"Person\",\"@id\":\"https:\/\/www.diario21.tv\/noticias\/#\/schema\/person\/7de9d6205bd3da5b7f01f5cffb18d715\",\"name\":\"Diario 21\",\"image\":{\"@type\":\"ImageObject\",\"inLanguage\":\"es-AR\",\"@id\":\"https:\/\/www.diario21.tv\/noticias\/#\/schema\/person\/image\/\",\"url\":\"https:\/\/secure.gravatar.com\/avatar\/d1d5e764b940c8e5990284cabcd5dea9?s=96&d=mm&r=g\",\"contentUrl\":\"https:\/\/secure.gravatar.com\/avatar\/d1d5e764b940c8e5990284cabcd5dea9?s=96&d=mm&r=g\",\"caption\":\"Diario 21\"},\"url\":\"https:\/\/www.diario21.tv\/noticias\/author\/diario-21\/\"}]}<\/script>\n<!-- \/ Yoast SEO plugin. -->","yoast_head_json":{"title":"\u00a1Impactante! Hombre encontrado muerto a tiros en casa campestre de Alicante \u00a1Descubre los detalles! - Diario 21","robots":{"index":"index","follow":"follow","max-snippet":"max-snippet:-1","max-image-preview":"max-image-preview:large","max-video-preview":"max-video-preview:-1"},"canonical":"https:\/\/www.diario21.tv\/noticias\/impactante-hombre-encontrado-muerto-a-tiros-en-casa-campestre-de-alicante-descubre-los-detalles\/","og_locale":"es_ES","og_type":"article","og_title":"\u00a1Impactante! Hombre encontrado muerto a tiros en casa campestre de Alicante \u00a1Descubre los detalles! - Diario 21","og_description":"Un individuo es hallado sin vida debido a heridas de bala en una vivienda rural de Alicante En un lamentable suceso, se ha descubierto el cuerpo ... Seguir leyendo &rarr;","og_url":"https:\/\/www.diario21.tv\/noticias\/impactante-hombre-encontrado-muerto-a-tiros-en-casa-campestre-de-alicante-descubre-los-detalles\/","og_site_name":"Diario 21","article_published_time":"2024-08-30T22:00:27+00:00","article_modified_time":"2024-08-30T22:00:30+00:00","og_image":[{"width":1916,"height":1080,"url":"https:\/\/www.diario21.tv\/noticias\/wp-content\/uploads\/2024\/08\/\u00a1Impactante-Hombre-encontrado-muerto-a-tiros-en-casa-campestre-de.jpg","type":"image\/jpeg"}],"author":"Diario 21","twitter_card":"summary_large_image","twitter_misc":{"Escrito por":"Diario 21","Tiempo de lectura":"1 minuto"},"schema":{"@context":"https:\/\/schema.org","@graph":[{"@type":"WebPage","@id":"https:\/\/www.diario21.tv\/noticias\/impactante-hombre-encontrado-muerto-a-tiros-en-casa-campestre-de-alicante-descubre-los-detalles\/","url":"https:\/\/www.diario21.tv\/noticias\/impactante-hombre-encontrado-muerto-a-tiros-en-casa-campestre-de-alicante-descubre-los-detalles\/","name":"\u00a1Impactante! Hombre encontrado muerto a tiros en casa campestre de Alicante \u00a1Descubre los detalles! - Diario 21","isPartOf":{"@id":"https:\/\/www.diario21.tv\/noticias\/#website"},"primaryImageOfPage":{"@id":"https:\/\/www.diario21.tv\/noticias\/impactante-hombre-encontrado-muerto-a-tiros-en-casa-campestre-de-alicante-descubre-los-detalles\/#primaryimage"},"image":{"@id":"https:\/\/www.diario21.tv\/noticias\/impactante-hombre-encontrado-muerto-a-tiros-en-casa-campestre-de-alicante-descubre-los-detalles\/#primaryimage"},"thumbnailUrl":"https:\/\/www.diario21.tv\/noticias\/wp-content\/uploads\/2024\/08\/\u00a1Impactante-Hombre-encontrado-muerto-a-tiros-en-casa-campestre-de.jpg","datePublished":"2024-08-30T22:00:27+00:00","dateModified":"2024-08-30T22:00:30+00:00","author":{"@id":"https:\/\/www.diario21.tv\/noticias\/#\/schema\/person\/7de9d6205bd3da5b7f01f5cffb18d715"},"breadcrumb":{"@id":"https:\/\/www.diario21.tv\/noticias\/impactante-hombre-encontrado-muerto-a-tiros-en-casa-campestre-de-alicante-descubre-los-detalles\/#breadcrumb"},"inLanguage":"es-AR","potentialAction":[{"@type":"ReadAction","target":["https:\/\/www.diario21.tv\/noticias\/impactante-hombre-encontrado-muerto-a-tiros-en-casa-campestre-de-alicante-descubre-los-detalles\/"]}]},{"@type":"ImageObject","inLanguage":"es-AR","@id":"https:\/\/www.diario21.tv\/noticias\/impactante-hombre-encontrado-muerto-a-tiros-en-casa-campestre-de-alicante-descubre-los-detalles\/#primaryimage","url":"https:\/\/www.diario21.tv\/noticias\/wp-content\/uploads\/2024\/08\/\u00a1Impactante-Hombre-encontrado-muerto-a-tiros-en-casa-campestre-de.jpg","contentUrl":"https:\/\/www.diario21.tv\/noticias\/wp-content\/uploads\/2024\/08\/\u00a1Impactante-Hombre-encontrado-muerto-a-tiros-en-casa-campestre-de.jpg","width":1916,"height":1080,"caption":"Encuentran muerto por disparos a un hombre en una casa de campo en Alicante"},{"@type":"BreadcrumbList","@id":"https:\/\/www.diario21.tv\/noticias\/impactante-hombre-encontrado-muerto-a-tiros-en-casa-campestre-de-alicante-descubre-los-detalles\/#breadcrumb","itemListElement":[{"@type":"ListItem","position":1,"name":"Accueil","item":"https:\/\/www.diario21.tv\/noticias\/"},{"@type":"ListItem","position":2,"name":"\u00a1Impactante! Hombre encontrado muerto a tiros en casa campestre de Alicante \u00a1Descubre los detalles!"}]},{"@type":"WebSite","@id":"https:\/\/www.diario21.tv\/noticias\/#website","url":"https:\/\/www.diario21.tv\/noticias\/","name":"Diario 21","description":"","potentialAction":[{"@type":"SearchAction","target":{"@type":"EntryPoint","urlTemplate":"https:\/\/www.diario21.tv\/noticias\/?s={search_term_string}"},"query-input":{"@type":"PropertyValueSpecification","valueRequired":true,"valueName":"search_term_string"}}],"inLanguage":"es-AR"},{"@type":"Person","@id":"https:\/\/www.diario21.tv\/noticias\/#\/schema\/person\/7de9d6205bd3da5b7f01f5cffb18d715","name":"Diario 21","image":{"@type":"ImageObject","inLanguage":"es-AR","@id":"https:\/\/www.diario21.tv\/noticias\/#\/schema\/person\/image\/","url":"https:\/\/secure.gravatar.com\/avatar\/d1d5e764b940c8e5990284cabcd5dea9?s=96&d=mm&r=g","contentUrl":"https:\/\/secure.gravatar.com\/avatar\/d1d5e764b940c8e5990284cabcd5dea9?s=96&d=mm&r=g","caption":"Diario 21"},"url":"https:\/\/www.diario21.tv\/noticias\/author\/diario-21\/"}]}},"_links":{"self":[{"href":"https:\/\/www.diario21.tv\/noticias\/wp-json\/wp\/v2\/posts\/240"}],"collection":[{"href":"https:\/\/www.diario21.tv\/noticias\/wp-json\/wp\/v2\/posts"}],"about":[{"href":"https:\/\/www.diario21.tv\/noticias\/wp-json\/wp\/v2\/types\/post"}],"author":[{"embeddable":true,"href":"https:\/\/www.diario21.tv\/noticias\/wp-json\/wp\/v2\/users\/16"}],"replies":[{"embeddable":true,"href":"https:\/\/www.diario21.tv\/noticias\/wp-json\/wp\/v2\/comments?post=240"}],"version-history":[{"count":1,"href":"https:\/\/www.diario21.tv\/noticias\/wp-json\/wp\/v2\/posts\/240\/revisions"}],"predecessor-version":[{"id":242,"href":"https:\/\/www.diario21.tv\/noticias\/wp-json\/wp\/v2\/posts\/240\/revisions\/242"}],"wp:featuredmedia":[{"embeddable":true,"href":"https:\/\/www.diario21.tv\/noticias\/wp-json\/wp\/v2\/media\/241"}],"wp:attachment":[{"href":"https:\/\/www.diario21.tv\/noticias\/wp-json\/wp\/v2\/media?parent=240"}],"wp:term":[{"taxonomy":"category","embeddable":true,"href":"https:\/\/www.diario21.tv\/noticias\/wp-json\/wp\/v2\/categories?post=240"},{"taxonomy":"post_tag","embeddable":true,"href":"https:\/\/www.diario21.tv\/noticias\/wp-json\/wp\/v2\/tags?post=240"}],"curies":[{"name":"wp","href":"https:\/\/api.w.org\/{rel}","templated":true}]}}