{"id":2391,"date":"2025-03-08T14:29:00","date_gmt":"2025-03-08T14:29:00","guid":{"rendered":"https:\/\/www.diario21.tv\/noticias\/maria-fernandez-miranda-nueva-lider-de-mujerhoy-descubre-sus-planes\/"},"modified":"2025-03-08T14:29:01","modified_gmt":"2025-03-08T14:29:01","slug":"maria-fernandez-miranda-nueva-lider-de-mujerhoy-descubre-sus-planes","status":"publish","type":"post","link":"https:\/\/www.diario21.tv\/noticias\/maria-fernandez-miranda-nueva-lider-de-mujerhoy-descubre-sus-planes\/","title":{"rendered":"Mar\u00eda Fern\u00e1ndez-Miranda, nueva l\u00edder de Mujerhoy: \u00a1Descubre sus planes!"},"content":{"rendered":"<h2>Mar\u00eda Fern\u00e1ndez-Miranda es Nombrada Directora de Mujerhoy<\/h2>\n<p>Mar\u00eda Fern\u00e1ndez-Miranda ha sido designada como la nueva directora de Mujerhoy, una decisi\u00f3n que marca un nuevo cap\u00edtulo para la revista. Con una amplia trayectoria en el periodismo, Fern\u00e1ndez-Miranda aporta a Mujerhoy su experiencia y visi\u00f3n para liderar el medio en esta nueva etapa. Su nombramiento es efectivo desde su anuncio y se espera que bajo su liderazgo, la revista contin\u00fae prosperando y alcanzando nuevos p\u00fablicos.<\/p>\n<h3>Experiencia y Trayectoria Profesional<\/h3>\n<p>Antes de su actual posici\u00f3n en Mujerhoy, Mar\u00eda Fern\u00e1ndez-Miranda ha desarrollado una notable carrera en el mundo del periodismo y la comunicaci\u00f3n. Ha trabajado en varias publicaciones de renombre, donde ha dejado su huella a trav\u00e9s de su dedicaci\u00f3n y su enfoque en temas que afectan especialmente a las mujeres. Su compromiso con la excelencia period\u00edstica y su habilidad para abordar temas complejos de manera comprensible la han convertido en una figura respetada en el sector.<\/p>\n<h3>Visi\u00f3n para Mujerhoy<\/h3>\n<p>En su nuevo rol como directora, Mar\u00eda Fern\u00e1ndez-Miranda tiene la intenci\u00f3n de enfocar la revista hacia temas de actualidad que no solo interesan a las mujeres, sino que tambi\u00e9n impactan significativamente en sus vidas. Su visi\u00f3n incluye ampliar la cobertura de temas como la igualdad de g\u00e9nero, el empoderamiento femenino, y los desaf\u00edos que enfrentan las mujeres en el d\u00eda a d\u00eda. Con un enfoque fresco y contempor\u00e1neo, Fern\u00e1ndez-Miranda busca que Mujerhoy sea un referente en el debate social y cultural que contribuya al progreso y bienestar de las mujeres.<\/p>\n<p>El equipo de Mujerhoy, junto con Mar\u00eda Fern\u00e1ndez-Miranda, est\u00e1 comprometido a ofrecer contenido de calidad, investigaciones profundas y reportajes que no solo informen, sino que tambi\u00e9n inspiren y empoderen a su audiencia. Con la direcci\u00f3n de Fern\u00e1ndez-Miranda, se espera que la revista siga creciendo y manteniendo su posici\u00f3n como l\u00edder en el mercado de las publicaciones dirigidas a mujeres.<\/p>\n<h3>Expectativas y Futuro de la Revista<\/h3>\n<p>Las expectativas para el futuro de Mujerhoy son altamente positivas. Con la incorporaci\u00f3n de Mar\u00eda Fern\u00e1ndez-Miranda, se anticipa una renovaci\u00f3n en el contenido y en la forma de conectar con las lectoras. La direcci\u00f3n de la revista est\u00e1 convencida de que su liderazgo traer\u00e1 una perspectiva renovadora y en\u00e9rgica que ser\u00e1 crucial para el \u00e9xito continuo de la publicaci\u00f3n.<\/p>\n<p>La comunidad de Mujerhoy, tanto lectores como colaboradores, ha recibido con entusiasmo la noticia del nombramiento de Fern\u00e1ndez-Miranda, confiando en que su capacidad y visi\u00f3n contribuir\u00e1n significativamente a la misi\u00f3n de la revista de informar, inspirar y liderar en temas de relevancia para las mujeres modernas.<\/p>\n<p>En resumen, la llegada de Mar\u00eda Fern\u00e1ndez-Miranda a la direcci\u00f3n de Mujerhoy promete ser un impulso significativo para la revista, alineando su contenido a\u00fan m\u00e1s estrechamente con las necesidades e intereses de sus lectoras. Est\u00e1 claro que su liderazgo ser\u00e1 vital en la evoluci\u00f3n de Mujerhoy como una voz l\u00edder en temas de inter\u00e9s femenino.<\/p>\n\n\n<div class=\"kk-star-ratings kksr-auto kksr-align-left kksr-valign-bottom\"\n    data-payload='{&quot;align&quot;:&quot;left&quot;,&quot;id&quot;:&quot;2391&quot;,&quot;slug&quot;:&quot;default&quot;,&quot;valign&quot;:&quot;bottom&quot;,&quot;ignore&quot;:&quot;&quot;,&quot;reference&quot;:&quot;auto&quot;,&quot;class&quot;:&quot;&quot;,&quot;count&quot;:&quot;0&quot;,&quot;legendonly&quot;:&quot;&quot;,&quot;readonly&quot;:&quot;&quot;,&quot;score&quot;:&quot;0&quot;,&quot;starsonly&quot;:&quot;&quot;,&quot;best&quot;:&quot;5&quot;,&quot;gap&quot;:&quot;5&quot;,&quot;greet&quot;:&quot;Valora este post&quot;,&quot;legend&quot;:&quot;0\\\/5 - (0 votes)&quot;,&quot;size&quot;:&quot;22&quot;,&quot;title&quot;:&quot;Mar\u00eda Fern\u00e1ndez-Miranda, nueva l\u00edder de Mujerhoy: \u00a1Descubre sus planes!&quot;,&quot;width&quot;:&quot;0&quot;,&quot;_legend&quot;:&quot;{score}\\\/{best} - ({count} {votes})&quot;,&quot;font_factor&quot;:&quot;1.25&quot;}'>\n            \n<div class=\"kksr-stars\">\n    \n<div class=\"kksr-stars-inactive\">\n            <div class=\"kksr-star\" data-star=\"1\" style=\"padding-right: 5px\">\n            \n\n<div class=\"kksr-icon\" style=\"width: 22px; height: 22px;\"><\/div>\n        <\/div>\n            <div class=\"kksr-star\" data-star=\"2\" style=\"padding-right: 5px\">\n            \n\n<div class=\"kksr-icon\" style=\"width: 22px; height: 22px;\"><\/div>\n        <\/div>\n            <div class=\"kksr-star\" data-star=\"3\" style=\"padding-right: 5px\">\n            \n\n<div class=\"kksr-icon\" style=\"width: 22px; height: 22px;\"><\/div>\n        <\/div>\n            <div class=\"kksr-star\" data-star=\"4\" style=\"padding-right: 5px\">\n            \n\n<div class=\"kksr-icon\" style=\"width: 22px; height: 22px;\"><\/div>\n        <\/div>\n            <div class=\"kksr-star\" data-star=\"5\" style=\"padding-right: 5px\">\n            \n\n<div class=\"kksr-icon\" style=\"width: 22px; height: 22px;\"><\/div>\n        <\/div>\n    <\/div>\n    \n<div class=\"kksr-stars-active\" style=\"width: 0px;\">\n            <div class=\"kksr-star\" style=\"padding-right: 5px\">\n            \n\n<div class=\"kksr-icon\" style=\"width: 22px; height: 22px;\"><\/div>\n        <\/div>\n            <div class=\"kksr-star\" style=\"padding-right: 5px\">\n            \n\n<div class=\"kksr-icon\" style=\"width: 22px; height: 22px;\"><\/div>\n        <\/div>\n            <div class=\"kksr-star\" style=\"padding-right: 5px\">\n            \n\n<div class=\"kksr-icon\" style=\"width: 22px; height: 22px;\"><\/div>\n        <\/div>\n            <div class=\"kksr-star\" style=\"padding-right: 5px\">\n            \n\n<div class=\"kksr-icon\" style=\"width: 22px; height: 22px;\"><\/div>\n        <\/div>\n            <div class=\"kksr-star\" style=\"padding-right: 5px\">\n            \n\n<div class=\"kksr-icon\" style=\"width: 22px; height: 22px;\"><\/div>\n        <\/div>\n    <\/div>\n<\/div>\n                \n\n<div class=\"kksr-legend\" style=\"font-size: 17.6px;\">\n            <span class=\"kksr-muted\">Valora este post<\/span>\n    <\/div>\n    <\/div>\n","protected":false},"excerpt":{"rendered":"<p>Mar\u00eda Fern\u00e1ndez-Miranda es Nombrada Directora de Mujerhoy Mar\u00eda Fern\u00e1ndez-Miranda ha sido designada como la nueva directora de Mujerhoy, una decisi\u00f3n que marca un nuevo cap\u00edtulo para &#8230; <a title=\"Mar\u00eda Fern\u00e1ndez-Miranda, nueva l\u00edder de Mujerhoy: \u00a1Descubre sus planes!\" class=\"read-more\" href=\"https:\/\/www.diario21.tv\/noticias\/maria-fernandez-miranda-nueva-lider-de-mujerhoy-descubre-sus-planes\/\" aria-label=\"Leer m\u00e1s sobre Mar\u00eda Fern\u00e1ndez-Miranda, nueva l\u00edder de Mujerhoy: \u00a1Descubre sus planes!\">Seguir leyendo &rarr;<\/a><\/p>\n","protected":false},"author":20,"featured_media":2392,"comment_status":"open","ping_status":"open","sticky":false,"template":"","format":"standard","meta":{"footnotes":""},"categories":[13],"tags":[],"class_list":["post-2391","post","type-post","status-publish","format-standard","has-post-thumbnail","hentry","category-portada"],"yoast_head":"<!-- This site is optimized with the Yoast SEO plugin v25.6 - https:\/\/yoast.com\/wordpress\/plugins\/seo\/ -->\n<title>Mar\u00eda Fern\u00e1ndez-Miranda, nueva l\u00edder de Mujerhoy: \u00a1Descubre sus planes! - Diario 21<\/title>\n<meta name=\"robots\" content=\"index, follow, max-snippet:-1, max-image-preview:large, max-video-preview:-1\" \/>\n<link rel=\"canonical\" href=\"https:\/\/www.diario21.tv\/noticias\/maria-fernandez-miranda-nueva-lider-de-mujerhoy-descubre-sus-planes\/\" \/>\n<meta property=\"og:locale\" content=\"es_ES\" \/>\n<meta property=\"og:type\" content=\"article\" \/>\n<meta property=\"og:title\" content=\"Mar\u00eda Fern\u00e1ndez-Miranda, nueva l\u00edder de Mujerhoy: \u00a1Descubre sus planes! - Diario 21\" \/>\n<meta property=\"og:description\" content=\"Mar\u00eda Fern\u00e1ndez-Miranda es Nombrada Directora de Mujerhoy Mar\u00eda Fern\u00e1ndez-Miranda ha sido designada como la nueva directora de Mujerhoy, una decisi\u00f3n que marca un nuevo cap\u00edtulo para ... Seguir leyendo &rarr;\" \/>\n<meta property=\"og:url\" content=\"https:\/\/www.diario21.tv\/noticias\/maria-fernandez-miranda-nueva-lider-de-mujerhoy-descubre-sus-planes\/\" \/>\n<meta property=\"og:site_name\" content=\"Diario 21\" \/>\n<meta property=\"article:published_time\" content=\"2025-03-08T14:29:00+00:00\" \/>\n<meta property=\"article:modified_time\" content=\"2025-03-08T14:29:01+00:00\" \/>\n<meta property=\"og:image\" content=\"https:\/\/www.diario21.tv\/noticias\/wp-content\/uploads\/2025\/03\/Maria-Fernandez-Miranda-nueva-lider-de-Mujerhoy-\u00a1Descubre-sus-planes.jpg\" \/>\n\t<meta property=\"og:image:width\" content=\"1913\" \/>\n\t<meta property=\"og:image:height\" content=\"1080\" \/>\n\t<meta property=\"og:image:type\" content=\"image\/jpeg\" \/>\n<meta name=\"author\" content=\"Juan P\u00e9rez\" \/>\n<meta name=\"twitter:card\" content=\"summary_large_image\" \/>\n<meta name=\"twitter:label1\" content=\"Escrito por\" \/>\n\t<meta name=\"twitter:data1\" content=\"Juan P\u00e9rez\" \/>\n\t<meta name=\"twitter:label2\" content=\"Tiempo de lectura\" \/>\n\t<meta name=\"twitter:data2\" content=\"3 minutos\" \/>\n<script type=\"application\/ld+json\" class=\"yoast-schema-graph\">{\"@context\":\"https:\/\/schema.org\",\"@graph\":[{\"@type\":\"WebPage\",\"@id\":\"https:\/\/www.diario21.tv\/noticias\/maria-fernandez-miranda-nueva-lider-de-mujerhoy-descubre-sus-planes\/\",\"url\":\"https:\/\/www.diario21.tv\/noticias\/maria-fernandez-miranda-nueva-lider-de-mujerhoy-descubre-sus-planes\/\",\"name\":\"Mar\u00eda Fern\u00e1ndez-Miranda, nueva l\u00edder de Mujerhoy: \u00a1Descubre sus planes! - Diario 21\",\"isPartOf\":{\"@id\":\"https:\/\/www.diario21.tv\/noticias\/#website\"},\"primaryImageOfPage\":{\"@id\":\"https:\/\/www.diario21.tv\/noticias\/maria-fernandez-miranda-nueva-lider-de-mujerhoy-descubre-sus-planes\/#primaryimage\"},\"image\":{\"@id\":\"https:\/\/www.diario21.tv\/noticias\/maria-fernandez-miranda-nueva-lider-de-mujerhoy-descubre-sus-planes\/#primaryimage\"},\"thumbnailUrl\":\"https:\/\/www.diario21.tv\/noticias\/wp-content\/uploads\/2025\/03\/Maria-Fernandez-Miranda-nueva-lider-de-Mujerhoy-\u00a1Descubre-sus-planes.jpg\",\"datePublished\":\"2025-03-08T14:29:00+00:00\",\"dateModified\":\"2025-03-08T14:29:01+00:00\",\"author\":{\"@id\":\"https:\/\/www.diario21.tv\/noticias\/#\/schema\/person\/dfb778f73814d8f09f302618446a526b\"},\"breadcrumb\":{\"@id\":\"https:\/\/www.diario21.tv\/noticias\/maria-fernandez-miranda-nueva-lider-de-mujerhoy-descubre-sus-planes\/#breadcrumb\"},\"inLanguage\":\"es-AR\",\"potentialAction\":[{\"@type\":\"ReadAction\",\"target\":[\"https:\/\/www.diario21.tv\/noticias\/maria-fernandez-miranda-nueva-lider-de-mujerhoy-descubre-sus-planes\/\"]}]},{\"@type\":\"ImageObject\",\"inLanguage\":\"es-AR\",\"@id\":\"https:\/\/www.diario21.tv\/noticias\/maria-fernandez-miranda-nueva-lider-de-mujerhoy-descubre-sus-planes\/#primaryimage\",\"url\":\"https:\/\/www.diario21.tv\/noticias\/wp-content\/uploads\/2025\/03\/Maria-Fernandez-Miranda-nueva-lider-de-Mujerhoy-\u00a1Descubre-sus-planes.jpg\",\"contentUrl\":\"https:\/\/www.diario21.tv\/noticias\/wp-content\/uploads\/2025\/03\/Maria-Fernandez-Miranda-nueva-lider-de-Mujerhoy-\u00a1Descubre-sus-planes.jpg\",\"width\":1913,\"height\":1080,\"caption\":\"Mar\u00eda Fern\u00e1ndez-Miranda, nueva directora de Mujerhoy\"},{\"@type\":\"BreadcrumbList\",\"@id\":\"https:\/\/www.diario21.tv\/noticias\/maria-fernandez-miranda-nueva-lider-de-mujerhoy-descubre-sus-planes\/#breadcrumb\",\"itemListElement\":[{\"@type\":\"ListItem\",\"position\":1,\"name\":\"Accueil\",\"item\":\"https:\/\/www.diario21.tv\/noticias\/\"},{\"@type\":\"ListItem\",\"position\":2,\"name\":\"Mar\u00eda Fern\u00e1ndez-Miranda, nueva l\u00edder de Mujerhoy: \u00a1Descubre sus planes!\"}]},{\"@type\":\"WebSite\",\"@id\":\"https:\/\/www.diario21.tv\/noticias\/#website\",\"url\":\"https:\/\/www.diario21.tv\/noticias\/\",\"name\":\"Diario 21\",\"description\":\"\",\"potentialAction\":[{\"@type\":\"SearchAction\",\"target\":{\"@type\":\"EntryPoint\",\"urlTemplate\":\"https:\/\/www.diario21.tv\/noticias\/?s={search_term_string}\"},\"query-input\":{\"@type\":\"PropertyValueSpecification\",\"valueRequired\":true,\"valueName\":\"search_term_string\"}}],\"inLanguage\":\"es-AR\"},{\"@type\":\"Person\",\"@id\":\"https:\/\/www.diario21.tv\/noticias\/#\/schema\/person\/dfb778f73814d8f09f302618446a526b\",\"name\":\"Juan P\u00e9rez\",\"image\":{\"@type\":\"ImageObject\",\"inLanguage\":\"es-AR\",\"@id\":\"https:\/\/www.diario21.tv\/noticias\/#\/schema\/person\/image\/\",\"url\":\"https:\/\/secure.gravatar.com\/avatar\/c478a405bd10621167f4c3167cc770f5?s=96&d=mm&r=g\",\"contentUrl\":\"https:\/\/secure.gravatar.com\/avatar\/c478a405bd10621167f4c3167cc770f5?s=96&d=mm&r=g\",\"caption\":\"Juan P\u00e9rez\"},\"description\":\"Juan P\u00e9rez es el redactor en jefe de Diario 21. Con m\u00e1s de 10 a\u00f1os de experiencia en el periodismo, se especializa en pol\u00edtica nacional y an\u00e1lisis socioecon\u00f3mico. Su enfoque cr\u00edtico y riguroso aporta una perspectiva \u00fanica a cada art\u00edculo.\",\"sameAs\":[\"https:\/\/www.diario21.tv\/noticias\/\"],\"url\":\"https:\/\/www.diario21.tv\/noticias\/author\/juan-perez\/\"}]}<\/script>\n<!-- \/ Yoast SEO plugin. -->","yoast_head_json":{"title":"Mar\u00eda Fern\u00e1ndez-Miranda, nueva l\u00edder de Mujerhoy: \u00a1Descubre sus planes! - Diario 21","robots":{"index":"index","follow":"follow","max-snippet":"max-snippet:-1","max-image-preview":"max-image-preview:large","max-video-preview":"max-video-preview:-1"},"canonical":"https:\/\/www.diario21.tv\/noticias\/maria-fernandez-miranda-nueva-lider-de-mujerhoy-descubre-sus-planes\/","og_locale":"es_ES","og_type":"article","og_title":"Mar\u00eda Fern\u00e1ndez-Miranda, nueva l\u00edder de Mujerhoy: \u00a1Descubre sus planes! - Diario 21","og_description":"Mar\u00eda Fern\u00e1ndez-Miranda es Nombrada Directora de Mujerhoy Mar\u00eda Fern\u00e1ndez-Miranda ha sido designada como la nueva directora de Mujerhoy, una decisi\u00f3n que marca un nuevo cap\u00edtulo para ... Seguir leyendo &rarr;","og_url":"https:\/\/www.diario21.tv\/noticias\/maria-fernandez-miranda-nueva-lider-de-mujerhoy-descubre-sus-planes\/","og_site_name":"Diario 21","article_published_time":"2025-03-08T14:29:00+00:00","article_modified_time":"2025-03-08T14:29:01+00:00","og_image":[{"width":1913,"height":1080,"url":"https:\/\/www.diario21.tv\/noticias\/wp-content\/uploads\/2025\/03\/Maria-Fernandez-Miranda-nueva-lider-de-Mujerhoy-\u00a1Descubre-sus-planes.jpg","type":"image\/jpeg"}],"author":"Juan P\u00e9rez","twitter_card":"summary_large_image","twitter_misc":{"Escrito por":"Juan P\u00e9rez","Tiempo de lectura":"3 minutos"},"schema":{"@context":"https:\/\/schema.org","@graph":[{"@type":"WebPage","@id":"https:\/\/www.diario21.tv\/noticias\/maria-fernandez-miranda-nueva-lider-de-mujerhoy-descubre-sus-planes\/","url":"https:\/\/www.diario21.tv\/noticias\/maria-fernandez-miranda-nueva-lider-de-mujerhoy-descubre-sus-planes\/","name":"Mar\u00eda Fern\u00e1ndez-Miranda, nueva l\u00edder de Mujerhoy: \u00a1Descubre sus planes! - Diario 21","isPartOf":{"@id":"https:\/\/www.diario21.tv\/noticias\/#website"},"primaryImageOfPage":{"@id":"https:\/\/www.diario21.tv\/noticias\/maria-fernandez-miranda-nueva-lider-de-mujerhoy-descubre-sus-planes\/#primaryimage"},"image":{"@id":"https:\/\/www.diario21.tv\/noticias\/maria-fernandez-miranda-nueva-lider-de-mujerhoy-descubre-sus-planes\/#primaryimage"},"thumbnailUrl":"https:\/\/www.diario21.tv\/noticias\/wp-content\/uploads\/2025\/03\/Maria-Fernandez-Miranda-nueva-lider-de-Mujerhoy-\u00a1Descubre-sus-planes.jpg","datePublished":"2025-03-08T14:29:00+00:00","dateModified":"2025-03-08T14:29:01+00:00","author":{"@id":"https:\/\/www.diario21.tv\/noticias\/#\/schema\/person\/dfb778f73814d8f09f302618446a526b"},"breadcrumb":{"@id":"https:\/\/www.diario21.tv\/noticias\/maria-fernandez-miranda-nueva-lider-de-mujerhoy-descubre-sus-planes\/#breadcrumb"},"inLanguage":"es-AR","potentialAction":[{"@type":"ReadAction","target":["https:\/\/www.diario21.tv\/noticias\/maria-fernandez-miranda-nueva-lider-de-mujerhoy-descubre-sus-planes\/"]}]},{"@type":"ImageObject","inLanguage":"es-AR","@id":"https:\/\/www.diario21.tv\/noticias\/maria-fernandez-miranda-nueva-lider-de-mujerhoy-descubre-sus-planes\/#primaryimage","url":"https:\/\/www.diario21.tv\/noticias\/wp-content\/uploads\/2025\/03\/Maria-Fernandez-Miranda-nueva-lider-de-Mujerhoy-\u00a1Descubre-sus-planes.jpg","contentUrl":"https:\/\/www.diario21.tv\/noticias\/wp-content\/uploads\/2025\/03\/Maria-Fernandez-Miranda-nueva-lider-de-Mujerhoy-\u00a1Descubre-sus-planes.jpg","width":1913,"height":1080,"caption":"Mar\u00eda Fern\u00e1ndez-Miranda, nueva directora de Mujerhoy"},{"@type":"BreadcrumbList","@id":"https:\/\/www.diario21.tv\/noticias\/maria-fernandez-miranda-nueva-lider-de-mujerhoy-descubre-sus-planes\/#breadcrumb","itemListElement":[{"@type":"ListItem","position":1,"name":"Accueil","item":"https:\/\/www.diario21.tv\/noticias\/"},{"@type":"ListItem","position":2,"name":"Mar\u00eda Fern\u00e1ndez-Miranda, nueva l\u00edder de Mujerhoy: \u00a1Descubre sus planes!"}]},{"@type":"WebSite","@id":"https:\/\/www.diario21.tv\/noticias\/#website","url":"https:\/\/www.diario21.tv\/noticias\/","name":"Diario 21","description":"","potentialAction":[{"@type":"SearchAction","target":{"@type":"EntryPoint","urlTemplate":"https:\/\/www.diario21.tv\/noticias\/?s={search_term_string}"},"query-input":{"@type":"PropertyValueSpecification","valueRequired":true,"valueName":"search_term_string"}}],"inLanguage":"es-AR"},{"@type":"Person","@id":"https:\/\/www.diario21.tv\/noticias\/#\/schema\/person\/dfb778f73814d8f09f302618446a526b","name":"Juan P\u00e9rez","image":{"@type":"ImageObject","inLanguage":"es-AR","@id":"https:\/\/www.diario21.tv\/noticias\/#\/schema\/person\/image\/","url":"https:\/\/secure.gravatar.com\/avatar\/c478a405bd10621167f4c3167cc770f5?s=96&d=mm&r=g","contentUrl":"https:\/\/secure.gravatar.com\/avatar\/c478a405bd10621167f4c3167cc770f5?s=96&d=mm&r=g","caption":"Juan P\u00e9rez"},"description":"Juan P\u00e9rez es el redactor en jefe de Diario 21. Con m\u00e1s de 10 a\u00f1os de experiencia en el periodismo, se especializa en pol\u00edtica nacional y an\u00e1lisis socioecon\u00f3mico. Su enfoque cr\u00edtico y riguroso aporta una perspectiva \u00fanica a cada art\u00edculo.","sameAs":["https:\/\/www.diario21.tv\/noticias\/"],"url":"https:\/\/www.diario21.tv\/noticias\/author\/juan-perez\/"}]}},"_links":{"self":[{"href":"https:\/\/www.diario21.tv\/noticias\/wp-json\/wp\/v2\/posts\/2391"}],"collection":[{"href":"https:\/\/www.diario21.tv\/noticias\/wp-json\/wp\/v2\/posts"}],"about":[{"href":"https:\/\/www.diario21.tv\/noticias\/wp-json\/wp\/v2\/types\/post"}],"author":[{"embeddable":true,"href":"https:\/\/www.diario21.tv\/noticias\/wp-json\/wp\/v2\/users\/20"}],"replies":[{"embeddable":true,"href":"https:\/\/www.diario21.tv\/noticias\/wp-json\/wp\/v2\/comments?post=2391"}],"version-history":[{"count":1,"href":"https:\/\/www.diario21.tv\/noticias\/wp-json\/wp\/v2\/posts\/2391\/revisions"}],"predecessor-version":[{"id":2393,"href":"https:\/\/www.diario21.tv\/noticias\/wp-json\/wp\/v2\/posts\/2391\/revisions\/2393"}],"wp:featuredmedia":[{"embeddable":true,"href":"https:\/\/www.diario21.tv\/noticias\/wp-json\/wp\/v2\/media\/2392"}],"wp:attachment":[{"href":"https:\/\/www.diario21.tv\/noticias\/wp-json\/wp\/v2\/media?parent=2391"}],"wp:term":[{"taxonomy":"category","embeddable":true,"href":"https:\/\/www.diario21.tv\/noticias\/wp-json\/wp\/v2\/categories?post=2391"},{"taxonomy":"post_tag","embeddable":true,"href":"https:\/\/www.diario21.tv\/noticias\/wp-json\/wp\/v2\/tags?post=2391"}],"curies":[{"name":"wp","href":"https:\/\/api.w.org\/{rel}","templated":true}]}}