{"id":2373,"date":"2025-03-07T01:30:51","date_gmt":"2025-03-07T01:30:51","guid":{"rendered":"https:\/\/www.diario21.tv\/noticias\/capturado-en-madrid-fugitivo-de-los-angeles-del-infierno-buscado-por-asesinato-y-trafico-de-drogas\/"},"modified":"2025-03-07T01:30:52","modified_gmt":"2025-03-07T01:30:52","slug":"capturado-en-madrid-fugitivo-de-los-angeles-del-infierno-buscado-por-asesinato-y-trafico-de-drogas","status":"publish","type":"post","link":"https:\/\/www.diario21.tv\/noticias\/capturado-en-madrid-fugitivo-de-los-angeles-del-infierno-buscado-por-asesinato-y-trafico-de-drogas\/","title":{"rendered":"\u00a1Capturado en Madrid! Fugitivo de Los \u00c1ngeles del Infierno buscado por asesinato y tr\u00e1fico de drogas"},"content":{"rendered":"<h2>Arresto de un miembro de los \u00c1ngeles del Infierno en Madrid<\/h2>\n<p>En un operativo realizado en Madrid, las autoridades han logrado la captura de un pr\u00f3fugo que era miembro de la notoria banda de motociclistas conocida como Los \u00c1ngeles del Infierno. Este individuo estaba siendo buscado activamente por las autoridades estadounidenses por su implicaci\u00f3n en delitos graves que incluyen asesinato y tr\u00e1fico de drogas.<\/p>\n<h3>Antecedentes del caso<\/h3>\n<p>El detenido, cuya identidad no ha sido divulgada inmediatamente, era objeto de una intensa b\u00fasqueda internacional debido a su participaci\u00f3n en actividades criminales severas, que hab\u00edan captado la atenci\u00f3n de las agencias de ley y orden a nivel global. Seg\u00fan los informes, el sospechoso ten\u00eda un papel prominente dentro de la estructura de Los \u00c1ngeles del Infierno, una organizaci\u00f3n conocida por su involucramiento en diversas actividades il\u00edcitas en todo el mundo.<\/p>\n<h3>Detalles del arresto<\/h3>\n<p>La detenci\u00f3n se llev\u00f3 a cabo sin incidentes gracias a la colaboraci\u00f3n entre las polic\u00edas espa\u00f1ola y estadounidense, quienes ven\u00edan siguiendo la pista del fugitivo desde hac\u00eda varios meses. La operaci\u00f3n fue el resultado de extensas investigaciones y del intercambio de informaci\u00f3n de inteligencia entre ambos pa\u00edses, lo que finalmente permiti\u00f3 localizar al fugitivo en la capital espa\u00f1ola, donde aparentemente se hab\u00eda escondido intentando evadir a la justicia.<\/p>\n<h3>Implicaciones del arresto<\/h3>\n<p>Este arresto representa un golpe significativo contra las operaciones de Los \u00c1ngeles del Infierno, especialmente en lo que respecta a sus actividades en Europa. Asimismo, reafirma el compromiso de las autoridades internacionales para combatir el crimen organizado, demostrando que la colaboraci\u00f3n entre diferentes cuerpos policiales puede llevar a la captura de individuos que intentan escapar de sus responsabilidades legales cruzando fronteras internacionales.<\/p>\n<h3>Pr\u00f3ximos pasos legales<\/h3>\n<p>Tras su detenci\u00f3n, se espera que el detenido sea extraditado a los Estados Unidos, donde enfrentar\u00e1 cargos por los delitos de los cuales es acusado. Este proceso podr\u00eda llevar alg\u00fan tiempo, ya que involucra procedimientos legales que deben ser respetados en ambas jurisdicciones. Sin embargo, la eficacia de este arresto no solo subraya la eficiencia de las medidas de cooperaci\u00f3n internacional, sino que tambi\u00e9n env\u00eda un mensaje claro a aquellos que est\u00e1n involucrados en actividades criminales de que la justicia tiene un alcance largo y efectivo.<\/p>\n\n\n<div class=\"kk-star-ratings kksr-auto kksr-align-left kksr-valign-bottom\"\n    data-payload='{&quot;align&quot;:&quot;left&quot;,&quot;id&quot;:&quot;2373&quot;,&quot;slug&quot;:&quot;default&quot;,&quot;valign&quot;:&quot;bottom&quot;,&quot;ignore&quot;:&quot;&quot;,&quot;reference&quot;:&quot;auto&quot;,&quot;class&quot;:&quot;&quot;,&quot;count&quot;:&quot;0&quot;,&quot;legendonly&quot;:&quot;&quot;,&quot;readonly&quot;:&quot;&quot;,&quot;score&quot;:&quot;0&quot;,&quot;starsonly&quot;:&quot;&quot;,&quot;best&quot;:&quot;5&quot;,&quot;gap&quot;:&quot;5&quot;,&quot;greet&quot;:&quot;Valora este post&quot;,&quot;legend&quot;:&quot;0\\\/5 - (0 votes)&quot;,&quot;size&quot;:&quot;22&quot;,&quot;title&quot;:&quot;\u00a1Capturado en Madrid! Fugitivo de Los \u00c1ngeles del Infierno buscado por asesinato y tr\u00e1fico de drogas&quot;,&quot;width&quot;:&quot;0&quot;,&quot;_legend&quot;:&quot;{score}\\\/{best} - ({count} {votes})&quot;,&quot;font_factor&quot;:&quot;1.25&quot;}'>\n            \n<div class=\"kksr-stars\">\n    \n<div class=\"kksr-stars-inactive\">\n            <div class=\"kksr-star\" data-star=\"1\" style=\"padding-right: 5px\">\n            \n\n<div class=\"kksr-icon\" style=\"width: 22px; height: 22px;\"><\/div>\n        <\/div>\n            <div class=\"kksr-star\" data-star=\"2\" style=\"padding-right: 5px\">\n            \n\n<div class=\"kksr-icon\" style=\"width: 22px; height: 22px;\"><\/div>\n        <\/div>\n            <div class=\"kksr-star\" data-star=\"3\" style=\"padding-right: 5px\">\n            \n\n<div class=\"kksr-icon\" style=\"width: 22px; height: 22px;\"><\/div>\n        <\/div>\n            <div class=\"kksr-star\" data-star=\"4\" style=\"padding-right: 5px\">\n            \n\n<div class=\"kksr-icon\" style=\"width: 22px; height: 22px;\"><\/div>\n        <\/div>\n            <div class=\"kksr-star\" data-star=\"5\" style=\"padding-right: 5px\">\n            \n\n<div class=\"kksr-icon\" style=\"width: 22px; height: 22px;\"><\/div>\n        <\/div>\n    <\/div>\n    \n<div class=\"kksr-stars-active\" style=\"width: 0px;\">\n            <div class=\"kksr-star\" style=\"padding-right: 5px\">\n            \n\n<div class=\"kksr-icon\" style=\"width: 22px; height: 22px;\"><\/div>\n        <\/div>\n            <div class=\"kksr-star\" style=\"padding-right: 5px\">\n            \n\n<div class=\"kksr-icon\" style=\"width: 22px; height: 22px;\"><\/div>\n        <\/div>\n            <div class=\"kksr-star\" style=\"padding-right: 5px\">\n            \n\n<div class=\"kksr-icon\" style=\"width: 22px; height: 22px;\"><\/div>\n        <\/div>\n            <div class=\"kksr-star\" style=\"padding-right: 5px\">\n            \n\n<div class=\"kksr-icon\" style=\"width: 22px; height: 22px;\"><\/div>\n        <\/div>\n            <div class=\"kksr-star\" style=\"padding-right: 5px\">\n            \n\n<div class=\"kksr-icon\" style=\"width: 22px; height: 22px;\"><\/div>\n        <\/div>\n    <\/div>\n<\/div>\n                \n\n<div class=\"kksr-legend\" style=\"font-size: 17.6px;\">\n            <span class=\"kksr-muted\">Valora este post<\/span>\n    <\/div>\n    <\/div>\n","protected":false},"excerpt":{"rendered":"<p>Arresto de un miembro de los \u00c1ngeles del Infierno en Madrid En un operativo realizado en Madrid, las autoridades han logrado la captura de un pr\u00f3fugo &#8230; <a title=\"\u00a1Capturado en Madrid! Fugitivo de Los \u00c1ngeles del Infierno buscado por asesinato y tr\u00e1fico de drogas\" class=\"read-more\" href=\"https:\/\/www.diario21.tv\/noticias\/capturado-en-madrid-fugitivo-de-los-angeles-del-infierno-buscado-por-asesinato-y-trafico-de-drogas\/\" aria-label=\"Leer m\u00e1s sobre \u00a1Capturado en Madrid! Fugitivo de Los \u00c1ngeles del Infierno buscado por asesinato y tr\u00e1fico de drogas\">Seguir leyendo &rarr;<\/a><\/p>\n","protected":false},"author":20,"featured_media":2374,"comment_status":"open","ping_status":"open","sticky":false,"template":"","format":"standard","meta":{"footnotes":""},"categories":[13],"tags":[],"class_list":["post-2373","post","type-post","status-publish","format-standard","has-post-thumbnail","hentry","category-portada"],"yoast_head":"<!-- This site is optimized with the Yoast SEO plugin v25.6 - https:\/\/yoast.com\/wordpress\/plugins\/seo\/ -->\n<title>\u00a1Capturado en Madrid! Fugitivo de Los \u00c1ngeles del Infierno buscado por asesinato y tr\u00e1fico de drogas - Diario 21<\/title>\n<meta name=\"robots\" content=\"index, follow, max-snippet:-1, max-image-preview:large, max-video-preview:-1\" \/>\n<link rel=\"canonical\" href=\"https:\/\/www.diario21.tv\/noticias\/capturado-en-madrid-fugitivo-de-los-angeles-del-infierno-buscado-por-asesinato-y-trafico-de-drogas\/\" \/>\n<meta property=\"og:locale\" content=\"es_ES\" \/>\n<meta property=\"og:type\" content=\"article\" \/>\n<meta property=\"og:title\" content=\"\u00a1Capturado en Madrid! Fugitivo de Los \u00c1ngeles del Infierno buscado por asesinato y tr\u00e1fico de drogas - Diario 21\" \/>\n<meta property=\"og:description\" content=\"Arresto de un miembro de los \u00c1ngeles del Infierno en Madrid En un operativo realizado en Madrid, las autoridades han logrado la captura de un pr\u00f3fugo ... Seguir leyendo &rarr;\" \/>\n<meta property=\"og:url\" content=\"https:\/\/www.diario21.tv\/noticias\/capturado-en-madrid-fugitivo-de-los-angeles-del-infierno-buscado-por-asesinato-y-trafico-de-drogas\/\" \/>\n<meta property=\"og:site_name\" content=\"Diario 21\" \/>\n<meta property=\"article:published_time\" content=\"2025-03-07T01:30:51+00:00\" \/>\n<meta property=\"article:modified_time\" content=\"2025-03-07T01:30:52+00:00\" \/>\n<meta property=\"og:image\" content=\"https:\/\/www.diario21.tv\/noticias\/wp-content\/uploads\/2025\/03\/\u00a1Capturado-en-Madrid-Fugitivo-de-Los-Angeles-del-Infierno-buscado.jpg\" \/>\n\t<meta property=\"og:image:width\" content=\"1200\" \/>\n\t<meta property=\"og:image:height\" content=\"840\" \/>\n\t<meta property=\"og:image:type\" content=\"image\/jpeg\" \/>\n<meta name=\"author\" content=\"Juan P\u00e9rez\" \/>\n<meta name=\"twitter:card\" content=\"summary_large_image\" \/>\n<meta name=\"twitter:label1\" content=\"Escrito por\" \/>\n\t<meta name=\"twitter:data1\" content=\"Juan P\u00e9rez\" \/>\n\t<meta name=\"twitter:label2\" content=\"Tiempo de lectura\" \/>\n\t<meta name=\"twitter:data2\" content=\"2 minutos\" \/>\n<script type=\"application\/ld+json\" class=\"yoast-schema-graph\">{\"@context\":\"https:\/\/schema.org\",\"@graph\":[{\"@type\":\"WebPage\",\"@id\":\"https:\/\/www.diario21.tv\/noticias\/capturado-en-madrid-fugitivo-de-los-angeles-del-infierno-buscado-por-asesinato-y-trafico-de-drogas\/\",\"url\":\"https:\/\/www.diario21.tv\/noticias\/capturado-en-madrid-fugitivo-de-los-angeles-del-infierno-buscado-por-asesinato-y-trafico-de-drogas\/\",\"name\":\"\u00a1Capturado en Madrid! Fugitivo de Los \u00c1ngeles del Infierno buscado por asesinato y tr\u00e1fico de drogas - Diario 21\",\"isPartOf\":{\"@id\":\"https:\/\/www.diario21.tv\/noticias\/#website\"},\"primaryImageOfPage\":{\"@id\":\"https:\/\/www.diario21.tv\/noticias\/capturado-en-madrid-fugitivo-de-los-angeles-del-infierno-buscado-por-asesinato-y-trafico-de-drogas\/#primaryimage\"},\"image\":{\"@id\":\"https:\/\/www.diario21.tv\/noticias\/capturado-en-madrid-fugitivo-de-los-angeles-del-infierno-buscado-por-asesinato-y-trafico-de-drogas\/#primaryimage\"},\"thumbnailUrl\":\"https:\/\/www.diario21.tv\/noticias\/wp-content\/uploads\/2025\/03\/\u00a1Capturado-en-Madrid-Fugitivo-de-Los-Angeles-del-Infierno-buscado.jpg\",\"datePublished\":\"2025-03-07T01:30:51+00:00\",\"dateModified\":\"2025-03-07T01:30:52+00:00\",\"author\":{\"@id\":\"https:\/\/www.diario21.tv\/noticias\/#\/schema\/person\/dfb778f73814d8f09f302618446a526b\"},\"breadcrumb\":{\"@id\":\"https:\/\/www.diario21.tv\/noticias\/capturado-en-madrid-fugitivo-de-los-angeles-del-infierno-buscado-por-asesinato-y-trafico-de-drogas\/#breadcrumb\"},\"inLanguage\":\"es-AR\",\"potentialAction\":[{\"@type\":\"ReadAction\",\"target\":[\"https:\/\/www.diario21.tv\/noticias\/capturado-en-madrid-fugitivo-de-los-angeles-del-infierno-buscado-por-asesinato-y-trafico-de-drogas\/\"]}]},{\"@type\":\"ImageObject\",\"inLanguage\":\"es-AR\",\"@id\":\"https:\/\/www.diario21.tv\/noticias\/capturado-en-madrid-fugitivo-de-los-angeles-del-infierno-buscado-por-asesinato-y-trafico-de-drogas\/#primaryimage\",\"url\":\"https:\/\/www.diario21.tv\/noticias\/wp-content\/uploads\/2025\/03\/\u00a1Capturado-en-Madrid-Fugitivo-de-Los-Angeles-del-Infierno-buscado.jpg\",\"contentUrl\":\"https:\/\/www.diario21.tv\/noticias\/wp-content\/uploads\/2025\/03\/\u00a1Capturado-en-Madrid-Fugitivo-de-Los-Angeles-del-Infierno-buscado.jpg\",\"width\":1200,\"height\":840,\"caption\":\"Detenido en Madrid un fugitivo de Los \u00c1ngeles del Infierno buscado por asesinato y narcotr\u00e1fico\"},{\"@type\":\"BreadcrumbList\",\"@id\":\"https:\/\/www.diario21.tv\/noticias\/capturado-en-madrid-fugitivo-de-los-angeles-del-infierno-buscado-por-asesinato-y-trafico-de-drogas\/#breadcrumb\",\"itemListElement\":[{\"@type\":\"ListItem\",\"position\":1,\"name\":\"Accueil\",\"item\":\"https:\/\/www.diario21.tv\/noticias\/\"},{\"@type\":\"ListItem\",\"position\":2,\"name\":\"\u00a1Capturado en Madrid! Fugitivo de Los \u00c1ngeles del Infierno buscado por asesinato y tr\u00e1fico de drogas\"}]},{\"@type\":\"WebSite\",\"@id\":\"https:\/\/www.diario21.tv\/noticias\/#website\",\"url\":\"https:\/\/www.diario21.tv\/noticias\/\",\"name\":\"Diario 21\",\"description\":\"\",\"potentialAction\":[{\"@type\":\"SearchAction\",\"target\":{\"@type\":\"EntryPoint\",\"urlTemplate\":\"https:\/\/www.diario21.tv\/noticias\/?s={search_term_string}\"},\"query-input\":{\"@type\":\"PropertyValueSpecification\",\"valueRequired\":true,\"valueName\":\"search_term_string\"}}],\"inLanguage\":\"es-AR\"},{\"@type\":\"Person\",\"@id\":\"https:\/\/www.diario21.tv\/noticias\/#\/schema\/person\/dfb778f73814d8f09f302618446a526b\",\"name\":\"Juan P\u00e9rez\",\"image\":{\"@type\":\"ImageObject\",\"inLanguage\":\"es-AR\",\"@id\":\"https:\/\/www.diario21.tv\/noticias\/#\/schema\/person\/image\/\",\"url\":\"https:\/\/secure.gravatar.com\/avatar\/c478a405bd10621167f4c3167cc770f5?s=96&d=mm&r=g\",\"contentUrl\":\"https:\/\/secure.gravatar.com\/avatar\/c478a405bd10621167f4c3167cc770f5?s=96&d=mm&r=g\",\"caption\":\"Juan P\u00e9rez\"},\"description\":\"Juan P\u00e9rez es el redactor en jefe de Diario 21. Con m\u00e1s de 10 a\u00f1os de experiencia en el periodismo, se especializa en pol\u00edtica nacional y an\u00e1lisis socioecon\u00f3mico. Su enfoque cr\u00edtico y riguroso aporta una perspectiva \u00fanica a cada art\u00edculo.\",\"sameAs\":[\"https:\/\/www.diario21.tv\/noticias\/\"],\"url\":\"https:\/\/www.diario21.tv\/noticias\/author\/juan-perez\/\"}]}<\/script>\n<!-- \/ Yoast SEO plugin. -->","yoast_head_json":{"title":"\u00a1Capturado en Madrid! Fugitivo de Los \u00c1ngeles del Infierno buscado por asesinato y tr\u00e1fico de drogas - Diario 21","robots":{"index":"index","follow":"follow","max-snippet":"max-snippet:-1","max-image-preview":"max-image-preview:large","max-video-preview":"max-video-preview:-1"},"canonical":"https:\/\/www.diario21.tv\/noticias\/capturado-en-madrid-fugitivo-de-los-angeles-del-infierno-buscado-por-asesinato-y-trafico-de-drogas\/","og_locale":"es_ES","og_type":"article","og_title":"\u00a1Capturado en Madrid! Fugitivo de Los \u00c1ngeles del Infierno buscado por asesinato y tr\u00e1fico de drogas - Diario 21","og_description":"Arresto de un miembro de los \u00c1ngeles del Infierno en Madrid En un operativo realizado en Madrid, las autoridades han logrado la captura de un pr\u00f3fugo ... Seguir leyendo &rarr;","og_url":"https:\/\/www.diario21.tv\/noticias\/capturado-en-madrid-fugitivo-de-los-angeles-del-infierno-buscado-por-asesinato-y-trafico-de-drogas\/","og_site_name":"Diario 21","article_published_time":"2025-03-07T01:30:51+00:00","article_modified_time":"2025-03-07T01:30:52+00:00","og_image":[{"width":1200,"height":840,"url":"https:\/\/www.diario21.tv\/noticias\/wp-content\/uploads\/2025\/03\/\u00a1Capturado-en-Madrid-Fugitivo-de-Los-Angeles-del-Infierno-buscado.jpg","type":"image\/jpeg"}],"author":"Juan P\u00e9rez","twitter_card":"summary_large_image","twitter_misc":{"Escrito por":"Juan P\u00e9rez","Tiempo de lectura":"2 minutos"},"schema":{"@context":"https:\/\/schema.org","@graph":[{"@type":"WebPage","@id":"https:\/\/www.diario21.tv\/noticias\/capturado-en-madrid-fugitivo-de-los-angeles-del-infierno-buscado-por-asesinato-y-trafico-de-drogas\/","url":"https:\/\/www.diario21.tv\/noticias\/capturado-en-madrid-fugitivo-de-los-angeles-del-infierno-buscado-por-asesinato-y-trafico-de-drogas\/","name":"\u00a1Capturado en Madrid! Fugitivo de Los \u00c1ngeles del Infierno buscado por asesinato y tr\u00e1fico de drogas - Diario 21","isPartOf":{"@id":"https:\/\/www.diario21.tv\/noticias\/#website"},"primaryImageOfPage":{"@id":"https:\/\/www.diario21.tv\/noticias\/capturado-en-madrid-fugitivo-de-los-angeles-del-infierno-buscado-por-asesinato-y-trafico-de-drogas\/#primaryimage"},"image":{"@id":"https:\/\/www.diario21.tv\/noticias\/capturado-en-madrid-fugitivo-de-los-angeles-del-infierno-buscado-por-asesinato-y-trafico-de-drogas\/#primaryimage"},"thumbnailUrl":"https:\/\/www.diario21.tv\/noticias\/wp-content\/uploads\/2025\/03\/\u00a1Capturado-en-Madrid-Fugitivo-de-Los-Angeles-del-Infierno-buscado.jpg","datePublished":"2025-03-07T01:30:51+00:00","dateModified":"2025-03-07T01:30:52+00:00","author":{"@id":"https:\/\/www.diario21.tv\/noticias\/#\/schema\/person\/dfb778f73814d8f09f302618446a526b"},"breadcrumb":{"@id":"https:\/\/www.diario21.tv\/noticias\/capturado-en-madrid-fugitivo-de-los-angeles-del-infierno-buscado-por-asesinato-y-trafico-de-drogas\/#breadcrumb"},"inLanguage":"es-AR","potentialAction":[{"@type":"ReadAction","target":["https:\/\/www.diario21.tv\/noticias\/capturado-en-madrid-fugitivo-de-los-angeles-del-infierno-buscado-por-asesinato-y-trafico-de-drogas\/"]}]},{"@type":"ImageObject","inLanguage":"es-AR","@id":"https:\/\/www.diario21.tv\/noticias\/capturado-en-madrid-fugitivo-de-los-angeles-del-infierno-buscado-por-asesinato-y-trafico-de-drogas\/#primaryimage","url":"https:\/\/www.diario21.tv\/noticias\/wp-content\/uploads\/2025\/03\/\u00a1Capturado-en-Madrid-Fugitivo-de-Los-Angeles-del-Infierno-buscado.jpg","contentUrl":"https:\/\/www.diario21.tv\/noticias\/wp-content\/uploads\/2025\/03\/\u00a1Capturado-en-Madrid-Fugitivo-de-Los-Angeles-del-Infierno-buscado.jpg","width":1200,"height":840,"caption":"Detenido en Madrid un fugitivo de Los \u00c1ngeles del Infierno buscado por asesinato y narcotr\u00e1fico"},{"@type":"BreadcrumbList","@id":"https:\/\/www.diario21.tv\/noticias\/capturado-en-madrid-fugitivo-de-los-angeles-del-infierno-buscado-por-asesinato-y-trafico-de-drogas\/#breadcrumb","itemListElement":[{"@type":"ListItem","position":1,"name":"Accueil","item":"https:\/\/www.diario21.tv\/noticias\/"},{"@type":"ListItem","position":2,"name":"\u00a1Capturado en Madrid! Fugitivo de Los \u00c1ngeles del Infierno buscado por asesinato y tr\u00e1fico de drogas"}]},{"@type":"WebSite","@id":"https:\/\/www.diario21.tv\/noticias\/#website","url":"https:\/\/www.diario21.tv\/noticias\/","name":"Diario 21","description":"","potentialAction":[{"@type":"SearchAction","target":{"@type":"EntryPoint","urlTemplate":"https:\/\/www.diario21.tv\/noticias\/?s={search_term_string}"},"query-input":{"@type":"PropertyValueSpecification","valueRequired":true,"valueName":"search_term_string"}}],"inLanguage":"es-AR"},{"@type":"Person","@id":"https:\/\/www.diario21.tv\/noticias\/#\/schema\/person\/dfb778f73814d8f09f302618446a526b","name":"Juan P\u00e9rez","image":{"@type":"ImageObject","inLanguage":"es-AR","@id":"https:\/\/www.diario21.tv\/noticias\/#\/schema\/person\/image\/","url":"https:\/\/secure.gravatar.com\/avatar\/c478a405bd10621167f4c3167cc770f5?s=96&d=mm&r=g","contentUrl":"https:\/\/secure.gravatar.com\/avatar\/c478a405bd10621167f4c3167cc770f5?s=96&d=mm&r=g","caption":"Juan P\u00e9rez"},"description":"Juan P\u00e9rez es el redactor en jefe de Diario 21. Con m\u00e1s de 10 a\u00f1os de experiencia en el periodismo, se especializa en pol\u00edtica nacional y an\u00e1lisis socioecon\u00f3mico. Su enfoque cr\u00edtico y riguroso aporta una perspectiva \u00fanica a cada art\u00edculo.","sameAs":["https:\/\/www.diario21.tv\/noticias\/"],"url":"https:\/\/www.diario21.tv\/noticias\/author\/juan-perez\/"}]}},"_links":{"self":[{"href":"https:\/\/www.diario21.tv\/noticias\/wp-json\/wp\/v2\/posts\/2373"}],"collection":[{"href":"https:\/\/www.diario21.tv\/noticias\/wp-json\/wp\/v2\/posts"}],"about":[{"href":"https:\/\/www.diario21.tv\/noticias\/wp-json\/wp\/v2\/types\/post"}],"author":[{"embeddable":true,"href":"https:\/\/www.diario21.tv\/noticias\/wp-json\/wp\/v2\/users\/20"}],"replies":[{"embeddable":true,"href":"https:\/\/www.diario21.tv\/noticias\/wp-json\/wp\/v2\/comments?post=2373"}],"version-history":[{"count":1,"href":"https:\/\/www.diario21.tv\/noticias\/wp-json\/wp\/v2\/posts\/2373\/revisions"}],"predecessor-version":[{"id":2375,"href":"https:\/\/www.diario21.tv\/noticias\/wp-json\/wp\/v2\/posts\/2373\/revisions\/2375"}],"wp:featuredmedia":[{"embeddable":true,"href":"https:\/\/www.diario21.tv\/noticias\/wp-json\/wp\/v2\/media\/2374"}],"wp:attachment":[{"href":"https:\/\/www.diario21.tv\/noticias\/wp-json\/wp\/v2\/media?parent=2373"}],"wp:term":[{"taxonomy":"category","embeddable":true,"href":"https:\/\/www.diario21.tv\/noticias\/wp-json\/wp\/v2\/categories?post=2373"},{"taxonomy":"post_tag","embeddable":true,"href":"https:\/\/www.diario21.tv\/noticias\/wp-json\/wp\/v2\/tags?post=2373"}],"curies":[{"name":"wp","href":"https:\/\/api.w.org\/{rel}","templated":true}]}}