{"id":2358,"date":"2025-03-05T19:02:28","date_gmt":"2025-03-05T19:02:28","guid":{"rendered":"https:\/\/www.diario21.tv\/noticias\/increible-las-mujeres-dedican-7-veces-mas-tiempo-a-la-crianza-que-los-hombres\/"},"modified":"2025-03-05T19:02:30","modified_gmt":"2025-03-05T19:02:30","slug":"increible-las-mujeres-dedican-7-veces-mas-tiempo-a-la-crianza-que-los-hombres","status":"publish","type":"post","link":"https:\/\/www.diario21.tv\/noticias\/increible-las-mujeres-dedican-7-veces-mas-tiempo-a-la-crianza-que-los-hombres\/","title":{"rendered":"\u00a1Incre\u00edble! Las mujeres dedican 7 veces m\u00e1s tiempo a la crianza que los hombres."},"content":{"rendered":"<h2>Las mujeres dedican siete veces m\u00e1s tiempo al cuidado de los hijos que los hombres<\/h2>\n<p>En la sociedad actual, la distribuci\u00f3n de las responsabilidades en el cuidado de los hijos entre hombres y mujeres a\u00fan presenta una notable disparidad. Un estudio reciente ha revelado que las mujeres invierten hasta siete veces m\u00e1s tiempo en la crianza de sus hijos comparado con los hombres. Este desbalance no solo refleja las presiones socioculturales y las expectativas de g\u00e9nero arraigadas, sino que tambi\u00e9n tiene implicaciones significativas en la vida profesional y personal de las mujeres.<\/p>\n<h3>Explorando la brecha de g\u00e9nero en la crianza<\/h3>\n<p>El cuidado de los hijos incluye una variedad de tareas, desde la atenci\u00f3n directa hasta la planificaci\u00f3n y organizaci\u00f3n de sus actividades y necesidades. Tradicionalmente, se ha esperado que las mujeres asuman el rol principal en estos deberes, una norma que persiste a pesar de los avances hacia la igualdad de g\u00e9nero. <\/p>\n<p>El estudio se\u00f1ala que, aunque los hombres est\u00e1n comenzando a involucrarse m\u00e1s en la vida de sus hijos que en generaciones anteriores, la carga principal a\u00fan recae sobre las mujeres. Esta situaci\u00f3n se traduce en menos tiempo disponible para sus carreras, hobbies y descanso personal, lo que puede llevar a un desgaste significativo y a una disminuci\u00f3n en la calidad de vida.<\/p>\n<h3>Impacto en la vida profesional<\/h3>\n<p>La mayor dedicaci\u00f3n al cuidado de los hijos tambi\u00e9n afecta la trayectoria profesional de las mujeres. Con menos tiempo para dedicar a sus carreras, muchas mujeres enfrentan desaf\u00edos para avanzar en sus puestos de trabajo o para buscar nuevas oportunidades. Esta din\u00e1mica contribuye a la brecha salarial de g\u00e9nero y limita la presencia de mujeres en roles de liderazgo y posiciones de alto nivel.<\/p>\n<h3>Consecuencias en el bienestar personal<\/h3>\n<p>El desequilibrio en la carga de la crianza no solo tiene consecuencias profesionales, sino tambi\u00e9n personales. Las mujeres que invierten una cantidad desproporcionada de tiempo en el cuidado de los hijos a menudo experimentan estr\u00e9s, agotamiento y una reducci\u00f3n en su tiempo de ocio. Esto puede afectar su salud mental y f\u00edsica, llevando en algunos casos a situaciones de ansiedad y depresi\u00f3n.<\/p>\n<h3>Buscando soluciones<\/h3>\n<p>Es fundamental abordar esta desigualdad no solo desde la perspectiva individual, sino tambi\u00e9n a nivel social y pol\u00edtico. Promover pol\u00edticas que fomenten una distribuci\u00f3n m\u00e1s equitativa de las responsabilidades dom\u00e9sticas y de crianza, como licencias parentales remuneradas para ambos padres, puede ser un paso crucial hacia la igualdad de g\u00e9nero. Asimismo, es importante continuar trabajando en la concientizaci\u00f3n y cambio de las normativas culturales que perpet\u00faan estas desigualdades.<\/p>\n<p>Al final, equilibrar la carga de la crianza de los hijos entre hombres y mujeres no solo beneficiar\u00e1 a las mujeres, sino que tambi\u00e9n enriquecer\u00e1 la vida de los hombres, permiti\u00e9ndoles una participaci\u00f3n m\u00e1s activa y emocional en la vida de sus hijos. Adem\u00e1s, contribuir\u00e1 a una sociedad m\u00e1s equitativa y justa donde las oportunidades y responsabilidades se compartan de manera m\u00e1s equitativa entre todos los g\u00e9neros.<\/p>\n\n\n<div class=\"kk-star-ratings kksr-auto kksr-align-left kksr-valign-bottom\"\n    data-payload='{&quot;align&quot;:&quot;left&quot;,&quot;id&quot;:&quot;2358&quot;,&quot;slug&quot;:&quot;default&quot;,&quot;valign&quot;:&quot;bottom&quot;,&quot;ignore&quot;:&quot;&quot;,&quot;reference&quot;:&quot;auto&quot;,&quot;class&quot;:&quot;&quot;,&quot;count&quot;:&quot;0&quot;,&quot;legendonly&quot;:&quot;&quot;,&quot;readonly&quot;:&quot;&quot;,&quot;score&quot;:&quot;0&quot;,&quot;starsonly&quot;:&quot;&quot;,&quot;best&quot;:&quot;5&quot;,&quot;gap&quot;:&quot;5&quot;,&quot;greet&quot;:&quot;Valora este post&quot;,&quot;legend&quot;:&quot;0\\\/5 - (0 votes)&quot;,&quot;size&quot;:&quot;22&quot;,&quot;title&quot;:&quot;\u00a1Incre\u00edble! Las mujeres dedican 7 veces m\u00e1s tiempo a la crianza que los hombres.&quot;,&quot;width&quot;:&quot;0&quot;,&quot;_legend&quot;:&quot;{score}\\\/{best} - ({count} {votes})&quot;,&quot;font_factor&quot;:&quot;1.25&quot;}'>\n            \n<div class=\"kksr-stars\">\n    \n<div class=\"kksr-stars-inactive\">\n            <div class=\"kksr-star\" data-star=\"1\" style=\"padding-right: 5px\">\n            \n\n<div class=\"kksr-icon\" style=\"width: 22px; height: 22px;\"><\/div>\n        <\/div>\n            <div class=\"kksr-star\" data-star=\"2\" style=\"padding-right: 5px\">\n            \n\n<div class=\"kksr-icon\" style=\"width: 22px; height: 22px;\"><\/div>\n        <\/div>\n            <div class=\"kksr-star\" data-star=\"3\" style=\"padding-right: 5px\">\n            \n\n<div class=\"kksr-icon\" style=\"width: 22px; height: 22px;\"><\/div>\n        <\/div>\n            <div class=\"kksr-star\" data-star=\"4\" style=\"padding-right: 5px\">\n            \n\n<div class=\"kksr-icon\" style=\"width: 22px; height: 22px;\"><\/div>\n        <\/div>\n            <div class=\"kksr-star\" data-star=\"5\" style=\"padding-right: 5px\">\n            \n\n<div class=\"kksr-icon\" style=\"width: 22px; height: 22px;\"><\/div>\n        <\/div>\n    <\/div>\n    \n<div class=\"kksr-stars-active\" style=\"width: 0px;\">\n            <div class=\"kksr-star\" style=\"padding-right: 5px\">\n            \n\n<div class=\"kksr-icon\" style=\"width: 22px; height: 22px;\"><\/div>\n        <\/div>\n            <div class=\"kksr-star\" style=\"padding-right: 5px\">\n            \n\n<div class=\"kksr-icon\" style=\"width: 22px; height: 22px;\"><\/div>\n        <\/div>\n            <div class=\"kksr-star\" style=\"padding-right: 5px\">\n            \n\n<div class=\"kksr-icon\" style=\"width: 22px; height: 22px;\"><\/div>\n        <\/div>\n            <div class=\"kksr-star\" style=\"padding-right: 5px\">\n            \n\n<div class=\"kksr-icon\" style=\"width: 22px; height: 22px;\"><\/div>\n        <\/div>\n            <div class=\"kksr-star\" style=\"padding-right: 5px\">\n            \n\n<div class=\"kksr-icon\" style=\"width: 22px; height: 22px;\"><\/div>\n        <\/div>\n    <\/div>\n<\/div>\n                \n\n<div class=\"kksr-legend\" style=\"font-size: 17.6px;\">\n            <span class=\"kksr-muted\">Valora este post<\/span>\n    <\/div>\n    <\/div>\n","protected":false},"excerpt":{"rendered":"<p>Las mujeres dedican siete veces m\u00e1s tiempo al cuidado de los hijos que los hombres En la sociedad actual, la distribuci\u00f3n de las responsabilidades en el &#8230; <a title=\"\u00a1Incre\u00edble! Las mujeres dedican 7 veces m\u00e1s tiempo a la crianza que los hombres.\" class=\"read-more\" href=\"https:\/\/www.diario21.tv\/noticias\/increible-las-mujeres-dedican-7-veces-mas-tiempo-a-la-crianza-que-los-hombres\/\" aria-label=\"Leer m\u00e1s sobre \u00a1Incre\u00edble! Las mujeres dedican 7 veces m\u00e1s tiempo a la crianza que los hombres.\">Seguir leyendo &rarr;<\/a><\/p>\n","protected":false},"author":20,"featured_media":2359,"comment_status":"open","ping_status":"open","sticky":false,"template":"","format":"standard","meta":{"footnotes":""},"categories":[13],"tags":[],"class_list":["post-2358","post","type-post","status-publish","format-standard","has-post-thumbnail","hentry","category-portada"],"yoast_head":"<!-- This site is optimized with the Yoast SEO plugin v25.6 - https:\/\/yoast.com\/wordpress\/plugins\/seo\/ -->\n<title>\u00a1Incre\u00edble! Las mujeres dedican 7 veces m\u00e1s tiempo a la crianza que los hombres. - Diario 21<\/title>\n<meta name=\"robots\" content=\"index, follow, max-snippet:-1, max-image-preview:large, max-video-preview:-1\" \/>\n<link rel=\"canonical\" href=\"https:\/\/www.diario21.tv\/noticias\/increible-las-mujeres-dedican-7-veces-mas-tiempo-a-la-crianza-que-los-hombres\/\" \/>\n<meta property=\"og:locale\" content=\"es_ES\" \/>\n<meta property=\"og:type\" content=\"article\" \/>\n<meta property=\"og:title\" content=\"\u00a1Incre\u00edble! Las mujeres dedican 7 veces m\u00e1s tiempo a la crianza que los hombres. - Diario 21\" \/>\n<meta property=\"og:description\" content=\"Las mujeres dedican siete veces m\u00e1s tiempo al cuidado de los hijos que los hombres En la sociedad actual, la distribuci\u00f3n de las responsabilidades en el ... Seguir leyendo &rarr;\" \/>\n<meta property=\"og:url\" content=\"https:\/\/www.diario21.tv\/noticias\/increible-las-mujeres-dedican-7-veces-mas-tiempo-a-la-crianza-que-los-hombres\/\" \/>\n<meta property=\"og:site_name\" content=\"Diario 21\" \/>\n<meta property=\"article:published_time\" content=\"2025-03-05T19:02:28+00:00\" \/>\n<meta property=\"article:modified_time\" content=\"2025-03-05T19:02:30+00:00\" \/>\n<meta property=\"og:image\" content=\"https:\/\/www.diario21.tv\/noticias\/wp-content\/uploads\/2025\/03\/\u00a1Increible-Las-mujeres-dedican-7-veces-mas-tiempo-a-la.JPG\" \/>\n\t<meta property=\"og:image:width\" content=\"1920\" \/>\n\t<meta property=\"og:image:height\" content=\"1080\" \/>\n\t<meta property=\"og:image:type\" content=\"image\/jpeg\" \/>\n<meta name=\"author\" content=\"Juan P\u00e9rez\" \/>\n<meta name=\"twitter:card\" content=\"summary_large_image\" \/>\n<meta name=\"twitter:label1\" content=\"Escrito por\" \/>\n\t<meta name=\"twitter:data1\" content=\"Juan P\u00e9rez\" \/>\n\t<meta name=\"twitter:label2\" content=\"Tiempo de lectura\" \/>\n\t<meta name=\"twitter:data2\" content=\"3 minutos\" \/>\n<script type=\"application\/ld+json\" class=\"yoast-schema-graph\">{\"@context\":\"https:\/\/schema.org\",\"@graph\":[{\"@type\":\"WebPage\",\"@id\":\"https:\/\/www.diario21.tv\/noticias\/increible-las-mujeres-dedican-7-veces-mas-tiempo-a-la-crianza-que-los-hombres\/\",\"url\":\"https:\/\/www.diario21.tv\/noticias\/increible-las-mujeres-dedican-7-veces-mas-tiempo-a-la-crianza-que-los-hombres\/\",\"name\":\"\u00a1Incre\u00edble! Las mujeres dedican 7 veces m\u00e1s tiempo a la crianza que los hombres. - Diario 21\",\"isPartOf\":{\"@id\":\"https:\/\/www.diario21.tv\/noticias\/#website\"},\"primaryImageOfPage\":{\"@id\":\"https:\/\/www.diario21.tv\/noticias\/increible-las-mujeres-dedican-7-veces-mas-tiempo-a-la-crianza-que-los-hombres\/#primaryimage\"},\"image\":{\"@id\":\"https:\/\/www.diario21.tv\/noticias\/increible-las-mujeres-dedican-7-veces-mas-tiempo-a-la-crianza-que-los-hombres\/#primaryimage\"},\"thumbnailUrl\":\"https:\/\/www.diario21.tv\/noticias\/wp-content\/uploads\/2025\/03\/\u00a1Increible-Las-mujeres-dedican-7-veces-mas-tiempo-a-la.JPG\",\"datePublished\":\"2025-03-05T19:02:28+00:00\",\"dateModified\":\"2025-03-05T19:02:30+00:00\",\"author\":{\"@id\":\"https:\/\/www.diario21.tv\/noticias\/#\/schema\/person\/dfb778f73814d8f09f302618446a526b\"},\"breadcrumb\":{\"@id\":\"https:\/\/www.diario21.tv\/noticias\/increible-las-mujeres-dedican-7-veces-mas-tiempo-a-la-crianza-que-los-hombres\/#breadcrumb\"},\"inLanguage\":\"es-AR\",\"potentialAction\":[{\"@type\":\"ReadAction\",\"target\":[\"https:\/\/www.diario21.tv\/noticias\/increible-las-mujeres-dedican-7-veces-mas-tiempo-a-la-crianza-que-los-hombres\/\"]}]},{\"@type\":\"ImageObject\",\"inLanguage\":\"es-AR\",\"@id\":\"https:\/\/www.diario21.tv\/noticias\/increible-las-mujeres-dedican-7-veces-mas-tiempo-a-la-crianza-que-los-hombres\/#primaryimage\",\"url\":\"https:\/\/www.diario21.tv\/noticias\/wp-content\/uploads\/2025\/03\/\u00a1Increible-Las-mujeres-dedican-7-veces-mas-tiempo-a-la.JPG\",\"contentUrl\":\"https:\/\/www.diario21.tv\/noticias\/wp-content\/uploads\/2025\/03\/\u00a1Increible-Las-mujeres-dedican-7-veces-mas-tiempo-a-la.JPG\",\"width\":1920,\"height\":1080,\"caption\":\"Las mujeres se ocupan siete veces m\u00e1s de la crianza de los hijos que los hombres\"},{\"@type\":\"BreadcrumbList\",\"@id\":\"https:\/\/www.diario21.tv\/noticias\/increible-las-mujeres-dedican-7-veces-mas-tiempo-a-la-crianza-que-los-hombres\/#breadcrumb\",\"itemListElement\":[{\"@type\":\"ListItem\",\"position\":1,\"name\":\"Accueil\",\"item\":\"https:\/\/www.diario21.tv\/noticias\/\"},{\"@type\":\"ListItem\",\"position\":2,\"name\":\"\u00a1Incre\u00edble! Las mujeres dedican 7 veces m\u00e1s tiempo a la crianza que los hombres.\"}]},{\"@type\":\"WebSite\",\"@id\":\"https:\/\/www.diario21.tv\/noticias\/#website\",\"url\":\"https:\/\/www.diario21.tv\/noticias\/\",\"name\":\"Diario 21\",\"description\":\"\",\"potentialAction\":[{\"@type\":\"SearchAction\",\"target\":{\"@type\":\"EntryPoint\",\"urlTemplate\":\"https:\/\/www.diario21.tv\/noticias\/?s={search_term_string}\"},\"query-input\":{\"@type\":\"PropertyValueSpecification\",\"valueRequired\":true,\"valueName\":\"search_term_string\"}}],\"inLanguage\":\"es-AR\"},{\"@type\":\"Person\",\"@id\":\"https:\/\/www.diario21.tv\/noticias\/#\/schema\/person\/dfb778f73814d8f09f302618446a526b\",\"name\":\"Juan P\u00e9rez\",\"image\":{\"@type\":\"ImageObject\",\"inLanguage\":\"es-AR\",\"@id\":\"https:\/\/www.diario21.tv\/noticias\/#\/schema\/person\/image\/\",\"url\":\"https:\/\/secure.gravatar.com\/avatar\/c478a405bd10621167f4c3167cc770f5?s=96&d=mm&r=g\",\"contentUrl\":\"https:\/\/secure.gravatar.com\/avatar\/c478a405bd10621167f4c3167cc770f5?s=96&d=mm&r=g\",\"caption\":\"Juan P\u00e9rez\"},\"description\":\"Juan P\u00e9rez es el redactor en jefe de Diario 21. Con m\u00e1s de 10 a\u00f1os de experiencia en el periodismo, se especializa en pol\u00edtica nacional y an\u00e1lisis socioecon\u00f3mico. Su enfoque cr\u00edtico y riguroso aporta una perspectiva \u00fanica a cada art\u00edculo.\",\"sameAs\":[\"https:\/\/www.diario21.tv\/noticias\/\"],\"url\":\"https:\/\/www.diario21.tv\/noticias\/author\/juan-perez\/\"}]}<\/script>\n<!-- \/ Yoast SEO plugin. -->","yoast_head_json":{"title":"\u00a1Incre\u00edble! Las mujeres dedican 7 veces m\u00e1s tiempo a la crianza que los hombres. - Diario 21","robots":{"index":"index","follow":"follow","max-snippet":"max-snippet:-1","max-image-preview":"max-image-preview:large","max-video-preview":"max-video-preview:-1"},"canonical":"https:\/\/www.diario21.tv\/noticias\/increible-las-mujeres-dedican-7-veces-mas-tiempo-a-la-crianza-que-los-hombres\/","og_locale":"es_ES","og_type":"article","og_title":"\u00a1Incre\u00edble! Las mujeres dedican 7 veces m\u00e1s tiempo a la crianza que los hombres. - Diario 21","og_description":"Las mujeres dedican siete veces m\u00e1s tiempo al cuidado de los hijos que los hombres En la sociedad actual, la distribuci\u00f3n de las responsabilidades en el ... Seguir leyendo &rarr;","og_url":"https:\/\/www.diario21.tv\/noticias\/increible-las-mujeres-dedican-7-veces-mas-tiempo-a-la-crianza-que-los-hombres\/","og_site_name":"Diario 21","article_published_time":"2025-03-05T19:02:28+00:00","article_modified_time":"2025-03-05T19:02:30+00:00","og_image":[{"width":1920,"height":1080,"url":"https:\/\/www.diario21.tv\/noticias\/wp-content\/uploads\/2025\/03\/\u00a1Increible-Las-mujeres-dedican-7-veces-mas-tiempo-a-la.JPG","type":"image\/jpeg"}],"author":"Juan P\u00e9rez","twitter_card":"summary_large_image","twitter_misc":{"Escrito por":"Juan P\u00e9rez","Tiempo de lectura":"3 minutos"},"schema":{"@context":"https:\/\/schema.org","@graph":[{"@type":"WebPage","@id":"https:\/\/www.diario21.tv\/noticias\/increible-las-mujeres-dedican-7-veces-mas-tiempo-a-la-crianza-que-los-hombres\/","url":"https:\/\/www.diario21.tv\/noticias\/increible-las-mujeres-dedican-7-veces-mas-tiempo-a-la-crianza-que-los-hombres\/","name":"\u00a1Incre\u00edble! Las mujeres dedican 7 veces m\u00e1s tiempo a la crianza que los hombres. - Diario 21","isPartOf":{"@id":"https:\/\/www.diario21.tv\/noticias\/#website"},"primaryImageOfPage":{"@id":"https:\/\/www.diario21.tv\/noticias\/increible-las-mujeres-dedican-7-veces-mas-tiempo-a-la-crianza-que-los-hombres\/#primaryimage"},"image":{"@id":"https:\/\/www.diario21.tv\/noticias\/increible-las-mujeres-dedican-7-veces-mas-tiempo-a-la-crianza-que-los-hombres\/#primaryimage"},"thumbnailUrl":"https:\/\/www.diario21.tv\/noticias\/wp-content\/uploads\/2025\/03\/\u00a1Increible-Las-mujeres-dedican-7-veces-mas-tiempo-a-la.JPG","datePublished":"2025-03-05T19:02:28+00:00","dateModified":"2025-03-05T19:02:30+00:00","author":{"@id":"https:\/\/www.diario21.tv\/noticias\/#\/schema\/person\/dfb778f73814d8f09f302618446a526b"},"breadcrumb":{"@id":"https:\/\/www.diario21.tv\/noticias\/increible-las-mujeres-dedican-7-veces-mas-tiempo-a-la-crianza-que-los-hombres\/#breadcrumb"},"inLanguage":"es-AR","potentialAction":[{"@type":"ReadAction","target":["https:\/\/www.diario21.tv\/noticias\/increible-las-mujeres-dedican-7-veces-mas-tiempo-a-la-crianza-que-los-hombres\/"]}]},{"@type":"ImageObject","inLanguage":"es-AR","@id":"https:\/\/www.diario21.tv\/noticias\/increible-las-mujeres-dedican-7-veces-mas-tiempo-a-la-crianza-que-los-hombres\/#primaryimage","url":"https:\/\/www.diario21.tv\/noticias\/wp-content\/uploads\/2025\/03\/\u00a1Increible-Las-mujeres-dedican-7-veces-mas-tiempo-a-la.JPG","contentUrl":"https:\/\/www.diario21.tv\/noticias\/wp-content\/uploads\/2025\/03\/\u00a1Increible-Las-mujeres-dedican-7-veces-mas-tiempo-a-la.JPG","width":1920,"height":1080,"caption":"Las mujeres se ocupan siete veces m\u00e1s de la crianza de los hijos que los hombres"},{"@type":"BreadcrumbList","@id":"https:\/\/www.diario21.tv\/noticias\/increible-las-mujeres-dedican-7-veces-mas-tiempo-a-la-crianza-que-los-hombres\/#breadcrumb","itemListElement":[{"@type":"ListItem","position":1,"name":"Accueil","item":"https:\/\/www.diario21.tv\/noticias\/"},{"@type":"ListItem","position":2,"name":"\u00a1Incre\u00edble! Las mujeres dedican 7 veces m\u00e1s tiempo a la crianza que los hombres."}]},{"@type":"WebSite","@id":"https:\/\/www.diario21.tv\/noticias\/#website","url":"https:\/\/www.diario21.tv\/noticias\/","name":"Diario 21","description":"","potentialAction":[{"@type":"SearchAction","target":{"@type":"EntryPoint","urlTemplate":"https:\/\/www.diario21.tv\/noticias\/?s={search_term_string}"},"query-input":{"@type":"PropertyValueSpecification","valueRequired":true,"valueName":"search_term_string"}}],"inLanguage":"es-AR"},{"@type":"Person","@id":"https:\/\/www.diario21.tv\/noticias\/#\/schema\/person\/dfb778f73814d8f09f302618446a526b","name":"Juan P\u00e9rez","image":{"@type":"ImageObject","inLanguage":"es-AR","@id":"https:\/\/www.diario21.tv\/noticias\/#\/schema\/person\/image\/","url":"https:\/\/secure.gravatar.com\/avatar\/c478a405bd10621167f4c3167cc770f5?s=96&d=mm&r=g","contentUrl":"https:\/\/secure.gravatar.com\/avatar\/c478a405bd10621167f4c3167cc770f5?s=96&d=mm&r=g","caption":"Juan P\u00e9rez"},"description":"Juan P\u00e9rez es el redactor en jefe de Diario 21. Con m\u00e1s de 10 a\u00f1os de experiencia en el periodismo, se especializa en pol\u00edtica nacional y an\u00e1lisis socioecon\u00f3mico. Su enfoque cr\u00edtico y riguroso aporta una perspectiva \u00fanica a cada art\u00edculo.","sameAs":["https:\/\/www.diario21.tv\/noticias\/"],"url":"https:\/\/www.diario21.tv\/noticias\/author\/juan-perez\/"}]}},"_links":{"self":[{"href":"https:\/\/www.diario21.tv\/noticias\/wp-json\/wp\/v2\/posts\/2358"}],"collection":[{"href":"https:\/\/www.diario21.tv\/noticias\/wp-json\/wp\/v2\/posts"}],"about":[{"href":"https:\/\/www.diario21.tv\/noticias\/wp-json\/wp\/v2\/types\/post"}],"author":[{"embeddable":true,"href":"https:\/\/www.diario21.tv\/noticias\/wp-json\/wp\/v2\/users\/20"}],"replies":[{"embeddable":true,"href":"https:\/\/www.diario21.tv\/noticias\/wp-json\/wp\/v2\/comments?post=2358"}],"version-history":[{"count":1,"href":"https:\/\/www.diario21.tv\/noticias\/wp-json\/wp\/v2\/posts\/2358\/revisions"}],"predecessor-version":[{"id":2360,"href":"https:\/\/www.diario21.tv\/noticias\/wp-json\/wp\/v2\/posts\/2358\/revisions\/2360"}],"wp:featuredmedia":[{"embeddable":true,"href":"https:\/\/www.diario21.tv\/noticias\/wp-json\/wp\/v2\/media\/2359"}],"wp:attachment":[{"href":"https:\/\/www.diario21.tv\/noticias\/wp-json\/wp\/v2\/media?parent=2358"}],"wp:term":[{"taxonomy":"category","embeddable":true,"href":"https:\/\/www.diario21.tv\/noticias\/wp-json\/wp\/v2\/categories?post=2358"},{"taxonomy":"post_tag","embeddable":true,"href":"https:\/\/www.diario21.tv\/noticias\/wp-json\/wp\/v2\/tags?post=2358"}],"curies":[{"name":"wp","href":"https:\/\/api.w.org\/{rel}","templated":true}]}}