{"id":234,"date":"2024-08-30T05:37:49","date_gmt":"2024-08-30T05:37:49","guid":{"rendered":"https:\/\/www.diario21.tv\/noticias\/atencion-la-policia-y-el-gobierno-advierten-no-envies-fotos-de-tu-dni-podria-ser-peligroso\/"},"modified":"2024-08-30T05:37:52","modified_gmt":"2024-08-30T05:37:52","slug":"atencion-la-policia-y-el-gobierno-advierten-no-envies-fotos-de-tu-dni-podria-ser-peligroso","status":"publish","type":"post","link":"https:\/\/www.diario21.tv\/noticias\/atencion-la-policia-y-el-gobierno-advierten-no-envies-fotos-de-tu-dni-podria-ser-peligroso\/","title":{"rendered":"\u00a1Atenci\u00f3n! La Polic\u00eda y el Gobierno advierten: \u00a1No env\u00edes fotos de tu DNI! \u00a1Podr\u00eda ser peligroso!"},"content":{"rendered":"<h2>Advertencia del Gobierno y la Polic\u00eda: precauci\u00f3n al compartir im\u00e1genes de tu identificaci\u00f3n<\/h2>\n<p>El Gobierno y las autoridades policiales han emitido una advertencia a la poblaci\u00f3n: se debe tener cuidado con el env\u00edo de fotograf\u00edas de la identificaci\u00f3n personal. La alerta surge debido a la creciente incidencia de fraudes y delitos cibern\u00e9ticos relacionados con el robo de identidad.<\/p>\n<h3>Los riesgos de compartir tu DNI<\/h3>\n<p>Compartir im\u00e1genes de tu Documento Nacional de Identidad (DNI) puede parecer inofensivo, pero en realidad puede tener graves consecuencias. Los estafadores y criminales cibern\u00e9ticos pueden utilizar esta informaci\u00f3n para cometer una variedad de delitos, desde el fraude de identidad hasta la creaci\u00f3n de cuentas bancarias falsas en tu nombre.<\/p>\n<p>Los delincuentes pueden utilizar la informaci\u00f3n contenida en tu DNI, como tu nombre, fecha de nacimiento y direcci\u00f3n, para realizar una serie de actividades ilegales. Adem\u00e1s, si se comparte en l\u00ednea, esta informaci\u00f3n puede ser accesible para cualquier persona con acceso a internet, aumentando el riesgo de robo de identidad.<\/p>\n<h3>Consejos para proteger tu identidad<\/h3>\n<p>Para protegerse contra el robo de identidad y otros delitos cibern\u00e9ticos, el Gobierno y la Polic\u00eda aconsejan no compartir im\u00e1genes de tu DNI a menos que sea absolutamente necesario. Incluso en ese caso, se debe tomar precauciones para garantizar que la informaci\u00f3n se comparte de manera segura.<\/p>\n<p>Adem\u00e1s, se recomienda utilizar contrase\u00f1as fuertes y \u00fanicas para todas tus cuentas en l\u00ednea y asegurarte de que tu software antivirus est\u00e9 actualizado. Tambi\u00e9n es importante ser consciente de los intentos de phishing y otras t\u00e1cticas que los estafadores pueden utilizar para obtener tu informaci\u00f3n personal.<\/p>\n<h3>La importancia de la precauci\u00f3n<\/h3>\n<p>La advertencia del Gobierno y la Polic\u00eda subraya la importancia de ser cauteloso al compartir informaci\u00f3n personal en l\u00ednea. A medida que la tecnolog\u00eda contin\u00faa avanzando, tambi\u00e9n lo hacen las t\u00e1cticas de los delincuentes cibern\u00e9ticos. Por lo tanto, es esencial estar siempre alerta y proteger tu informaci\u00f3n personal para evitar convertirse en v\u00edctima de un delito cibern\u00e9tico.<\/p>\n\n\n<div class=\"kk-star-ratings kksr-auto kksr-align-left kksr-valign-bottom\"\n    data-payload='{&quot;align&quot;:&quot;left&quot;,&quot;id&quot;:&quot;234&quot;,&quot;slug&quot;:&quot;default&quot;,&quot;valign&quot;:&quot;bottom&quot;,&quot;ignore&quot;:&quot;&quot;,&quot;reference&quot;:&quot;auto&quot;,&quot;class&quot;:&quot;&quot;,&quot;count&quot;:&quot;0&quot;,&quot;legendonly&quot;:&quot;&quot;,&quot;readonly&quot;:&quot;&quot;,&quot;score&quot;:&quot;0&quot;,&quot;starsonly&quot;:&quot;&quot;,&quot;best&quot;:&quot;5&quot;,&quot;gap&quot;:&quot;5&quot;,&quot;greet&quot;:&quot;Valora este post&quot;,&quot;legend&quot;:&quot;0\\\/5 - (0 votes)&quot;,&quot;size&quot;:&quot;22&quot;,&quot;title&quot;:&quot;\u00a1Atenci\u00f3n! La Polic\u00eda y el Gobierno advierten: \u00a1No env\u00edes fotos de tu DNI! \u00a1Podr\u00eda ser peligroso!&quot;,&quot;width&quot;:&quot;0&quot;,&quot;_legend&quot;:&quot;{score}\\\/{best} - ({count} {votes})&quot;,&quot;font_factor&quot;:&quot;1.25&quot;}'>\n            \n<div class=\"kksr-stars\">\n    \n<div class=\"kksr-stars-inactive\">\n            <div class=\"kksr-star\" data-star=\"1\" style=\"padding-right: 5px\">\n            \n\n<div class=\"kksr-icon\" style=\"width: 22px; height: 22px;\"><\/div>\n        <\/div>\n            <div class=\"kksr-star\" data-star=\"2\" style=\"padding-right: 5px\">\n            \n\n<div class=\"kksr-icon\" style=\"width: 22px; height: 22px;\"><\/div>\n        <\/div>\n            <div class=\"kksr-star\" data-star=\"3\" style=\"padding-right: 5px\">\n            \n\n<div class=\"kksr-icon\" style=\"width: 22px; height: 22px;\"><\/div>\n        <\/div>\n            <div class=\"kksr-star\" data-star=\"4\" style=\"padding-right: 5px\">\n            \n\n<div class=\"kksr-icon\" style=\"width: 22px; height: 22px;\"><\/div>\n        <\/div>\n            <div class=\"kksr-star\" data-star=\"5\" style=\"padding-right: 5px\">\n            \n\n<div class=\"kksr-icon\" style=\"width: 22px; height: 22px;\"><\/div>\n        <\/div>\n    <\/div>\n    \n<div class=\"kksr-stars-active\" style=\"width: 0px;\">\n            <div class=\"kksr-star\" style=\"padding-right: 5px\">\n            \n\n<div class=\"kksr-icon\" style=\"width: 22px; height: 22px;\"><\/div>\n        <\/div>\n            <div class=\"kksr-star\" style=\"padding-right: 5px\">\n            \n\n<div class=\"kksr-icon\" style=\"width: 22px; height: 22px;\"><\/div>\n        <\/div>\n            <div class=\"kksr-star\" style=\"padding-right: 5px\">\n            \n\n<div class=\"kksr-icon\" style=\"width: 22px; height: 22px;\"><\/div>\n        <\/div>\n            <div class=\"kksr-star\" style=\"padding-right: 5px\">\n            \n\n<div class=\"kksr-icon\" style=\"width: 22px; height: 22px;\"><\/div>\n        <\/div>\n            <div class=\"kksr-star\" style=\"padding-right: 5px\">\n            \n\n<div class=\"kksr-icon\" style=\"width: 22px; height: 22px;\"><\/div>\n        <\/div>\n    <\/div>\n<\/div>\n                \n\n<div class=\"kksr-legend\" style=\"font-size: 17.6px;\">\n            <span class=\"kksr-muted\">Valora este post<\/span>\n    <\/div>\n    <\/div>\n","protected":false},"excerpt":{"rendered":"<p>Advertencia del Gobierno y la Polic\u00eda: precauci\u00f3n al compartir im\u00e1genes de tu identificaci\u00f3n El Gobierno y las autoridades policiales han emitido una advertencia a la poblaci\u00f3n: &#8230; <a title=\"\u00a1Atenci\u00f3n! La Polic\u00eda y el Gobierno advierten: \u00a1No env\u00edes fotos de tu DNI! \u00a1Podr\u00eda ser peligroso!\" class=\"read-more\" href=\"https:\/\/www.diario21.tv\/noticias\/atencion-la-policia-y-el-gobierno-advierten-no-envies-fotos-de-tu-dni-podria-ser-peligroso\/\" aria-label=\"Leer m\u00e1s sobre \u00a1Atenci\u00f3n! La Polic\u00eda y el Gobierno advierten: \u00a1No env\u00edes fotos de tu DNI! \u00a1Podr\u00eda ser peligroso!\">Seguir leyendo &rarr;<\/a><\/p>\n","protected":false},"author":16,"featured_media":235,"comment_status":"open","ping_status":"open","sticky":false,"template":"","format":"standard","meta":{"footnotes":""},"categories":[12],"tags":[],"class_list":["post-234","post","type-post","status-publish","format-standard","has-post-thumbnail","hentry","category-tendencia"],"yoast_head":"<!-- This site is optimized with the Yoast SEO plugin v25.6 - https:\/\/yoast.com\/wordpress\/plugins\/seo\/ -->\n<title>\u00a1Atenci\u00f3n! La Polic\u00eda y el Gobierno advierten: \u00a1No env\u00edes fotos de tu DNI! \u00a1Podr\u00eda ser peligroso! - Diario 21<\/title>\n<meta name=\"robots\" content=\"index, follow, max-snippet:-1, max-image-preview:large, max-video-preview:-1\" \/>\n<link rel=\"canonical\" href=\"https:\/\/www.diario21.tv\/noticias\/atencion-la-policia-y-el-gobierno-advierten-no-envies-fotos-de-tu-dni-podria-ser-peligroso\/\" \/>\n<meta property=\"og:locale\" content=\"es_ES\" \/>\n<meta property=\"og:type\" content=\"article\" \/>\n<meta property=\"og:title\" content=\"\u00a1Atenci\u00f3n! La Polic\u00eda y el Gobierno advierten: \u00a1No env\u00edes fotos de tu DNI! \u00a1Podr\u00eda ser peligroso! - Diario 21\" \/>\n<meta property=\"og:description\" content=\"Advertencia del Gobierno y la Polic\u00eda: precauci\u00f3n al compartir im\u00e1genes de tu identificaci\u00f3n El Gobierno y las autoridades policiales han emitido una advertencia a la poblaci\u00f3n: ... Seguir leyendo &rarr;\" \/>\n<meta property=\"og:url\" content=\"https:\/\/www.diario21.tv\/noticias\/atencion-la-policia-y-el-gobierno-advierten-no-envies-fotos-de-tu-dni-podria-ser-peligroso\/\" \/>\n<meta property=\"og:site_name\" content=\"Diario 21\" \/>\n<meta property=\"article:published_time\" content=\"2024-08-30T05:37:49+00:00\" \/>\n<meta property=\"article:modified_time\" content=\"2024-08-30T05:37:52+00:00\" \/>\n<meta property=\"og:image\" content=\"https:\/\/www.diario21.tv\/noticias\/wp-content\/uploads\/2024\/08\/\u00a1Atencion-La-Policia-y-el-Gobierno-advierten-\u00a1No-envies-fotos.jpg\" \/>\n\t<meta property=\"og:image:width\" content=\"1920\" \/>\n\t<meta property=\"og:image:height\" content=\"1080\" \/>\n\t<meta property=\"og:image:type\" content=\"image\/jpeg\" \/>\n<meta name=\"author\" content=\"Diario 21\" \/>\n<meta name=\"twitter:card\" content=\"summary_large_image\" \/>\n<meta name=\"twitter:label1\" content=\"Escrito por\" \/>\n\t<meta name=\"twitter:data1\" content=\"Diario 21\" \/>\n\t<meta name=\"twitter:label2\" content=\"Tiempo de lectura\" \/>\n\t<meta name=\"twitter:data2\" content=\"2 minutos\" \/>\n<script type=\"application\/ld+json\" class=\"yoast-schema-graph\">{\"@context\":\"https:\/\/schema.org\",\"@graph\":[{\"@type\":\"WebPage\",\"@id\":\"https:\/\/www.diario21.tv\/noticias\/atencion-la-policia-y-el-gobierno-advierten-no-envies-fotos-de-tu-dni-podria-ser-peligroso\/\",\"url\":\"https:\/\/www.diario21.tv\/noticias\/atencion-la-policia-y-el-gobierno-advierten-no-envies-fotos-de-tu-dni-podria-ser-peligroso\/\",\"name\":\"\u00a1Atenci\u00f3n! La Polic\u00eda y el Gobierno advierten: \u00a1No env\u00edes fotos de tu DNI! \u00a1Podr\u00eda ser peligroso! - Diario 21\",\"isPartOf\":{\"@id\":\"https:\/\/www.diario21.tv\/noticias\/#website\"},\"primaryImageOfPage\":{\"@id\":\"https:\/\/www.diario21.tv\/noticias\/atencion-la-policia-y-el-gobierno-advierten-no-envies-fotos-de-tu-dni-podria-ser-peligroso\/#primaryimage\"},\"image\":{\"@id\":\"https:\/\/www.diario21.tv\/noticias\/atencion-la-policia-y-el-gobierno-advierten-no-envies-fotos-de-tu-dni-podria-ser-peligroso\/#primaryimage\"},\"thumbnailUrl\":\"https:\/\/www.diario21.tv\/noticias\/wp-content\/uploads\/2024\/08\/\u00a1Atencion-La-Policia-y-el-Gobierno-advierten-\u00a1No-envies-fotos.jpg\",\"datePublished\":\"2024-08-30T05:37:49+00:00\",\"dateModified\":\"2024-08-30T05:37:52+00:00\",\"author\":{\"@id\":\"https:\/\/www.diario21.tv\/noticias\/#\/schema\/person\/7de9d6205bd3da5b7f01f5cffb18d715\"},\"breadcrumb\":{\"@id\":\"https:\/\/www.diario21.tv\/noticias\/atencion-la-policia-y-el-gobierno-advierten-no-envies-fotos-de-tu-dni-podria-ser-peligroso\/#breadcrumb\"},\"inLanguage\":\"es-AR\",\"potentialAction\":[{\"@type\":\"ReadAction\",\"target\":[\"https:\/\/www.diario21.tv\/noticias\/atencion-la-policia-y-el-gobierno-advierten-no-envies-fotos-de-tu-dni-podria-ser-peligroso\/\"]}]},{\"@type\":\"ImageObject\",\"inLanguage\":\"es-AR\",\"@id\":\"https:\/\/www.diario21.tv\/noticias\/atencion-la-policia-y-el-gobierno-advierten-no-envies-fotos-de-tu-dni-podria-ser-peligroso\/#primaryimage\",\"url\":\"https:\/\/www.diario21.tv\/noticias\/wp-content\/uploads\/2024\/08\/\u00a1Atencion-La-Policia-y-el-Gobierno-advierten-\u00a1No-envies-fotos.jpg\",\"contentUrl\":\"https:\/\/www.diario21.tv\/noticias\/wp-content\/uploads\/2024\/08\/\u00a1Atencion-La-Policia-y-el-Gobierno-advierten-\u00a1No-envies-fotos.jpg\",\"width\":1920,\"height\":1080,\"caption\":\"La Polic\u00eda y el Gobierno alertan a los ciudadanos: cuidado con enviar fotos de tu DNI\"},{\"@type\":\"BreadcrumbList\",\"@id\":\"https:\/\/www.diario21.tv\/noticias\/atencion-la-policia-y-el-gobierno-advierten-no-envies-fotos-de-tu-dni-podria-ser-peligroso\/#breadcrumb\",\"itemListElement\":[{\"@type\":\"ListItem\",\"position\":1,\"name\":\"Accueil\",\"item\":\"https:\/\/www.diario21.tv\/noticias\/\"},{\"@type\":\"ListItem\",\"position\":2,\"name\":\"\u00a1Atenci\u00f3n! La Polic\u00eda y el Gobierno advierten: \u00a1No env\u00edes fotos de tu DNI! \u00a1Podr\u00eda ser peligroso!\"}]},{\"@type\":\"WebSite\",\"@id\":\"https:\/\/www.diario21.tv\/noticias\/#website\",\"url\":\"https:\/\/www.diario21.tv\/noticias\/\",\"name\":\"Diario 21\",\"description\":\"\",\"potentialAction\":[{\"@type\":\"SearchAction\",\"target\":{\"@type\":\"EntryPoint\",\"urlTemplate\":\"https:\/\/www.diario21.tv\/noticias\/?s={search_term_string}\"},\"query-input\":{\"@type\":\"PropertyValueSpecification\",\"valueRequired\":true,\"valueName\":\"search_term_string\"}}],\"inLanguage\":\"es-AR\"},{\"@type\":\"Person\",\"@id\":\"https:\/\/www.diario21.tv\/noticias\/#\/schema\/person\/7de9d6205bd3da5b7f01f5cffb18d715\",\"name\":\"Diario 21\",\"image\":{\"@type\":\"ImageObject\",\"inLanguage\":\"es-AR\",\"@id\":\"https:\/\/www.diario21.tv\/noticias\/#\/schema\/person\/image\/\",\"url\":\"https:\/\/secure.gravatar.com\/avatar\/d1d5e764b940c8e5990284cabcd5dea9?s=96&d=mm&r=g\",\"contentUrl\":\"https:\/\/secure.gravatar.com\/avatar\/d1d5e764b940c8e5990284cabcd5dea9?s=96&d=mm&r=g\",\"caption\":\"Diario 21\"},\"url\":\"https:\/\/www.diario21.tv\/noticias\/author\/diario-21\/\"}]}<\/script>\n<!-- \/ Yoast SEO plugin. -->","yoast_head_json":{"title":"\u00a1Atenci\u00f3n! La Polic\u00eda y el Gobierno advierten: \u00a1No env\u00edes fotos de tu DNI! \u00a1Podr\u00eda ser peligroso! - Diario 21","robots":{"index":"index","follow":"follow","max-snippet":"max-snippet:-1","max-image-preview":"max-image-preview:large","max-video-preview":"max-video-preview:-1"},"canonical":"https:\/\/www.diario21.tv\/noticias\/atencion-la-policia-y-el-gobierno-advierten-no-envies-fotos-de-tu-dni-podria-ser-peligroso\/","og_locale":"es_ES","og_type":"article","og_title":"\u00a1Atenci\u00f3n! La Polic\u00eda y el Gobierno advierten: \u00a1No env\u00edes fotos de tu DNI! \u00a1Podr\u00eda ser peligroso! - Diario 21","og_description":"Advertencia del Gobierno y la Polic\u00eda: precauci\u00f3n al compartir im\u00e1genes de tu identificaci\u00f3n El Gobierno y las autoridades policiales han emitido una advertencia a la poblaci\u00f3n: ... Seguir leyendo &rarr;","og_url":"https:\/\/www.diario21.tv\/noticias\/atencion-la-policia-y-el-gobierno-advierten-no-envies-fotos-de-tu-dni-podria-ser-peligroso\/","og_site_name":"Diario 21","article_published_time":"2024-08-30T05:37:49+00:00","article_modified_time":"2024-08-30T05:37:52+00:00","og_image":[{"width":1920,"height":1080,"url":"https:\/\/www.diario21.tv\/noticias\/wp-content\/uploads\/2024\/08\/\u00a1Atencion-La-Policia-y-el-Gobierno-advierten-\u00a1No-envies-fotos.jpg","type":"image\/jpeg"}],"author":"Diario 21","twitter_card":"summary_large_image","twitter_misc":{"Escrito por":"Diario 21","Tiempo de lectura":"2 minutos"},"schema":{"@context":"https:\/\/schema.org","@graph":[{"@type":"WebPage","@id":"https:\/\/www.diario21.tv\/noticias\/atencion-la-policia-y-el-gobierno-advierten-no-envies-fotos-de-tu-dni-podria-ser-peligroso\/","url":"https:\/\/www.diario21.tv\/noticias\/atencion-la-policia-y-el-gobierno-advierten-no-envies-fotos-de-tu-dni-podria-ser-peligroso\/","name":"\u00a1Atenci\u00f3n! La Polic\u00eda y el Gobierno advierten: \u00a1No env\u00edes fotos de tu DNI! \u00a1Podr\u00eda ser peligroso! - Diario 21","isPartOf":{"@id":"https:\/\/www.diario21.tv\/noticias\/#website"},"primaryImageOfPage":{"@id":"https:\/\/www.diario21.tv\/noticias\/atencion-la-policia-y-el-gobierno-advierten-no-envies-fotos-de-tu-dni-podria-ser-peligroso\/#primaryimage"},"image":{"@id":"https:\/\/www.diario21.tv\/noticias\/atencion-la-policia-y-el-gobierno-advierten-no-envies-fotos-de-tu-dni-podria-ser-peligroso\/#primaryimage"},"thumbnailUrl":"https:\/\/www.diario21.tv\/noticias\/wp-content\/uploads\/2024\/08\/\u00a1Atencion-La-Policia-y-el-Gobierno-advierten-\u00a1No-envies-fotos.jpg","datePublished":"2024-08-30T05:37:49+00:00","dateModified":"2024-08-30T05:37:52+00:00","author":{"@id":"https:\/\/www.diario21.tv\/noticias\/#\/schema\/person\/7de9d6205bd3da5b7f01f5cffb18d715"},"breadcrumb":{"@id":"https:\/\/www.diario21.tv\/noticias\/atencion-la-policia-y-el-gobierno-advierten-no-envies-fotos-de-tu-dni-podria-ser-peligroso\/#breadcrumb"},"inLanguage":"es-AR","potentialAction":[{"@type":"ReadAction","target":["https:\/\/www.diario21.tv\/noticias\/atencion-la-policia-y-el-gobierno-advierten-no-envies-fotos-de-tu-dni-podria-ser-peligroso\/"]}]},{"@type":"ImageObject","inLanguage":"es-AR","@id":"https:\/\/www.diario21.tv\/noticias\/atencion-la-policia-y-el-gobierno-advierten-no-envies-fotos-de-tu-dni-podria-ser-peligroso\/#primaryimage","url":"https:\/\/www.diario21.tv\/noticias\/wp-content\/uploads\/2024\/08\/\u00a1Atencion-La-Policia-y-el-Gobierno-advierten-\u00a1No-envies-fotos.jpg","contentUrl":"https:\/\/www.diario21.tv\/noticias\/wp-content\/uploads\/2024\/08\/\u00a1Atencion-La-Policia-y-el-Gobierno-advierten-\u00a1No-envies-fotos.jpg","width":1920,"height":1080,"caption":"La Polic\u00eda y el Gobierno alertan a los ciudadanos: cuidado con enviar fotos de tu DNI"},{"@type":"BreadcrumbList","@id":"https:\/\/www.diario21.tv\/noticias\/atencion-la-policia-y-el-gobierno-advierten-no-envies-fotos-de-tu-dni-podria-ser-peligroso\/#breadcrumb","itemListElement":[{"@type":"ListItem","position":1,"name":"Accueil","item":"https:\/\/www.diario21.tv\/noticias\/"},{"@type":"ListItem","position":2,"name":"\u00a1Atenci\u00f3n! La Polic\u00eda y el Gobierno advierten: \u00a1No env\u00edes fotos de tu DNI! \u00a1Podr\u00eda ser peligroso!"}]},{"@type":"WebSite","@id":"https:\/\/www.diario21.tv\/noticias\/#website","url":"https:\/\/www.diario21.tv\/noticias\/","name":"Diario 21","description":"","potentialAction":[{"@type":"SearchAction","target":{"@type":"EntryPoint","urlTemplate":"https:\/\/www.diario21.tv\/noticias\/?s={search_term_string}"},"query-input":{"@type":"PropertyValueSpecification","valueRequired":true,"valueName":"search_term_string"}}],"inLanguage":"es-AR"},{"@type":"Person","@id":"https:\/\/www.diario21.tv\/noticias\/#\/schema\/person\/7de9d6205bd3da5b7f01f5cffb18d715","name":"Diario 21","image":{"@type":"ImageObject","inLanguage":"es-AR","@id":"https:\/\/www.diario21.tv\/noticias\/#\/schema\/person\/image\/","url":"https:\/\/secure.gravatar.com\/avatar\/d1d5e764b940c8e5990284cabcd5dea9?s=96&d=mm&r=g","contentUrl":"https:\/\/secure.gravatar.com\/avatar\/d1d5e764b940c8e5990284cabcd5dea9?s=96&d=mm&r=g","caption":"Diario 21"},"url":"https:\/\/www.diario21.tv\/noticias\/author\/diario-21\/"}]}},"_links":{"self":[{"href":"https:\/\/www.diario21.tv\/noticias\/wp-json\/wp\/v2\/posts\/234"}],"collection":[{"href":"https:\/\/www.diario21.tv\/noticias\/wp-json\/wp\/v2\/posts"}],"about":[{"href":"https:\/\/www.diario21.tv\/noticias\/wp-json\/wp\/v2\/types\/post"}],"author":[{"embeddable":true,"href":"https:\/\/www.diario21.tv\/noticias\/wp-json\/wp\/v2\/users\/16"}],"replies":[{"embeddable":true,"href":"https:\/\/www.diario21.tv\/noticias\/wp-json\/wp\/v2\/comments?post=234"}],"version-history":[{"count":1,"href":"https:\/\/www.diario21.tv\/noticias\/wp-json\/wp\/v2\/posts\/234\/revisions"}],"predecessor-version":[{"id":236,"href":"https:\/\/www.diario21.tv\/noticias\/wp-json\/wp\/v2\/posts\/234\/revisions\/236"}],"wp:featuredmedia":[{"embeddable":true,"href":"https:\/\/www.diario21.tv\/noticias\/wp-json\/wp\/v2\/media\/235"}],"wp:attachment":[{"href":"https:\/\/www.diario21.tv\/noticias\/wp-json\/wp\/v2\/media?parent=234"}],"wp:term":[{"taxonomy":"category","embeddable":true,"href":"https:\/\/www.diario21.tv\/noticias\/wp-json\/wp\/v2\/categories?post=234"},{"taxonomy":"post_tag","embeddable":true,"href":"https:\/\/www.diario21.tv\/noticias\/wp-json\/wp\/v2\/tags?post=234"}],"curies":[{"name":"wp","href":"https:\/\/api.w.org\/{rel}","templated":true}]}}