{"id":2337,"date":"2025-03-03T17:45:46","date_gmt":"2025-03-03T17:45:46","guid":{"rendered":"https:\/\/www.diario21.tv\/noticias\/increible-oferta-bar-y-casa-por-solo-264-euros-al-mes-en-un-pueblo-de-la-espana-vaciada\/"},"modified":"2025-03-03T17:45:47","modified_gmt":"2025-03-03T17:45:47","slug":"increible-oferta-bar-y-casa-por-solo-264-euros-al-mes-en-un-pueblo-de-la-espana-vaciada","status":"publish","type":"post","link":"https:\/\/www.diario21.tv\/noticias\/increible-oferta-bar-y-casa-por-solo-264-euros-al-mes-en-un-pueblo-de-la-espana-vaciada\/","title":{"rendered":"\u00a1Incre\u00edble oferta! Bar y casa por solo 264 euros al mes en un pueblo de la Espa\u00f1a vaciada"},"content":{"rendered":"<h2>Un Bar-Casa en un Pueblo Despoblado de Espa\u00f1a por Solo 264 Euros Mensuales<\/h2>\n<p>En el contexto actual de despoblaci\u00f3n que afecta a numerosas zonas rurales en Espa\u00f1a, surge una oportunidad \u00fanica para aquellos que buscan cambiar su estilo de vida y alejarse del bullicio de la ciudad. Se trata de un establecimiento que combina un bar y una vivienda en un tranquilo pueblo espa\u00f1ol, disponible por un alquiler mensual de tan solo 264 euros.<\/p>\n<h3>Detalles del Inmueble<\/h3>\n<p>Este inmueble singular se encuentra en uno de los muchos pueblos que luchan contra la despoblaci\u00f3n en Espa\u00f1a, fen\u00f3meno conocido como &#8216;Espa\u00f1a vaciada&#8217;. El lugar ofrece una combinaci\u00f3n perfecta para aquellos interesados en administrar un peque\u00f1o negocio mientras disfrutan de la vida en un entorno rural. El bar, que ocupa la planta baja del edificio, ha sido un punto de encuentro tradicional para los residentes locales, mientras que el espacio superior ofrece una residencia c\u00f3moda y acogedora.<\/p>\n<h3>Oportunidades y Desaf\u00edos<\/h3>\n<p>Optar por este tipo de vida puede traer consigo numerosas ventajas, como el costo de vida reducido, la posibilidad de integrarse en una comunidad estrecha y la oportunidad de llevar adelante un negocio propio. Sin embargo, tambi\u00e9n presenta desaf\u00edos, incluyendo la necesidad de adaptarse a un ritmo de vida m\u00e1s lento y la posibilidad de enfrentar periodos de menor actividad comercial durante ciertas \u00e9pocas del a\u00f1o.<\/p>\n<h3>Vida en la &#8216;Espa\u00f1a Vaciada&#8217;<\/h3>\n<p>La &#8216;Espa\u00f1a vaciada&#8217; es un t\u00e9rmino que se refiere a las \u00e1reas del pa\u00eds que han experimentado una significativa p\u00e9rdida de poblaci\u00f3n en las \u00faltimas d\u00e9cadas. Esta situaci\u00f3n ha llevado a una abundancia de propiedades disponibles a precios accesibles, lo que representa una oportunidad para aquellos dispuestos a contribuir a la revitalizaci\u00f3n de estas comunidades.<\/p>\n<h3>Condiciones de Alquiler<\/h3>\n<p>El alquiler de 264 euros al mes por este bar-casa es una tarifa excepcionalmente baja que refleja el inter\u00e9s de los propietarios y de las autoridades locales en atraer a nuevos residentes y empresarios al \u00e1rea. Los potenciales arrendatarios deben, sin embargo, estar preparados para asumir el compromiso de mantener el negocio del bar, lo que implica no solo una inversi\u00f3n de tiempo, sino tambi\u00e9n la capacidad de gestionar y promover activamente el establecimiento para asegurar su viabilidad a largo plazo.<\/p>\n<h3>Una Oportunidad para Emprendedores<\/h3>\n<p>Esta propuesta es especialmente atractiva para aquellos que buscan emprender en el sector de la hosteler\u00eda, as\u00ed como para aquellos que desean experimentar la vida en una comunidad rural. El bajo costo de entrada, combinado con el potencial de establecer relaciones profundas con la comunidad local, hace de este tipo de proyectos una opci\u00f3n valiosa para muchos.<\/p>\n<p>En conclusi\u00f3n, el alquiler de un bar-casa en un pueblo afectado por la despoblaci\u00f3n en Espa\u00f1a por solo 264 euros al mes ofrece una oportunidad \u00fanica para aquellos interesados en un cambio de vida y en contribuir al revivir de estas zonas. Si bien implica desaf\u00edos, las recompensas pueden ser significativas, tanto a nivel personal como profesional.<\/p>\n\n\n<div class=\"kk-star-ratings kksr-auto kksr-align-left kksr-valign-bottom\"\n    data-payload='{&quot;align&quot;:&quot;left&quot;,&quot;id&quot;:&quot;2337&quot;,&quot;slug&quot;:&quot;default&quot;,&quot;valign&quot;:&quot;bottom&quot;,&quot;ignore&quot;:&quot;&quot;,&quot;reference&quot;:&quot;auto&quot;,&quot;class&quot;:&quot;&quot;,&quot;count&quot;:&quot;0&quot;,&quot;legendonly&quot;:&quot;&quot;,&quot;readonly&quot;:&quot;&quot;,&quot;score&quot;:&quot;0&quot;,&quot;starsonly&quot;:&quot;&quot;,&quot;best&quot;:&quot;5&quot;,&quot;gap&quot;:&quot;5&quot;,&quot;greet&quot;:&quot;Valora este post&quot;,&quot;legend&quot;:&quot;0\\\/5 - (0 votes)&quot;,&quot;size&quot;:&quot;22&quot;,&quot;title&quot;:&quot;\u00a1Incre\u00edble oferta! Bar y casa por solo 264 euros al mes en un pueblo de la Espa\u00f1a vaciada&quot;,&quot;width&quot;:&quot;0&quot;,&quot;_legend&quot;:&quot;{score}\\\/{best} - ({count} {votes})&quot;,&quot;font_factor&quot;:&quot;1.25&quot;}'>\n            \n<div class=\"kksr-stars\">\n    \n<div class=\"kksr-stars-inactive\">\n            <div class=\"kksr-star\" data-star=\"1\" style=\"padding-right: 5px\">\n            \n\n<div class=\"kksr-icon\" style=\"width: 22px; height: 22px;\"><\/div>\n        <\/div>\n            <div class=\"kksr-star\" data-star=\"2\" style=\"padding-right: 5px\">\n            \n\n<div class=\"kksr-icon\" style=\"width: 22px; height: 22px;\"><\/div>\n        <\/div>\n            <div class=\"kksr-star\" data-star=\"3\" style=\"padding-right: 5px\">\n            \n\n<div class=\"kksr-icon\" style=\"width: 22px; height: 22px;\"><\/div>\n        <\/div>\n            <div class=\"kksr-star\" data-star=\"4\" style=\"padding-right: 5px\">\n            \n\n<div class=\"kksr-icon\" style=\"width: 22px; height: 22px;\"><\/div>\n        <\/div>\n            <div class=\"kksr-star\" data-star=\"5\" style=\"padding-right: 5px\">\n            \n\n<div class=\"kksr-icon\" style=\"width: 22px; height: 22px;\"><\/div>\n        <\/div>\n    <\/div>\n    \n<div class=\"kksr-stars-active\" style=\"width: 0px;\">\n            <div class=\"kksr-star\" style=\"padding-right: 5px\">\n            \n\n<div class=\"kksr-icon\" style=\"width: 22px; height: 22px;\"><\/div>\n        <\/div>\n            <div class=\"kksr-star\" style=\"padding-right: 5px\">\n            \n\n<div class=\"kksr-icon\" style=\"width: 22px; height: 22px;\"><\/div>\n        <\/div>\n            <div class=\"kksr-star\" style=\"padding-right: 5px\">\n            \n\n<div class=\"kksr-icon\" style=\"width: 22px; height: 22px;\"><\/div>\n        <\/div>\n            <div class=\"kksr-star\" style=\"padding-right: 5px\">\n            \n\n<div class=\"kksr-icon\" style=\"width: 22px; height: 22px;\"><\/div>\n        <\/div>\n            <div class=\"kksr-star\" style=\"padding-right: 5px\">\n            \n\n<div class=\"kksr-icon\" style=\"width: 22px; height: 22px;\"><\/div>\n        <\/div>\n    <\/div>\n<\/div>\n                \n\n<div class=\"kksr-legend\" style=\"font-size: 17.6px;\">\n            <span class=\"kksr-muted\">Valora este post<\/span>\n    <\/div>\n    <\/div>\n","protected":false},"excerpt":{"rendered":"<p>Un Bar-Casa en un Pueblo Despoblado de Espa\u00f1a por Solo 264 Euros Mensuales En el contexto actual de despoblaci\u00f3n que afecta a numerosas zonas rurales en &#8230; <a title=\"\u00a1Incre\u00edble oferta! Bar y casa por solo 264 euros al mes en un pueblo de la Espa\u00f1a vaciada\" class=\"read-more\" href=\"https:\/\/www.diario21.tv\/noticias\/increible-oferta-bar-y-casa-por-solo-264-euros-al-mes-en-un-pueblo-de-la-espana-vaciada\/\" aria-label=\"Leer m\u00e1s sobre \u00a1Incre\u00edble oferta! Bar y casa por solo 264 euros al mes en un pueblo de la Espa\u00f1a vaciada\">Seguir leyendo &rarr;<\/a><\/p>\n","protected":false},"author":20,"featured_media":2338,"comment_status":"open","ping_status":"open","sticky":false,"template":"","format":"standard","meta":{"footnotes":""},"categories":[13],"tags":[],"class_list":["post-2337","post","type-post","status-publish","format-standard","has-post-thumbnail","hentry","category-portada"],"yoast_head":"<!-- This site is optimized with the Yoast SEO plugin v25.6 - https:\/\/yoast.com\/wordpress\/plugins\/seo\/ -->\n<title>\u00a1Incre\u00edble oferta! Bar y casa por solo 264 euros al mes en un pueblo de la Espa\u00f1a vaciada - Diario 21<\/title>\n<meta name=\"robots\" content=\"index, follow, max-snippet:-1, max-image-preview:large, max-video-preview:-1\" \/>\n<link rel=\"canonical\" href=\"https:\/\/www.diario21.tv\/noticias\/increible-oferta-bar-y-casa-por-solo-264-euros-al-mes-en-un-pueblo-de-la-espana-vaciada\/\" \/>\n<meta property=\"og:locale\" content=\"es_ES\" \/>\n<meta property=\"og:type\" content=\"article\" \/>\n<meta property=\"og:title\" content=\"\u00a1Incre\u00edble oferta! Bar y casa por solo 264 euros al mes en un pueblo de la Espa\u00f1a vaciada - Diario 21\" \/>\n<meta property=\"og:description\" content=\"Un Bar-Casa en un Pueblo Despoblado de Espa\u00f1a por Solo 264 Euros Mensuales En el contexto actual de despoblaci\u00f3n que afecta a numerosas zonas rurales en ... Seguir leyendo &rarr;\" \/>\n<meta property=\"og:url\" content=\"https:\/\/www.diario21.tv\/noticias\/increible-oferta-bar-y-casa-por-solo-264-euros-al-mes-en-un-pueblo-de-la-espana-vaciada\/\" \/>\n<meta property=\"og:site_name\" content=\"Diario 21\" \/>\n<meta property=\"article:published_time\" content=\"2025-03-03T17:45:46+00:00\" \/>\n<meta property=\"article:modified_time\" content=\"2025-03-03T17:45:47+00:00\" \/>\n<meta property=\"og:image\" content=\"https:\/\/www.diario21.tv\/noticias\/wp-content\/uploads\/2025\/03\/\u00a1Increible-oferta-Bar-y-casa-por-solo-264-euros-al.jpg\" \/>\n\t<meta property=\"og:image:width\" content=\"1920\" \/>\n\t<meta property=\"og:image:height\" content=\"1080\" \/>\n\t<meta property=\"og:image:type\" content=\"image\/jpeg\" \/>\n<meta name=\"author\" content=\"Juan P\u00e9rez\" \/>\n<meta name=\"twitter:card\" content=\"summary_large_image\" \/>\n<meta name=\"twitter:label1\" content=\"Escrito por\" \/>\n\t<meta name=\"twitter:data1\" content=\"Juan P\u00e9rez\" \/>\n\t<meta name=\"twitter:label2\" content=\"Tiempo de lectura\" \/>\n\t<meta name=\"twitter:data2\" content=\"3 minutos\" \/>\n<script type=\"application\/ld+json\" class=\"yoast-schema-graph\">{\"@context\":\"https:\/\/schema.org\",\"@graph\":[{\"@type\":\"WebPage\",\"@id\":\"https:\/\/www.diario21.tv\/noticias\/increible-oferta-bar-y-casa-por-solo-264-euros-al-mes-en-un-pueblo-de-la-espana-vaciada\/\",\"url\":\"https:\/\/www.diario21.tv\/noticias\/increible-oferta-bar-y-casa-por-solo-264-euros-al-mes-en-un-pueblo-de-la-espana-vaciada\/\",\"name\":\"\u00a1Incre\u00edble oferta! Bar y casa por solo 264 euros al mes en un pueblo de la Espa\u00f1a vaciada - Diario 21\",\"isPartOf\":{\"@id\":\"https:\/\/www.diario21.tv\/noticias\/#website\"},\"primaryImageOfPage\":{\"@id\":\"https:\/\/www.diario21.tv\/noticias\/increible-oferta-bar-y-casa-por-solo-264-euros-al-mes-en-un-pueblo-de-la-espana-vaciada\/#primaryimage\"},\"image\":{\"@id\":\"https:\/\/www.diario21.tv\/noticias\/increible-oferta-bar-y-casa-por-solo-264-euros-al-mes-en-un-pueblo-de-la-espana-vaciada\/#primaryimage\"},\"thumbnailUrl\":\"https:\/\/www.diario21.tv\/noticias\/wp-content\/uploads\/2025\/03\/\u00a1Increible-oferta-Bar-y-casa-por-solo-264-euros-al.jpg\",\"datePublished\":\"2025-03-03T17:45:46+00:00\",\"dateModified\":\"2025-03-03T17:45:47+00:00\",\"author\":{\"@id\":\"https:\/\/www.diario21.tv\/noticias\/#\/schema\/person\/dfb778f73814d8f09f302618446a526b\"},\"breadcrumb\":{\"@id\":\"https:\/\/www.diario21.tv\/noticias\/increible-oferta-bar-y-casa-por-solo-264-euros-al-mes-en-un-pueblo-de-la-espana-vaciada\/#breadcrumb\"},\"inLanguage\":\"es-AR\",\"potentialAction\":[{\"@type\":\"ReadAction\",\"target\":[\"https:\/\/www.diario21.tv\/noticias\/increible-oferta-bar-y-casa-por-solo-264-euros-al-mes-en-un-pueblo-de-la-espana-vaciada\/\"]}]},{\"@type\":\"ImageObject\",\"inLanguage\":\"es-AR\",\"@id\":\"https:\/\/www.diario21.tv\/noticias\/increible-oferta-bar-y-casa-por-solo-264-euros-al-mes-en-un-pueblo-de-la-espana-vaciada\/#primaryimage\",\"url\":\"https:\/\/www.diario21.tv\/noticias\/wp-content\/uploads\/2025\/03\/\u00a1Increible-oferta-Bar-y-casa-por-solo-264-euros-al.jpg\",\"contentUrl\":\"https:\/\/www.diario21.tv\/noticias\/wp-content\/uploads\/2025\/03\/\u00a1Increible-oferta-Bar-y-casa-por-solo-264-euros-al.jpg\",\"width\":1920,\"height\":1080,\"caption\":\"Bar y casa en un pueblo de la Espa\u00f1a vaciada por 264 euros al mes\"},{\"@type\":\"BreadcrumbList\",\"@id\":\"https:\/\/www.diario21.tv\/noticias\/increible-oferta-bar-y-casa-por-solo-264-euros-al-mes-en-un-pueblo-de-la-espana-vaciada\/#breadcrumb\",\"itemListElement\":[{\"@type\":\"ListItem\",\"position\":1,\"name\":\"Accueil\",\"item\":\"https:\/\/www.diario21.tv\/noticias\/\"},{\"@type\":\"ListItem\",\"position\":2,\"name\":\"\u00a1Incre\u00edble oferta! Bar y casa por solo 264 euros al mes en un pueblo de la Espa\u00f1a vaciada\"}]},{\"@type\":\"WebSite\",\"@id\":\"https:\/\/www.diario21.tv\/noticias\/#website\",\"url\":\"https:\/\/www.diario21.tv\/noticias\/\",\"name\":\"Diario 21\",\"description\":\"\",\"potentialAction\":[{\"@type\":\"SearchAction\",\"target\":{\"@type\":\"EntryPoint\",\"urlTemplate\":\"https:\/\/www.diario21.tv\/noticias\/?s={search_term_string}\"},\"query-input\":{\"@type\":\"PropertyValueSpecification\",\"valueRequired\":true,\"valueName\":\"search_term_string\"}}],\"inLanguage\":\"es-AR\"},{\"@type\":\"Person\",\"@id\":\"https:\/\/www.diario21.tv\/noticias\/#\/schema\/person\/dfb778f73814d8f09f302618446a526b\",\"name\":\"Juan P\u00e9rez\",\"image\":{\"@type\":\"ImageObject\",\"inLanguage\":\"es-AR\",\"@id\":\"https:\/\/www.diario21.tv\/noticias\/#\/schema\/person\/image\/\",\"url\":\"https:\/\/secure.gravatar.com\/avatar\/c478a405bd10621167f4c3167cc770f5?s=96&d=mm&r=g\",\"contentUrl\":\"https:\/\/secure.gravatar.com\/avatar\/c478a405bd10621167f4c3167cc770f5?s=96&d=mm&r=g\",\"caption\":\"Juan P\u00e9rez\"},\"description\":\"Juan P\u00e9rez es el redactor en jefe de Diario 21. Con m\u00e1s de 10 a\u00f1os de experiencia en el periodismo, se especializa en pol\u00edtica nacional y an\u00e1lisis socioecon\u00f3mico. Su enfoque cr\u00edtico y riguroso aporta una perspectiva \u00fanica a cada art\u00edculo.\",\"sameAs\":[\"https:\/\/www.diario21.tv\/noticias\/\"],\"url\":\"https:\/\/www.diario21.tv\/noticias\/author\/juan-perez\/\"}]}<\/script>\n<!-- \/ Yoast SEO plugin. -->","yoast_head_json":{"title":"\u00a1Incre\u00edble oferta! Bar y casa por solo 264 euros al mes en un pueblo de la Espa\u00f1a vaciada - Diario 21","robots":{"index":"index","follow":"follow","max-snippet":"max-snippet:-1","max-image-preview":"max-image-preview:large","max-video-preview":"max-video-preview:-1"},"canonical":"https:\/\/www.diario21.tv\/noticias\/increible-oferta-bar-y-casa-por-solo-264-euros-al-mes-en-un-pueblo-de-la-espana-vaciada\/","og_locale":"es_ES","og_type":"article","og_title":"\u00a1Incre\u00edble oferta! Bar y casa por solo 264 euros al mes en un pueblo de la Espa\u00f1a vaciada - Diario 21","og_description":"Un Bar-Casa en un Pueblo Despoblado de Espa\u00f1a por Solo 264 Euros Mensuales En el contexto actual de despoblaci\u00f3n que afecta a numerosas zonas rurales en ... Seguir leyendo &rarr;","og_url":"https:\/\/www.diario21.tv\/noticias\/increible-oferta-bar-y-casa-por-solo-264-euros-al-mes-en-un-pueblo-de-la-espana-vaciada\/","og_site_name":"Diario 21","article_published_time":"2025-03-03T17:45:46+00:00","article_modified_time":"2025-03-03T17:45:47+00:00","og_image":[{"width":1920,"height":1080,"url":"https:\/\/www.diario21.tv\/noticias\/wp-content\/uploads\/2025\/03\/\u00a1Increible-oferta-Bar-y-casa-por-solo-264-euros-al.jpg","type":"image\/jpeg"}],"author":"Juan P\u00e9rez","twitter_card":"summary_large_image","twitter_misc":{"Escrito por":"Juan P\u00e9rez","Tiempo de lectura":"3 minutos"},"schema":{"@context":"https:\/\/schema.org","@graph":[{"@type":"WebPage","@id":"https:\/\/www.diario21.tv\/noticias\/increible-oferta-bar-y-casa-por-solo-264-euros-al-mes-en-un-pueblo-de-la-espana-vaciada\/","url":"https:\/\/www.diario21.tv\/noticias\/increible-oferta-bar-y-casa-por-solo-264-euros-al-mes-en-un-pueblo-de-la-espana-vaciada\/","name":"\u00a1Incre\u00edble oferta! Bar y casa por solo 264 euros al mes en un pueblo de la Espa\u00f1a vaciada - Diario 21","isPartOf":{"@id":"https:\/\/www.diario21.tv\/noticias\/#website"},"primaryImageOfPage":{"@id":"https:\/\/www.diario21.tv\/noticias\/increible-oferta-bar-y-casa-por-solo-264-euros-al-mes-en-un-pueblo-de-la-espana-vaciada\/#primaryimage"},"image":{"@id":"https:\/\/www.diario21.tv\/noticias\/increible-oferta-bar-y-casa-por-solo-264-euros-al-mes-en-un-pueblo-de-la-espana-vaciada\/#primaryimage"},"thumbnailUrl":"https:\/\/www.diario21.tv\/noticias\/wp-content\/uploads\/2025\/03\/\u00a1Increible-oferta-Bar-y-casa-por-solo-264-euros-al.jpg","datePublished":"2025-03-03T17:45:46+00:00","dateModified":"2025-03-03T17:45:47+00:00","author":{"@id":"https:\/\/www.diario21.tv\/noticias\/#\/schema\/person\/dfb778f73814d8f09f302618446a526b"},"breadcrumb":{"@id":"https:\/\/www.diario21.tv\/noticias\/increible-oferta-bar-y-casa-por-solo-264-euros-al-mes-en-un-pueblo-de-la-espana-vaciada\/#breadcrumb"},"inLanguage":"es-AR","potentialAction":[{"@type":"ReadAction","target":["https:\/\/www.diario21.tv\/noticias\/increible-oferta-bar-y-casa-por-solo-264-euros-al-mes-en-un-pueblo-de-la-espana-vaciada\/"]}]},{"@type":"ImageObject","inLanguage":"es-AR","@id":"https:\/\/www.diario21.tv\/noticias\/increible-oferta-bar-y-casa-por-solo-264-euros-al-mes-en-un-pueblo-de-la-espana-vaciada\/#primaryimage","url":"https:\/\/www.diario21.tv\/noticias\/wp-content\/uploads\/2025\/03\/\u00a1Increible-oferta-Bar-y-casa-por-solo-264-euros-al.jpg","contentUrl":"https:\/\/www.diario21.tv\/noticias\/wp-content\/uploads\/2025\/03\/\u00a1Increible-oferta-Bar-y-casa-por-solo-264-euros-al.jpg","width":1920,"height":1080,"caption":"Bar y casa en un pueblo de la Espa\u00f1a vaciada por 264 euros al mes"},{"@type":"BreadcrumbList","@id":"https:\/\/www.diario21.tv\/noticias\/increible-oferta-bar-y-casa-por-solo-264-euros-al-mes-en-un-pueblo-de-la-espana-vaciada\/#breadcrumb","itemListElement":[{"@type":"ListItem","position":1,"name":"Accueil","item":"https:\/\/www.diario21.tv\/noticias\/"},{"@type":"ListItem","position":2,"name":"\u00a1Incre\u00edble oferta! Bar y casa por solo 264 euros al mes en un pueblo de la Espa\u00f1a vaciada"}]},{"@type":"WebSite","@id":"https:\/\/www.diario21.tv\/noticias\/#website","url":"https:\/\/www.diario21.tv\/noticias\/","name":"Diario 21","description":"","potentialAction":[{"@type":"SearchAction","target":{"@type":"EntryPoint","urlTemplate":"https:\/\/www.diario21.tv\/noticias\/?s={search_term_string}"},"query-input":{"@type":"PropertyValueSpecification","valueRequired":true,"valueName":"search_term_string"}}],"inLanguage":"es-AR"},{"@type":"Person","@id":"https:\/\/www.diario21.tv\/noticias\/#\/schema\/person\/dfb778f73814d8f09f302618446a526b","name":"Juan P\u00e9rez","image":{"@type":"ImageObject","inLanguage":"es-AR","@id":"https:\/\/www.diario21.tv\/noticias\/#\/schema\/person\/image\/","url":"https:\/\/secure.gravatar.com\/avatar\/c478a405bd10621167f4c3167cc770f5?s=96&d=mm&r=g","contentUrl":"https:\/\/secure.gravatar.com\/avatar\/c478a405bd10621167f4c3167cc770f5?s=96&d=mm&r=g","caption":"Juan P\u00e9rez"},"description":"Juan P\u00e9rez es el redactor en jefe de Diario 21. Con m\u00e1s de 10 a\u00f1os de experiencia en el periodismo, se especializa en pol\u00edtica nacional y an\u00e1lisis socioecon\u00f3mico. Su enfoque cr\u00edtico y riguroso aporta una perspectiva \u00fanica a cada art\u00edculo.","sameAs":["https:\/\/www.diario21.tv\/noticias\/"],"url":"https:\/\/www.diario21.tv\/noticias\/author\/juan-perez\/"}]}},"_links":{"self":[{"href":"https:\/\/www.diario21.tv\/noticias\/wp-json\/wp\/v2\/posts\/2337"}],"collection":[{"href":"https:\/\/www.diario21.tv\/noticias\/wp-json\/wp\/v2\/posts"}],"about":[{"href":"https:\/\/www.diario21.tv\/noticias\/wp-json\/wp\/v2\/types\/post"}],"author":[{"embeddable":true,"href":"https:\/\/www.diario21.tv\/noticias\/wp-json\/wp\/v2\/users\/20"}],"replies":[{"embeddable":true,"href":"https:\/\/www.diario21.tv\/noticias\/wp-json\/wp\/v2\/comments?post=2337"}],"version-history":[{"count":1,"href":"https:\/\/www.diario21.tv\/noticias\/wp-json\/wp\/v2\/posts\/2337\/revisions"}],"predecessor-version":[{"id":2339,"href":"https:\/\/www.diario21.tv\/noticias\/wp-json\/wp\/v2\/posts\/2337\/revisions\/2339"}],"wp:featuredmedia":[{"embeddable":true,"href":"https:\/\/www.diario21.tv\/noticias\/wp-json\/wp\/v2\/media\/2338"}],"wp:attachment":[{"href":"https:\/\/www.diario21.tv\/noticias\/wp-json\/wp\/v2\/media?parent=2337"}],"wp:term":[{"taxonomy":"category","embeddable":true,"href":"https:\/\/www.diario21.tv\/noticias\/wp-json\/wp\/v2\/categories?post=2337"},{"taxonomy":"post_tag","embeddable":true,"href":"https:\/\/www.diario21.tv\/noticias\/wp-json\/wp\/v2\/tags?post=2337"}],"curies":[{"name":"wp","href":"https:\/\/api.w.org\/{rel}","templated":true}]}}