{"id":2325,"date":"2025-03-02T16:55:14","date_gmt":"2025-03-02T16:55:14","guid":{"rendered":"https:\/\/www.diario21.tv\/noticias\/escandalo-en-el-washington-post-la-polemica-intromision-de-jeff-bezos-arruina-su-prestigio\/"},"modified":"2025-03-02T16:55:15","modified_gmt":"2025-03-02T16:55:15","slug":"escandalo-en-el-washington-post-la-polemica-intromision-de-jeff-bezos-arruina-su-prestigio","status":"publish","type":"post","link":"https:\/\/www.diario21.tv\/noticias\/escandalo-en-el-washington-post-la-polemica-intromision-de-jeff-bezos-arruina-su-prestigio\/","title":{"rendered":"\u00a1Esc\u00e1ndalo en el &#8216;Washington Post&#8217;! La pol\u00e9mica intromisi\u00f3n de Jeff Bezos arruina su prestigio"},"content":{"rendered":"<h2>La Influencia de Jeff Bezos Afecta la Reputaci\u00f3n del &#8216;Washington Post&#8217;<\/h2>\n<p>Desde que el multimillonario Jeff Bezos adquiri\u00f3 el &#8216;Washington Post&#8217; en 2013, el prestigioso peri\u00f3dico ha enfrentado diversos desaf\u00edos que han puesto en tela de juicio su integridad period\u00edstica. La reciente intervenci\u00f3n de Bezos en las operaciones editoriales ha generado un debate sobre la independencia y la credibilidad del medio, desencadenando una crisis de imagen que podr\u00eda afectar su legado a largo plazo.<\/p>\n<h3>El Impacto de la Gesti\u00f3n de Bezos<\/h3>\n<p>La llegada de Jeff Bezos al &#8216;Washington Post&#8217; fue inicialmente vista con optimismo, prometiendo una nueva era de innovaci\u00f3n y expansi\u00f3n digital para el peri\u00f3dico. Sin embargo, las recientes acciones del propietario han provocado preocupaci\u00f3n entre el personal y los lectores. Bezos, quien hizo su fortuna como fundador de Amazon, ha sido criticado por intervenir en decisiones editoriales que muchos consideran deber\u00edan mantenerse libres de influencia directa del propietario.<\/p>\n<p>Esta situaci\u00f3n ha llevado a cuestionar si el &#8216;Washington Post&#8217; puede continuar siendo un basti\u00f3n de periodismo independiente. Las decisiones editoriales, que seg\u00fan informes incluyen la manipulaci\u00f3n de coberturas de temas sensibles, han levantado alarmas sobre la posible p\u00e9rdida de objetividad y la erosi\u00f3n de la confianza del p\u00fablico en este ic\u00f3nico medio.<\/p>\n<h3>Reacciones Dentro y Fuera del Peri\u00f3dico<\/h3>\n<p>Las implicaciones de la intromisi\u00f3n de Bezos no solo han resonado internamente, sino tambi\u00e9n a nivel internacional, atrayendo la atenci\u00f3n de cr\u00edticos de medios, acad\u00e9micos y el p\u00fablico general. Internamente, algunos empleados del &#8216;Washington Post&#8217; han expresado su descontento y preocupaci\u00f3n por el futuro del periodismo en la instituci\u00f3n. Existen temores de que la presi\u00f3n por alinear el contenido del peri\u00f3dico con los intereses personales o comerciales de Bezos pueda comprometer la calidad y la independencia del reportaje.<\/p>\n<p>Externamente, observadores y expertos en medios han debatido sobre el impacto que tales pr\u00e1cticas podr\u00edan tener en la percepci\u00f3n p\u00fablica del &#8216;Washington Post&#8217; como una fuente confiable de noticias. La preocupaci\u00f3n principal es que la credibilidad construida durante d\u00e9cadas podr\u00eda desmoronarse si contin\u00faa la percepci\u00f3n de que las decisiones editoriales est\u00e1n siendo influenciadas por el propietario del peri\u00f3dico.<\/p>\n<h3>El Camino a Seguir<\/h3>\n<p>Frente a esta encrucijada, el &#8216;Washington Post&#8217; se enfrenta a decisiones cr\u00edticas sobre su direcci\u00f3n futura. La gesti\u00f3n debe equilibrar la innovaci\u00f3n y la adaptaci\u00f3n a las nuevas tecnolog\u00edas con la necesidad de preservar los principios de periodismo independiente y \u00e9tico. La capacidad del peri\u00f3dico para navegar por estos desaf\u00edos no solo determinar\u00e1 su posici\u00f3n en el mercado, sino tambi\u00e9n su lugar en la historia del periodismo estadounidense.<\/p>\n<p>En conclusi\u00f3n, mientras Jeff Bezos contin\u00faa ejerciendo su influencia sobre el &#8216;Washington Post&#8217;, el peri\u00f3dico debe encontrar maneras de mantener su integridad period\u00edstica. Esto es esencial para asegurar que contin\u00fae siendo visto como un faro de informaci\u00f3n veraz y objetiva en una era de noticias r\u00e1pidas y a menudo polarizadas. La crisis actual podr\u00eda ser un punto de inflexi\u00f3n para el &#8216;Washington Post&#8217;, uno que podr\u00eda redefinir su papel en la sociedad y en el mundo de los medios.<\/p>\n\n\n<div class=\"kk-star-ratings kksr-auto kksr-align-left kksr-valign-bottom\"\n    data-payload='{&quot;align&quot;:&quot;left&quot;,&quot;id&quot;:&quot;2325&quot;,&quot;slug&quot;:&quot;default&quot;,&quot;valign&quot;:&quot;bottom&quot;,&quot;ignore&quot;:&quot;&quot;,&quot;reference&quot;:&quot;auto&quot;,&quot;class&quot;:&quot;&quot;,&quot;count&quot;:&quot;0&quot;,&quot;legendonly&quot;:&quot;&quot;,&quot;readonly&quot;:&quot;&quot;,&quot;score&quot;:&quot;0&quot;,&quot;starsonly&quot;:&quot;&quot;,&quot;best&quot;:&quot;5&quot;,&quot;gap&quot;:&quot;5&quot;,&quot;greet&quot;:&quot;Valora este post&quot;,&quot;legend&quot;:&quot;0\\\/5 - (0 votes)&quot;,&quot;size&quot;:&quot;22&quot;,&quot;title&quot;:&quot;\u00a1Esc\u00e1ndalo en el \\u0026#039;Washington Post\\u0026#039;! La pol\u00e9mica intromisi\u00f3n de Jeff Bezos arruina su prestigio&quot;,&quot;width&quot;:&quot;0&quot;,&quot;_legend&quot;:&quot;{score}\\\/{best} - ({count} {votes})&quot;,&quot;font_factor&quot;:&quot;1.25&quot;}'>\n            \n<div class=\"kksr-stars\">\n    \n<div class=\"kksr-stars-inactive\">\n            <div class=\"kksr-star\" data-star=\"1\" style=\"padding-right: 5px\">\n            \n\n<div class=\"kksr-icon\" style=\"width: 22px; height: 22px;\"><\/div>\n        <\/div>\n            <div class=\"kksr-star\" data-star=\"2\" style=\"padding-right: 5px\">\n            \n\n<div class=\"kksr-icon\" style=\"width: 22px; height: 22px;\"><\/div>\n        <\/div>\n            <div class=\"kksr-star\" data-star=\"3\" style=\"padding-right: 5px\">\n            \n\n<div class=\"kksr-icon\" style=\"width: 22px; height: 22px;\"><\/div>\n        <\/div>\n            <div class=\"kksr-star\" data-star=\"4\" style=\"padding-right: 5px\">\n            \n\n<div class=\"kksr-icon\" style=\"width: 22px; height: 22px;\"><\/div>\n        <\/div>\n            <div class=\"kksr-star\" data-star=\"5\" style=\"padding-right: 5px\">\n            \n\n<div class=\"kksr-icon\" style=\"width: 22px; height: 22px;\"><\/div>\n        <\/div>\n    <\/div>\n    \n<div class=\"kksr-stars-active\" style=\"width: 0px;\">\n            <div class=\"kksr-star\" style=\"padding-right: 5px\">\n            \n\n<div class=\"kksr-icon\" style=\"width: 22px; height: 22px;\"><\/div>\n        <\/div>\n            <div class=\"kksr-star\" style=\"padding-right: 5px\">\n            \n\n<div class=\"kksr-icon\" style=\"width: 22px; height: 22px;\"><\/div>\n        <\/div>\n            <div class=\"kksr-star\" style=\"padding-right: 5px\">\n            \n\n<div class=\"kksr-icon\" style=\"width: 22px; height: 22px;\"><\/div>\n        <\/div>\n            <div class=\"kksr-star\" style=\"padding-right: 5px\">\n            \n\n<div class=\"kksr-icon\" style=\"width: 22px; height: 22px;\"><\/div>\n        <\/div>\n            <div class=\"kksr-star\" style=\"padding-right: 5px\">\n            \n\n<div class=\"kksr-icon\" style=\"width: 22px; height: 22px;\"><\/div>\n        <\/div>\n    <\/div>\n<\/div>\n                \n\n<div class=\"kksr-legend\" style=\"font-size: 17.6px;\">\n            <span class=\"kksr-muted\">Valora este post<\/span>\n    <\/div>\n    <\/div>\n","protected":false},"excerpt":{"rendered":"<p>La Influencia de Jeff Bezos Afecta la Reputaci\u00f3n del &#8216;Washington Post&#8217; Desde que el multimillonario Jeff Bezos adquiri\u00f3 el &#8216;Washington Post&#8217; en 2013, el prestigioso peri\u00f3dico &#8230; <a title=\"\u00a1Esc\u00e1ndalo en el &#8216;Washington Post&#8217;! La pol\u00e9mica intromisi\u00f3n de Jeff Bezos arruina su prestigio\" class=\"read-more\" href=\"https:\/\/www.diario21.tv\/noticias\/escandalo-en-el-washington-post-la-polemica-intromision-de-jeff-bezos-arruina-su-prestigio\/\" aria-label=\"Leer m\u00e1s sobre \u00a1Esc\u00e1ndalo en el &#8216;Washington Post&#8217;! La pol\u00e9mica intromisi\u00f3n de Jeff Bezos arruina su prestigio\">Seguir leyendo &rarr;<\/a><\/p>\n","protected":false},"author":20,"featured_media":2326,"comment_status":"open","ping_status":"open","sticky":false,"template":"","format":"standard","meta":{"footnotes":""},"categories":[13],"tags":[],"class_list":["post-2325","post","type-post","status-publish","format-standard","has-post-thumbnail","hentry","category-portada"],"yoast_head":"<!-- This site is optimized with the Yoast SEO plugin v25.6 - https:\/\/yoast.com\/wordpress\/plugins\/seo\/ -->\n<title>\u00a1Esc\u00e1ndalo en el &#039;Washington Post&#039;! La pol\u00e9mica intromisi\u00f3n de Jeff Bezos arruina su prestigio - Diario 21<\/title>\n<meta name=\"robots\" content=\"index, follow, max-snippet:-1, max-image-preview:large, max-video-preview:-1\" \/>\n<link rel=\"canonical\" href=\"https:\/\/www.diario21.tv\/noticias\/escandalo-en-el-washington-post-la-polemica-intromision-de-jeff-bezos-arruina-su-prestigio\/\" \/>\n<meta property=\"og:locale\" content=\"es_ES\" \/>\n<meta property=\"og:type\" content=\"article\" \/>\n<meta property=\"og:title\" content=\"\u00a1Esc\u00e1ndalo en el &#039;Washington Post&#039;! La pol\u00e9mica intromisi\u00f3n de Jeff Bezos arruina su prestigio - Diario 21\" \/>\n<meta property=\"og:description\" content=\"La Influencia de Jeff Bezos Afecta la Reputaci\u00f3n del &#8216;Washington Post&#8217; Desde que el multimillonario Jeff Bezos adquiri\u00f3 el &#8216;Washington Post&#8217; en 2013, el prestigioso peri\u00f3dico ... Seguir leyendo &rarr;\" \/>\n<meta property=\"og:url\" content=\"https:\/\/www.diario21.tv\/noticias\/escandalo-en-el-washington-post-la-polemica-intromision-de-jeff-bezos-arruina-su-prestigio\/\" \/>\n<meta property=\"og:site_name\" content=\"Diario 21\" \/>\n<meta property=\"article:published_time\" content=\"2025-03-02T16:55:14+00:00\" \/>\n<meta property=\"article:modified_time\" content=\"2025-03-02T16:55:15+00:00\" \/>\n<meta property=\"og:image\" content=\"https:\/\/www.diario21.tv\/noticias\/wp-content\/uploads\/2025\/03\/\u00a1Escandalo-en-el-Washington-Post-La-polemica-intromision-de-Jeff.jpg\" \/>\n\t<meta property=\"og:image:width\" content=\"1920\" \/>\n\t<meta property=\"og:image:height\" content=\"1080\" \/>\n\t<meta property=\"og:image:type\" content=\"image\/jpeg\" \/>\n<meta name=\"author\" content=\"Juan P\u00e9rez\" \/>\n<meta name=\"twitter:card\" content=\"summary_large_image\" \/>\n<meta name=\"twitter:label1\" content=\"Escrito por\" \/>\n\t<meta name=\"twitter:data1\" content=\"Juan P\u00e9rez\" \/>\n\t<meta name=\"twitter:label2\" content=\"Tiempo de lectura\" \/>\n\t<meta name=\"twitter:data2\" content=\"3 minutos\" \/>\n<script type=\"application\/ld+json\" class=\"yoast-schema-graph\">{\"@context\":\"https:\/\/schema.org\",\"@graph\":[{\"@type\":\"WebPage\",\"@id\":\"https:\/\/www.diario21.tv\/noticias\/escandalo-en-el-washington-post-la-polemica-intromision-de-jeff-bezos-arruina-su-prestigio\/\",\"url\":\"https:\/\/www.diario21.tv\/noticias\/escandalo-en-el-washington-post-la-polemica-intromision-de-jeff-bezos-arruina-su-prestigio\/\",\"name\":\"\u00a1Esc\u00e1ndalo en el 'Washington Post'! La pol\u00e9mica intromisi\u00f3n de Jeff Bezos arruina su prestigio - Diario 21\",\"isPartOf\":{\"@id\":\"https:\/\/www.diario21.tv\/noticias\/#website\"},\"primaryImageOfPage\":{\"@id\":\"https:\/\/www.diario21.tv\/noticias\/escandalo-en-el-washington-post-la-polemica-intromision-de-jeff-bezos-arruina-su-prestigio\/#primaryimage\"},\"image\":{\"@id\":\"https:\/\/www.diario21.tv\/noticias\/escandalo-en-el-washington-post-la-polemica-intromision-de-jeff-bezos-arruina-su-prestigio\/#primaryimage\"},\"thumbnailUrl\":\"https:\/\/www.diario21.tv\/noticias\/wp-content\/uploads\/2025\/03\/\u00a1Escandalo-en-el-Washington-Post-La-polemica-intromision-de-Jeff.jpg\",\"datePublished\":\"2025-03-02T16:55:14+00:00\",\"dateModified\":\"2025-03-02T16:55:15+00:00\",\"author\":{\"@id\":\"https:\/\/www.diario21.tv\/noticias\/#\/schema\/person\/dfb778f73814d8f09f302618446a526b\"},\"breadcrumb\":{\"@id\":\"https:\/\/www.diario21.tv\/noticias\/escandalo-en-el-washington-post-la-polemica-intromision-de-jeff-bezos-arruina-su-prestigio\/#breadcrumb\"},\"inLanguage\":\"es-AR\",\"potentialAction\":[{\"@type\":\"ReadAction\",\"target\":[\"https:\/\/www.diario21.tv\/noticias\/escandalo-en-el-washington-post-la-polemica-intromision-de-jeff-bezos-arruina-su-prestigio\/\"]}]},{\"@type\":\"ImageObject\",\"inLanguage\":\"es-AR\",\"@id\":\"https:\/\/www.diario21.tv\/noticias\/escandalo-en-el-washington-post-la-polemica-intromision-de-jeff-bezos-arruina-su-prestigio\/#primaryimage\",\"url\":\"https:\/\/www.diario21.tv\/noticias\/wp-content\/uploads\/2025\/03\/\u00a1Escandalo-en-el-Washington-Post-La-polemica-intromision-de-Jeff.jpg\",\"contentUrl\":\"https:\/\/www.diario21.tv\/noticias\/wp-content\/uploads\/2025\/03\/\u00a1Escandalo-en-el-Washington-Post-La-polemica-intromision-de-Jeff.jpg\",\"width\":1920,\"height\":1080,\"caption\":\"La intromisi\u00f3n del multimillonario Jeff Bezos sumerge al &#039;Washington Post&#039; en una crisis de prestigio\"},{\"@type\":\"BreadcrumbList\",\"@id\":\"https:\/\/www.diario21.tv\/noticias\/escandalo-en-el-washington-post-la-polemica-intromision-de-jeff-bezos-arruina-su-prestigio\/#breadcrumb\",\"itemListElement\":[{\"@type\":\"ListItem\",\"position\":1,\"name\":\"Accueil\",\"item\":\"https:\/\/www.diario21.tv\/noticias\/\"},{\"@type\":\"ListItem\",\"position\":2,\"name\":\"\u00a1Esc\u00e1ndalo en el &#8216;Washington Post&#8217;! La pol\u00e9mica intromisi\u00f3n de Jeff Bezos arruina su prestigio\"}]},{\"@type\":\"WebSite\",\"@id\":\"https:\/\/www.diario21.tv\/noticias\/#website\",\"url\":\"https:\/\/www.diario21.tv\/noticias\/\",\"name\":\"Diario 21\",\"description\":\"\",\"potentialAction\":[{\"@type\":\"SearchAction\",\"target\":{\"@type\":\"EntryPoint\",\"urlTemplate\":\"https:\/\/www.diario21.tv\/noticias\/?s={search_term_string}\"},\"query-input\":{\"@type\":\"PropertyValueSpecification\",\"valueRequired\":true,\"valueName\":\"search_term_string\"}}],\"inLanguage\":\"es-AR\"},{\"@type\":\"Person\",\"@id\":\"https:\/\/www.diario21.tv\/noticias\/#\/schema\/person\/dfb778f73814d8f09f302618446a526b\",\"name\":\"Juan P\u00e9rez\",\"image\":{\"@type\":\"ImageObject\",\"inLanguage\":\"es-AR\",\"@id\":\"https:\/\/www.diario21.tv\/noticias\/#\/schema\/person\/image\/\",\"url\":\"https:\/\/secure.gravatar.com\/avatar\/c478a405bd10621167f4c3167cc770f5?s=96&d=mm&r=g\",\"contentUrl\":\"https:\/\/secure.gravatar.com\/avatar\/c478a405bd10621167f4c3167cc770f5?s=96&d=mm&r=g\",\"caption\":\"Juan P\u00e9rez\"},\"description\":\"Juan P\u00e9rez es el redactor en jefe de Diario 21. Con m\u00e1s de 10 a\u00f1os de experiencia en el periodismo, se especializa en pol\u00edtica nacional y an\u00e1lisis socioecon\u00f3mico. Su enfoque cr\u00edtico y riguroso aporta una perspectiva \u00fanica a cada art\u00edculo.\",\"sameAs\":[\"https:\/\/www.diario21.tv\/noticias\/\"],\"url\":\"https:\/\/www.diario21.tv\/noticias\/author\/juan-perez\/\"}]}<\/script>\n<!-- \/ Yoast SEO plugin. -->","yoast_head_json":{"title":"\u00a1Esc\u00e1ndalo en el 'Washington Post'! La pol\u00e9mica intromisi\u00f3n de Jeff Bezos arruina su prestigio - Diario 21","robots":{"index":"index","follow":"follow","max-snippet":"max-snippet:-1","max-image-preview":"max-image-preview:large","max-video-preview":"max-video-preview:-1"},"canonical":"https:\/\/www.diario21.tv\/noticias\/escandalo-en-el-washington-post-la-polemica-intromision-de-jeff-bezos-arruina-su-prestigio\/","og_locale":"es_ES","og_type":"article","og_title":"\u00a1Esc\u00e1ndalo en el 'Washington Post'! La pol\u00e9mica intromisi\u00f3n de Jeff Bezos arruina su prestigio - Diario 21","og_description":"La Influencia de Jeff Bezos Afecta la Reputaci\u00f3n del &#8216;Washington Post&#8217; Desde que el multimillonario Jeff Bezos adquiri\u00f3 el &#8216;Washington Post&#8217; en 2013, el prestigioso peri\u00f3dico ... Seguir leyendo &rarr;","og_url":"https:\/\/www.diario21.tv\/noticias\/escandalo-en-el-washington-post-la-polemica-intromision-de-jeff-bezos-arruina-su-prestigio\/","og_site_name":"Diario 21","article_published_time":"2025-03-02T16:55:14+00:00","article_modified_time":"2025-03-02T16:55:15+00:00","og_image":[{"width":1920,"height":1080,"url":"https:\/\/www.diario21.tv\/noticias\/wp-content\/uploads\/2025\/03\/\u00a1Escandalo-en-el-Washington-Post-La-polemica-intromision-de-Jeff.jpg","type":"image\/jpeg"}],"author":"Juan P\u00e9rez","twitter_card":"summary_large_image","twitter_misc":{"Escrito por":"Juan P\u00e9rez","Tiempo de lectura":"3 minutos"},"schema":{"@context":"https:\/\/schema.org","@graph":[{"@type":"WebPage","@id":"https:\/\/www.diario21.tv\/noticias\/escandalo-en-el-washington-post-la-polemica-intromision-de-jeff-bezos-arruina-su-prestigio\/","url":"https:\/\/www.diario21.tv\/noticias\/escandalo-en-el-washington-post-la-polemica-intromision-de-jeff-bezos-arruina-su-prestigio\/","name":"\u00a1Esc\u00e1ndalo en el 'Washington Post'! La pol\u00e9mica intromisi\u00f3n de Jeff Bezos arruina su prestigio - Diario 21","isPartOf":{"@id":"https:\/\/www.diario21.tv\/noticias\/#website"},"primaryImageOfPage":{"@id":"https:\/\/www.diario21.tv\/noticias\/escandalo-en-el-washington-post-la-polemica-intromision-de-jeff-bezos-arruina-su-prestigio\/#primaryimage"},"image":{"@id":"https:\/\/www.diario21.tv\/noticias\/escandalo-en-el-washington-post-la-polemica-intromision-de-jeff-bezos-arruina-su-prestigio\/#primaryimage"},"thumbnailUrl":"https:\/\/www.diario21.tv\/noticias\/wp-content\/uploads\/2025\/03\/\u00a1Escandalo-en-el-Washington-Post-La-polemica-intromision-de-Jeff.jpg","datePublished":"2025-03-02T16:55:14+00:00","dateModified":"2025-03-02T16:55:15+00:00","author":{"@id":"https:\/\/www.diario21.tv\/noticias\/#\/schema\/person\/dfb778f73814d8f09f302618446a526b"},"breadcrumb":{"@id":"https:\/\/www.diario21.tv\/noticias\/escandalo-en-el-washington-post-la-polemica-intromision-de-jeff-bezos-arruina-su-prestigio\/#breadcrumb"},"inLanguage":"es-AR","potentialAction":[{"@type":"ReadAction","target":["https:\/\/www.diario21.tv\/noticias\/escandalo-en-el-washington-post-la-polemica-intromision-de-jeff-bezos-arruina-su-prestigio\/"]}]},{"@type":"ImageObject","inLanguage":"es-AR","@id":"https:\/\/www.diario21.tv\/noticias\/escandalo-en-el-washington-post-la-polemica-intromision-de-jeff-bezos-arruina-su-prestigio\/#primaryimage","url":"https:\/\/www.diario21.tv\/noticias\/wp-content\/uploads\/2025\/03\/\u00a1Escandalo-en-el-Washington-Post-La-polemica-intromision-de-Jeff.jpg","contentUrl":"https:\/\/www.diario21.tv\/noticias\/wp-content\/uploads\/2025\/03\/\u00a1Escandalo-en-el-Washington-Post-La-polemica-intromision-de-Jeff.jpg","width":1920,"height":1080,"caption":"La intromisi\u00f3n del multimillonario Jeff Bezos sumerge al &#039;Washington Post&#039; en una crisis de prestigio"},{"@type":"BreadcrumbList","@id":"https:\/\/www.diario21.tv\/noticias\/escandalo-en-el-washington-post-la-polemica-intromision-de-jeff-bezos-arruina-su-prestigio\/#breadcrumb","itemListElement":[{"@type":"ListItem","position":1,"name":"Accueil","item":"https:\/\/www.diario21.tv\/noticias\/"},{"@type":"ListItem","position":2,"name":"\u00a1Esc\u00e1ndalo en el &#8216;Washington Post&#8217;! La pol\u00e9mica intromisi\u00f3n de Jeff Bezos arruina su prestigio"}]},{"@type":"WebSite","@id":"https:\/\/www.diario21.tv\/noticias\/#website","url":"https:\/\/www.diario21.tv\/noticias\/","name":"Diario 21","description":"","potentialAction":[{"@type":"SearchAction","target":{"@type":"EntryPoint","urlTemplate":"https:\/\/www.diario21.tv\/noticias\/?s={search_term_string}"},"query-input":{"@type":"PropertyValueSpecification","valueRequired":true,"valueName":"search_term_string"}}],"inLanguage":"es-AR"},{"@type":"Person","@id":"https:\/\/www.diario21.tv\/noticias\/#\/schema\/person\/dfb778f73814d8f09f302618446a526b","name":"Juan P\u00e9rez","image":{"@type":"ImageObject","inLanguage":"es-AR","@id":"https:\/\/www.diario21.tv\/noticias\/#\/schema\/person\/image\/","url":"https:\/\/secure.gravatar.com\/avatar\/c478a405bd10621167f4c3167cc770f5?s=96&d=mm&r=g","contentUrl":"https:\/\/secure.gravatar.com\/avatar\/c478a405bd10621167f4c3167cc770f5?s=96&d=mm&r=g","caption":"Juan P\u00e9rez"},"description":"Juan P\u00e9rez es el redactor en jefe de Diario 21. Con m\u00e1s de 10 a\u00f1os de experiencia en el periodismo, se especializa en pol\u00edtica nacional y an\u00e1lisis socioecon\u00f3mico. Su enfoque cr\u00edtico y riguroso aporta una perspectiva \u00fanica a cada art\u00edculo.","sameAs":["https:\/\/www.diario21.tv\/noticias\/"],"url":"https:\/\/www.diario21.tv\/noticias\/author\/juan-perez\/"}]}},"_links":{"self":[{"href":"https:\/\/www.diario21.tv\/noticias\/wp-json\/wp\/v2\/posts\/2325"}],"collection":[{"href":"https:\/\/www.diario21.tv\/noticias\/wp-json\/wp\/v2\/posts"}],"about":[{"href":"https:\/\/www.diario21.tv\/noticias\/wp-json\/wp\/v2\/types\/post"}],"author":[{"embeddable":true,"href":"https:\/\/www.diario21.tv\/noticias\/wp-json\/wp\/v2\/users\/20"}],"replies":[{"embeddable":true,"href":"https:\/\/www.diario21.tv\/noticias\/wp-json\/wp\/v2\/comments?post=2325"}],"version-history":[{"count":1,"href":"https:\/\/www.diario21.tv\/noticias\/wp-json\/wp\/v2\/posts\/2325\/revisions"}],"predecessor-version":[{"id":2327,"href":"https:\/\/www.diario21.tv\/noticias\/wp-json\/wp\/v2\/posts\/2325\/revisions\/2327"}],"wp:featuredmedia":[{"embeddable":true,"href":"https:\/\/www.diario21.tv\/noticias\/wp-json\/wp\/v2\/media\/2326"}],"wp:attachment":[{"href":"https:\/\/www.diario21.tv\/noticias\/wp-json\/wp\/v2\/media?parent=2325"}],"wp:term":[{"taxonomy":"category","embeddable":true,"href":"https:\/\/www.diario21.tv\/noticias\/wp-json\/wp\/v2\/categories?post=2325"},{"taxonomy":"post_tag","embeddable":true,"href":"https:\/\/www.diario21.tv\/noticias\/wp-json\/wp\/v2\/tags?post=2325"}],"curies":[{"name":"wp","href":"https:\/\/api.w.org\/{rel}","templated":true}]}}