{"id":2322,"date":"2025-03-02T10:53:02","date_gmt":"2025-03-02T10:53:02","guid":{"rendered":"https:\/\/www.diario21.tv\/noticias\/espana-controla-tierras-raras-codiciadas-por-trump-en-ocho-enclaves-clave\/"},"modified":"2025-03-02T10:53:04","modified_gmt":"2025-03-02T10:53:04","slug":"espana-controla-tierras-raras-codiciadas-por-trump-en-ocho-enclaves-clave","status":"publish","type":"post","link":"https:\/\/www.diario21.tv\/noticias\/espana-controla-tierras-raras-codiciadas-por-trump-en-ocho-enclaves-clave\/","title":{"rendered":"Espa\u00f1a controla tierras raras codiciadas por Trump en ocho enclaves clave"},"content":{"rendered":"<h2>Los Dep\u00f3sitos de Elementos de Tierras Raras en Espa\u00f1a Captan la Atenci\u00f3n de Estados Unidos<\/h2>\n<p>Espa\u00f1a se ha convertido en un foco de atenci\u00f3n internacional debido a sus reservas de tierras raras, un conjunto de elementos vitales para la fabricaci\u00f3n de tecnolog\u00eda avanzada y productos de alta demanda como los tel\u00e9fonos m\u00f3viles, bater\u00edas de veh\u00edculos el\u00e9ctricos y diversos dispositivos electr\u00f3nicos. Estas tierras raras, que incluyen metales como el neodimio, el escandio y el itrio, son esenciales para el desarrollo de tecnolog\u00edas verdes y la industria de la defensa.<\/p>\n<h3>Ocho Ubicaciones Clave en Espa\u00f1a<\/h3>\n<p>Espa\u00f1a alberga estos valiosos recursos en ocho ubicaciones principales distribuidas en su territorio. Estos yacimientos han despertado un considerable inter\u00e9s internacional, especialmente de pa\u00edses como Estados Unidos, cuyo presidente, Donald Trump, ha mostrado un inter\u00e9s particular en asegurar el acceso a estos recursos cr\u00edticos. La dependencia de Estados Unidos de las importaciones de tierras raras, principalmente de China, ha generado una necesidad urgente de diversificar sus fuentes y reducir vulnerabilidades geopol\u00edticas.<\/p>\n<h3>Implicaciones para la Industria y la Tecnolog\u00eda<\/h3>\n<p>La importancia de las tierras raras radica en sus aplicaciones \u00fanicas en sectores clave. Estos elementos son componentes irremplazables en una amplia gama de dispositivos tecnol\u00f3gicos y sistemas de defensa. Por ejemplo, el neodimio es crucial para la fabricaci\u00f3n de imanes permanentes que se utilizan en turbinas e\u00f3licas y motores de veh\u00edculos el\u00e9ctricos. Asimismo, el escandio se emplea en aleaciones avanzadas para la industria aeroespacial.<\/p>\n<p>La presencia de estos recursos en Espa\u00f1a no solo tiene implicaciones econ\u00f3micas sino tambi\u00e9n estrat\u00e9gicas, poniendo al pa\u00eds en una posici\u00f3n de potencial influencia en el mercado global de tierras raras. Esto podr\u00eda traducirse en una ventaja econ\u00f3mica significativa dada la creciente demanda de tecnolog\u00edas sostenibles y equipos militares avanzados.<\/p>\n<h3>Desaf\u00edos y Oportunidades<\/h3>\n<p>Sin embargo, la explotaci\u00f3n de las tierras raras no est\u00e1 exenta de desaf\u00edos. Los procesos de extracci\u00f3n y procesamiento de estos metales son complejos y requieren tecnolog\u00eda avanzada, adem\u00e1s de ser potencialmente da\u00f1inos para el medio ambiente si no se gestionan adecuadamente. Espa\u00f1a, con su compromiso hacia la sostenibilidad y la protecci\u00f3n ambiental, se enfrenta al reto de equilibrar el desarrollo econ\u00f3mico con la conservaci\u00f3n de su entorno natural.<\/p>\n<p>En conclusi\u00f3n, las reservas de tierras raras en Espa\u00f1a representan una oportunidad \u00fanica para el pa\u00eds de posicionarse como un jugador clave en el mercado global de recursos cr\u00edticos. Con una gesti\u00f3n adecuada, estos recursos podr\u00edan contribuir significativamente al crecimiento econ\u00f3mico y tecnol\u00f3gico de Espa\u00f1a, mientras se mantienen los est\u00e1ndares de protecci\u00f3n ambiental y se fortalece la independencia tecnol\u00f3gica de pa\u00edses aliados como Estados Unidos.<\/p>\n\n\n<div class=\"kk-star-ratings kksr-auto kksr-align-left kksr-valign-bottom\"\n    data-payload='{&quot;align&quot;:&quot;left&quot;,&quot;id&quot;:&quot;2322&quot;,&quot;slug&quot;:&quot;default&quot;,&quot;valign&quot;:&quot;bottom&quot;,&quot;ignore&quot;:&quot;&quot;,&quot;reference&quot;:&quot;auto&quot;,&quot;class&quot;:&quot;&quot;,&quot;count&quot;:&quot;0&quot;,&quot;legendonly&quot;:&quot;&quot;,&quot;readonly&quot;:&quot;&quot;,&quot;score&quot;:&quot;0&quot;,&quot;starsonly&quot;:&quot;&quot;,&quot;best&quot;:&quot;5&quot;,&quot;gap&quot;:&quot;5&quot;,&quot;greet&quot;:&quot;Valora este post&quot;,&quot;legend&quot;:&quot;0\\\/5 - (0 votes)&quot;,&quot;size&quot;:&quot;22&quot;,&quot;title&quot;:&quot;Espa\u00f1a controla tierras raras codiciadas por Trump en ocho enclaves clave&quot;,&quot;width&quot;:&quot;0&quot;,&quot;_legend&quot;:&quot;{score}\\\/{best} - ({count} {votes})&quot;,&quot;font_factor&quot;:&quot;1.25&quot;}'>\n            \n<div class=\"kksr-stars\">\n    \n<div class=\"kksr-stars-inactive\">\n            <div class=\"kksr-star\" data-star=\"1\" style=\"padding-right: 5px\">\n            \n\n<div class=\"kksr-icon\" style=\"width: 22px; height: 22px;\"><\/div>\n        <\/div>\n            <div class=\"kksr-star\" data-star=\"2\" style=\"padding-right: 5px\">\n            \n\n<div class=\"kksr-icon\" style=\"width: 22px; height: 22px;\"><\/div>\n        <\/div>\n            <div class=\"kksr-star\" data-star=\"3\" style=\"padding-right: 5px\">\n            \n\n<div class=\"kksr-icon\" style=\"width: 22px; height: 22px;\"><\/div>\n        <\/div>\n            <div class=\"kksr-star\" data-star=\"4\" style=\"padding-right: 5px\">\n            \n\n<div class=\"kksr-icon\" style=\"width: 22px; height: 22px;\"><\/div>\n        <\/div>\n            <div class=\"kksr-star\" data-star=\"5\" style=\"padding-right: 5px\">\n            \n\n<div class=\"kksr-icon\" style=\"width: 22px; height: 22px;\"><\/div>\n        <\/div>\n    <\/div>\n    \n<div class=\"kksr-stars-active\" style=\"width: 0px;\">\n            <div class=\"kksr-star\" style=\"padding-right: 5px\">\n            \n\n<div class=\"kksr-icon\" style=\"width: 22px; height: 22px;\"><\/div>\n        <\/div>\n            <div class=\"kksr-star\" style=\"padding-right: 5px\">\n            \n\n<div class=\"kksr-icon\" style=\"width: 22px; height: 22px;\"><\/div>\n        <\/div>\n            <div class=\"kksr-star\" style=\"padding-right: 5px\">\n            \n\n<div class=\"kksr-icon\" style=\"width: 22px; height: 22px;\"><\/div>\n        <\/div>\n            <div class=\"kksr-star\" style=\"padding-right: 5px\">\n            \n\n<div class=\"kksr-icon\" style=\"width: 22px; height: 22px;\"><\/div>\n        <\/div>\n            <div class=\"kksr-star\" style=\"padding-right: 5px\">\n            \n\n<div class=\"kksr-icon\" style=\"width: 22px; height: 22px;\"><\/div>\n        <\/div>\n    <\/div>\n<\/div>\n                \n\n<div class=\"kksr-legend\" style=\"font-size: 17.6px;\">\n            <span class=\"kksr-muted\">Valora este post<\/span>\n    <\/div>\n    <\/div>\n","protected":false},"excerpt":{"rendered":"<p>Los Dep\u00f3sitos de Elementos de Tierras Raras en Espa\u00f1a Captan la Atenci\u00f3n de Estados Unidos Espa\u00f1a se ha convertido en un foco de atenci\u00f3n internacional debido &#8230; <a title=\"Espa\u00f1a controla tierras raras codiciadas por Trump en ocho enclaves clave\" class=\"read-more\" href=\"https:\/\/www.diario21.tv\/noticias\/espana-controla-tierras-raras-codiciadas-por-trump-en-ocho-enclaves-clave\/\" aria-label=\"Leer m\u00e1s sobre Espa\u00f1a controla tierras raras codiciadas por Trump en ocho enclaves clave\">Seguir leyendo &rarr;<\/a><\/p>\n","protected":false},"author":20,"featured_media":2323,"comment_status":"open","ping_status":"open","sticky":false,"template":"","format":"standard","meta":{"footnotes":""},"categories":[13],"tags":[],"class_list":["post-2322","post","type-post","status-publish","format-standard","has-post-thumbnail","hentry","category-portada"],"yoast_head":"<!-- This site is optimized with the Yoast SEO plugin v25.6 - https:\/\/yoast.com\/wordpress\/plugins\/seo\/ -->\n<title>Espa\u00f1a controla tierras raras codiciadas por Trump en ocho enclaves clave - Diario 21<\/title>\n<meta name=\"robots\" content=\"index, follow, max-snippet:-1, max-image-preview:large, max-video-preview:-1\" \/>\n<link rel=\"canonical\" href=\"https:\/\/www.diario21.tv\/noticias\/espana-controla-tierras-raras-codiciadas-por-trump-en-ocho-enclaves-clave\/\" \/>\n<meta property=\"og:locale\" content=\"es_ES\" \/>\n<meta property=\"og:type\" content=\"article\" \/>\n<meta property=\"og:title\" content=\"Espa\u00f1a controla tierras raras codiciadas por Trump en ocho enclaves clave - Diario 21\" \/>\n<meta property=\"og:description\" content=\"Los Dep\u00f3sitos de Elementos de Tierras Raras en Espa\u00f1a Captan la Atenci\u00f3n de Estados Unidos Espa\u00f1a se ha convertido en un foco de atenci\u00f3n internacional debido ... Seguir leyendo &rarr;\" \/>\n<meta property=\"og:url\" content=\"https:\/\/www.diario21.tv\/noticias\/espana-controla-tierras-raras-codiciadas-por-trump-en-ocho-enclaves-clave\/\" \/>\n<meta property=\"og:site_name\" content=\"Diario 21\" \/>\n<meta property=\"article:published_time\" content=\"2025-03-02T10:53:02+00:00\" \/>\n<meta property=\"article:modified_time\" content=\"2025-03-02T10:53:04+00:00\" \/>\n<meta property=\"og:image\" content=\"https:\/\/www.diario21.tv\/noticias\/wp-content\/uploads\/2025\/03\/Espana-controla-tierras-raras-codiciadas-por-Trump-en-ocho-enclaves.jpg\" \/>\n\t<meta property=\"og:image:width\" content=\"1920\" \/>\n\t<meta property=\"og:image:height\" content=\"1080\" \/>\n\t<meta property=\"og:image:type\" content=\"image\/jpeg\" \/>\n<meta name=\"author\" content=\"Juan P\u00e9rez\" \/>\n<meta name=\"twitter:card\" content=\"summary_large_image\" \/>\n<meta name=\"twitter:label1\" content=\"Escrito por\" \/>\n\t<meta name=\"twitter:data1\" content=\"Juan P\u00e9rez\" \/>\n\t<meta name=\"twitter:label2\" content=\"Tiempo de lectura\" \/>\n\t<meta name=\"twitter:data2\" content=\"2 minutos\" \/>\n<script type=\"application\/ld+json\" class=\"yoast-schema-graph\">{\"@context\":\"https:\/\/schema.org\",\"@graph\":[{\"@type\":\"WebPage\",\"@id\":\"https:\/\/www.diario21.tv\/noticias\/espana-controla-tierras-raras-codiciadas-por-trump-en-ocho-enclaves-clave\/\",\"url\":\"https:\/\/www.diario21.tv\/noticias\/espana-controla-tierras-raras-codiciadas-por-trump-en-ocho-enclaves-clave\/\",\"name\":\"Espa\u00f1a controla tierras raras codiciadas por Trump en ocho enclaves clave - Diario 21\",\"isPartOf\":{\"@id\":\"https:\/\/www.diario21.tv\/noticias\/#website\"},\"primaryImageOfPage\":{\"@id\":\"https:\/\/www.diario21.tv\/noticias\/espana-controla-tierras-raras-codiciadas-por-trump-en-ocho-enclaves-clave\/#primaryimage\"},\"image\":{\"@id\":\"https:\/\/www.diario21.tv\/noticias\/espana-controla-tierras-raras-codiciadas-por-trump-en-ocho-enclaves-clave\/#primaryimage\"},\"thumbnailUrl\":\"https:\/\/www.diario21.tv\/noticias\/wp-content\/uploads\/2025\/03\/Espana-controla-tierras-raras-codiciadas-por-Trump-en-ocho-enclaves.jpg\",\"datePublished\":\"2025-03-02T10:53:02+00:00\",\"dateModified\":\"2025-03-02T10:53:04+00:00\",\"author\":{\"@id\":\"https:\/\/www.diario21.tv\/noticias\/#\/schema\/person\/dfb778f73814d8f09f302618446a526b\"},\"breadcrumb\":{\"@id\":\"https:\/\/www.diario21.tv\/noticias\/espana-controla-tierras-raras-codiciadas-por-trump-en-ocho-enclaves-clave\/#breadcrumb\"},\"inLanguage\":\"es-AR\",\"potentialAction\":[{\"@type\":\"ReadAction\",\"target\":[\"https:\/\/www.diario21.tv\/noticias\/espana-controla-tierras-raras-codiciadas-por-trump-en-ocho-enclaves-clave\/\"]}]},{\"@type\":\"ImageObject\",\"inLanguage\":\"es-AR\",\"@id\":\"https:\/\/www.diario21.tv\/noticias\/espana-controla-tierras-raras-codiciadas-por-trump-en-ocho-enclaves-clave\/#primaryimage\",\"url\":\"https:\/\/www.diario21.tv\/noticias\/wp-content\/uploads\/2025\/03\/Espana-controla-tierras-raras-codiciadas-por-Trump-en-ocho-enclaves.jpg\",\"contentUrl\":\"https:\/\/www.diario21.tv\/noticias\/wp-content\/uploads\/2025\/03\/Espana-controla-tierras-raras-codiciadas-por-Trump-en-ocho-enclaves.jpg\",\"width\":1920,\"height\":1080,\"caption\":\"Espa\u00f1a guarda en ocho enclaves las tierras raras que ans\u00eda Trump\"},{\"@type\":\"BreadcrumbList\",\"@id\":\"https:\/\/www.diario21.tv\/noticias\/espana-controla-tierras-raras-codiciadas-por-trump-en-ocho-enclaves-clave\/#breadcrumb\",\"itemListElement\":[{\"@type\":\"ListItem\",\"position\":1,\"name\":\"Accueil\",\"item\":\"https:\/\/www.diario21.tv\/noticias\/\"},{\"@type\":\"ListItem\",\"position\":2,\"name\":\"Espa\u00f1a controla tierras raras codiciadas por Trump en ocho enclaves clave\"}]},{\"@type\":\"WebSite\",\"@id\":\"https:\/\/www.diario21.tv\/noticias\/#website\",\"url\":\"https:\/\/www.diario21.tv\/noticias\/\",\"name\":\"Diario 21\",\"description\":\"\",\"potentialAction\":[{\"@type\":\"SearchAction\",\"target\":{\"@type\":\"EntryPoint\",\"urlTemplate\":\"https:\/\/www.diario21.tv\/noticias\/?s={search_term_string}\"},\"query-input\":{\"@type\":\"PropertyValueSpecification\",\"valueRequired\":true,\"valueName\":\"search_term_string\"}}],\"inLanguage\":\"es-AR\"},{\"@type\":\"Person\",\"@id\":\"https:\/\/www.diario21.tv\/noticias\/#\/schema\/person\/dfb778f73814d8f09f302618446a526b\",\"name\":\"Juan P\u00e9rez\",\"image\":{\"@type\":\"ImageObject\",\"inLanguage\":\"es-AR\",\"@id\":\"https:\/\/www.diario21.tv\/noticias\/#\/schema\/person\/image\/\",\"url\":\"https:\/\/secure.gravatar.com\/avatar\/c478a405bd10621167f4c3167cc770f5?s=96&d=mm&r=g\",\"contentUrl\":\"https:\/\/secure.gravatar.com\/avatar\/c478a405bd10621167f4c3167cc770f5?s=96&d=mm&r=g\",\"caption\":\"Juan P\u00e9rez\"},\"description\":\"Juan P\u00e9rez es el redactor en jefe de Diario 21. Con m\u00e1s de 10 a\u00f1os de experiencia en el periodismo, se especializa en pol\u00edtica nacional y an\u00e1lisis socioecon\u00f3mico. Su enfoque cr\u00edtico y riguroso aporta una perspectiva \u00fanica a cada art\u00edculo.\",\"sameAs\":[\"https:\/\/www.diario21.tv\/noticias\/\"],\"url\":\"https:\/\/www.diario21.tv\/noticias\/author\/juan-perez\/\"}]}<\/script>\n<!-- \/ Yoast SEO plugin. -->","yoast_head_json":{"title":"Espa\u00f1a controla tierras raras codiciadas por Trump en ocho enclaves clave - Diario 21","robots":{"index":"index","follow":"follow","max-snippet":"max-snippet:-1","max-image-preview":"max-image-preview:large","max-video-preview":"max-video-preview:-1"},"canonical":"https:\/\/www.diario21.tv\/noticias\/espana-controla-tierras-raras-codiciadas-por-trump-en-ocho-enclaves-clave\/","og_locale":"es_ES","og_type":"article","og_title":"Espa\u00f1a controla tierras raras codiciadas por Trump en ocho enclaves clave - Diario 21","og_description":"Los Dep\u00f3sitos de Elementos de Tierras Raras en Espa\u00f1a Captan la Atenci\u00f3n de Estados Unidos Espa\u00f1a se ha convertido en un foco de atenci\u00f3n internacional debido ... Seguir leyendo &rarr;","og_url":"https:\/\/www.diario21.tv\/noticias\/espana-controla-tierras-raras-codiciadas-por-trump-en-ocho-enclaves-clave\/","og_site_name":"Diario 21","article_published_time":"2025-03-02T10:53:02+00:00","article_modified_time":"2025-03-02T10:53:04+00:00","og_image":[{"width":1920,"height":1080,"url":"https:\/\/www.diario21.tv\/noticias\/wp-content\/uploads\/2025\/03\/Espana-controla-tierras-raras-codiciadas-por-Trump-en-ocho-enclaves.jpg","type":"image\/jpeg"}],"author":"Juan P\u00e9rez","twitter_card":"summary_large_image","twitter_misc":{"Escrito por":"Juan P\u00e9rez","Tiempo de lectura":"2 minutos"},"schema":{"@context":"https:\/\/schema.org","@graph":[{"@type":"WebPage","@id":"https:\/\/www.diario21.tv\/noticias\/espana-controla-tierras-raras-codiciadas-por-trump-en-ocho-enclaves-clave\/","url":"https:\/\/www.diario21.tv\/noticias\/espana-controla-tierras-raras-codiciadas-por-trump-en-ocho-enclaves-clave\/","name":"Espa\u00f1a controla tierras raras codiciadas por Trump en ocho enclaves clave - Diario 21","isPartOf":{"@id":"https:\/\/www.diario21.tv\/noticias\/#website"},"primaryImageOfPage":{"@id":"https:\/\/www.diario21.tv\/noticias\/espana-controla-tierras-raras-codiciadas-por-trump-en-ocho-enclaves-clave\/#primaryimage"},"image":{"@id":"https:\/\/www.diario21.tv\/noticias\/espana-controla-tierras-raras-codiciadas-por-trump-en-ocho-enclaves-clave\/#primaryimage"},"thumbnailUrl":"https:\/\/www.diario21.tv\/noticias\/wp-content\/uploads\/2025\/03\/Espana-controla-tierras-raras-codiciadas-por-Trump-en-ocho-enclaves.jpg","datePublished":"2025-03-02T10:53:02+00:00","dateModified":"2025-03-02T10:53:04+00:00","author":{"@id":"https:\/\/www.diario21.tv\/noticias\/#\/schema\/person\/dfb778f73814d8f09f302618446a526b"},"breadcrumb":{"@id":"https:\/\/www.diario21.tv\/noticias\/espana-controla-tierras-raras-codiciadas-por-trump-en-ocho-enclaves-clave\/#breadcrumb"},"inLanguage":"es-AR","potentialAction":[{"@type":"ReadAction","target":["https:\/\/www.diario21.tv\/noticias\/espana-controla-tierras-raras-codiciadas-por-trump-en-ocho-enclaves-clave\/"]}]},{"@type":"ImageObject","inLanguage":"es-AR","@id":"https:\/\/www.diario21.tv\/noticias\/espana-controla-tierras-raras-codiciadas-por-trump-en-ocho-enclaves-clave\/#primaryimage","url":"https:\/\/www.diario21.tv\/noticias\/wp-content\/uploads\/2025\/03\/Espana-controla-tierras-raras-codiciadas-por-Trump-en-ocho-enclaves.jpg","contentUrl":"https:\/\/www.diario21.tv\/noticias\/wp-content\/uploads\/2025\/03\/Espana-controla-tierras-raras-codiciadas-por-Trump-en-ocho-enclaves.jpg","width":1920,"height":1080,"caption":"Espa\u00f1a guarda en ocho enclaves las tierras raras que ans\u00eda Trump"},{"@type":"BreadcrumbList","@id":"https:\/\/www.diario21.tv\/noticias\/espana-controla-tierras-raras-codiciadas-por-trump-en-ocho-enclaves-clave\/#breadcrumb","itemListElement":[{"@type":"ListItem","position":1,"name":"Accueil","item":"https:\/\/www.diario21.tv\/noticias\/"},{"@type":"ListItem","position":2,"name":"Espa\u00f1a controla tierras raras codiciadas por Trump en ocho enclaves clave"}]},{"@type":"WebSite","@id":"https:\/\/www.diario21.tv\/noticias\/#website","url":"https:\/\/www.diario21.tv\/noticias\/","name":"Diario 21","description":"","potentialAction":[{"@type":"SearchAction","target":{"@type":"EntryPoint","urlTemplate":"https:\/\/www.diario21.tv\/noticias\/?s={search_term_string}"},"query-input":{"@type":"PropertyValueSpecification","valueRequired":true,"valueName":"search_term_string"}}],"inLanguage":"es-AR"},{"@type":"Person","@id":"https:\/\/www.diario21.tv\/noticias\/#\/schema\/person\/dfb778f73814d8f09f302618446a526b","name":"Juan P\u00e9rez","image":{"@type":"ImageObject","inLanguage":"es-AR","@id":"https:\/\/www.diario21.tv\/noticias\/#\/schema\/person\/image\/","url":"https:\/\/secure.gravatar.com\/avatar\/c478a405bd10621167f4c3167cc770f5?s=96&d=mm&r=g","contentUrl":"https:\/\/secure.gravatar.com\/avatar\/c478a405bd10621167f4c3167cc770f5?s=96&d=mm&r=g","caption":"Juan P\u00e9rez"},"description":"Juan P\u00e9rez es el redactor en jefe de Diario 21. Con m\u00e1s de 10 a\u00f1os de experiencia en el periodismo, se especializa en pol\u00edtica nacional y an\u00e1lisis socioecon\u00f3mico. Su enfoque cr\u00edtico y riguroso aporta una perspectiva \u00fanica a cada art\u00edculo.","sameAs":["https:\/\/www.diario21.tv\/noticias\/"],"url":"https:\/\/www.diario21.tv\/noticias\/author\/juan-perez\/"}]}},"_links":{"self":[{"href":"https:\/\/www.diario21.tv\/noticias\/wp-json\/wp\/v2\/posts\/2322"}],"collection":[{"href":"https:\/\/www.diario21.tv\/noticias\/wp-json\/wp\/v2\/posts"}],"about":[{"href":"https:\/\/www.diario21.tv\/noticias\/wp-json\/wp\/v2\/types\/post"}],"author":[{"embeddable":true,"href":"https:\/\/www.diario21.tv\/noticias\/wp-json\/wp\/v2\/users\/20"}],"replies":[{"embeddable":true,"href":"https:\/\/www.diario21.tv\/noticias\/wp-json\/wp\/v2\/comments?post=2322"}],"version-history":[{"count":1,"href":"https:\/\/www.diario21.tv\/noticias\/wp-json\/wp\/v2\/posts\/2322\/revisions"}],"predecessor-version":[{"id":2324,"href":"https:\/\/www.diario21.tv\/noticias\/wp-json\/wp\/v2\/posts\/2322\/revisions\/2324"}],"wp:featuredmedia":[{"embeddable":true,"href":"https:\/\/www.diario21.tv\/noticias\/wp-json\/wp\/v2\/media\/2323"}],"wp:attachment":[{"href":"https:\/\/www.diario21.tv\/noticias\/wp-json\/wp\/v2\/media?parent=2322"}],"wp:term":[{"taxonomy":"category","embeddable":true,"href":"https:\/\/www.diario21.tv\/noticias\/wp-json\/wp\/v2\/categories?post=2322"},{"taxonomy":"post_tag","embeddable":true,"href":"https:\/\/www.diario21.tv\/noticias\/wp-json\/wp\/v2\/tags?post=2322"}],"curies":[{"name":"wp","href":"https:\/\/api.w.org\/{rel}","templated":true}]}}