{"id":2319,"date":"2025-03-02T04:51:41","date_gmt":"2025-03-02T04:51:41","guid":{"rendered":"https:\/\/www.diario21.tv\/noticias\/alerta-solo-el-20-de-las-enfermedades-raras-son-investigadas-estamos-en-riesgo\/"},"modified":"2025-03-02T04:51:42","modified_gmt":"2025-03-02T04:51:42","slug":"alerta-solo-el-20-de-las-enfermedades-raras-son-investigadas-estamos-en-riesgo","status":"publish","type":"post","link":"https:\/\/www.diario21.tv\/noticias\/alerta-solo-el-20-de-las-enfermedades-raras-son-investigadas-estamos-en-riesgo\/","title":{"rendered":"\u00a1Alerta! Solo el 20% de las enfermedades raras son investigadas: \u00bfEstamos en riesgo?"},"content":{"rendered":"<h2>Solo el 20% de las Enfermedades Raras son Objeto de Investigaci\u00f3n<\/h2>\n<p>Las enfermedades raras, aquellas que afectan a una peque\u00f1a porci\u00f3n de la poblaci\u00f3n, enfrentan un gran desaf\u00edo en el \u00e1mbito de la investigaci\u00f3n m\u00e9dica. A pesar de que existen aproximadamente 7,000 enfermedades raras conocidas, solo una fracci\u00f3n de ellas est\u00e1 actualmente bajo estudio cient\u00edfico activo.<\/p>\n<h3>Escasez de Investigaci\u00f3n y Recursos<\/h3>\n<p>De acuerdo con las estad\u00edsticas recientes, solo el 20% de estas enfermedades est\u00e1n siendo estudiadas por investigadores en todo el mundo. Esto se traduce en que miles de condiciones m\u00e9dicas raras no tienen suficientes investigaciones en curso que puedan conducir a nuevos tratamientos o curas. La falta de inter\u00e9s y de financiamiento son dos de los principales obst\u00e1culos que impiden que estas enfermedades sean m\u00e1s estudiadas.<\/p>\n<h3>Desaf\u00edos para los Pacientes<\/h3>\n<p>Esta falta de investigaci\u00f3n tiene un impacto directo en los pacientes que sufren de estas enfermedades. Sin suficientes estudios, las opciones de tratamiento para muchas de estas condiciones son limitadas o inexistentes. Adem\u00e1s, la escasez de informaci\u00f3n cient\u00edfica sobre estas enfermedades hace que el diagn\u00f3stico sea complicado y, en muchos casos, tard\u00edo.<\/p>\n<h3>\u00bfPor qu\u00e9 es Limitada la Investigaci\u00f3n en Enfermedades Raras?<\/h3>\n<p>Una de las razones principales de la limitada investigaci\u00f3n en enfermedades raras es la falta de financiaci\u00f3n. Investigar enfermedades que afectan a un n\u00famero reducido de personas no suele ser visto como rentable por las empresas farmac\u00e9uticas, que generalmente invierten en enfermedades que afectan a una mayor cantidad de la poblaci\u00f3n y, por lo tanto, tienen un mercado m\u00e1s grande.<\/p>\n<p>Adem\u00e1s, la complejidad de estas enfermedades y la diversidad en sus manifestaciones dificultan a\u00fan m\u00e1s la investigaci\u00f3n. Cada enfermedad rara puede variar significativamente de una persona a otra, lo que requiere estudios muy personalizados y espec\u00edficos.<\/p>\n<h3>Esfuerzos para Impulsar la Investigaci\u00f3n<\/h3>\n<p>A pesar de estos desaf\u00edos, existen esfuerzos continuos por parte de organizaciones no gubernamentales, fundaciones de pacientes y algunos gobiernos para aumentar la investigaci\u00f3n en el campo de las enfermedades raras. Estas entidades trabajan para proporcionar m\u00e1s fondos y recursos para la investigaci\u00f3n, y para aumentar la conciencia sobre estas condiciones.<\/p>\n<p>Adem\u00e1s, el avance en tecnolog\u00edas como la secuenciaci\u00f3n gen\u00e9tica y la biolog\u00eda molecular est\u00e1 empezando a abrir nuevas posibilidades para entender mejor estas enfermedades y desarrollar tratamientos efectivos.<\/p>\n<h3>Conclusi\u00f3n<\/h3>\n<p>En conclusi\u00f3n, aunque solo una peque\u00f1a proporci\u00f3n de las enfermedades raras est\u00e1 siendo investigada actualmente, los esfuerzos para cambiar esta situaci\u00f3n son cruciales. Es fundamental aumentar la financiaci\u00f3n y el inter\u00e9s en la investigaci\u00f3n de estas condiciones para ofrecer esperanza y soluciones a los millones de personas afectadas en todo el mundo.<\/p>\n\n\n<div class=\"kk-star-ratings kksr-auto kksr-align-left kksr-valign-bottom\"\n    data-payload='{&quot;align&quot;:&quot;left&quot;,&quot;id&quot;:&quot;2319&quot;,&quot;slug&quot;:&quot;default&quot;,&quot;valign&quot;:&quot;bottom&quot;,&quot;ignore&quot;:&quot;&quot;,&quot;reference&quot;:&quot;auto&quot;,&quot;class&quot;:&quot;&quot;,&quot;count&quot;:&quot;0&quot;,&quot;legendonly&quot;:&quot;&quot;,&quot;readonly&quot;:&quot;&quot;,&quot;score&quot;:&quot;0&quot;,&quot;starsonly&quot;:&quot;&quot;,&quot;best&quot;:&quot;5&quot;,&quot;gap&quot;:&quot;5&quot;,&quot;greet&quot;:&quot;Valora este post&quot;,&quot;legend&quot;:&quot;0\\\/5 - (0 votes)&quot;,&quot;size&quot;:&quot;22&quot;,&quot;title&quot;:&quot;\u00a1Alerta! Solo el 20% de las enfermedades raras son investigadas: \u00bfEstamos en riesgo?&quot;,&quot;width&quot;:&quot;0&quot;,&quot;_legend&quot;:&quot;{score}\\\/{best} - ({count} {votes})&quot;,&quot;font_factor&quot;:&quot;1.25&quot;}'>\n            \n<div class=\"kksr-stars\">\n    \n<div class=\"kksr-stars-inactive\">\n            <div class=\"kksr-star\" data-star=\"1\" style=\"padding-right: 5px\">\n            \n\n<div class=\"kksr-icon\" style=\"width: 22px; height: 22px;\"><\/div>\n        <\/div>\n            <div class=\"kksr-star\" data-star=\"2\" style=\"padding-right: 5px\">\n            \n\n<div class=\"kksr-icon\" style=\"width: 22px; height: 22px;\"><\/div>\n        <\/div>\n            <div class=\"kksr-star\" data-star=\"3\" style=\"padding-right: 5px\">\n            \n\n<div class=\"kksr-icon\" style=\"width: 22px; height: 22px;\"><\/div>\n        <\/div>\n            <div class=\"kksr-star\" data-star=\"4\" style=\"padding-right: 5px\">\n            \n\n<div class=\"kksr-icon\" style=\"width: 22px; height: 22px;\"><\/div>\n        <\/div>\n            <div class=\"kksr-star\" data-star=\"5\" style=\"padding-right: 5px\">\n            \n\n<div class=\"kksr-icon\" style=\"width: 22px; height: 22px;\"><\/div>\n        <\/div>\n    <\/div>\n    \n<div class=\"kksr-stars-active\" style=\"width: 0px;\">\n            <div class=\"kksr-star\" style=\"padding-right: 5px\">\n            \n\n<div class=\"kksr-icon\" style=\"width: 22px; height: 22px;\"><\/div>\n        <\/div>\n            <div class=\"kksr-star\" style=\"padding-right: 5px\">\n            \n\n<div class=\"kksr-icon\" style=\"width: 22px; height: 22px;\"><\/div>\n        <\/div>\n            <div class=\"kksr-star\" style=\"padding-right: 5px\">\n            \n\n<div class=\"kksr-icon\" style=\"width: 22px; height: 22px;\"><\/div>\n        <\/div>\n            <div class=\"kksr-star\" style=\"padding-right: 5px\">\n            \n\n<div class=\"kksr-icon\" style=\"width: 22px; height: 22px;\"><\/div>\n        <\/div>\n            <div class=\"kksr-star\" style=\"padding-right: 5px\">\n            \n\n<div class=\"kksr-icon\" style=\"width: 22px; height: 22px;\"><\/div>\n        <\/div>\n    <\/div>\n<\/div>\n                \n\n<div class=\"kksr-legend\" style=\"font-size: 17.6px;\">\n            <span class=\"kksr-muted\">Valora este post<\/span>\n    <\/div>\n    <\/div>\n","protected":false},"excerpt":{"rendered":"<p>Solo el 20% de las Enfermedades Raras son Objeto de Investigaci\u00f3n Las enfermedades raras, aquellas que afectan a una peque\u00f1a porci\u00f3n de la poblaci\u00f3n, enfrentan un &#8230; <a title=\"\u00a1Alerta! Solo el 20% de las enfermedades raras son investigadas: \u00bfEstamos en riesgo?\" class=\"read-more\" href=\"https:\/\/www.diario21.tv\/noticias\/alerta-solo-el-20-de-las-enfermedades-raras-son-investigadas-estamos-en-riesgo\/\" aria-label=\"Leer m\u00e1s sobre \u00a1Alerta! Solo el 20% de las enfermedades raras son investigadas: \u00bfEstamos en riesgo?\">Seguir leyendo &rarr;<\/a><\/p>\n","protected":false},"author":20,"featured_media":2320,"comment_status":"open","ping_status":"open","sticky":false,"template":"","format":"standard","meta":{"footnotes":""},"categories":[13],"tags":[],"class_list":["post-2319","post","type-post","status-publish","format-standard","has-post-thumbnail","hentry","category-portada"],"yoast_head":"<!-- This site is optimized with the Yoast SEO plugin v25.6 - https:\/\/yoast.com\/wordpress\/plugins\/seo\/ -->\n<title>\u00a1Alerta! Solo el 20% de las enfermedades raras son investigadas: \u00bfEstamos en riesgo? - Diario 21<\/title>\n<meta name=\"robots\" content=\"index, follow, max-snippet:-1, max-image-preview:large, max-video-preview:-1\" \/>\n<link rel=\"canonical\" href=\"https:\/\/www.diario21.tv\/noticias\/alerta-solo-el-20-de-las-enfermedades-raras-son-investigadas-estamos-en-riesgo\/\" \/>\n<meta property=\"og:locale\" content=\"es_ES\" \/>\n<meta property=\"og:type\" content=\"article\" \/>\n<meta property=\"og:title\" content=\"\u00a1Alerta! Solo el 20% de las enfermedades raras son investigadas: \u00bfEstamos en riesgo? - Diario 21\" \/>\n<meta property=\"og:description\" content=\"Solo el 20% de las Enfermedades Raras son Objeto de Investigaci\u00f3n Las enfermedades raras, aquellas que afectan a una peque\u00f1a porci\u00f3n de la poblaci\u00f3n, enfrentan un ... Seguir leyendo &rarr;\" \/>\n<meta property=\"og:url\" content=\"https:\/\/www.diario21.tv\/noticias\/alerta-solo-el-20-de-las-enfermedades-raras-son-investigadas-estamos-en-riesgo\/\" \/>\n<meta property=\"og:site_name\" content=\"Diario 21\" \/>\n<meta property=\"article:published_time\" content=\"2025-03-02T04:51:41+00:00\" \/>\n<meta property=\"article:modified_time\" content=\"2025-03-02T04:51:42+00:00\" \/>\n<meta property=\"og:image\" content=\"https:\/\/www.diario21.tv\/noticias\/wp-content\/uploads\/2025\/03\/\u00a1Alerta-Solo-el-20-de-las-enfermedades-raras-son-investigadas.jpg\" \/>\n\t<meta property=\"og:image:width\" content=\"1916\" \/>\n\t<meta property=\"og:image:height\" content=\"1080\" \/>\n\t<meta property=\"og:image:type\" content=\"image\/jpeg\" \/>\n<meta name=\"author\" content=\"Juan P\u00e9rez\" \/>\n<meta name=\"twitter:card\" content=\"summary_large_image\" \/>\n<meta name=\"twitter:label1\" content=\"Escrito por\" \/>\n\t<meta name=\"twitter:data1\" content=\"Juan P\u00e9rez\" \/>\n\t<meta name=\"twitter:label2\" content=\"Tiempo de lectura\" \/>\n\t<meta name=\"twitter:data2\" content=\"2 minutos\" \/>\n<script type=\"application\/ld+json\" class=\"yoast-schema-graph\">{\"@context\":\"https:\/\/schema.org\",\"@graph\":[{\"@type\":\"WebPage\",\"@id\":\"https:\/\/www.diario21.tv\/noticias\/alerta-solo-el-20-de-las-enfermedades-raras-son-investigadas-estamos-en-riesgo\/\",\"url\":\"https:\/\/www.diario21.tv\/noticias\/alerta-solo-el-20-de-las-enfermedades-raras-son-investigadas-estamos-en-riesgo\/\",\"name\":\"\u00a1Alerta! Solo el 20% de las enfermedades raras son investigadas: \u00bfEstamos en riesgo? - Diario 21\",\"isPartOf\":{\"@id\":\"https:\/\/www.diario21.tv\/noticias\/#website\"},\"primaryImageOfPage\":{\"@id\":\"https:\/\/www.diario21.tv\/noticias\/alerta-solo-el-20-de-las-enfermedades-raras-son-investigadas-estamos-en-riesgo\/#primaryimage\"},\"image\":{\"@id\":\"https:\/\/www.diario21.tv\/noticias\/alerta-solo-el-20-de-las-enfermedades-raras-son-investigadas-estamos-en-riesgo\/#primaryimage\"},\"thumbnailUrl\":\"https:\/\/www.diario21.tv\/noticias\/wp-content\/uploads\/2025\/03\/\u00a1Alerta-Solo-el-20-de-las-enfermedades-raras-son-investigadas.jpg\",\"datePublished\":\"2025-03-02T04:51:41+00:00\",\"dateModified\":\"2025-03-02T04:51:42+00:00\",\"author\":{\"@id\":\"https:\/\/www.diario21.tv\/noticias\/#\/schema\/person\/dfb778f73814d8f09f302618446a526b\"},\"breadcrumb\":{\"@id\":\"https:\/\/www.diario21.tv\/noticias\/alerta-solo-el-20-de-las-enfermedades-raras-son-investigadas-estamos-en-riesgo\/#breadcrumb\"},\"inLanguage\":\"es-AR\",\"potentialAction\":[{\"@type\":\"ReadAction\",\"target\":[\"https:\/\/www.diario21.tv\/noticias\/alerta-solo-el-20-de-las-enfermedades-raras-son-investigadas-estamos-en-riesgo\/\"]}]},{\"@type\":\"ImageObject\",\"inLanguage\":\"es-AR\",\"@id\":\"https:\/\/www.diario21.tv\/noticias\/alerta-solo-el-20-de-las-enfermedades-raras-son-investigadas-estamos-en-riesgo\/#primaryimage\",\"url\":\"https:\/\/www.diario21.tv\/noticias\/wp-content\/uploads\/2025\/03\/\u00a1Alerta-Solo-el-20-de-las-enfermedades-raras-son-investigadas.jpg\",\"contentUrl\":\"https:\/\/www.diario21.tv\/noticias\/wp-content\/uploads\/2025\/03\/\u00a1Alerta-Solo-el-20-de-las-enfermedades-raras-son-investigadas.jpg\",\"width\":1916,\"height\":1080,\"caption\":\"Solo una de cada cinco enfermedades raras est\u00e1 siendo investigada\"},{\"@type\":\"BreadcrumbList\",\"@id\":\"https:\/\/www.diario21.tv\/noticias\/alerta-solo-el-20-de-las-enfermedades-raras-son-investigadas-estamos-en-riesgo\/#breadcrumb\",\"itemListElement\":[{\"@type\":\"ListItem\",\"position\":1,\"name\":\"Accueil\",\"item\":\"https:\/\/www.diario21.tv\/noticias\/\"},{\"@type\":\"ListItem\",\"position\":2,\"name\":\"\u00a1Alerta! Solo el 20% de las enfermedades raras son investigadas: \u00bfEstamos en riesgo?\"}]},{\"@type\":\"WebSite\",\"@id\":\"https:\/\/www.diario21.tv\/noticias\/#website\",\"url\":\"https:\/\/www.diario21.tv\/noticias\/\",\"name\":\"Diario 21\",\"description\":\"\",\"potentialAction\":[{\"@type\":\"SearchAction\",\"target\":{\"@type\":\"EntryPoint\",\"urlTemplate\":\"https:\/\/www.diario21.tv\/noticias\/?s={search_term_string}\"},\"query-input\":{\"@type\":\"PropertyValueSpecification\",\"valueRequired\":true,\"valueName\":\"search_term_string\"}}],\"inLanguage\":\"es-AR\"},{\"@type\":\"Person\",\"@id\":\"https:\/\/www.diario21.tv\/noticias\/#\/schema\/person\/dfb778f73814d8f09f302618446a526b\",\"name\":\"Juan P\u00e9rez\",\"image\":{\"@type\":\"ImageObject\",\"inLanguage\":\"es-AR\",\"@id\":\"https:\/\/www.diario21.tv\/noticias\/#\/schema\/person\/image\/\",\"url\":\"https:\/\/secure.gravatar.com\/avatar\/c478a405bd10621167f4c3167cc770f5?s=96&d=mm&r=g\",\"contentUrl\":\"https:\/\/secure.gravatar.com\/avatar\/c478a405bd10621167f4c3167cc770f5?s=96&d=mm&r=g\",\"caption\":\"Juan P\u00e9rez\"},\"description\":\"Juan P\u00e9rez es el redactor en jefe de Diario 21. Con m\u00e1s de 10 a\u00f1os de experiencia en el periodismo, se especializa en pol\u00edtica nacional y an\u00e1lisis socioecon\u00f3mico. Su enfoque cr\u00edtico y riguroso aporta una perspectiva \u00fanica a cada art\u00edculo.\",\"sameAs\":[\"https:\/\/www.diario21.tv\/noticias\/\"],\"url\":\"https:\/\/www.diario21.tv\/noticias\/author\/juan-perez\/\"}]}<\/script>\n<!-- \/ Yoast SEO plugin. -->","yoast_head_json":{"title":"\u00a1Alerta! Solo el 20% de las enfermedades raras son investigadas: \u00bfEstamos en riesgo? - Diario 21","robots":{"index":"index","follow":"follow","max-snippet":"max-snippet:-1","max-image-preview":"max-image-preview:large","max-video-preview":"max-video-preview:-1"},"canonical":"https:\/\/www.diario21.tv\/noticias\/alerta-solo-el-20-de-las-enfermedades-raras-son-investigadas-estamos-en-riesgo\/","og_locale":"es_ES","og_type":"article","og_title":"\u00a1Alerta! Solo el 20% de las enfermedades raras son investigadas: \u00bfEstamos en riesgo? - Diario 21","og_description":"Solo el 20% de las Enfermedades Raras son Objeto de Investigaci\u00f3n Las enfermedades raras, aquellas que afectan a una peque\u00f1a porci\u00f3n de la poblaci\u00f3n, enfrentan un ... Seguir leyendo &rarr;","og_url":"https:\/\/www.diario21.tv\/noticias\/alerta-solo-el-20-de-las-enfermedades-raras-son-investigadas-estamos-en-riesgo\/","og_site_name":"Diario 21","article_published_time":"2025-03-02T04:51:41+00:00","article_modified_time":"2025-03-02T04:51:42+00:00","og_image":[{"width":1916,"height":1080,"url":"https:\/\/www.diario21.tv\/noticias\/wp-content\/uploads\/2025\/03\/\u00a1Alerta-Solo-el-20-de-las-enfermedades-raras-son-investigadas.jpg","type":"image\/jpeg"}],"author":"Juan P\u00e9rez","twitter_card":"summary_large_image","twitter_misc":{"Escrito por":"Juan P\u00e9rez","Tiempo de lectura":"2 minutos"},"schema":{"@context":"https:\/\/schema.org","@graph":[{"@type":"WebPage","@id":"https:\/\/www.diario21.tv\/noticias\/alerta-solo-el-20-de-las-enfermedades-raras-son-investigadas-estamos-en-riesgo\/","url":"https:\/\/www.diario21.tv\/noticias\/alerta-solo-el-20-de-las-enfermedades-raras-son-investigadas-estamos-en-riesgo\/","name":"\u00a1Alerta! Solo el 20% de las enfermedades raras son investigadas: \u00bfEstamos en riesgo? - Diario 21","isPartOf":{"@id":"https:\/\/www.diario21.tv\/noticias\/#website"},"primaryImageOfPage":{"@id":"https:\/\/www.diario21.tv\/noticias\/alerta-solo-el-20-de-las-enfermedades-raras-son-investigadas-estamos-en-riesgo\/#primaryimage"},"image":{"@id":"https:\/\/www.diario21.tv\/noticias\/alerta-solo-el-20-de-las-enfermedades-raras-son-investigadas-estamos-en-riesgo\/#primaryimage"},"thumbnailUrl":"https:\/\/www.diario21.tv\/noticias\/wp-content\/uploads\/2025\/03\/\u00a1Alerta-Solo-el-20-de-las-enfermedades-raras-son-investigadas.jpg","datePublished":"2025-03-02T04:51:41+00:00","dateModified":"2025-03-02T04:51:42+00:00","author":{"@id":"https:\/\/www.diario21.tv\/noticias\/#\/schema\/person\/dfb778f73814d8f09f302618446a526b"},"breadcrumb":{"@id":"https:\/\/www.diario21.tv\/noticias\/alerta-solo-el-20-de-las-enfermedades-raras-son-investigadas-estamos-en-riesgo\/#breadcrumb"},"inLanguage":"es-AR","potentialAction":[{"@type":"ReadAction","target":["https:\/\/www.diario21.tv\/noticias\/alerta-solo-el-20-de-las-enfermedades-raras-son-investigadas-estamos-en-riesgo\/"]}]},{"@type":"ImageObject","inLanguage":"es-AR","@id":"https:\/\/www.diario21.tv\/noticias\/alerta-solo-el-20-de-las-enfermedades-raras-son-investigadas-estamos-en-riesgo\/#primaryimage","url":"https:\/\/www.diario21.tv\/noticias\/wp-content\/uploads\/2025\/03\/\u00a1Alerta-Solo-el-20-de-las-enfermedades-raras-son-investigadas.jpg","contentUrl":"https:\/\/www.diario21.tv\/noticias\/wp-content\/uploads\/2025\/03\/\u00a1Alerta-Solo-el-20-de-las-enfermedades-raras-son-investigadas.jpg","width":1916,"height":1080,"caption":"Solo una de cada cinco enfermedades raras est\u00e1 siendo investigada"},{"@type":"BreadcrumbList","@id":"https:\/\/www.diario21.tv\/noticias\/alerta-solo-el-20-de-las-enfermedades-raras-son-investigadas-estamos-en-riesgo\/#breadcrumb","itemListElement":[{"@type":"ListItem","position":1,"name":"Accueil","item":"https:\/\/www.diario21.tv\/noticias\/"},{"@type":"ListItem","position":2,"name":"\u00a1Alerta! Solo el 20% de las enfermedades raras son investigadas: \u00bfEstamos en riesgo?"}]},{"@type":"WebSite","@id":"https:\/\/www.diario21.tv\/noticias\/#website","url":"https:\/\/www.diario21.tv\/noticias\/","name":"Diario 21","description":"","potentialAction":[{"@type":"SearchAction","target":{"@type":"EntryPoint","urlTemplate":"https:\/\/www.diario21.tv\/noticias\/?s={search_term_string}"},"query-input":{"@type":"PropertyValueSpecification","valueRequired":true,"valueName":"search_term_string"}}],"inLanguage":"es-AR"},{"@type":"Person","@id":"https:\/\/www.diario21.tv\/noticias\/#\/schema\/person\/dfb778f73814d8f09f302618446a526b","name":"Juan P\u00e9rez","image":{"@type":"ImageObject","inLanguage":"es-AR","@id":"https:\/\/www.diario21.tv\/noticias\/#\/schema\/person\/image\/","url":"https:\/\/secure.gravatar.com\/avatar\/c478a405bd10621167f4c3167cc770f5?s=96&d=mm&r=g","contentUrl":"https:\/\/secure.gravatar.com\/avatar\/c478a405bd10621167f4c3167cc770f5?s=96&d=mm&r=g","caption":"Juan P\u00e9rez"},"description":"Juan P\u00e9rez es el redactor en jefe de Diario 21. Con m\u00e1s de 10 a\u00f1os de experiencia en el periodismo, se especializa en pol\u00edtica nacional y an\u00e1lisis socioecon\u00f3mico. Su enfoque cr\u00edtico y riguroso aporta una perspectiva \u00fanica a cada art\u00edculo.","sameAs":["https:\/\/www.diario21.tv\/noticias\/"],"url":"https:\/\/www.diario21.tv\/noticias\/author\/juan-perez\/"}]}},"_links":{"self":[{"href":"https:\/\/www.diario21.tv\/noticias\/wp-json\/wp\/v2\/posts\/2319"}],"collection":[{"href":"https:\/\/www.diario21.tv\/noticias\/wp-json\/wp\/v2\/posts"}],"about":[{"href":"https:\/\/www.diario21.tv\/noticias\/wp-json\/wp\/v2\/types\/post"}],"author":[{"embeddable":true,"href":"https:\/\/www.diario21.tv\/noticias\/wp-json\/wp\/v2\/users\/20"}],"replies":[{"embeddable":true,"href":"https:\/\/www.diario21.tv\/noticias\/wp-json\/wp\/v2\/comments?post=2319"}],"version-history":[{"count":1,"href":"https:\/\/www.diario21.tv\/noticias\/wp-json\/wp\/v2\/posts\/2319\/revisions"}],"predecessor-version":[{"id":2321,"href":"https:\/\/www.diario21.tv\/noticias\/wp-json\/wp\/v2\/posts\/2319\/revisions\/2321"}],"wp:featuredmedia":[{"embeddable":true,"href":"https:\/\/www.diario21.tv\/noticias\/wp-json\/wp\/v2\/media\/2320"}],"wp:attachment":[{"href":"https:\/\/www.diario21.tv\/noticias\/wp-json\/wp\/v2\/media?parent=2319"}],"wp:term":[{"taxonomy":"category","embeddable":true,"href":"https:\/\/www.diario21.tv\/noticias\/wp-json\/wp\/v2\/categories?post=2319"},{"taxonomy":"post_tag","embeddable":true,"href":"https:\/\/www.diario21.tv\/noticias\/wp-json\/wp\/v2\/tags?post=2319"}],"curies":[{"name":"wp","href":"https:\/\/api.w.org\/{rel}","templated":true}]}}