{"id":2310,"date":"2025-03-01T10:25:20","date_gmt":"2025-03-01T10:25:20","guid":{"rendered":"https:\/\/www.diario21.tv\/noticias\/el-papa-mejora-notablemente-tras-superar-su-crisis-mas-grave-confirma-el-vaticano\/"},"modified":"2025-03-01T10:25:21","modified_gmt":"2025-03-01T10:25:21","slug":"el-papa-mejora-notablemente-tras-superar-su-crisis-mas-grave-confirma-el-vaticano","status":"publish","type":"post","link":"https:\/\/www.diario21.tv\/noticias\/el-papa-mejora-notablemente-tras-superar-su-crisis-mas-grave-confirma-el-vaticano\/","title":{"rendered":"El Papa mejora notablemente tras superar su crisis m\u00e1s grave, confirma el Vaticano"},"content":{"rendered":"<h2>El Vaticano Anuncia la Recuperaci\u00f3n del Papa y Superaci\u00f3n de la Etapa M\u00e1s Delicada<\/h2>\n<p>La Santa Sede ha emitido un comunicado oficial informando sobre el estado de salud del Papa, destacando una notable mejor\u00eda y la superaci\u00f3n de la fase m\u00e1s cr\u00edtica de su enfermedad. Este anuncio ha tra\u00eddo alivio tanto a los fieles seguidores del l\u00edder religioso como a la comunidad internacional que ha estado pendiente de su evoluci\u00f3n.<\/p>\n<h3>Detalles sobre la Recuperaci\u00f3n del Pont\u00edfice<\/h3>\n<p>De acuerdo con la informaci\u00f3n proporcionada por el Vaticano, el Papa ha mostrado signos de recuperaci\u00f3n consistentes en los \u00faltimos d\u00edas, lo que indica que ha dejado atr\u00e1s los momentos m\u00e1s complicados de su condici\u00f3n. Aunque no se han especificado los detalles completos de su enfermedad, es claro que la situaci\u00f3n ha mejorado significativamente.<\/p>\n<p>El portavoz del Vaticano ha comunicado que, gracias a la atenci\u00f3n m\u00e9dica recibida y al descanso adecuado, el Papa est\u00e1 recuperando sus fuerzas y se espera que retome sus actividades normales en un futuro no muy lejano. Este progreso es visto con buenos ojos por todos aquellos que han estado orando por su salud.<\/p>\n<h3>Reacciones y Apoyo Continuo<\/h3>\n<p>La noticia de la mejor\u00eda del Papa ha generado m\u00faltiples reacciones en distintas partes del mundo. L\u00edderes religiosos y pol\u00edticos han enviado mensajes de apoyo y felicitaciones por su recuperaci\u00f3n, reflejando la importancia del Papa como figura espiritual y l\u00edder mundial.<\/p>\n<p>La comunidad cat\u00f3lica, en particular, ha mostrado un gran alivio al recibir la noticia, ya que han continuado orando por la salud de su l\u00edder m\u00e1ximo desde que se anunci\u00f3 su enfermedad. Este sentimiento de unidad y apoyo mutuo demuestra la solidez y la fe compartida entre los seguidores del catolicismo.<\/p>\n<p>En conclusi\u00f3n, el Vaticano ha confirmado que el Papa ha superado el per\u00edodo m\u00e1s cr\u00edtico de su enfermedad y est\u00e1 en camino a una completa recuperaci\u00f3n. Este desarrollo positivo es un motivo de celebraci\u00f3n para muchos, quienes esperan ver al Papa en plena actividad y liderazgo en el futuro cercano.<\/p>\n\n\n<div class=\"kk-star-ratings kksr-auto kksr-align-left kksr-valign-bottom\"\n    data-payload='{&quot;align&quot;:&quot;left&quot;,&quot;id&quot;:&quot;2310&quot;,&quot;slug&quot;:&quot;default&quot;,&quot;valign&quot;:&quot;bottom&quot;,&quot;ignore&quot;:&quot;&quot;,&quot;reference&quot;:&quot;auto&quot;,&quot;class&quot;:&quot;&quot;,&quot;count&quot;:&quot;0&quot;,&quot;legendonly&quot;:&quot;&quot;,&quot;readonly&quot;:&quot;&quot;,&quot;score&quot;:&quot;0&quot;,&quot;starsonly&quot;:&quot;&quot;,&quot;best&quot;:&quot;5&quot;,&quot;gap&quot;:&quot;5&quot;,&quot;greet&quot;:&quot;Valora este post&quot;,&quot;legend&quot;:&quot;0\\\/5 - (0 votes)&quot;,&quot;size&quot;:&quot;22&quot;,&quot;title&quot;:&quot;El Papa mejora notablemente tras superar su crisis m\u00e1s grave, confirma el Vaticano&quot;,&quot;width&quot;:&quot;0&quot;,&quot;_legend&quot;:&quot;{score}\\\/{best} - ({count} {votes})&quot;,&quot;font_factor&quot;:&quot;1.25&quot;}'>\n            \n<div class=\"kksr-stars\">\n    \n<div class=\"kksr-stars-inactive\">\n            <div class=\"kksr-star\" data-star=\"1\" style=\"padding-right: 5px\">\n            \n\n<div class=\"kksr-icon\" style=\"width: 22px; height: 22px;\"><\/div>\n        <\/div>\n            <div class=\"kksr-star\" data-star=\"2\" style=\"padding-right: 5px\">\n            \n\n<div class=\"kksr-icon\" style=\"width: 22px; height: 22px;\"><\/div>\n        <\/div>\n            <div class=\"kksr-star\" data-star=\"3\" style=\"padding-right: 5px\">\n            \n\n<div class=\"kksr-icon\" style=\"width: 22px; height: 22px;\"><\/div>\n        <\/div>\n            <div class=\"kksr-star\" data-star=\"4\" style=\"padding-right: 5px\">\n            \n\n<div class=\"kksr-icon\" style=\"width: 22px; height: 22px;\"><\/div>\n        <\/div>\n            <div class=\"kksr-star\" data-star=\"5\" style=\"padding-right: 5px\">\n            \n\n<div class=\"kksr-icon\" style=\"width: 22px; height: 22px;\"><\/div>\n        <\/div>\n    <\/div>\n    \n<div class=\"kksr-stars-active\" style=\"width: 0px;\">\n            <div class=\"kksr-star\" style=\"padding-right: 5px\">\n            \n\n<div class=\"kksr-icon\" style=\"width: 22px; height: 22px;\"><\/div>\n        <\/div>\n            <div class=\"kksr-star\" style=\"padding-right: 5px\">\n            \n\n<div class=\"kksr-icon\" style=\"width: 22px; height: 22px;\"><\/div>\n        <\/div>\n            <div class=\"kksr-star\" style=\"padding-right: 5px\">\n            \n\n<div class=\"kksr-icon\" style=\"width: 22px; height: 22px;\"><\/div>\n        <\/div>\n            <div class=\"kksr-star\" style=\"padding-right: 5px\">\n            \n\n<div class=\"kksr-icon\" style=\"width: 22px; height: 22px;\"><\/div>\n        <\/div>\n            <div class=\"kksr-star\" style=\"padding-right: 5px\">\n            \n\n<div class=\"kksr-icon\" style=\"width: 22px; height: 22px;\"><\/div>\n        <\/div>\n    <\/div>\n<\/div>\n                \n\n<div class=\"kksr-legend\" style=\"font-size: 17.6px;\">\n            <span class=\"kksr-muted\">Valora este post<\/span>\n    <\/div>\n    <\/div>\n","protected":false},"excerpt":{"rendered":"<p>El Vaticano Anuncia la Recuperaci\u00f3n del Papa y Superaci\u00f3n de la Etapa M\u00e1s Delicada La Santa Sede ha emitido un comunicado oficial informando sobre el estado &#8230; <a title=\"El Papa mejora notablemente tras superar su crisis m\u00e1s grave, confirma el Vaticano\" class=\"read-more\" href=\"https:\/\/www.diario21.tv\/noticias\/el-papa-mejora-notablemente-tras-superar-su-crisis-mas-grave-confirma-el-vaticano\/\" aria-label=\"Leer m\u00e1s sobre El Papa mejora notablemente tras superar su crisis m\u00e1s grave, confirma el Vaticano\">Seguir leyendo &rarr;<\/a><\/p>\n","protected":false},"author":20,"featured_media":2311,"comment_status":"open","ping_status":"open","sticky":false,"template":"","format":"standard","meta":{"footnotes":""},"categories":[13],"tags":[],"class_list":["post-2310","post","type-post","status-publish","format-standard","has-post-thumbnail","hentry","category-portada"],"yoast_head":"<!-- This site is optimized with the Yoast SEO plugin v25.6 - https:\/\/yoast.com\/wordpress\/plugins\/seo\/ -->\n<title>El Papa mejora notablemente tras superar su crisis m\u00e1s grave, confirma el Vaticano - Diario 21<\/title>\n<meta name=\"robots\" content=\"index, follow, max-snippet:-1, max-image-preview:large, max-video-preview:-1\" \/>\n<link rel=\"canonical\" href=\"https:\/\/www.diario21.tv\/noticias\/el-papa-mejora-notablemente-tras-superar-su-crisis-mas-grave-confirma-el-vaticano\/\" \/>\n<meta property=\"og:locale\" content=\"es_ES\" \/>\n<meta property=\"og:type\" content=\"article\" \/>\n<meta property=\"og:title\" content=\"El Papa mejora notablemente tras superar su crisis m\u00e1s grave, confirma el Vaticano - Diario 21\" \/>\n<meta property=\"og:description\" content=\"El Vaticano Anuncia la Recuperaci\u00f3n del Papa y Superaci\u00f3n de la Etapa M\u00e1s Delicada La Santa Sede ha emitido un comunicado oficial informando sobre el estado ... Seguir leyendo &rarr;\" \/>\n<meta property=\"og:url\" content=\"https:\/\/www.diario21.tv\/noticias\/el-papa-mejora-notablemente-tras-superar-su-crisis-mas-grave-confirma-el-vaticano\/\" \/>\n<meta property=\"og:site_name\" content=\"Diario 21\" \/>\n<meta property=\"article:published_time\" content=\"2025-03-01T10:25:20+00:00\" \/>\n<meta property=\"article:modified_time\" content=\"2025-03-01T10:25:21+00:00\" \/>\n<meta property=\"og:image\" content=\"https:\/\/www.diario21.tv\/noticias\/wp-content\/uploads\/2025\/03\/El-Papa-mejora-notablemente-tras-superar-su-crisis-mas-grave.jpg\" \/>\n\t<meta property=\"og:image:width\" content=\"1920\" \/>\n\t<meta property=\"og:image:height\" content=\"1080\" \/>\n\t<meta property=\"og:image:type\" content=\"image\/jpeg\" \/>\n<meta name=\"author\" content=\"Juan P\u00e9rez\" \/>\n<meta name=\"twitter:card\" content=\"summary_large_image\" \/>\n<meta name=\"twitter:label1\" content=\"Escrito por\" \/>\n\t<meta name=\"twitter:data1\" content=\"Juan P\u00e9rez\" \/>\n\t<meta name=\"twitter:label2\" content=\"Tiempo de lectura\" \/>\n\t<meta name=\"twitter:data2\" content=\"2 minutos\" \/>\n<script type=\"application\/ld+json\" class=\"yoast-schema-graph\">{\"@context\":\"https:\/\/schema.org\",\"@graph\":[{\"@type\":\"WebPage\",\"@id\":\"https:\/\/www.diario21.tv\/noticias\/el-papa-mejora-notablemente-tras-superar-su-crisis-mas-grave-confirma-el-vaticano\/\",\"url\":\"https:\/\/www.diario21.tv\/noticias\/el-papa-mejora-notablemente-tras-superar-su-crisis-mas-grave-confirma-el-vaticano\/\",\"name\":\"El Papa mejora notablemente tras superar su crisis m\u00e1s grave, confirma el Vaticano - Diario 21\",\"isPartOf\":{\"@id\":\"https:\/\/www.diario21.tv\/noticias\/#website\"},\"primaryImageOfPage\":{\"@id\":\"https:\/\/www.diario21.tv\/noticias\/el-papa-mejora-notablemente-tras-superar-su-crisis-mas-grave-confirma-el-vaticano\/#primaryimage\"},\"image\":{\"@id\":\"https:\/\/www.diario21.tv\/noticias\/el-papa-mejora-notablemente-tras-superar-su-crisis-mas-grave-confirma-el-vaticano\/#primaryimage\"},\"thumbnailUrl\":\"https:\/\/www.diario21.tv\/noticias\/wp-content\/uploads\/2025\/03\/El-Papa-mejora-notablemente-tras-superar-su-crisis-mas-grave.jpg\",\"datePublished\":\"2025-03-01T10:25:20+00:00\",\"dateModified\":\"2025-03-01T10:25:21+00:00\",\"author\":{\"@id\":\"https:\/\/www.diario21.tv\/noticias\/#\/schema\/person\/dfb778f73814d8f09f302618446a526b\"},\"breadcrumb\":{\"@id\":\"https:\/\/www.diario21.tv\/noticias\/el-papa-mejora-notablemente-tras-superar-su-crisis-mas-grave-confirma-el-vaticano\/#breadcrumb\"},\"inLanguage\":\"es-AR\",\"potentialAction\":[{\"@type\":\"ReadAction\",\"target\":[\"https:\/\/www.diario21.tv\/noticias\/el-papa-mejora-notablemente-tras-superar-su-crisis-mas-grave-confirma-el-vaticano\/\"]}]},{\"@type\":\"ImageObject\",\"inLanguage\":\"es-AR\",\"@id\":\"https:\/\/www.diario21.tv\/noticias\/el-papa-mejora-notablemente-tras-superar-su-crisis-mas-grave-confirma-el-vaticano\/#primaryimage\",\"url\":\"https:\/\/www.diario21.tv\/noticias\/wp-content\/uploads\/2025\/03\/El-Papa-mejora-notablemente-tras-superar-su-crisis-mas-grave.jpg\",\"contentUrl\":\"https:\/\/www.diario21.tv\/noticias\/wp-content\/uploads\/2025\/03\/El-Papa-mejora-notablemente-tras-superar-su-crisis-mas-grave.jpg\",\"width\":1920,\"height\":1080,\"caption\":\"El Vaticano confirma la \u00abmejor\u00eda\u00bb del Papa y da por superado el \u00abmomento m\u00e1s cr\u00edtico\u00bb\"},{\"@type\":\"BreadcrumbList\",\"@id\":\"https:\/\/www.diario21.tv\/noticias\/el-papa-mejora-notablemente-tras-superar-su-crisis-mas-grave-confirma-el-vaticano\/#breadcrumb\",\"itemListElement\":[{\"@type\":\"ListItem\",\"position\":1,\"name\":\"Accueil\",\"item\":\"https:\/\/www.diario21.tv\/noticias\/\"},{\"@type\":\"ListItem\",\"position\":2,\"name\":\"El Papa mejora notablemente tras superar su crisis m\u00e1s grave, confirma el Vaticano\"}]},{\"@type\":\"WebSite\",\"@id\":\"https:\/\/www.diario21.tv\/noticias\/#website\",\"url\":\"https:\/\/www.diario21.tv\/noticias\/\",\"name\":\"Diario 21\",\"description\":\"\",\"potentialAction\":[{\"@type\":\"SearchAction\",\"target\":{\"@type\":\"EntryPoint\",\"urlTemplate\":\"https:\/\/www.diario21.tv\/noticias\/?s={search_term_string}\"},\"query-input\":{\"@type\":\"PropertyValueSpecification\",\"valueRequired\":true,\"valueName\":\"search_term_string\"}}],\"inLanguage\":\"es-AR\"},{\"@type\":\"Person\",\"@id\":\"https:\/\/www.diario21.tv\/noticias\/#\/schema\/person\/dfb778f73814d8f09f302618446a526b\",\"name\":\"Juan P\u00e9rez\",\"image\":{\"@type\":\"ImageObject\",\"inLanguage\":\"es-AR\",\"@id\":\"https:\/\/www.diario21.tv\/noticias\/#\/schema\/person\/image\/\",\"url\":\"https:\/\/secure.gravatar.com\/avatar\/c478a405bd10621167f4c3167cc770f5?s=96&d=mm&r=g\",\"contentUrl\":\"https:\/\/secure.gravatar.com\/avatar\/c478a405bd10621167f4c3167cc770f5?s=96&d=mm&r=g\",\"caption\":\"Juan P\u00e9rez\"},\"description\":\"Juan P\u00e9rez es el redactor en jefe de Diario 21. Con m\u00e1s de 10 a\u00f1os de experiencia en el periodismo, se especializa en pol\u00edtica nacional y an\u00e1lisis socioecon\u00f3mico. Su enfoque cr\u00edtico y riguroso aporta una perspectiva \u00fanica a cada art\u00edculo.\",\"sameAs\":[\"https:\/\/www.diario21.tv\/noticias\/\"],\"url\":\"https:\/\/www.diario21.tv\/noticias\/author\/juan-perez\/\"}]}<\/script>\n<!-- \/ Yoast SEO plugin. -->","yoast_head_json":{"title":"El Papa mejora notablemente tras superar su crisis m\u00e1s grave, confirma el Vaticano - Diario 21","robots":{"index":"index","follow":"follow","max-snippet":"max-snippet:-1","max-image-preview":"max-image-preview:large","max-video-preview":"max-video-preview:-1"},"canonical":"https:\/\/www.diario21.tv\/noticias\/el-papa-mejora-notablemente-tras-superar-su-crisis-mas-grave-confirma-el-vaticano\/","og_locale":"es_ES","og_type":"article","og_title":"El Papa mejora notablemente tras superar su crisis m\u00e1s grave, confirma el Vaticano - Diario 21","og_description":"El Vaticano Anuncia la Recuperaci\u00f3n del Papa y Superaci\u00f3n de la Etapa M\u00e1s Delicada La Santa Sede ha emitido un comunicado oficial informando sobre el estado ... Seguir leyendo &rarr;","og_url":"https:\/\/www.diario21.tv\/noticias\/el-papa-mejora-notablemente-tras-superar-su-crisis-mas-grave-confirma-el-vaticano\/","og_site_name":"Diario 21","article_published_time":"2025-03-01T10:25:20+00:00","article_modified_time":"2025-03-01T10:25:21+00:00","og_image":[{"width":1920,"height":1080,"url":"https:\/\/www.diario21.tv\/noticias\/wp-content\/uploads\/2025\/03\/El-Papa-mejora-notablemente-tras-superar-su-crisis-mas-grave.jpg","type":"image\/jpeg"}],"author":"Juan P\u00e9rez","twitter_card":"summary_large_image","twitter_misc":{"Escrito por":"Juan P\u00e9rez","Tiempo de lectura":"2 minutos"},"schema":{"@context":"https:\/\/schema.org","@graph":[{"@type":"WebPage","@id":"https:\/\/www.diario21.tv\/noticias\/el-papa-mejora-notablemente-tras-superar-su-crisis-mas-grave-confirma-el-vaticano\/","url":"https:\/\/www.diario21.tv\/noticias\/el-papa-mejora-notablemente-tras-superar-su-crisis-mas-grave-confirma-el-vaticano\/","name":"El Papa mejora notablemente tras superar su crisis m\u00e1s grave, confirma el Vaticano - Diario 21","isPartOf":{"@id":"https:\/\/www.diario21.tv\/noticias\/#website"},"primaryImageOfPage":{"@id":"https:\/\/www.diario21.tv\/noticias\/el-papa-mejora-notablemente-tras-superar-su-crisis-mas-grave-confirma-el-vaticano\/#primaryimage"},"image":{"@id":"https:\/\/www.diario21.tv\/noticias\/el-papa-mejora-notablemente-tras-superar-su-crisis-mas-grave-confirma-el-vaticano\/#primaryimage"},"thumbnailUrl":"https:\/\/www.diario21.tv\/noticias\/wp-content\/uploads\/2025\/03\/El-Papa-mejora-notablemente-tras-superar-su-crisis-mas-grave.jpg","datePublished":"2025-03-01T10:25:20+00:00","dateModified":"2025-03-01T10:25:21+00:00","author":{"@id":"https:\/\/www.diario21.tv\/noticias\/#\/schema\/person\/dfb778f73814d8f09f302618446a526b"},"breadcrumb":{"@id":"https:\/\/www.diario21.tv\/noticias\/el-papa-mejora-notablemente-tras-superar-su-crisis-mas-grave-confirma-el-vaticano\/#breadcrumb"},"inLanguage":"es-AR","potentialAction":[{"@type":"ReadAction","target":["https:\/\/www.diario21.tv\/noticias\/el-papa-mejora-notablemente-tras-superar-su-crisis-mas-grave-confirma-el-vaticano\/"]}]},{"@type":"ImageObject","inLanguage":"es-AR","@id":"https:\/\/www.diario21.tv\/noticias\/el-papa-mejora-notablemente-tras-superar-su-crisis-mas-grave-confirma-el-vaticano\/#primaryimage","url":"https:\/\/www.diario21.tv\/noticias\/wp-content\/uploads\/2025\/03\/El-Papa-mejora-notablemente-tras-superar-su-crisis-mas-grave.jpg","contentUrl":"https:\/\/www.diario21.tv\/noticias\/wp-content\/uploads\/2025\/03\/El-Papa-mejora-notablemente-tras-superar-su-crisis-mas-grave.jpg","width":1920,"height":1080,"caption":"El Vaticano confirma la \u00abmejor\u00eda\u00bb del Papa y da por superado el \u00abmomento m\u00e1s cr\u00edtico\u00bb"},{"@type":"BreadcrumbList","@id":"https:\/\/www.diario21.tv\/noticias\/el-papa-mejora-notablemente-tras-superar-su-crisis-mas-grave-confirma-el-vaticano\/#breadcrumb","itemListElement":[{"@type":"ListItem","position":1,"name":"Accueil","item":"https:\/\/www.diario21.tv\/noticias\/"},{"@type":"ListItem","position":2,"name":"El Papa mejora notablemente tras superar su crisis m\u00e1s grave, confirma el Vaticano"}]},{"@type":"WebSite","@id":"https:\/\/www.diario21.tv\/noticias\/#website","url":"https:\/\/www.diario21.tv\/noticias\/","name":"Diario 21","description":"","potentialAction":[{"@type":"SearchAction","target":{"@type":"EntryPoint","urlTemplate":"https:\/\/www.diario21.tv\/noticias\/?s={search_term_string}"},"query-input":{"@type":"PropertyValueSpecification","valueRequired":true,"valueName":"search_term_string"}}],"inLanguage":"es-AR"},{"@type":"Person","@id":"https:\/\/www.diario21.tv\/noticias\/#\/schema\/person\/dfb778f73814d8f09f302618446a526b","name":"Juan P\u00e9rez","image":{"@type":"ImageObject","inLanguage":"es-AR","@id":"https:\/\/www.diario21.tv\/noticias\/#\/schema\/person\/image\/","url":"https:\/\/secure.gravatar.com\/avatar\/c478a405bd10621167f4c3167cc770f5?s=96&d=mm&r=g","contentUrl":"https:\/\/secure.gravatar.com\/avatar\/c478a405bd10621167f4c3167cc770f5?s=96&d=mm&r=g","caption":"Juan P\u00e9rez"},"description":"Juan P\u00e9rez es el redactor en jefe de Diario 21. Con m\u00e1s de 10 a\u00f1os de experiencia en el periodismo, se especializa en pol\u00edtica nacional y an\u00e1lisis socioecon\u00f3mico. Su enfoque cr\u00edtico y riguroso aporta una perspectiva \u00fanica a cada art\u00edculo.","sameAs":["https:\/\/www.diario21.tv\/noticias\/"],"url":"https:\/\/www.diario21.tv\/noticias\/author\/juan-perez\/"}]}},"_links":{"self":[{"href":"https:\/\/www.diario21.tv\/noticias\/wp-json\/wp\/v2\/posts\/2310"}],"collection":[{"href":"https:\/\/www.diario21.tv\/noticias\/wp-json\/wp\/v2\/posts"}],"about":[{"href":"https:\/\/www.diario21.tv\/noticias\/wp-json\/wp\/v2\/types\/post"}],"author":[{"embeddable":true,"href":"https:\/\/www.diario21.tv\/noticias\/wp-json\/wp\/v2\/users\/20"}],"replies":[{"embeddable":true,"href":"https:\/\/www.diario21.tv\/noticias\/wp-json\/wp\/v2\/comments?post=2310"}],"version-history":[{"count":1,"href":"https:\/\/www.diario21.tv\/noticias\/wp-json\/wp\/v2\/posts\/2310\/revisions"}],"predecessor-version":[{"id":2312,"href":"https:\/\/www.diario21.tv\/noticias\/wp-json\/wp\/v2\/posts\/2310\/revisions\/2312"}],"wp:featuredmedia":[{"embeddable":true,"href":"https:\/\/www.diario21.tv\/noticias\/wp-json\/wp\/v2\/media\/2311"}],"wp:attachment":[{"href":"https:\/\/www.diario21.tv\/noticias\/wp-json\/wp\/v2\/media?parent=2310"}],"wp:term":[{"taxonomy":"category","embeddable":true,"href":"https:\/\/www.diario21.tv\/noticias\/wp-json\/wp\/v2\/categories?post=2310"},{"taxonomy":"post_tag","embeddable":true,"href":"https:\/\/www.diario21.tv\/noticias\/wp-json\/wp\/v2\/tags?post=2310"}],"curies":[{"name":"wp","href":"https:\/\/api.w.org\/{rel}","templated":true}]}}