{"id":2301,"date":"2025-02-28T15:57:45","date_gmt":"2025-02-28T15:57:45","guid":{"rendered":"https:\/\/www.diario21.tv\/noticias\/impactante-padres-reciben-350-000-euros-tras-muerte-de-gemelas-por-negligencia-medica\/"},"modified":"2025-02-28T15:57:47","modified_gmt":"2025-02-28T15:57:47","slug":"impactante-padres-reciben-350-000-euros-tras-muerte-de-gemelas-por-negligencia-medica","status":"publish","type":"post","link":"https:\/\/www.diario21.tv\/noticias\/impactante-padres-reciben-350-000-euros-tras-muerte-de-gemelas-por-negligencia-medica\/","title":{"rendered":"\u00a1Impactante! Padres reciben 350.000 euros tras muerte de gemelas por negligencia m\u00e9dica"},"content":{"rendered":"<h2>Compensaci\u00f3n de 350.000 euros por el fallecimiento de gemelas debido a un error m\u00e9dico<\/h2>\n<p>En un tr\u00e1gico incidente, los padres de unas gemelas han sido indemnizados con una suma de 350.000 euros despu\u00e9s de que sus hijas fallecieran por lo que se determin\u00f3 fue una negligencia m\u00e9dica. Este doloroso suceso ha culminado con un acuerdo econ\u00f3mico que busca resarcir, aunque sea de manera insuficiente, la irreparable p\u00e9rdida de las peque\u00f1as.<\/p>\n<h3>Detalles del Caso<\/h3>\n<p>El caso se centra en el fallecimiento de las gemelas que ocurri\u00f3 poco despu\u00e9s de su nacimiento. De acuerdo con la informaci\u00f3n proporcionada, los errores cometidos por el personal m\u00e9dico encargado de su atenci\u00f3n en el hospital fueron determinantes en el desenlace fatal. Las investigaciones posteriores revelaron que hubo fallos significativos en el monitoreo de las condiciones de las ni\u00f1as y en la intervenci\u00f3n adecuada ante complicaciones que eran evidentes y prevenibles.<\/p>\n<p>Tras un proceso legal que dur\u00f3 varios a\u00f1os, finalmente se lleg\u00f3 a un acuerdo de compensaci\u00f3n. Los padres de las gemelas, quienes han sufrido una p\u00e9rdida inimaginable, aceptaron la suma de 350.000 euros como parte de la indemnizaci\u00f3n. Este monto fue acordado despu\u00e9s de intensas negociaciones y considera tanto el da\u00f1o emocional como el impacto psicol\u00f3gico sufrido por la familia.<\/p>\n<h3>Impacto del Acuerdo<\/h3>\n<p>La compensaci\u00f3n econ\u00f3mica, aunque no puede devolver la vida a las gemelas ni eliminar el dolor de sus seres queridos, es un reconocimiento de la responsabilidad m\u00e9dica y un paso hacia la justicia para la familia afectada. Adem\u00e1s, este caso pone de relieve la importancia de la adherencia a los protocolos m\u00e9dicos y la necesidad de vigilancia constante para prevenir errores que pueden tener consecuencias tr\u00e1gicas.<\/p>\n<p>Tambi\u00e9n se espera que este acuerdo sirva como un recordatorio cr\u00edtico para las instituciones m\u00e9dicas sobre la importancia de la capacitaci\u00f3n y la actualizaci\u00f3n continua de sus profesionales, con el objetivo de evitar que sucesos similares se repitan en el futuro.<\/p>\n<h3>Conclusi\u00f3n<\/h3>\n<p>El acuerdo alcanzado en este caso de negligencia m\u00e9dica es un ejemplo doloroso de las consecuencias que pueden surgir cuando los est\u00e1ndares de cuidado no se mantienen. Mientras la familia contin\u00faa su proceso de duelo, la esperanza reside en que la justicia obtenida pueda ofrecer un cierto grado de consuelo y cierre. Adem\u00e1s, resalta la necesidad cr\u00edtica de mantener altos est\u00e1ndares en la atenci\u00f3n m\u00e9dica y de asegurar que los derechos de los pacientes sean siempre protegidos y prioritarios.<\/p>\n\n\n<div class=\"kk-star-ratings kksr-auto kksr-align-left kksr-valign-bottom\"\n    data-payload='{&quot;align&quot;:&quot;left&quot;,&quot;id&quot;:&quot;2301&quot;,&quot;slug&quot;:&quot;default&quot;,&quot;valign&quot;:&quot;bottom&quot;,&quot;ignore&quot;:&quot;&quot;,&quot;reference&quot;:&quot;auto&quot;,&quot;class&quot;:&quot;&quot;,&quot;count&quot;:&quot;0&quot;,&quot;legendonly&quot;:&quot;&quot;,&quot;readonly&quot;:&quot;&quot;,&quot;score&quot;:&quot;0&quot;,&quot;starsonly&quot;:&quot;&quot;,&quot;best&quot;:&quot;5&quot;,&quot;gap&quot;:&quot;5&quot;,&quot;greet&quot;:&quot;Valora este post&quot;,&quot;legend&quot;:&quot;0\\\/5 - (0 votes)&quot;,&quot;size&quot;:&quot;22&quot;,&quot;title&quot;:&quot;\u00a1Impactante! Padres reciben 350.000 euros tras muerte de gemelas por negligencia m\u00e9dica&quot;,&quot;width&quot;:&quot;0&quot;,&quot;_legend&quot;:&quot;{score}\\\/{best} - ({count} {votes})&quot;,&quot;font_factor&quot;:&quot;1.25&quot;}'>\n            \n<div class=\"kksr-stars\">\n    \n<div class=\"kksr-stars-inactive\">\n            <div class=\"kksr-star\" data-star=\"1\" style=\"padding-right: 5px\">\n            \n\n<div class=\"kksr-icon\" style=\"width: 22px; height: 22px;\"><\/div>\n        <\/div>\n            <div class=\"kksr-star\" data-star=\"2\" style=\"padding-right: 5px\">\n            \n\n<div class=\"kksr-icon\" style=\"width: 22px; height: 22px;\"><\/div>\n        <\/div>\n            <div class=\"kksr-star\" data-star=\"3\" style=\"padding-right: 5px\">\n            \n\n<div class=\"kksr-icon\" style=\"width: 22px; height: 22px;\"><\/div>\n        <\/div>\n            <div class=\"kksr-star\" data-star=\"4\" style=\"padding-right: 5px\">\n            \n\n<div class=\"kksr-icon\" style=\"width: 22px; height: 22px;\"><\/div>\n        <\/div>\n            <div class=\"kksr-star\" data-star=\"5\" style=\"padding-right: 5px\">\n            \n\n<div class=\"kksr-icon\" style=\"width: 22px; height: 22px;\"><\/div>\n        <\/div>\n    <\/div>\n    \n<div class=\"kksr-stars-active\" style=\"width: 0px;\">\n            <div class=\"kksr-star\" style=\"padding-right: 5px\">\n            \n\n<div class=\"kksr-icon\" style=\"width: 22px; height: 22px;\"><\/div>\n        <\/div>\n            <div class=\"kksr-star\" style=\"padding-right: 5px\">\n            \n\n<div class=\"kksr-icon\" style=\"width: 22px; height: 22px;\"><\/div>\n        <\/div>\n            <div class=\"kksr-star\" style=\"padding-right: 5px\">\n            \n\n<div class=\"kksr-icon\" style=\"width: 22px; height: 22px;\"><\/div>\n        <\/div>\n            <div class=\"kksr-star\" style=\"padding-right: 5px\">\n            \n\n<div class=\"kksr-icon\" style=\"width: 22px; height: 22px;\"><\/div>\n        <\/div>\n            <div class=\"kksr-star\" style=\"padding-right: 5px\">\n            \n\n<div class=\"kksr-icon\" style=\"width: 22px; height: 22px;\"><\/div>\n        <\/div>\n    <\/div>\n<\/div>\n                \n\n<div class=\"kksr-legend\" style=\"font-size: 17.6px;\">\n            <span class=\"kksr-muted\">Valora este post<\/span>\n    <\/div>\n    <\/div>\n","protected":false},"excerpt":{"rendered":"<p>Compensaci\u00f3n de 350.000 euros por el fallecimiento de gemelas debido a un error m\u00e9dico En un tr\u00e1gico incidente, los padres de unas gemelas han sido indemnizados &#8230; <a title=\"\u00a1Impactante! Padres reciben 350.000 euros tras muerte de gemelas por negligencia m\u00e9dica\" class=\"read-more\" href=\"https:\/\/www.diario21.tv\/noticias\/impactante-padres-reciben-350-000-euros-tras-muerte-de-gemelas-por-negligencia-medica\/\" aria-label=\"Leer m\u00e1s sobre \u00a1Impactante! Padres reciben 350.000 euros tras muerte de gemelas por negligencia m\u00e9dica\">Seguir leyendo &rarr;<\/a><\/p>\n","protected":false},"author":20,"featured_media":2302,"comment_status":"open","ping_status":"open","sticky":false,"template":"","format":"standard","meta":{"footnotes":""},"categories":[13],"tags":[],"class_list":["post-2301","post","type-post","status-publish","format-standard","has-post-thumbnail","hentry","category-portada"],"yoast_head":"<!-- This site is optimized with the Yoast SEO plugin v25.6 - https:\/\/yoast.com\/wordpress\/plugins\/seo\/ -->\n<title>\u00a1Impactante! Padres reciben 350.000 euros tras muerte de gemelas por negligencia m\u00e9dica - Diario 21<\/title>\n<meta name=\"robots\" content=\"index, follow, max-snippet:-1, max-image-preview:large, max-video-preview:-1\" \/>\n<link rel=\"canonical\" href=\"https:\/\/www.diario21.tv\/noticias\/impactante-padres-reciben-350-000-euros-tras-muerte-de-gemelas-por-negligencia-medica\/\" \/>\n<meta property=\"og:locale\" content=\"es_ES\" \/>\n<meta property=\"og:type\" content=\"article\" \/>\n<meta property=\"og:title\" content=\"\u00a1Impactante! Padres reciben 350.000 euros tras muerte de gemelas por negligencia m\u00e9dica - Diario 21\" \/>\n<meta property=\"og:description\" content=\"Compensaci\u00f3n de 350.000 euros por el fallecimiento de gemelas debido a un error m\u00e9dico En un tr\u00e1gico incidente, los padres de unas gemelas han sido indemnizados ... Seguir leyendo &rarr;\" \/>\n<meta property=\"og:url\" content=\"https:\/\/www.diario21.tv\/noticias\/impactante-padres-reciben-350-000-euros-tras-muerte-de-gemelas-por-negligencia-medica\/\" \/>\n<meta property=\"og:site_name\" content=\"Diario 21\" \/>\n<meta property=\"article:published_time\" content=\"2025-02-28T15:57:45+00:00\" \/>\n<meta property=\"article:modified_time\" content=\"2025-02-28T15:57:47+00:00\" \/>\n<meta property=\"og:image\" content=\"https:\/\/www.diario21.tv\/noticias\/wp-content\/uploads\/2025\/02\/\u00a1Impactante-Padres-reciben-350000-euros-tras-muerte-de-gemelas-por.png\" \/>\n\t<meta property=\"og:image:width\" content=\"800\" \/>\n\t<meta property=\"og:image:height\" content=\"533\" \/>\n\t<meta property=\"og:image:type\" content=\"image\/png\" \/>\n<meta name=\"author\" content=\"Juan P\u00e9rez\" \/>\n<meta name=\"twitter:card\" content=\"summary_large_image\" \/>\n<meta name=\"twitter:label1\" content=\"Escrito por\" \/>\n\t<meta name=\"twitter:data1\" content=\"Juan P\u00e9rez\" \/>\n\t<meta name=\"twitter:label2\" content=\"Tiempo de lectura\" \/>\n\t<meta name=\"twitter:data2\" content=\"2 minutos\" \/>\n<script type=\"application\/ld+json\" class=\"yoast-schema-graph\">{\"@context\":\"https:\/\/schema.org\",\"@graph\":[{\"@type\":\"WebPage\",\"@id\":\"https:\/\/www.diario21.tv\/noticias\/impactante-padres-reciben-350-000-euros-tras-muerte-de-gemelas-por-negligencia-medica\/\",\"url\":\"https:\/\/www.diario21.tv\/noticias\/impactante-padres-reciben-350-000-euros-tras-muerte-de-gemelas-por-negligencia-medica\/\",\"name\":\"\u00a1Impactante! Padres reciben 350.000 euros tras muerte de gemelas por negligencia m\u00e9dica - Diario 21\",\"isPartOf\":{\"@id\":\"https:\/\/www.diario21.tv\/noticias\/#website\"},\"primaryImageOfPage\":{\"@id\":\"https:\/\/www.diario21.tv\/noticias\/impactante-padres-reciben-350-000-euros-tras-muerte-de-gemelas-por-negligencia-medica\/#primaryimage\"},\"image\":{\"@id\":\"https:\/\/www.diario21.tv\/noticias\/impactante-padres-reciben-350-000-euros-tras-muerte-de-gemelas-por-negligencia-medica\/#primaryimage\"},\"thumbnailUrl\":\"https:\/\/www.diario21.tv\/noticias\/wp-content\/uploads\/2025\/02\/\u00a1Impactante-Padres-reciben-350000-euros-tras-muerte-de-gemelas-por.png\",\"datePublished\":\"2025-02-28T15:57:45+00:00\",\"dateModified\":\"2025-02-28T15:57:47+00:00\",\"author\":{\"@id\":\"https:\/\/www.diario21.tv\/noticias\/#\/schema\/person\/dfb778f73814d8f09f302618446a526b\"},\"breadcrumb\":{\"@id\":\"https:\/\/www.diario21.tv\/noticias\/impactante-padres-reciben-350-000-euros-tras-muerte-de-gemelas-por-negligencia-medica\/#breadcrumb\"},\"inLanguage\":\"es-AR\",\"potentialAction\":[{\"@type\":\"ReadAction\",\"target\":[\"https:\/\/www.diario21.tv\/noticias\/impactante-padres-reciben-350-000-euros-tras-muerte-de-gemelas-por-negligencia-medica\/\"]}]},{\"@type\":\"ImageObject\",\"inLanguage\":\"es-AR\",\"@id\":\"https:\/\/www.diario21.tv\/noticias\/impactante-padres-reciben-350-000-euros-tras-muerte-de-gemelas-por-negligencia-medica\/#primaryimage\",\"url\":\"https:\/\/www.diario21.tv\/noticias\/wp-content\/uploads\/2025\/02\/\u00a1Impactante-Padres-reciben-350000-euros-tras-muerte-de-gemelas-por.png\",\"contentUrl\":\"https:\/\/www.diario21.tv\/noticias\/wp-content\/uploads\/2025\/02\/\u00a1Impactante-Padres-reciben-350000-euros-tras-muerte-de-gemelas-por.png\",\"width\":800,\"height\":533,\"caption\":\"Indemnizados con 350.000 euros por la muerte de sus gemelas por negligencia m\u00e9dica\"},{\"@type\":\"BreadcrumbList\",\"@id\":\"https:\/\/www.diario21.tv\/noticias\/impactante-padres-reciben-350-000-euros-tras-muerte-de-gemelas-por-negligencia-medica\/#breadcrumb\",\"itemListElement\":[{\"@type\":\"ListItem\",\"position\":1,\"name\":\"Accueil\",\"item\":\"https:\/\/www.diario21.tv\/noticias\/\"},{\"@type\":\"ListItem\",\"position\":2,\"name\":\"\u00a1Impactante! Padres reciben 350.000 euros tras muerte de gemelas por negligencia m\u00e9dica\"}]},{\"@type\":\"WebSite\",\"@id\":\"https:\/\/www.diario21.tv\/noticias\/#website\",\"url\":\"https:\/\/www.diario21.tv\/noticias\/\",\"name\":\"Diario 21\",\"description\":\"\",\"potentialAction\":[{\"@type\":\"SearchAction\",\"target\":{\"@type\":\"EntryPoint\",\"urlTemplate\":\"https:\/\/www.diario21.tv\/noticias\/?s={search_term_string}\"},\"query-input\":{\"@type\":\"PropertyValueSpecification\",\"valueRequired\":true,\"valueName\":\"search_term_string\"}}],\"inLanguage\":\"es-AR\"},{\"@type\":\"Person\",\"@id\":\"https:\/\/www.diario21.tv\/noticias\/#\/schema\/person\/dfb778f73814d8f09f302618446a526b\",\"name\":\"Juan P\u00e9rez\",\"image\":{\"@type\":\"ImageObject\",\"inLanguage\":\"es-AR\",\"@id\":\"https:\/\/www.diario21.tv\/noticias\/#\/schema\/person\/image\/\",\"url\":\"https:\/\/secure.gravatar.com\/avatar\/c478a405bd10621167f4c3167cc770f5?s=96&d=mm&r=g\",\"contentUrl\":\"https:\/\/secure.gravatar.com\/avatar\/c478a405bd10621167f4c3167cc770f5?s=96&d=mm&r=g\",\"caption\":\"Juan P\u00e9rez\"},\"description\":\"Juan P\u00e9rez es el redactor en jefe de Diario 21. Con m\u00e1s de 10 a\u00f1os de experiencia en el periodismo, se especializa en pol\u00edtica nacional y an\u00e1lisis socioecon\u00f3mico. Su enfoque cr\u00edtico y riguroso aporta una perspectiva \u00fanica a cada art\u00edculo.\",\"sameAs\":[\"https:\/\/www.diario21.tv\/noticias\/\"],\"url\":\"https:\/\/www.diario21.tv\/noticias\/author\/juan-perez\/\"}]}<\/script>\n<!-- \/ Yoast SEO plugin. -->","yoast_head_json":{"title":"\u00a1Impactante! Padres reciben 350.000 euros tras muerte de gemelas por negligencia m\u00e9dica - Diario 21","robots":{"index":"index","follow":"follow","max-snippet":"max-snippet:-1","max-image-preview":"max-image-preview:large","max-video-preview":"max-video-preview:-1"},"canonical":"https:\/\/www.diario21.tv\/noticias\/impactante-padres-reciben-350-000-euros-tras-muerte-de-gemelas-por-negligencia-medica\/","og_locale":"es_ES","og_type":"article","og_title":"\u00a1Impactante! Padres reciben 350.000 euros tras muerte de gemelas por negligencia m\u00e9dica - Diario 21","og_description":"Compensaci\u00f3n de 350.000 euros por el fallecimiento de gemelas debido a un error m\u00e9dico En un tr\u00e1gico incidente, los padres de unas gemelas han sido indemnizados ... Seguir leyendo &rarr;","og_url":"https:\/\/www.diario21.tv\/noticias\/impactante-padres-reciben-350-000-euros-tras-muerte-de-gemelas-por-negligencia-medica\/","og_site_name":"Diario 21","article_published_time":"2025-02-28T15:57:45+00:00","article_modified_time":"2025-02-28T15:57:47+00:00","og_image":[{"width":800,"height":533,"url":"https:\/\/www.diario21.tv\/noticias\/wp-content\/uploads\/2025\/02\/\u00a1Impactante-Padres-reciben-350000-euros-tras-muerte-de-gemelas-por.png","type":"image\/png"}],"author":"Juan P\u00e9rez","twitter_card":"summary_large_image","twitter_misc":{"Escrito por":"Juan P\u00e9rez","Tiempo de lectura":"2 minutos"},"schema":{"@context":"https:\/\/schema.org","@graph":[{"@type":"WebPage","@id":"https:\/\/www.diario21.tv\/noticias\/impactante-padres-reciben-350-000-euros-tras-muerte-de-gemelas-por-negligencia-medica\/","url":"https:\/\/www.diario21.tv\/noticias\/impactante-padres-reciben-350-000-euros-tras-muerte-de-gemelas-por-negligencia-medica\/","name":"\u00a1Impactante! Padres reciben 350.000 euros tras muerte de gemelas por negligencia m\u00e9dica - Diario 21","isPartOf":{"@id":"https:\/\/www.diario21.tv\/noticias\/#website"},"primaryImageOfPage":{"@id":"https:\/\/www.diario21.tv\/noticias\/impactante-padres-reciben-350-000-euros-tras-muerte-de-gemelas-por-negligencia-medica\/#primaryimage"},"image":{"@id":"https:\/\/www.diario21.tv\/noticias\/impactante-padres-reciben-350-000-euros-tras-muerte-de-gemelas-por-negligencia-medica\/#primaryimage"},"thumbnailUrl":"https:\/\/www.diario21.tv\/noticias\/wp-content\/uploads\/2025\/02\/\u00a1Impactante-Padres-reciben-350000-euros-tras-muerte-de-gemelas-por.png","datePublished":"2025-02-28T15:57:45+00:00","dateModified":"2025-02-28T15:57:47+00:00","author":{"@id":"https:\/\/www.diario21.tv\/noticias\/#\/schema\/person\/dfb778f73814d8f09f302618446a526b"},"breadcrumb":{"@id":"https:\/\/www.diario21.tv\/noticias\/impactante-padres-reciben-350-000-euros-tras-muerte-de-gemelas-por-negligencia-medica\/#breadcrumb"},"inLanguage":"es-AR","potentialAction":[{"@type":"ReadAction","target":["https:\/\/www.diario21.tv\/noticias\/impactante-padres-reciben-350-000-euros-tras-muerte-de-gemelas-por-negligencia-medica\/"]}]},{"@type":"ImageObject","inLanguage":"es-AR","@id":"https:\/\/www.diario21.tv\/noticias\/impactante-padres-reciben-350-000-euros-tras-muerte-de-gemelas-por-negligencia-medica\/#primaryimage","url":"https:\/\/www.diario21.tv\/noticias\/wp-content\/uploads\/2025\/02\/\u00a1Impactante-Padres-reciben-350000-euros-tras-muerte-de-gemelas-por.png","contentUrl":"https:\/\/www.diario21.tv\/noticias\/wp-content\/uploads\/2025\/02\/\u00a1Impactante-Padres-reciben-350000-euros-tras-muerte-de-gemelas-por.png","width":800,"height":533,"caption":"Indemnizados con 350.000 euros por la muerte de sus gemelas por negligencia m\u00e9dica"},{"@type":"BreadcrumbList","@id":"https:\/\/www.diario21.tv\/noticias\/impactante-padres-reciben-350-000-euros-tras-muerte-de-gemelas-por-negligencia-medica\/#breadcrumb","itemListElement":[{"@type":"ListItem","position":1,"name":"Accueil","item":"https:\/\/www.diario21.tv\/noticias\/"},{"@type":"ListItem","position":2,"name":"\u00a1Impactante! Padres reciben 350.000 euros tras muerte de gemelas por negligencia m\u00e9dica"}]},{"@type":"WebSite","@id":"https:\/\/www.diario21.tv\/noticias\/#website","url":"https:\/\/www.diario21.tv\/noticias\/","name":"Diario 21","description":"","potentialAction":[{"@type":"SearchAction","target":{"@type":"EntryPoint","urlTemplate":"https:\/\/www.diario21.tv\/noticias\/?s={search_term_string}"},"query-input":{"@type":"PropertyValueSpecification","valueRequired":true,"valueName":"search_term_string"}}],"inLanguage":"es-AR"},{"@type":"Person","@id":"https:\/\/www.diario21.tv\/noticias\/#\/schema\/person\/dfb778f73814d8f09f302618446a526b","name":"Juan P\u00e9rez","image":{"@type":"ImageObject","inLanguage":"es-AR","@id":"https:\/\/www.diario21.tv\/noticias\/#\/schema\/person\/image\/","url":"https:\/\/secure.gravatar.com\/avatar\/c478a405bd10621167f4c3167cc770f5?s=96&d=mm&r=g","contentUrl":"https:\/\/secure.gravatar.com\/avatar\/c478a405bd10621167f4c3167cc770f5?s=96&d=mm&r=g","caption":"Juan P\u00e9rez"},"description":"Juan P\u00e9rez es el redactor en jefe de Diario 21. Con m\u00e1s de 10 a\u00f1os de experiencia en el periodismo, se especializa en pol\u00edtica nacional y an\u00e1lisis socioecon\u00f3mico. Su enfoque cr\u00edtico y riguroso aporta una perspectiva \u00fanica a cada art\u00edculo.","sameAs":["https:\/\/www.diario21.tv\/noticias\/"],"url":"https:\/\/www.diario21.tv\/noticias\/author\/juan-perez\/"}]}},"_links":{"self":[{"href":"https:\/\/www.diario21.tv\/noticias\/wp-json\/wp\/v2\/posts\/2301"}],"collection":[{"href":"https:\/\/www.diario21.tv\/noticias\/wp-json\/wp\/v2\/posts"}],"about":[{"href":"https:\/\/www.diario21.tv\/noticias\/wp-json\/wp\/v2\/types\/post"}],"author":[{"embeddable":true,"href":"https:\/\/www.diario21.tv\/noticias\/wp-json\/wp\/v2\/users\/20"}],"replies":[{"embeddable":true,"href":"https:\/\/www.diario21.tv\/noticias\/wp-json\/wp\/v2\/comments?post=2301"}],"version-history":[{"count":1,"href":"https:\/\/www.diario21.tv\/noticias\/wp-json\/wp\/v2\/posts\/2301\/revisions"}],"predecessor-version":[{"id":2303,"href":"https:\/\/www.diario21.tv\/noticias\/wp-json\/wp\/v2\/posts\/2301\/revisions\/2303"}],"wp:featuredmedia":[{"embeddable":true,"href":"https:\/\/www.diario21.tv\/noticias\/wp-json\/wp\/v2\/media\/2302"}],"wp:attachment":[{"href":"https:\/\/www.diario21.tv\/noticias\/wp-json\/wp\/v2\/media?parent=2301"}],"wp:term":[{"taxonomy":"category","embeddable":true,"href":"https:\/\/www.diario21.tv\/noticias\/wp-json\/wp\/v2\/categories?post=2301"},{"taxonomy":"post_tag","embeddable":true,"href":"https:\/\/www.diario21.tv\/noticias\/wp-json\/wp\/v2\/tags?post=2301"}],"curies":[{"name":"wp","href":"https:\/\/api.w.org\/{rel}","templated":true}]}}