{"id":2298,"date":"2025-02-28T03:42:52","date_gmt":"2025-02-28T03:42:52","guid":{"rendered":"https:\/\/www.diario21.tv\/noticias\/detenido-en-madrid-por-violar-a-companera-de-clase-de-su-hija-de-14-anos\/"},"modified":"2025-02-28T03:42:52","modified_gmt":"2025-02-28T03:42:52","slug":"detenido-en-madrid-por-violar-a-companera-de-clase-de-su-hija-de-14-anos","status":"publish","type":"post","link":"https:\/\/www.diario21.tv\/noticias\/detenido-en-madrid-por-violar-a-companera-de-clase-de-su-hija-de-14-anos\/","title":{"rendered":"Detenido en Madrid por violar a compa\u00f1era de clase de su hija de 14 a\u00f1os"},"content":{"rendered":"<h2>Arresto en Madrid por la Agresi\u00f3n Sexual a una Adolescente de 14 A\u00f1os<\/h2>\n<p>En un reciente y lamentable suceso en Madrid, las autoridades han procedido al arresto de un hombre acusado de violar a una joven de 14 a\u00f1os. La v\u00edctima, compa\u00f1era de clase de la hija del agresor, se encontraba en la vivienda del sospechoso cuando ocurri\u00f3 el ataque.<\/p>\n<h3>Detalles del Incidente<\/h3>\n<p>El incidente se desencaden\u00f3 en el domicilio del detenido, ubicado en la capital espa\u00f1ola. Seg\u00fan los informes, la menor estaba en la casa del hombre bajo circunstancias que todav\u00eda est\u00e1n siendo investigadas por las fuerzas del orden. Durante su estancia, se produjo la agresi\u00f3n sexual.<\/p>\n<p>La polic\u00eda fue alertada sobre este grave acontecimiento y r\u00e1pidamente intervino, deteniendo al acusado, quien es padre de una compa\u00f1era de la v\u00edctima. Las autoridades est\u00e1n llevando a cabo una investigaci\u00f3n exhaustiva para esclarecer todos los hechos relacionados con este caso.<\/p>\n<h3>Reacciones y Procedimientos Legales<\/h3>\n<p>El caso ha conmocionado a la comunidad local, especialmente entre padres y alumnos del centro educativo donde estudian tanto la v\u00edctima como la hija del agresor. La direcci\u00f3n de la escuela, junto con los servicios sociales, est\u00e1n ofreciendo apoyo y asesoramiento a la menor afectada y a su familia.<\/p>\n<p>Por su parte, las autoridades judiciales han iniciado los procedimientos legales correspondientes contra el hombre detenido. Se le han formulado cargos de violaci\u00f3n, y se encuentra en espera de juicio. La justicia tambi\u00e9n ha impuesto medidas para proteger la identidad y la integridad de la joven agredida durante el proceso.<\/p>\n<p>Este incidente ha reavivado el debate sobre la seguridad de los menores y la necesidad de supervisi\u00f3n adulta en situaciones donde los ni\u00f1os y adolescentes interact\u00faan en entornos privados. Adem\u00e1s, ha puesto de relieve la importancia de educar tanto a padres como a hijos sobre c\u00f3mo prevenir y actuar ante situaciones de abuso.<\/p>\n<p>La sociedad, las instituciones educativas y las autoridades contin\u00faan trabajando en conjunto para prevenir que sucesos de esta naturaleza se repitan, reforzando las pol\u00edticas de protecci\u00f3n a menores y asegurando que los delitos sexuales sean castigados con todo el peso de la ley.<\/p>\n\n\n<div class=\"kk-star-ratings kksr-auto kksr-align-left kksr-valign-bottom\"\n    data-payload='{&quot;align&quot;:&quot;left&quot;,&quot;id&quot;:&quot;2298&quot;,&quot;slug&quot;:&quot;default&quot;,&quot;valign&quot;:&quot;bottom&quot;,&quot;ignore&quot;:&quot;&quot;,&quot;reference&quot;:&quot;auto&quot;,&quot;class&quot;:&quot;&quot;,&quot;count&quot;:&quot;0&quot;,&quot;legendonly&quot;:&quot;&quot;,&quot;readonly&quot;:&quot;&quot;,&quot;score&quot;:&quot;0&quot;,&quot;starsonly&quot;:&quot;&quot;,&quot;best&quot;:&quot;5&quot;,&quot;gap&quot;:&quot;5&quot;,&quot;greet&quot;:&quot;Valora este post&quot;,&quot;legend&quot;:&quot;0\\\/5 - (0 votes)&quot;,&quot;size&quot;:&quot;22&quot;,&quot;title&quot;:&quot;Detenido en Madrid por violar a compa\u00f1era de clase de su hija de 14 a\u00f1os&quot;,&quot;width&quot;:&quot;0&quot;,&quot;_legend&quot;:&quot;{score}\\\/{best} - ({count} {votes})&quot;,&quot;font_factor&quot;:&quot;1.25&quot;}'>\n            \n<div class=\"kksr-stars\">\n    \n<div class=\"kksr-stars-inactive\">\n            <div class=\"kksr-star\" data-star=\"1\" style=\"padding-right: 5px\">\n            \n\n<div class=\"kksr-icon\" style=\"width: 22px; height: 22px;\"><\/div>\n        <\/div>\n            <div class=\"kksr-star\" data-star=\"2\" style=\"padding-right: 5px\">\n            \n\n<div class=\"kksr-icon\" style=\"width: 22px; height: 22px;\"><\/div>\n        <\/div>\n            <div class=\"kksr-star\" data-star=\"3\" style=\"padding-right: 5px\">\n            \n\n<div class=\"kksr-icon\" style=\"width: 22px; height: 22px;\"><\/div>\n        <\/div>\n            <div class=\"kksr-star\" data-star=\"4\" style=\"padding-right: 5px\">\n            \n\n<div class=\"kksr-icon\" style=\"width: 22px; height: 22px;\"><\/div>\n        <\/div>\n            <div class=\"kksr-star\" data-star=\"5\" style=\"padding-right: 5px\">\n            \n\n<div class=\"kksr-icon\" style=\"width: 22px; height: 22px;\"><\/div>\n        <\/div>\n    <\/div>\n    \n<div class=\"kksr-stars-active\" style=\"width: 0px;\">\n            <div class=\"kksr-star\" style=\"padding-right: 5px\">\n            \n\n<div class=\"kksr-icon\" style=\"width: 22px; height: 22px;\"><\/div>\n        <\/div>\n            <div class=\"kksr-star\" style=\"padding-right: 5px\">\n            \n\n<div class=\"kksr-icon\" style=\"width: 22px; height: 22px;\"><\/div>\n        <\/div>\n            <div class=\"kksr-star\" style=\"padding-right: 5px\">\n            \n\n<div class=\"kksr-icon\" style=\"width: 22px; height: 22px;\"><\/div>\n        <\/div>\n            <div class=\"kksr-star\" style=\"padding-right: 5px\">\n            \n\n<div class=\"kksr-icon\" style=\"width: 22px; height: 22px;\"><\/div>\n        <\/div>\n            <div class=\"kksr-star\" style=\"padding-right: 5px\">\n            \n\n<div class=\"kksr-icon\" style=\"width: 22px; height: 22px;\"><\/div>\n        <\/div>\n    <\/div>\n<\/div>\n                \n\n<div class=\"kksr-legend\" style=\"font-size: 17.6px;\">\n            <span class=\"kksr-muted\">Valora este post<\/span>\n    <\/div>\n    <\/div>\n","protected":false},"excerpt":{"rendered":"<p>Arresto en Madrid por la Agresi\u00f3n Sexual a una Adolescente de 14 A\u00f1os En un reciente y lamentable suceso en Madrid, las autoridades han procedido al &#8230; <a title=\"Detenido en Madrid por violar a compa\u00f1era de clase de su hija de 14 a\u00f1os\" class=\"read-more\" href=\"https:\/\/www.diario21.tv\/noticias\/detenido-en-madrid-por-violar-a-companera-de-clase-de-su-hija-de-14-anos\/\" aria-label=\"Leer m\u00e1s sobre Detenido en Madrid por violar a compa\u00f1era de clase de su hija de 14 a\u00f1os\">Seguir leyendo &rarr;<\/a><\/p>\n","protected":false},"author":20,"featured_media":2299,"comment_status":"open","ping_status":"open","sticky":false,"template":"","format":"standard","meta":{"footnotes":""},"categories":[13],"tags":[],"class_list":["post-2298","post","type-post","status-publish","format-standard","has-post-thumbnail","hentry","category-portada"],"yoast_head":"<!-- This site is optimized with the Yoast SEO plugin v25.6 - https:\/\/yoast.com\/wordpress\/plugins\/seo\/ -->\n<title>Detenido en Madrid por violar a compa\u00f1era de clase de su hija de 14 a\u00f1os - Diario 21<\/title>\n<meta name=\"robots\" content=\"index, follow, max-snippet:-1, max-image-preview:large, max-video-preview:-1\" \/>\n<link rel=\"canonical\" href=\"https:\/\/www.diario21.tv\/noticias\/detenido-en-madrid-por-violar-a-companera-de-clase-de-su-hija-de-14-anos\/\" \/>\n<meta property=\"og:locale\" content=\"es_ES\" \/>\n<meta property=\"og:type\" content=\"article\" \/>\n<meta property=\"og:title\" content=\"Detenido en Madrid por violar a compa\u00f1era de clase de su hija de 14 a\u00f1os - Diario 21\" \/>\n<meta property=\"og:description\" content=\"Arresto en Madrid por la Agresi\u00f3n Sexual a una Adolescente de 14 A\u00f1os En un reciente y lamentable suceso en Madrid, las autoridades han procedido al ... Seguir leyendo &rarr;\" \/>\n<meta property=\"og:url\" content=\"https:\/\/www.diario21.tv\/noticias\/detenido-en-madrid-por-violar-a-companera-de-clase-de-su-hija-de-14-anos\/\" \/>\n<meta property=\"og:site_name\" content=\"Diario 21\" \/>\n<meta property=\"article:published_time\" content=\"2025-02-28T03:42:52+00:00\" \/>\n<meta property=\"og:image\" content=\"https:\/\/www.diario21.tv\/noticias\/wp-content\/uploads\/2025\/02\/Detenido-en-Madrid-por-violar-a-companera-de-clase-de.jpg\" \/>\n\t<meta property=\"og:image:width\" content=\"275\" \/>\n\t<meta property=\"og:image:height\" content=\"183\" \/>\n\t<meta property=\"og:image:type\" content=\"image\/jpeg\" \/>\n<meta name=\"author\" content=\"Juan P\u00e9rez\" \/>\n<meta name=\"twitter:card\" content=\"summary_large_image\" \/>\n<meta name=\"twitter:label1\" content=\"Escrito por\" \/>\n\t<meta name=\"twitter:data1\" content=\"Juan P\u00e9rez\" \/>\n\t<meta name=\"twitter:label2\" content=\"Tiempo de lectura\" \/>\n\t<meta name=\"twitter:data2\" content=\"2 minutos\" \/>\n<script type=\"application\/ld+json\" class=\"yoast-schema-graph\">{\"@context\":\"https:\/\/schema.org\",\"@graph\":[{\"@type\":\"WebPage\",\"@id\":\"https:\/\/www.diario21.tv\/noticias\/detenido-en-madrid-por-violar-a-companera-de-clase-de-su-hija-de-14-anos\/\",\"url\":\"https:\/\/www.diario21.tv\/noticias\/detenido-en-madrid-por-violar-a-companera-de-clase-de-su-hija-de-14-anos\/\",\"name\":\"Detenido en Madrid por violar a compa\u00f1era de clase de su hija de 14 a\u00f1os - Diario 21\",\"isPartOf\":{\"@id\":\"https:\/\/www.diario21.tv\/noticias\/#website\"},\"primaryImageOfPage\":{\"@id\":\"https:\/\/www.diario21.tv\/noticias\/detenido-en-madrid-por-violar-a-companera-de-clase-de-su-hija-de-14-anos\/#primaryimage\"},\"image\":{\"@id\":\"https:\/\/www.diario21.tv\/noticias\/detenido-en-madrid-por-violar-a-companera-de-clase-de-su-hija-de-14-anos\/#primaryimage\"},\"thumbnailUrl\":\"https:\/\/www.diario21.tv\/noticias\/wp-content\/uploads\/2025\/02\/Detenido-en-Madrid-por-violar-a-companera-de-clase-de.jpg\",\"datePublished\":\"2025-02-28T03:42:52+00:00\",\"author\":{\"@id\":\"https:\/\/www.diario21.tv\/noticias\/#\/schema\/person\/dfb778f73814d8f09f302618446a526b\"},\"breadcrumb\":{\"@id\":\"https:\/\/www.diario21.tv\/noticias\/detenido-en-madrid-por-violar-a-companera-de-clase-de-su-hija-de-14-anos\/#breadcrumb\"},\"inLanguage\":\"es-AR\",\"potentialAction\":[{\"@type\":\"ReadAction\",\"target\":[\"https:\/\/www.diario21.tv\/noticias\/detenido-en-madrid-por-violar-a-companera-de-clase-de-su-hija-de-14-anos\/\"]}]},{\"@type\":\"ImageObject\",\"inLanguage\":\"es-AR\",\"@id\":\"https:\/\/www.diario21.tv\/noticias\/detenido-en-madrid-por-violar-a-companera-de-clase-de-su-hija-de-14-anos\/#primaryimage\",\"url\":\"https:\/\/www.diario21.tv\/noticias\/wp-content\/uploads\/2025\/02\/Detenido-en-Madrid-por-violar-a-companera-de-clase-de.jpg\",\"contentUrl\":\"https:\/\/www.diario21.tv\/noticias\/wp-content\/uploads\/2025\/02\/Detenido-en-Madrid-por-violar-a-companera-de-clase-de.jpg\",\"width\":275,\"height\":183,\"caption\":\"Detenido por violar a una ni\u00f1a de 14 a\u00f1os, compa\u00f1era de clase de su hija, en Madrid\"},{\"@type\":\"BreadcrumbList\",\"@id\":\"https:\/\/www.diario21.tv\/noticias\/detenido-en-madrid-por-violar-a-companera-de-clase-de-su-hija-de-14-anos\/#breadcrumb\",\"itemListElement\":[{\"@type\":\"ListItem\",\"position\":1,\"name\":\"Accueil\",\"item\":\"https:\/\/www.diario21.tv\/noticias\/\"},{\"@type\":\"ListItem\",\"position\":2,\"name\":\"Detenido en Madrid por violar a compa\u00f1era de clase de su hija de 14 a\u00f1os\"}]},{\"@type\":\"WebSite\",\"@id\":\"https:\/\/www.diario21.tv\/noticias\/#website\",\"url\":\"https:\/\/www.diario21.tv\/noticias\/\",\"name\":\"Diario 21\",\"description\":\"\",\"potentialAction\":[{\"@type\":\"SearchAction\",\"target\":{\"@type\":\"EntryPoint\",\"urlTemplate\":\"https:\/\/www.diario21.tv\/noticias\/?s={search_term_string}\"},\"query-input\":{\"@type\":\"PropertyValueSpecification\",\"valueRequired\":true,\"valueName\":\"search_term_string\"}}],\"inLanguage\":\"es-AR\"},{\"@type\":\"Person\",\"@id\":\"https:\/\/www.diario21.tv\/noticias\/#\/schema\/person\/dfb778f73814d8f09f302618446a526b\",\"name\":\"Juan P\u00e9rez\",\"image\":{\"@type\":\"ImageObject\",\"inLanguage\":\"es-AR\",\"@id\":\"https:\/\/www.diario21.tv\/noticias\/#\/schema\/person\/image\/\",\"url\":\"https:\/\/secure.gravatar.com\/avatar\/c478a405bd10621167f4c3167cc770f5?s=96&d=mm&r=g\",\"contentUrl\":\"https:\/\/secure.gravatar.com\/avatar\/c478a405bd10621167f4c3167cc770f5?s=96&d=mm&r=g\",\"caption\":\"Juan P\u00e9rez\"},\"description\":\"Juan P\u00e9rez es el redactor en jefe de Diario 21. Con m\u00e1s de 10 a\u00f1os de experiencia en el periodismo, se especializa en pol\u00edtica nacional y an\u00e1lisis socioecon\u00f3mico. Su enfoque cr\u00edtico y riguroso aporta una perspectiva \u00fanica a cada art\u00edculo.\",\"sameAs\":[\"https:\/\/www.diario21.tv\/noticias\/\"],\"url\":\"https:\/\/www.diario21.tv\/noticias\/author\/juan-perez\/\"}]}<\/script>\n<!-- \/ Yoast SEO plugin. -->","yoast_head_json":{"title":"Detenido en Madrid por violar a compa\u00f1era de clase de su hija de 14 a\u00f1os - Diario 21","robots":{"index":"index","follow":"follow","max-snippet":"max-snippet:-1","max-image-preview":"max-image-preview:large","max-video-preview":"max-video-preview:-1"},"canonical":"https:\/\/www.diario21.tv\/noticias\/detenido-en-madrid-por-violar-a-companera-de-clase-de-su-hija-de-14-anos\/","og_locale":"es_ES","og_type":"article","og_title":"Detenido en Madrid por violar a compa\u00f1era de clase de su hija de 14 a\u00f1os - Diario 21","og_description":"Arresto en Madrid por la Agresi\u00f3n Sexual a una Adolescente de 14 A\u00f1os En un reciente y lamentable suceso en Madrid, las autoridades han procedido al ... Seguir leyendo &rarr;","og_url":"https:\/\/www.diario21.tv\/noticias\/detenido-en-madrid-por-violar-a-companera-de-clase-de-su-hija-de-14-anos\/","og_site_name":"Diario 21","article_published_time":"2025-02-28T03:42:52+00:00","og_image":[{"width":275,"height":183,"url":"https:\/\/www.diario21.tv\/noticias\/wp-content\/uploads\/2025\/02\/Detenido-en-Madrid-por-violar-a-companera-de-clase-de.jpg","type":"image\/jpeg"}],"author":"Juan P\u00e9rez","twitter_card":"summary_large_image","twitter_misc":{"Escrito por":"Juan P\u00e9rez","Tiempo de lectura":"2 minutos"},"schema":{"@context":"https:\/\/schema.org","@graph":[{"@type":"WebPage","@id":"https:\/\/www.diario21.tv\/noticias\/detenido-en-madrid-por-violar-a-companera-de-clase-de-su-hija-de-14-anos\/","url":"https:\/\/www.diario21.tv\/noticias\/detenido-en-madrid-por-violar-a-companera-de-clase-de-su-hija-de-14-anos\/","name":"Detenido en Madrid por violar a compa\u00f1era de clase de su hija de 14 a\u00f1os - Diario 21","isPartOf":{"@id":"https:\/\/www.diario21.tv\/noticias\/#website"},"primaryImageOfPage":{"@id":"https:\/\/www.diario21.tv\/noticias\/detenido-en-madrid-por-violar-a-companera-de-clase-de-su-hija-de-14-anos\/#primaryimage"},"image":{"@id":"https:\/\/www.diario21.tv\/noticias\/detenido-en-madrid-por-violar-a-companera-de-clase-de-su-hija-de-14-anos\/#primaryimage"},"thumbnailUrl":"https:\/\/www.diario21.tv\/noticias\/wp-content\/uploads\/2025\/02\/Detenido-en-Madrid-por-violar-a-companera-de-clase-de.jpg","datePublished":"2025-02-28T03:42:52+00:00","author":{"@id":"https:\/\/www.diario21.tv\/noticias\/#\/schema\/person\/dfb778f73814d8f09f302618446a526b"},"breadcrumb":{"@id":"https:\/\/www.diario21.tv\/noticias\/detenido-en-madrid-por-violar-a-companera-de-clase-de-su-hija-de-14-anos\/#breadcrumb"},"inLanguage":"es-AR","potentialAction":[{"@type":"ReadAction","target":["https:\/\/www.diario21.tv\/noticias\/detenido-en-madrid-por-violar-a-companera-de-clase-de-su-hija-de-14-anos\/"]}]},{"@type":"ImageObject","inLanguage":"es-AR","@id":"https:\/\/www.diario21.tv\/noticias\/detenido-en-madrid-por-violar-a-companera-de-clase-de-su-hija-de-14-anos\/#primaryimage","url":"https:\/\/www.diario21.tv\/noticias\/wp-content\/uploads\/2025\/02\/Detenido-en-Madrid-por-violar-a-companera-de-clase-de.jpg","contentUrl":"https:\/\/www.diario21.tv\/noticias\/wp-content\/uploads\/2025\/02\/Detenido-en-Madrid-por-violar-a-companera-de-clase-de.jpg","width":275,"height":183,"caption":"Detenido por violar a una ni\u00f1a de 14 a\u00f1os, compa\u00f1era de clase de su hija, en Madrid"},{"@type":"BreadcrumbList","@id":"https:\/\/www.diario21.tv\/noticias\/detenido-en-madrid-por-violar-a-companera-de-clase-de-su-hija-de-14-anos\/#breadcrumb","itemListElement":[{"@type":"ListItem","position":1,"name":"Accueil","item":"https:\/\/www.diario21.tv\/noticias\/"},{"@type":"ListItem","position":2,"name":"Detenido en Madrid por violar a compa\u00f1era de clase de su hija de 14 a\u00f1os"}]},{"@type":"WebSite","@id":"https:\/\/www.diario21.tv\/noticias\/#website","url":"https:\/\/www.diario21.tv\/noticias\/","name":"Diario 21","description":"","potentialAction":[{"@type":"SearchAction","target":{"@type":"EntryPoint","urlTemplate":"https:\/\/www.diario21.tv\/noticias\/?s={search_term_string}"},"query-input":{"@type":"PropertyValueSpecification","valueRequired":true,"valueName":"search_term_string"}}],"inLanguage":"es-AR"},{"@type":"Person","@id":"https:\/\/www.diario21.tv\/noticias\/#\/schema\/person\/dfb778f73814d8f09f302618446a526b","name":"Juan P\u00e9rez","image":{"@type":"ImageObject","inLanguage":"es-AR","@id":"https:\/\/www.diario21.tv\/noticias\/#\/schema\/person\/image\/","url":"https:\/\/secure.gravatar.com\/avatar\/c478a405bd10621167f4c3167cc770f5?s=96&d=mm&r=g","contentUrl":"https:\/\/secure.gravatar.com\/avatar\/c478a405bd10621167f4c3167cc770f5?s=96&d=mm&r=g","caption":"Juan P\u00e9rez"},"description":"Juan P\u00e9rez es el redactor en jefe de Diario 21. Con m\u00e1s de 10 a\u00f1os de experiencia en el periodismo, se especializa en pol\u00edtica nacional y an\u00e1lisis socioecon\u00f3mico. Su enfoque cr\u00edtico y riguroso aporta una perspectiva \u00fanica a cada art\u00edculo.","sameAs":["https:\/\/www.diario21.tv\/noticias\/"],"url":"https:\/\/www.diario21.tv\/noticias\/author\/juan-perez\/"}]}},"_links":{"self":[{"href":"https:\/\/www.diario21.tv\/noticias\/wp-json\/wp\/v2\/posts\/2298"}],"collection":[{"href":"https:\/\/www.diario21.tv\/noticias\/wp-json\/wp\/v2\/posts"}],"about":[{"href":"https:\/\/www.diario21.tv\/noticias\/wp-json\/wp\/v2\/types\/post"}],"author":[{"embeddable":true,"href":"https:\/\/www.diario21.tv\/noticias\/wp-json\/wp\/v2\/users\/20"}],"replies":[{"embeddable":true,"href":"https:\/\/www.diario21.tv\/noticias\/wp-json\/wp\/v2\/comments?post=2298"}],"version-history":[{"count":1,"href":"https:\/\/www.diario21.tv\/noticias\/wp-json\/wp\/v2\/posts\/2298\/revisions"}],"predecessor-version":[{"id":2300,"href":"https:\/\/www.diario21.tv\/noticias\/wp-json\/wp\/v2\/posts\/2298\/revisions\/2300"}],"wp:featuredmedia":[{"embeddable":true,"href":"https:\/\/www.diario21.tv\/noticias\/wp-json\/wp\/v2\/media\/2299"}],"wp:attachment":[{"href":"https:\/\/www.diario21.tv\/noticias\/wp-json\/wp\/v2\/media?parent=2298"}],"wp:term":[{"taxonomy":"category","embeddable":true,"href":"https:\/\/www.diario21.tv\/noticias\/wp-json\/wp\/v2\/categories?post=2298"},{"taxonomy":"post_tag","embeddable":true,"href":"https:\/\/www.diario21.tv\/noticias\/wp-json\/wp\/v2\/tags?post=2298"}],"curies":[{"name":"wp","href":"https:\/\/api.w.org\/{rel}","templated":true}]}}