{"id":2283,"date":"2025-02-26T21:13:24","date_gmt":"2025-02-26T21:13:24","guid":{"rendered":"https:\/\/www.diario21.tv\/noticias\/detenido-portero-de-discoteca-en-vitoria-acusado-de-homicidio-involuntario-de-joven-de-31-anos\/"},"modified":"2025-02-26T21:13:25","modified_gmt":"2025-02-26T21:13:25","slug":"detenido-portero-de-discoteca-en-vitoria-acusado-de-homicidio-involuntario-de-joven-de-31-anos","status":"publish","type":"post","link":"https:\/\/www.diario21.tv\/noticias\/detenido-portero-de-discoteca-en-vitoria-acusado-de-homicidio-involuntario-de-joven-de-31-anos\/","title":{"rendered":"\u00a1Detenido! Portero de discoteca en Vitoria acusado de homicidio involuntario de joven de 31 a\u00f1os"},"content":{"rendered":"<h2>Arresto del Portero en una Discoteca de Vitoria por Causar la Muerte de un Joven<\/h2>\n<p>En un suceso tr\u00e1gico ocurrido en una discoteca de Vitoria, un portero ha sido arrestado bajo la acusaci\u00f3n de homicidio involuntario tras la muerte de un joven de 31 a\u00f1os. Este incidente ha conmocionado a la comunidad local y ha puesto en el foco las medidas de seguridad en los locales nocturnos.<\/p>\n<h3>Detalles del Incidente<\/h3>\n<p>El joven, que falleci\u00f3 a causa de las lesiones sufridas, se vio involucrado en un altercado dentro del establecimiento. Seg\u00fan informes preliminares, la v\u00edctima estaba disfrutando de una noche de ocio cuando se desencaden\u00f3 una disputa. El portero del local, en su intento de controlar la situaci\u00f3n, presuntamente us\u00f3 fuerza excesiva, lo que result\u00f3 en lesiones fatales para el joven.<\/p>\n<h3>Reacciones y Consecuencias<\/h3>\n<p>La noticia de la muerte del joven ha generado una ola de reacciones entre los ciudadanos y autoridades de Vitoria. La familia de la v\u00edctima est\u00e1 devastada y exige justicia, mientras que otros asistentes al club esa noche han expresado su consternaci\u00f3n y preocupaci\u00f3n por lo sucedido.<\/p>\n<p>La polic\u00eda, tras recibir el informe del incidente, procedi\u00f3 a la detenci\u00f3n del portero implicado. Actualmente, se est\u00e1 llevando a cabo una investigaci\u00f3n exhaustiva para esclarecer todos los hechos y determinar la responsabilidad exacta del portero en la muerte del joven.<\/p>\n<h3>Medidas de Seguridad en Revisi\u00f3n<\/h3>\n<p>Este incidente ha provocado un debate sobre las medidas de seguridad en las discotecas y otros lugares de entretenimiento nocturno. Expertos en seguridad y autoridades est\u00e1n revisando los protocolos actuales y considerando la implementaci\u00f3n de normativas m\u00e1s estrictas para asegurar que tales tragedias no se repitan.<\/p>\n<p>La comunidad de Vitoria y los asistentes habituales a estos espacios esperan que este tr\u00e1gico evento sirva de llamado a la acci\u00f3n para fortalecer los est\u00e1ndares de seguridad y garantizar la protecci\u00f3n de todos los ciudadanos durante sus salidas nocturnas.<\/p>\n<h3>Conclusiones<\/h3>\n<p>La detenci\u00f3n del portero es solo el primer paso en un largo proceso legal y de revisi\u00f3n de las pr\u00e1cticas de seguridad en los locales nocturnos. Mientras la comunidad y las autoridades de Vitoria contin\u00faan lidiando con las repercusiones de este tr\u00e1gico suceso, queda claro que es esencial priorizar la seguridad de todos los individuos para evitar futuros incidentes de esta naturaleza.<\/p>\n\n\n<div class=\"kk-star-ratings kksr-auto kksr-align-left kksr-valign-bottom\"\n    data-payload='{&quot;align&quot;:&quot;left&quot;,&quot;id&quot;:&quot;2283&quot;,&quot;slug&quot;:&quot;default&quot;,&quot;valign&quot;:&quot;bottom&quot;,&quot;ignore&quot;:&quot;&quot;,&quot;reference&quot;:&quot;auto&quot;,&quot;class&quot;:&quot;&quot;,&quot;count&quot;:&quot;0&quot;,&quot;legendonly&quot;:&quot;&quot;,&quot;readonly&quot;:&quot;&quot;,&quot;score&quot;:&quot;0&quot;,&quot;starsonly&quot;:&quot;&quot;,&quot;best&quot;:&quot;5&quot;,&quot;gap&quot;:&quot;5&quot;,&quot;greet&quot;:&quot;Valora este post&quot;,&quot;legend&quot;:&quot;0\\\/5 - (0 votes)&quot;,&quot;size&quot;:&quot;22&quot;,&quot;title&quot;:&quot;\u00a1Detenido! Portero de discoteca en Vitoria acusado de homicidio involuntario de joven de 31 a\u00f1os&quot;,&quot;width&quot;:&quot;0&quot;,&quot;_legend&quot;:&quot;{score}\\\/{best} - ({count} {votes})&quot;,&quot;font_factor&quot;:&quot;1.25&quot;}'>\n            \n<div class=\"kksr-stars\">\n    \n<div class=\"kksr-stars-inactive\">\n            <div class=\"kksr-star\" data-star=\"1\" style=\"padding-right: 5px\">\n            \n\n<div class=\"kksr-icon\" style=\"width: 22px; height: 22px;\"><\/div>\n        <\/div>\n            <div class=\"kksr-star\" data-star=\"2\" style=\"padding-right: 5px\">\n            \n\n<div class=\"kksr-icon\" style=\"width: 22px; height: 22px;\"><\/div>\n        <\/div>\n            <div class=\"kksr-star\" data-star=\"3\" style=\"padding-right: 5px\">\n            \n\n<div class=\"kksr-icon\" style=\"width: 22px; height: 22px;\"><\/div>\n        <\/div>\n            <div class=\"kksr-star\" data-star=\"4\" style=\"padding-right: 5px\">\n            \n\n<div class=\"kksr-icon\" style=\"width: 22px; height: 22px;\"><\/div>\n        <\/div>\n            <div class=\"kksr-star\" data-star=\"5\" style=\"padding-right: 5px\">\n            \n\n<div class=\"kksr-icon\" style=\"width: 22px; height: 22px;\"><\/div>\n        <\/div>\n    <\/div>\n    \n<div class=\"kksr-stars-active\" style=\"width: 0px;\">\n            <div class=\"kksr-star\" style=\"padding-right: 5px\">\n            \n\n<div class=\"kksr-icon\" style=\"width: 22px; height: 22px;\"><\/div>\n        <\/div>\n            <div class=\"kksr-star\" style=\"padding-right: 5px\">\n            \n\n<div class=\"kksr-icon\" style=\"width: 22px; height: 22px;\"><\/div>\n        <\/div>\n            <div class=\"kksr-star\" style=\"padding-right: 5px\">\n            \n\n<div class=\"kksr-icon\" style=\"width: 22px; height: 22px;\"><\/div>\n        <\/div>\n            <div class=\"kksr-star\" style=\"padding-right: 5px\">\n            \n\n<div class=\"kksr-icon\" style=\"width: 22px; height: 22px;\"><\/div>\n        <\/div>\n            <div class=\"kksr-star\" style=\"padding-right: 5px\">\n            \n\n<div class=\"kksr-icon\" style=\"width: 22px; height: 22px;\"><\/div>\n        <\/div>\n    <\/div>\n<\/div>\n                \n\n<div class=\"kksr-legend\" style=\"font-size: 17.6px;\">\n            <span class=\"kksr-muted\">Valora este post<\/span>\n    <\/div>\n    <\/div>\n","protected":false},"excerpt":{"rendered":"<p>Arresto del Portero en una Discoteca de Vitoria por Causar la Muerte de un Joven En un suceso tr\u00e1gico ocurrido en una discoteca de Vitoria, un &#8230; <a title=\"\u00a1Detenido! Portero de discoteca en Vitoria acusado de homicidio involuntario de joven de 31 a\u00f1os\" class=\"read-more\" href=\"https:\/\/www.diario21.tv\/noticias\/detenido-portero-de-discoteca-en-vitoria-acusado-de-homicidio-involuntario-de-joven-de-31-anos\/\" aria-label=\"Leer m\u00e1s sobre \u00a1Detenido! Portero de discoteca en Vitoria acusado de homicidio involuntario de joven de 31 a\u00f1os\">Seguir leyendo &rarr;<\/a><\/p>\n","protected":false},"author":20,"featured_media":2284,"comment_status":"open","ping_status":"open","sticky":false,"template":"","format":"standard","meta":{"footnotes":""},"categories":[13],"tags":[],"class_list":["post-2283","post","type-post","status-publish","format-standard","has-post-thumbnail","hentry","category-portada"],"yoast_head":"<!-- This site is optimized with the Yoast SEO plugin v25.6 - https:\/\/yoast.com\/wordpress\/plugins\/seo\/ -->\n<title>\u00a1Detenido! Portero de discoteca en Vitoria acusado de homicidio involuntario de joven de 31 a\u00f1os - Diario 21<\/title>\n<meta name=\"robots\" content=\"index, follow, max-snippet:-1, max-image-preview:large, max-video-preview:-1\" \/>\n<link rel=\"canonical\" href=\"https:\/\/www.diario21.tv\/noticias\/detenido-portero-de-discoteca-en-vitoria-acusado-de-homicidio-involuntario-de-joven-de-31-anos\/\" \/>\n<meta property=\"og:locale\" content=\"es_ES\" \/>\n<meta property=\"og:type\" content=\"article\" \/>\n<meta property=\"og:title\" content=\"\u00a1Detenido! Portero de discoteca en Vitoria acusado de homicidio involuntario de joven de 31 a\u00f1os - Diario 21\" \/>\n<meta property=\"og:description\" content=\"Arresto del Portero en una Discoteca de Vitoria por Causar la Muerte de un Joven En un suceso tr\u00e1gico ocurrido en una discoteca de Vitoria, un ... Seguir leyendo &rarr;\" \/>\n<meta property=\"og:url\" content=\"https:\/\/www.diario21.tv\/noticias\/detenido-portero-de-discoteca-en-vitoria-acusado-de-homicidio-involuntario-de-joven-de-31-anos\/\" \/>\n<meta property=\"og:site_name\" content=\"Diario 21\" \/>\n<meta property=\"article:published_time\" content=\"2025-02-26T21:13:24+00:00\" \/>\n<meta property=\"article:modified_time\" content=\"2025-02-26T21:13:25+00:00\" \/>\n<meta property=\"og:image\" content=\"https:\/\/www.diario21.tv\/noticias\/wp-content\/uploads\/2025\/02\/\u00a1Detenido-Portero-de-discoteca-en-Vitoria-acusado-de-homicidio-involuntario.jpg\" \/>\n\t<meta property=\"og:image:width\" content=\"1200\" \/>\n\t<meta property=\"og:image:height\" content=\"840\" \/>\n\t<meta property=\"og:image:type\" content=\"image\/jpeg\" \/>\n<meta name=\"author\" content=\"Juan P\u00e9rez\" \/>\n<meta name=\"twitter:card\" content=\"summary_large_image\" \/>\n<meta name=\"twitter:label1\" content=\"Escrito por\" \/>\n\t<meta name=\"twitter:data1\" content=\"Juan P\u00e9rez\" \/>\n\t<meta name=\"twitter:label2\" content=\"Tiempo de lectura\" \/>\n\t<meta name=\"twitter:data2\" content=\"2 minutos\" \/>\n<script type=\"application\/ld+json\" class=\"yoast-schema-graph\">{\"@context\":\"https:\/\/schema.org\",\"@graph\":[{\"@type\":\"WebPage\",\"@id\":\"https:\/\/www.diario21.tv\/noticias\/detenido-portero-de-discoteca-en-vitoria-acusado-de-homicidio-involuntario-de-joven-de-31-anos\/\",\"url\":\"https:\/\/www.diario21.tv\/noticias\/detenido-portero-de-discoteca-en-vitoria-acusado-de-homicidio-involuntario-de-joven-de-31-anos\/\",\"name\":\"\u00a1Detenido! Portero de discoteca en Vitoria acusado de homicidio involuntario de joven de 31 a\u00f1os - Diario 21\",\"isPartOf\":{\"@id\":\"https:\/\/www.diario21.tv\/noticias\/#website\"},\"primaryImageOfPage\":{\"@id\":\"https:\/\/www.diario21.tv\/noticias\/detenido-portero-de-discoteca-en-vitoria-acusado-de-homicidio-involuntario-de-joven-de-31-anos\/#primaryimage\"},\"image\":{\"@id\":\"https:\/\/www.diario21.tv\/noticias\/detenido-portero-de-discoteca-en-vitoria-acusado-de-homicidio-involuntario-de-joven-de-31-anos\/#primaryimage\"},\"thumbnailUrl\":\"https:\/\/www.diario21.tv\/noticias\/wp-content\/uploads\/2025\/02\/\u00a1Detenido-Portero-de-discoteca-en-Vitoria-acusado-de-homicidio-involuntario.jpg\",\"datePublished\":\"2025-02-26T21:13:24+00:00\",\"dateModified\":\"2025-02-26T21:13:25+00:00\",\"author\":{\"@id\":\"https:\/\/www.diario21.tv\/noticias\/#\/schema\/person\/dfb778f73814d8f09f302618446a526b\"},\"breadcrumb\":{\"@id\":\"https:\/\/www.diario21.tv\/noticias\/detenido-portero-de-discoteca-en-vitoria-acusado-de-homicidio-involuntario-de-joven-de-31-anos\/#breadcrumb\"},\"inLanguage\":\"es-AR\",\"potentialAction\":[{\"@type\":\"ReadAction\",\"target\":[\"https:\/\/www.diario21.tv\/noticias\/detenido-portero-de-discoteca-en-vitoria-acusado-de-homicidio-involuntario-de-joven-de-31-anos\/\"]}]},{\"@type\":\"ImageObject\",\"inLanguage\":\"es-AR\",\"@id\":\"https:\/\/www.diario21.tv\/noticias\/detenido-portero-de-discoteca-en-vitoria-acusado-de-homicidio-involuntario-de-joven-de-31-anos\/#primaryimage\",\"url\":\"https:\/\/www.diario21.tv\/noticias\/wp-content\/uploads\/2025\/02\/\u00a1Detenido-Portero-de-discoteca-en-Vitoria-acusado-de-homicidio-involuntario.jpg\",\"contentUrl\":\"https:\/\/www.diario21.tv\/noticias\/wp-content\/uploads\/2025\/02\/\u00a1Detenido-Portero-de-discoteca-en-Vitoria-acusado-de-homicidio-involuntario.jpg\",\"width\":1200,\"height\":840,\"caption\":\"Detienen al portero de una discoteca de Vitoria por el \u00abhomicidio involuntario\u00bb de un joven de 31 a\u00f1os\"},{\"@type\":\"BreadcrumbList\",\"@id\":\"https:\/\/www.diario21.tv\/noticias\/detenido-portero-de-discoteca-en-vitoria-acusado-de-homicidio-involuntario-de-joven-de-31-anos\/#breadcrumb\",\"itemListElement\":[{\"@type\":\"ListItem\",\"position\":1,\"name\":\"Accueil\",\"item\":\"https:\/\/www.diario21.tv\/noticias\/\"},{\"@type\":\"ListItem\",\"position\":2,\"name\":\"\u00a1Detenido! Portero de discoteca en Vitoria acusado de homicidio involuntario de joven de 31 a\u00f1os\"}]},{\"@type\":\"WebSite\",\"@id\":\"https:\/\/www.diario21.tv\/noticias\/#website\",\"url\":\"https:\/\/www.diario21.tv\/noticias\/\",\"name\":\"Diario 21\",\"description\":\"\",\"potentialAction\":[{\"@type\":\"SearchAction\",\"target\":{\"@type\":\"EntryPoint\",\"urlTemplate\":\"https:\/\/www.diario21.tv\/noticias\/?s={search_term_string}\"},\"query-input\":{\"@type\":\"PropertyValueSpecification\",\"valueRequired\":true,\"valueName\":\"search_term_string\"}}],\"inLanguage\":\"es-AR\"},{\"@type\":\"Person\",\"@id\":\"https:\/\/www.diario21.tv\/noticias\/#\/schema\/person\/dfb778f73814d8f09f302618446a526b\",\"name\":\"Juan P\u00e9rez\",\"image\":{\"@type\":\"ImageObject\",\"inLanguage\":\"es-AR\",\"@id\":\"https:\/\/www.diario21.tv\/noticias\/#\/schema\/person\/image\/\",\"url\":\"https:\/\/secure.gravatar.com\/avatar\/c478a405bd10621167f4c3167cc770f5?s=96&d=mm&r=g\",\"contentUrl\":\"https:\/\/secure.gravatar.com\/avatar\/c478a405bd10621167f4c3167cc770f5?s=96&d=mm&r=g\",\"caption\":\"Juan P\u00e9rez\"},\"description\":\"Juan P\u00e9rez es el redactor en jefe de Diario 21. Con m\u00e1s de 10 a\u00f1os de experiencia en el periodismo, se especializa en pol\u00edtica nacional y an\u00e1lisis socioecon\u00f3mico. Su enfoque cr\u00edtico y riguroso aporta una perspectiva \u00fanica a cada art\u00edculo.\",\"sameAs\":[\"https:\/\/www.diario21.tv\/noticias\/\"],\"url\":\"https:\/\/www.diario21.tv\/noticias\/author\/juan-perez\/\"}]}<\/script>\n<!-- \/ Yoast SEO plugin. -->","yoast_head_json":{"title":"\u00a1Detenido! Portero de discoteca en Vitoria acusado de homicidio involuntario de joven de 31 a\u00f1os - Diario 21","robots":{"index":"index","follow":"follow","max-snippet":"max-snippet:-1","max-image-preview":"max-image-preview:large","max-video-preview":"max-video-preview:-1"},"canonical":"https:\/\/www.diario21.tv\/noticias\/detenido-portero-de-discoteca-en-vitoria-acusado-de-homicidio-involuntario-de-joven-de-31-anos\/","og_locale":"es_ES","og_type":"article","og_title":"\u00a1Detenido! Portero de discoteca en Vitoria acusado de homicidio involuntario de joven de 31 a\u00f1os - Diario 21","og_description":"Arresto del Portero en una Discoteca de Vitoria por Causar la Muerte de un Joven En un suceso tr\u00e1gico ocurrido en una discoteca de Vitoria, un ... Seguir leyendo &rarr;","og_url":"https:\/\/www.diario21.tv\/noticias\/detenido-portero-de-discoteca-en-vitoria-acusado-de-homicidio-involuntario-de-joven-de-31-anos\/","og_site_name":"Diario 21","article_published_time":"2025-02-26T21:13:24+00:00","article_modified_time":"2025-02-26T21:13:25+00:00","og_image":[{"width":1200,"height":840,"url":"https:\/\/www.diario21.tv\/noticias\/wp-content\/uploads\/2025\/02\/\u00a1Detenido-Portero-de-discoteca-en-Vitoria-acusado-de-homicidio-involuntario.jpg","type":"image\/jpeg"}],"author":"Juan P\u00e9rez","twitter_card":"summary_large_image","twitter_misc":{"Escrito por":"Juan P\u00e9rez","Tiempo de lectura":"2 minutos"},"schema":{"@context":"https:\/\/schema.org","@graph":[{"@type":"WebPage","@id":"https:\/\/www.diario21.tv\/noticias\/detenido-portero-de-discoteca-en-vitoria-acusado-de-homicidio-involuntario-de-joven-de-31-anos\/","url":"https:\/\/www.diario21.tv\/noticias\/detenido-portero-de-discoteca-en-vitoria-acusado-de-homicidio-involuntario-de-joven-de-31-anos\/","name":"\u00a1Detenido! Portero de discoteca en Vitoria acusado de homicidio involuntario de joven de 31 a\u00f1os - Diario 21","isPartOf":{"@id":"https:\/\/www.diario21.tv\/noticias\/#website"},"primaryImageOfPage":{"@id":"https:\/\/www.diario21.tv\/noticias\/detenido-portero-de-discoteca-en-vitoria-acusado-de-homicidio-involuntario-de-joven-de-31-anos\/#primaryimage"},"image":{"@id":"https:\/\/www.diario21.tv\/noticias\/detenido-portero-de-discoteca-en-vitoria-acusado-de-homicidio-involuntario-de-joven-de-31-anos\/#primaryimage"},"thumbnailUrl":"https:\/\/www.diario21.tv\/noticias\/wp-content\/uploads\/2025\/02\/\u00a1Detenido-Portero-de-discoteca-en-Vitoria-acusado-de-homicidio-involuntario.jpg","datePublished":"2025-02-26T21:13:24+00:00","dateModified":"2025-02-26T21:13:25+00:00","author":{"@id":"https:\/\/www.diario21.tv\/noticias\/#\/schema\/person\/dfb778f73814d8f09f302618446a526b"},"breadcrumb":{"@id":"https:\/\/www.diario21.tv\/noticias\/detenido-portero-de-discoteca-en-vitoria-acusado-de-homicidio-involuntario-de-joven-de-31-anos\/#breadcrumb"},"inLanguage":"es-AR","potentialAction":[{"@type":"ReadAction","target":["https:\/\/www.diario21.tv\/noticias\/detenido-portero-de-discoteca-en-vitoria-acusado-de-homicidio-involuntario-de-joven-de-31-anos\/"]}]},{"@type":"ImageObject","inLanguage":"es-AR","@id":"https:\/\/www.diario21.tv\/noticias\/detenido-portero-de-discoteca-en-vitoria-acusado-de-homicidio-involuntario-de-joven-de-31-anos\/#primaryimage","url":"https:\/\/www.diario21.tv\/noticias\/wp-content\/uploads\/2025\/02\/\u00a1Detenido-Portero-de-discoteca-en-Vitoria-acusado-de-homicidio-involuntario.jpg","contentUrl":"https:\/\/www.diario21.tv\/noticias\/wp-content\/uploads\/2025\/02\/\u00a1Detenido-Portero-de-discoteca-en-Vitoria-acusado-de-homicidio-involuntario.jpg","width":1200,"height":840,"caption":"Detienen al portero de una discoteca de Vitoria por el \u00abhomicidio involuntario\u00bb de un joven de 31 a\u00f1os"},{"@type":"BreadcrumbList","@id":"https:\/\/www.diario21.tv\/noticias\/detenido-portero-de-discoteca-en-vitoria-acusado-de-homicidio-involuntario-de-joven-de-31-anos\/#breadcrumb","itemListElement":[{"@type":"ListItem","position":1,"name":"Accueil","item":"https:\/\/www.diario21.tv\/noticias\/"},{"@type":"ListItem","position":2,"name":"\u00a1Detenido! Portero de discoteca en Vitoria acusado de homicidio involuntario de joven de 31 a\u00f1os"}]},{"@type":"WebSite","@id":"https:\/\/www.diario21.tv\/noticias\/#website","url":"https:\/\/www.diario21.tv\/noticias\/","name":"Diario 21","description":"","potentialAction":[{"@type":"SearchAction","target":{"@type":"EntryPoint","urlTemplate":"https:\/\/www.diario21.tv\/noticias\/?s={search_term_string}"},"query-input":{"@type":"PropertyValueSpecification","valueRequired":true,"valueName":"search_term_string"}}],"inLanguage":"es-AR"},{"@type":"Person","@id":"https:\/\/www.diario21.tv\/noticias\/#\/schema\/person\/dfb778f73814d8f09f302618446a526b","name":"Juan P\u00e9rez","image":{"@type":"ImageObject","inLanguage":"es-AR","@id":"https:\/\/www.diario21.tv\/noticias\/#\/schema\/person\/image\/","url":"https:\/\/secure.gravatar.com\/avatar\/c478a405bd10621167f4c3167cc770f5?s=96&d=mm&r=g","contentUrl":"https:\/\/secure.gravatar.com\/avatar\/c478a405bd10621167f4c3167cc770f5?s=96&d=mm&r=g","caption":"Juan P\u00e9rez"},"description":"Juan P\u00e9rez es el redactor en jefe de Diario 21. Con m\u00e1s de 10 a\u00f1os de experiencia en el periodismo, se especializa en pol\u00edtica nacional y an\u00e1lisis socioecon\u00f3mico. Su enfoque cr\u00edtico y riguroso aporta una perspectiva \u00fanica a cada art\u00edculo.","sameAs":["https:\/\/www.diario21.tv\/noticias\/"],"url":"https:\/\/www.diario21.tv\/noticias\/author\/juan-perez\/"}]}},"_links":{"self":[{"href":"https:\/\/www.diario21.tv\/noticias\/wp-json\/wp\/v2\/posts\/2283"}],"collection":[{"href":"https:\/\/www.diario21.tv\/noticias\/wp-json\/wp\/v2\/posts"}],"about":[{"href":"https:\/\/www.diario21.tv\/noticias\/wp-json\/wp\/v2\/types\/post"}],"author":[{"embeddable":true,"href":"https:\/\/www.diario21.tv\/noticias\/wp-json\/wp\/v2\/users\/20"}],"replies":[{"embeddable":true,"href":"https:\/\/www.diario21.tv\/noticias\/wp-json\/wp\/v2\/comments?post=2283"}],"version-history":[{"count":1,"href":"https:\/\/www.diario21.tv\/noticias\/wp-json\/wp\/v2\/posts\/2283\/revisions"}],"predecessor-version":[{"id":2285,"href":"https:\/\/www.diario21.tv\/noticias\/wp-json\/wp\/v2\/posts\/2283\/revisions\/2285"}],"wp:featuredmedia":[{"embeddable":true,"href":"https:\/\/www.diario21.tv\/noticias\/wp-json\/wp\/v2\/media\/2284"}],"wp:attachment":[{"href":"https:\/\/www.diario21.tv\/noticias\/wp-json\/wp\/v2\/media?parent=2283"}],"wp:term":[{"taxonomy":"category","embeddable":true,"href":"https:\/\/www.diario21.tv\/noticias\/wp-json\/wp\/v2\/categories?post=2283"},{"taxonomy":"post_tag","embeddable":true,"href":"https:\/\/www.diario21.tv\/noticias\/wp-json\/wp\/v2\/tags?post=2283"}],"curies":[{"name":"wp","href":"https:\/\/api.w.org\/{rel}","templated":true}]}}