{"id":2280,"date":"2025-02-26T15:09:03","date_gmt":"2025-02-26T15:09:03","guid":{"rendered":"https:\/\/www.diario21.tv\/noticias\/impactante-cirujano-frances-a-juicio-por-abusar-y-violar-a-300-ninos\/"},"modified":"2025-02-26T15:09:05","modified_gmt":"2025-02-26T15:09:05","slug":"impactante-cirujano-frances-a-juicio-por-abusar-y-violar-a-300-ninos","status":"publish","type":"post","link":"https:\/\/www.diario21.tv\/noticias\/impactante-cirujano-frances-a-juicio-por-abusar-y-violar-a-300-ninos\/","title":{"rendered":"\u00a1Impactante! Cirujano franc\u00e9s a juicio por abusar y violar a 300 ni\u00f1os"},"content":{"rendered":"<h2>Inicio del Proceso Judicial contra Cirujano Franc\u00e9s por Abusos a Menores<\/h2>\n<p>En Francia, un destacado cirujano se enfrenta a la justicia tras ser acusado de cometer abusos sexuales y violaciones en contra de aproximadamente 300 ni\u00f1os y ni\u00f1as a lo largo de varias d\u00e9cadas. Este caso, que ha sacudido los cimientos del sistema de salud franc\u00e9s, pone en evidencia los desaf\u00edos en la vigilancia y regulaci\u00f3n de profesionales m\u00e9dicos.<\/p>\n<h3>Detalles del Caso<\/h3>\n<p>El m\u00e9dico, cuya identidad se ha mantenido en reserva por razones legales, fue arrestado despu\u00e9s de que m\u00faltiples acusaciones salieran a la luz, desencadenando una extensa investigaci\u00f3n. Los abusos habr\u00edan sido cometidos en diversas locaciones donde el acusado ejerci\u00f3 su profesi\u00f3n, incluyendo hospitales y cl\u00ednicas privadas a lo largo del pa\u00eds.<\/p>\n<p>Seg\u00fan los informes, las v\u00edctimas eran principalmente pacientes j\u00f3venes, quienes habr\u00edan sido abusados durante consultas m\u00e9dicas y procedimientos quir\u00fargicos. La magnitud y la duraci\u00f3n de estos delitos han causado una gran consternaci\u00f3n en la comunidad, adem\u00e1s de poner en duda las pr\u00e1cticas de seguimiento y supervisi\u00f3n de las instituciones m\u00e9dicas involucradas.<\/p>\n<h3>Reacciones y Consecuencias<\/h3>\n<p>El caso ha provocado un intenso debate sobre la necesidad de implementar controles m\u00e1s estrictos en el \u00e1mbito de la medicina, as\u00ed como de mejorar los mecanismos de denuncia y protecci\u00f3n para los pacientes m\u00e1s vulnerables. Tambi\u00e9n ha resaltado la importancia del apoyo psicol\u00f3gico y legal a las v\u00edctimas de abusos por parte de profesionales de la salud.<\/p>\n<p>La comunidad m\u00e9dica ha expresado su horror y repudio ante los hechos, reafirmando su compromiso con la \u00e9tica y la integridad profesional. Por otro lado, grupos de defensa de los derechos de los ni\u00f1os est\u00e1n exigiendo cambios legislativos y pol\u00edticas m\u00e1s robustas para prevenir que situaciones similares ocurran en el futuro.<\/p>\n<h3>El Proceso Judicial<\/h3>\n<p>El juicio del cirujano comenz\u00f3 esta semana y se espera que dure varios meses, dada la cantidad de testimonios y pruebas que ser\u00e1n presentadas ante el tribunal. La fiscal\u00eda ha indicado que buscar\u00e1 una condena severa, reflejando la gravedad de los delitos cometidos y su impacto devastador en las v\u00edctimas y sus familias.<\/p>\n<p>Este caso no solo es significativo por su escala, sino tambi\u00e9n por el impacto que podr\u00eda tener en la percepci\u00f3n p\u00fablica del sistema de salud y la confianza en el mismo. Asimismo, podr\u00eda ser un catalizador para reformas profundas en c\u00f3mo los profesionales m\u00e9dicos son evaluados y supervisados en Francia.<\/p>\n<p>El pa\u00eds y el mundo observan atentamente los desarrollos de este juicio, esperando justicia para las v\u00edctimas y medidas concretas para evitar que la historia se repita.<\/p>\n\n\n<div class=\"kk-star-ratings kksr-auto kksr-align-left kksr-valign-bottom\"\n    data-payload='{&quot;align&quot;:&quot;left&quot;,&quot;id&quot;:&quot;2280&quot;,&quot;slug&quot;:&quot;default&quot;,&quot;valign&quot;:&quot;bottom&quot;,&quot;ignore&quot;:&quot;&quot;,&quot;reference&quot;:&quot;auto&quot;,&quot;class&quot;:&quot;&quot;,&quot;count&quot;:&quot;0&quot;,&quot;legendonly&quot;:&quot;&quot;,&quot;readonly&quot;:&quot;&quot;,&quot;score&quot;:&quot;0&quot;,&quot;starsonly&quot;:&quot;&quot;,&quot;best&quot;:&quot;5&quot;,&quot;gap&quot;:&quot;5&quot;,&quot;greet&quot;:&quot;Valora este post&quot;,&quot;legend&quot;:&quot;0\\\/5 - (0 votes)&quot;,&quot;size&quot;:&quot;22&quot;,&quot;title&quot;:&quot;\u00a1Impactante! Cirujano franc\u00e9s a juicio por abusar y violar a 300 ni\u00f1os&quot;,&quot;width&quot;:&quot;0&quot;,&quot;_legend&quot;:&quot;{score}\\\/{best} - ({count} {votes})&quot;,&quot;font_factor&quot;:&quot;1.25&quot;}'>\n            \n<div class=\"kksr-stars\">\n    \n<div class=\"kksr-stars-inactive\">\n            <div class=\"kksr-star\" data-star=\"1\" style=\"padding-right: 5px\">\n            \n\n<div class=\"kksr-icon\" style=\"width: 22px; height: 22px;\"><\/div>\n        <\/div>\n            <div class=\"kksr-star\" data-star=\"2\" style=\"padding-right: 5px\">\n            \n\n<div class=\"kksr-icon\" style=\"width: 22px; height: 22px;\"><\/div>\n        <\/div>\n            <div class=\"kksr-star\" data-star=\"3\" style=\"padding-right: 5px\">\n            \n\n<div class=\"kksr-icon\" style=\"width: 22px; height: 22px;\"><\/div>\n        <\/div>\n            <div class=\"kksr-star\" data-star=\"4\" style=\"padding-right: 5px\">\n            \n\n<div class=\"kksr-icon\" style=\"width: 22px; height: 22px;\"><\/div>\n        <\/div>\n            <div class=\"kksr-star\" data-star=\"5\" style=\"padding-right: 5px\">\n            \n\n<div class=\"kksr-icon\" style=\"width: 22px; height: 22px;\"><\/div>\n        <\/div>\n    <\/div>\n    \n<div class=\"kksr-stars-active\" style=\"width: 0px;\">\n            <div class=\"kksr-star\" style=\"padding-right: 5px\">\n            \n\n<div class=\"kksr-icon\" style=\"width: 22px; height: 22px;\"><\/div>\n        <\/div>\n            <div class=\"kksr-star\" style=\"padding-right: 5px\">\n            \n\n<div class=\"kksr-icon\" style=\"width: 22px; height: 22px;\"><\/div>\n        <\/div>\n            <div class=\"kksr-star\" style=\"padding-right: 5px\">\n            \n\n<div class=\"kksr-icon\" style=\"width: 22px; height: 22px;\"><\/div>\n        <\/div>\n            <div class=\"kksr-star\" style=\"padding-right: 5px\">\n            \n\n<div class=\"kksr-icon\" style=\"width: 22px; height: 22px;\"><\/div>\n        <\/div>\n            <div class=\"kksr-star\" style=\"padding-right: 5px\">\n            \n\n<div class=\"kksr-icon\" style=\"width: 22px; height: 22px;\"><\/div>\n        <\/div>\n    <\/div>\n<\/div>\n                \n\n<div class=\"kksr-legend\" style=\"font-size: 17.6px;\">\n            <span class=\"kksr-muted\">Valora este post<\/span>\n    <\/div>\n    <\/div>\n","protected":false},"excerpt":{"rendered":"<p>Inicio del Proceso Judicial contra Cirujano Franc\u00e9s por Abusos a Menores En Francia, un destacado cirujano se enfrenta a la justicia tras ser acusado de cometer &#8230; <a title=\"\u00a1Impactante! Cirujano franc\u00e9s a juicio por abusar y violar a 300 ni\u00f1os\" class=\"read-more\" href=\"https:\/\/www.diario21.tv\/noticias\/impactante-cirujano-frances-a-juicio-por-abusar-y-violar-a-300-ninos\/\" aria-label=\"Leer m\u00e1s sobre \u00a1Impactante! Cirujano franc\u00e9s a juicio por abusar y violar a 300 ni\u00f1os\">Seguir leyendo &rarr;<\/a><\/p>\n","protected":false},"author":20,"featured_media":2281,"comment_status":"open","ping_status":"open","sticky":false,"template":"","format":"standard","meta":{"footnotes":""},"categories":[13],"tags":[],"class_list":["post-2280","post","type-post","status-publish","format-standard","has-post-thumbnail","hentry","category-portada"],"yoast_head":"<!-- This site is optimized with the Yoast SEO plugin v25.6 - https:\/\/yoast.com\/wordpress\/plugins\/seo\/ -->\n<title>\u00a1Impactante! Cirujano franc\u00e9s a juicio por abusar y violar a 300 ni\u00f1os - Diario 21<\/title>\n<meta name=\"robots\" content=\"index, follow, max-snippet:-1, max-image-preview:large, max-video-preview:-1\" \/>\n<link rel=\"canonical\" href=\"https:\/\/www.diario21.tv\/noticias\/impactante-cirujano-frances-a-juicio-por-abusar-y-violar-a-300-ninos\/\" \/>\n<meta property=\"og:locale\" content=\"es_ES\" \/>\n<meta property=\"og:type\" content=\"article\" \/>\n<meta property=\"og:title\" content=\"\u00a1Impactante! Cirujano franc\u00e9s a juicio por abusar y violar a 300 ni\u00f1os - Diario 21\" \/>\n<meta property=\"og:description\" content=\"Inicio del Proceso Judicial contra Cirujano Franc\u00e9s por Abusos a Menores En Francia, un destacado cirujano se enfrenta a la justicia tras ser acusado de cometer ... Seguir leyendo &rarr;\" \/>\n<meta property=\"og:url\" content=\"https:\/\/www.diario21.tv\/noticias\/impactante-cirujano-frances-a-juicio-por-abusar-y-violar-a-300-ninos\/\" \/>\n<meta property=\"og:site_name\" content=\"Diario 21\" \/>\n<meta property=\"article:published_time\" content=\"2025-02-26T15:09:03+00:00\" \/>\n<meta property=\"article:modified_time\" content=\"2025-02-26T15:09:05+00:00\" \/>\n<meta property=\"og:image\" content=\"https:\/\/www.diario21.tv\/noticias\/wp-content\/uploads\/2025\/02\/\u00a1Impactante-Cirujano-frances-a-juicio-por-abusar-y-violar-a.jpg\" \/>\n\t<meta property=\"og:image:width\" content=\"1920\" \/>\n\t<meta property=\"og:image:height\" content=\"1080\" \/>\n\t<meta property=\"og:image:type\" content=\"image\/jpeg\" \/>\n<meta name=\"author\" content=\"Juan P\u00e9rez\" \/>\n<meta name=\"twitter:card\" content=\"summary_large_image\" \/>\n<meta name=\"twitter:label1\" content=\"Escrito por\" \/>\n\t<meta name=\"twitter:data1\" content=\"Juan P\u00e9rez\" \/>\n\t<meta name=\"twitter:label2\" content=\"Tiempo de lectura\" \/>\n\t<meta name=\"twitter:data2\" content=\"2 minutos\" \/>\n<script type=\"application\/ld+json\" class=\"yoast-schema-graph\">{\"@context\":\"https:\/\/schema.org\",\"@graph\":[{\"@type\":\"WebPage\",\"@id\":\"https:\/\/www.diario21.tv\/noticias\/impactante-cirujano-frances-a-juicio-por-abusar-y-violar-a-300-ninos\/\",\"url\":\"https:\/\/www.diario21.tv\/noticias\/impactante-cirujano-frances-a-juicio-por-abusar-y-violar-a-300-ninos\/\",\"name\":\"\u00a1Impactante! Cirujano franc\u00e9s a juicio por abusar y violar a 300 ni\u00f1os - Diario 21\",\"isPartOf\":{\"@id\":\"https:\/\/www.diario21.tv\/noticias\/#website\"},\"primaryImageOfPage\":{\"@id\":\"https:\/\/www.diario21.tv\/noticias\/impactante-cirujano-frances-a-juicio-por-abusar-y-violar-a-300-ninos\/#primaryimage\"},\"image\":{\"@id\":\"https:\/\/www.diario21.tv\/noticias\/impactante-cirujano-frances-a-juicio-por-abusar-y-violar-a-300-ninos\/#primaryimage\"},\"thumbnailUrl\":\"https:\/\/www.diario21.tv\/noticias\/wp-content\/uploads\/2025\/02\/\u00a1Impactante-Cirujano-frances-a-juicio-por-abusar-y-violar-a.jpg\",\"datePublished\":\"2025-02-26T15:09:03+00:00\",\"dateModified\":\"2025-02-26T15:09:05+00:00\",\"author\":{\"@id\":\"https:\/\/www.diario21.tv\/noticias\/#\/schema\/person\/dfb778f73814d8f09f302618446a526b\"},\"breadcrumb\":{\"@id\":\"https:\/\/www.diario21.tv\/noticias\/impactante-cirujano-frances-a-juicio-por-abusar-y-violar-a-300-ninos\/#breadcrumb\"},\"inLanguage\":\"es-AR\",\"potentialAction\":[{\"@type\":\"ReadAction\",\"target\":[\"https:\/\/www.diario21.tv\/noticias\/impactante-cirujano-frances-a-juicio-por-abusar-y-violar-a-300-ninos\/\"]}]},{\"@type\":\"ImageObject\",\"inLanguage\":\"es-AR\",\"@id\":\"https:\/\/www.diario21.tv\/noticias\/impactante-cirujano-frances-a-juicio-por-abusar-y-violar-a-300-ninos\/#primaryimage\",\"url\":\"https:\/\/www.diario21.tv\/noticias\/wp-content\/uploads\/2025\/02\/\u00a1Impactante-Cirujano-frances-a-juicio-por-abusar-y-violar-a.jpg\",\"contentUrl\":\"https:\/\/www.diario21.tv\/noticias\/wp-content\/uploads\/2025\/02\/\u00a1Impactante-Cirujano-frances-a-juicio-por-abusar-y-violar-a.jpg\",\"width\":1920,\"height\":1080,\"caption\":\"A juicio el cirujano franc\u00e9s acusado de abusar y violar a 300 ni\u00f1os durante d\u00e9cadas\"},{\"@type\":\"BreadcrumbList\",\"@id\":\"https:\/\/www.diario21.tv\/noticias\/impactante-cirujano-frances-a-juicio-por-abusar-y-violar-a-300-ninos\/#breadcrumb\",\"itemListElement\":[{\"@type\":\"ListItem\",\"position\":1,\"name\":\"Accueil\",\"item\":\"https:\/\/www.diario21.tv\/noticias\/\"},{\"@type\":\"ListItem\",\"position\":2,\"name\":\"\u00a1Impactante! Cirujano franc\u00e9s a juicio por abusar y violar a 300 ni\u00f1os\"}]},{\"@type\":\"WebSite\",\"@id\":\"https:\/\/www.diario21.tv\/noticias\/#website\",\"url\":\"https:\/\/www.diario21.tv\/noticias\/\",\"name\":\"Diario 21\",\"description\":\"\",\"potentialAction\":[{\"@type\":\"SearchAction\",\"target\":{\"@type\":\"EntryPoint\",\"urlTemplate\":\"https:\/\/www.diario21.tv\/noticias\/?s={search_term_string}\"},\"query-input\":{\"@type\":\"PropertyValueSpecification\",\"valueRequired\":true,\"valueName\":\"search_term_string\"}}],\"inLanguage\":\"es-AR\"},{\"@type\":\"Person\",\"@id\":\"https:\/\/www.diario21.tv\/noticias\/#\/schema\/person\/dfb778f73814d8f09f302618446a526b\",\"name\":\"Juan P\u00e9rez\",\"image\":{\"@type\":\"ImageObject\",\"inLanguage\":\"es-AR\",\"@id\":\"https:\/\/www.diario21.tv\/noticias\/#\/schema\/person\/image\/\",\"url\":\"https:\/\/secure.gravatar.com\/avatar\/c478a405bd10621167f4c3167cc770f5?s=96&d=mm&r=g\",\"contentUrl\":\"https:\/\/secure.gravatar.com\/avatar\/c478a405bd10621167f4c3167cc770f5?s=96&d=mm&r=g\",\"caption\":\"Juan P\u00e9rez\"},\"description\":\"Juan P\u00e9rez es el redactor en jefe de Diario 21. Con m\u00e1s de 10 a\u00f1os de experiencia en el periodismo, se especializa en pol\u00edtica nacional y an\u00e1lisis socioecon\u00f3mico. Su enfoque cr\u00edtico y riguroso aporta una perspectiva \u00fanica a cada art\u00edculo.\",\"sameAs\":[\"https:\/\/www.diario21.tv\/noticias\/\"],\"url\":\"https:\/\/www.diario21.tv\/noticias\/author\/juan-perez\/\"}]}<\/script>\n<!-- \/ Yoast SEO plugin. -->","yoast_head_json":{"title":"\u00a1Impactante! Cirujano franc\u00e9s a juicio por abusar y violar a 300 ni\u00f1os - Diario 21","robots":{"index":"index","follow":"follow","max-snippet":"max-snippet:-1","max-image-preview":"max-image-preview:large","max-video-preview":"max-video-preview:-1"},"canonical":"https:\/\/www.diario21.tv\/noticias\/impactante-cirujano-frances-a-juicio-por-abusar-y-violar-a-300-ninos\/","og_locale":"es_ES","og_type":"article","og_title":"\u00a1Impactante! Cirujano franc\u00e9s a juicio por abusar y violar a 300 ni\u00f1os - Diario 21","og_description":"Inicio del Proceso Judicial contra Cirujano Franc\u00e9s por Abusos a Menores En Francia, un destacado cirujano se enfrenta a la justicia tras ser acusado de cometer ... Seguir leyendo &rarr;","og_url":"https:\/\/www.diario21.tv\/noticias\/impactante-cirujano-frances-a-juicio-por-abusar-y-violar-a-300-ninos\/","og_site_name":"Diario 21","article_published_time":"2025-02-26T15:09:03+00:00","article_modified_time":"2025-02-26T15:09:05+00:00","og_image":[{"width":1920,"height":1080,"url":"https:\/\/www.diario21.tv\/noticias\/wp-content\/uploads\/2025\/02\/\u00a1Impactante-Cirujano-frances-a-juicio-por-abusar-y-violar-a.jpg","type":"image\/jpeg"}],"author":"Juan P\u00e9rez","twitter_card":"summary_large_image","twitter_misc":{"Escrito por":"Juan P\u00e9rez","Tiempo de lectura":"2 minutos"},"schema":{"@context":"https:\/\/schema.org","@graph":[{"@type":"WebPage","@id":"https:\/\/www.diario21.tv\/noticias\/impactante-cirujano-frances-a-juicio-por-abusar-y-violar-a-300-ninos\/","url":"https:\/\/www.diario21.tv\/noticias\/impactante-cirujano-frances-a-juicio-por-abusar-y-violar-a-300-ninos\/","name":"\u00a1Impactante! Cirujano franc\u00e9s a juicio por abusar y violar a 300 ni\u00f1os - Diario 21","isPartOf":{"@id":"https:\/\/www.diario21.tv\/noticias\/#website"},"primaryImageOfPage":{"@id":"https:\/\/www.diario21.tv\/noticias\/impactante-cirujano-frances-a-juicio-por-abusar-y-violar-a-300-ninos\/#primaryimage"},"image":{"@id":"https:\/\/www.diario21.tv\/noticias\/impactante-cirujano-frances-a-juicio-por-abusar-y-violar-a-300-ninos\/#primaryimage"},"thumbnailUrl":"https:\/\/www.diario21.tv\/noticias\/wp-content\/uploads\/2025\/02\/\u00a1Impactante-Cirujano-frances-a-juicio-por-abusar-y-violar-a.jpg","datePublished":"2025-02-26T15:09:03+00:00","dateModified":"2025-02-26T15:09:05+00:00","author":{"@id":"https:\/\/www.diario21.tv\/noticias\/#\/schema\/person\/dfb778f73814d8f09f302618446a526b"},"breadcrumb":{"@id":"https:\/\/www.diario21.tv\/noticias\/impactante-cirujano-frances-a-juicio-por-abusar-y-violar-a-300-ninos\/#breadcrumb"},"inLanguage":"es-AR","potentialAction":[{"@type":"ReadAction","target":["https:\/\/www.diario21.tv\/noticias\/impactante-cirujano-frances-a-juicio-por-abusar-y-violar-a-300-ninos\/"]}]},{"@type":"ImageObject","inLanguage":"es-AR","@id":"https:\/\/www.diario21.tv\/noticias\/impactante-cirujano-frances-a-juicio-por-abusar-y-violar-a-300-ninos\/#primaryimage","url":"https:\/\/www.diario21.tv\/noticias\/wp-content\/uploads\/2025\/02\/\u00a1Impactante-Cirujano-frances-a-juicio-por-abusar-y-violar-a.jpg","contentUrl":"https:\/\/www.diario21.tv\/noticias\/wp-content\/uploads\/2025\/02\/\u00a1Impactante-Cirujano-frances-a-juicio-por-abusar-y-violar-a.jpg","width":1920,"height":1080,"caption":"A juicio el cirujano franc\u00e9s acusado de abusar y violar a 300 ni\u00f1os durante d\u00e9cadas"},{"@type":"BreadcrumbList","@id":"https:\/\/www.diario21.tv\/noticias\/impactante-cirujano-frances-a-juicio-por-abusar-y-violar-a-300-ninos\/#breadcrumb","itemListElement":[{"@type":"ListItem","position":1,"name":"Accueil","item":"https:\/\/www.diario21.tv\/noticias\/"},{"@type":"ListItem","position":2,"name":"\u00a1Impactante! Cirujano franc\u00e9s a juicio por abusar y violar a 300 ni\u00f1os"}]},{"@type":"WebSite","@id":"https:\/\/www.diario21.tv\/noticias\/#website","url":"https:\/\/www.diario21.tv\/noticias\/","name":"Diario 21","description":"","potentialAction":[{"@type":"SearchAction","target":{"@type":"EntryPoint","urlTemplate":"https:\/\/www.diario21.tv\/noticias\/?s={search_term_string}"},"query-input":{"@type":"PropertyValueSpecification","valueRequired":true,"valueName":"search_term_string"}}],"inLanguage":"es-AR"},{"@type":"Person","@id":"https:\/\/www.diario21.tv\/noticias\/#\/schema\/person\/dfb778f73814d8f09f302618446a526b","name":"Juan P\u00e9rez","image":{"@type":"ImageObject","inLanguage":"es-AR","@id":"https:\/\/www.diario21.tv\/noticias\/#\/schema\/person\/image\/","url":"https:\/\/secure.gravatar.com\/avatar\/c478a405bd10621167f4c3167cc770f5?s=96&d=mm&r=g","contentUrl":"https:\/\/secure.gravatar.com\/avatar\/c478a405bd10621167f4c3167cc770f5?s=96&d=mm&r=g","caption":"Juan P\u00e9rez"},"description":"Juan P\u00e9rez es el redactor en jefe de Diario 21. Con m\u00e1s de 10 a\u00f1os de experiencia en el periodismo, se especializa en pol\u00edtica nacional y an\u00e1lisis socioecon\u00f3mico. Su enfoque cr\u00edtico y riguroso aporta una perspectiva \u00fanica a cada art\u00edculo.","sameAs":["https:\/\/www.diario21.tv\/noticias\/"],"url":"https:\/\/www.diario21.tv\/noticias\/author\/juan-perez\/"}]}},"_links":{"self":[{"href":"https:\/\/www.diario21.tv\/noticias\/wp-json\/wp\/v2\/posts\/2280"}],"collection":[{"href":"https:\/\/www.diario21.tv\/noticias\/wp-json\/wp\/v2\/posts"}],"about":[{"href":"https:\/\/www.diario21.tv\/noticias\/wp-json\/wp\/v2\/types\/post"}],"author":[{"embeddable":true,"href":"https:\/\/www.diario21.tv\/noticias\/wp-json\/wp\/v2\/users\/20"}],"replies":[{"embeddable":true,"href":"https:\/\/www.diario21.tv\/noticias\/wp-json\/wp\/v2\/comments?post=2280"}],"version-history":[{"count":1,"href":"https:\/\/www.diario21.tv\/noticias\/wp-json\/wp\/v2\/posts\/2280\/revisions"}],"predecessor-version":[{"id":2282,"href":"https:\/\/www.diario21.tv\/noticias\/wp-json\/wp\/v2\/posts\/2280\/revisions\/2282"}],"wp:featuredmedia":[{"embeddable":true,"href":"https:\/\/www.diario21.tv\/noticias\/wp-json\/wp\/v2\/media\/2281"}],"wp:attachment":[{"href":"https:\/\/www.diario21.tv\/noticias\/wp-json\/wp\/v2\/media?parent=2280"}],"wp:term":[{"taxonomy":"category","embeddable":true,"href":"https:\/\/www.diario21.tv\/noticias\/wp-json\/wp\/v2\/categories?post=2280"},{"taxonomy":"post_tag","embeddable":true,"href":"https:\/\/www.diario21.tv\/noticias\/wp-json\/wp\/v2\/tags?post=2280"}],"curies":[{"name":"wp","href":"https:\/\/api.w.org\/{rel}","templated":true}]}}