{"id":2262,"date":"2025-02-24T20:00:28","date_gmt":"2025-02-24T20:00:28","guid":{"rendered":"https:\/\/www.diario21.tv\/noticias\/increible-plasencia-celebra-el-primer-premio-de-la-loteria-nacional\/"},"modified":"2025-02-24T20:00:29","modified_gmt":"2025-02-24T20:00:29","slug":"increible-plasencia-celebra-el-primer-premio-de-la-loteria-nacional","status":"publish","type":"post","link":"https:\/\/www.diario21.tv\/noticias\/increible-plasencia-celebra-el-primer-premio-de-la-loteria-nacional\/","title":{"rendered":"\u00a1Incre\u00edble! Plasencia celebra el primer premio de la Loter\u00eda Nacional"},"content":{"rendered":"<h2>Plasencia celebra un gran premio de la Loter\u00eda Nacional<\/h2>\n<p>El ambiente en Plasencia est\u00e1 de celebraci\u00f3n despu\u00e9s de que se anunciara que el primer premio de la Loter\u00eda Nacional hab\u00eda sido ganado en esta localidad. La suerte ha llegado a uno de sus puntos de venta, donde se vendi\u00f3 el boleto ganador de este importante sorteo.<\/p>\n<h3>Detalles del boleto ganador<\/h3>\n<p>El n\u00famero afortunado que ha llevado la alegr\u00eda a los residentes de Plasencia fue el 25684. Este n\u00famero result\u00f3 ser el gran ganador del primer premio del sorteo de la Loter\u00eda Nacional, lo cual se traduce en un premio considerable para el portador del boleto afortunado.<\/p>\n<h3>Localizaci\u00f3n y premio<\/h3>\n<p>El boleto fue vendido en un establecimiento local que ha visto c\u00f3mo su popularidad se disparaba tras el anuncio del resultado. El premio asignado al n\u00famero ganador asciende a un total de 300,000 euros por serie. Esto significa que cada d\u00e9cimo del n\u00famero ganador recibe una parte proporcional de esta suma, espec\u00edficamente 30,000 euros por d\u00e9cimo.<\/p>\n<p>La noticia del premio ha generado una gran expectaci\u00f3n y alegr\u00eda entre los habitantes de la zona y los clientes habituales del establecimiento que vendi\u00f3 el boleto premiado, quienes no han dudado en acercarse al lugar para comprobar sus n\u00fameros y participar en la atm\u00f3sfera festiva.<\/p>\n<h3>Reacciones en la comunidad<\/h3>\n<p>La comunidad de Plasencia ha recibido esta noticia con gran entusiasmo. Muchos vecinos y curiosos se han acercado al establecimiento, compartiendo su alegr\u00eda y deseando suerte a futuros participantes. El propietario del local ha expresado su satisfacci\u00f3n por haber sido part\u00edcipe de un momento tan significativo para uno de sus clientes y para la comunidad en general.<\/p>\n<p>Este evento ha demostrado una vez m\u00e1s el impacto que puede tener la Loter\u00eda Nacional en la vida de las personas y las comunidades, no solo en t\u00e9rminos econ\u00f3micos, sino tambi\u00e9n como un elemento de uni\u00f3n y celebraci\u00f3n colectiva.<\/p>\n<p>En definitiva, Plasencia ha tenido un d\u00eda de suerte y festividad, y el primer premio de la Loter\u00eda Nacional ha dejado una marca imborrable en la memoria de sus habitantes, quienes seguramente recordar\u00e1n este evento como un momento de alegr\u00eda compartida.<\/p>\n\n\n<div class=\"kk-star-ratings kksr-auto kksr-align-left kksr-valign-bottom\"\n    data-payload='{&quot;align&quot;:&quot;left&quot;,&quot;id&quot;:&quot;2262&quot;,&quot;slug&quot;:&quot;default&quot;,&quot;valign&quot;:&quot;bottom&quot;,&quot;ignore&quot;:&quot;&quot;,&quot;reference&quot;:&quot;auto&quot;,&quot;class&quot;:&quot;&quot;,&quot;count&quot;:&quot;0&quot;,&quot;legendonly&quot;:&quot;&quot;,&quot;readonly&quot;:&quot;&quot;,&quot;score&quot;:&quot;0&quot;,&quot;starsonly&quot;:&quot;&quot;,&quot;best&quot;:&quot;5&quot;,&quot;gap&quot;:&quot;5&quot;,&quot;greet&quot;:&quot;Valora este post&quot;,&quot;legend&quot;:&quot;0\\\/5 - (0 votes)&quot;,&quot;size&quot;:&quot;22&quot;,&quot;title&quot;:&quot;\u00a1Incre\u00edble! Plasencia celebra el primer premio de la Loter\u00eda Nacional&quot;,&quot;width&quot;:&quot;0&quot;,&quot;_legend&quot;:&quot;{score}\\\/{best} - ({count} {votes})&quot;,&quot;font_factor&quot;:&quot;1.25&quot;}'>\n            \n<div class=\"kksr-stars\">\n    \n<div class=\"kksr-stars-inactive\">\n            <div class=\"kksr-star\" data-star=\"1\" style=\"padding-right: 5px\">\n            \n\n<div class=\"kksr-icon\" style=\"width: 22px; height: 22px;\"><\/div>\n        <\/div>\n            <div class=\"kksr-star\" data-star=\"2\" style=\"padding-right: 5px\">\n            \n\n<div class=\"kksr-icon\" style=\"width: 22px; height: 22px;\"><\/div>\n        <\/div>\n            <div class=\"kksr-star\" data-star=\"3\" style=\"padding-right: 5px\">\n            \n\n<div class=\"kksr-icon\" style=\"width: 22px; height: 22px;\"><\/div>\n        <\/div>\n            <div class=\"kksr-star\" data-star=\"4\" style=\"padding-right: 5px\">\n            \n\n<div class=\"kksr-icon\" style=\"width: 22px; height: 22px;\"><\/div>\n        <\/div>\n            <div class=\"kksr-star\" data-star=\"5\" style=\"padding-right: 5px\">\n            \n\n<div class=\"kksr-icon\" style=\"width: 22px; height: 22px;\"><\/div>\n        <\/div>\n    <\/div>\n    \n<div class=\"kksr-stars-active\" style=\"width: 0px;\">\n            <div class=\"kksr-star\" style=\"padding-right: 5px\">\n            \n\n<div class=\"kksr-icon\" style=\"width: 22px; height: 22px;\"><\/div>\n        <\/div>\n            <div class=\"kksr-star\" style=\"padding-right: 5px\">\n            \n\n<div class=\"kksr-icon\" style=\"width: 22px; height: 22px;\"><\/div>\n        <\/div>\n            <div class=\"kksr-star\" style=\"padding-right: 5px\">\n            \n\n<div class=\"kksr-icon\" style=\"width: 22px; height: 22px;\"><\/div>\n        <\/div>\n            <div class=\"kksr-star\" style=\"padding-right: 5px\">\n            \n\n<div class=\"kksr-icon\" style=\"width: 22px; height: 22px;\"><\/div>\n        <\/div>\n            <div class=\"kksr-star\" style=\"padding-right: 5px\">\n            \n\n<div class=\"kksr-icon\" style=\"width: 22px; height: 22px;\"><\/div>\n        <\/div>\n    <\/div>\n<\/div>\n                \n\n<div class=\"kksr-legend\" style=\"font-size: 17.6px;\">\n            <span class=\"kksr-muted\">Valora este post<\/span>\n    <\/div>\n    <\/div>\n","protected":false},"excerpt":{"rendered":"<p>Plasencia celebra un gran premio de la Loter\u00eda Nacional El ambiente en Plasencia est\u00e1 de celebraci\u00f3n despu\u00e9s de que se anunciara que el primer premio de &#8230; <a title=\"\u00a1Incre\u00edble! Plasencia celebra el primer premio de la Loter\u00eda Nacional\" class=\"read-more\" href=\"https:\/\/www.diario21.tv\/noticias\/increible-plasencia-celebra-el-primer-premio-de-la-loteria-nacional\/\" aria-label=\"Leer m\u00e1s sobre \u00a1Incre\u00edble! Plasencia celebra el primer premio de la Loter\u00eda Nacional\">Seguir leyendo &rarr;<\/a><\/p>\n","protected":false},"author":20,"featured_media":2263,"comment_status":"open","ping_status":"open","sticky":false,"template":"","format":"standard","meta":{"footnotes":""},"categories":[13],"tags":[],"class_list":["post-2262","post","type-post","status-publish","format-standard","has-post-thumbnail","hentry","category-portada"],"yoast_head":"<!-- This site is optimized with the Yoast SEO plugin v25.6 - https:\/\/yoast.com\/wordpress\/plugins\/seo\/ -->\n<title>\u00a1Incre\u00edble! Plasencia celebra el primer premio de la Loter\u00eda Nacional - Diario 21<\/title>\n<meta name=\"robots\" content=\"index, follow, max-snippet:-1, max-image-preview:large, max-video-preview:-1\" \/>\n<link rel=\"canonical\" href=\"https:\/\/www.diario21.tv\/noticias\/increible-plasencia-celebra-el-primer-premio-de-la-loteria-nacional\/\" \/>\n<meta property=\"og:locale\" content=\"es_ES\" \/>\n<meta property=\"og:type\" content=\"article\" \/>\n<meta property=\"og:title\" content=\"\u00a1Incre\u00edble! Plasencia celebra el primer premio de la Loter\u00eda Nacional - Diario 21\" \/>\n<meta property=\"og:description\" content=\"Plasencia celebra un gran premio de la Loter\u00eda Nacional El ambiente en Plasencia est\u00e1 de celebraci\u00f3n despu\u00e9s de que se anunciara que el primer premio de ... Seguir leyendo &rarr;\" \/>\n<meta property=\"og:url\" content=\"https:\/\/www.diario21.tv\/noticias\/increible-plasencia-celebra-el-primer-premio-de-la-loteria-nacional\/\" \/>\n<meta property=\"og:site_name\" content=\"Diario 21\" \/>\n<meta property=\"article:published_time\" content=\"2025-02-24T20:00:28+00:00\" \/>\n<meta property=\"article:modified_time\" content=\"2025-02-24T20:00:29+00:00\" \/>\n<meta property=\"og:image\" content=\"https:\/\/www.diario21.tv\/noticias\/wp-content\/uploads\/2025\/02\/\u00a1Increible-Plasencia-celebra-el-primer-premio-de-la-Loteria-Nacional.jpg\" \/>\n\t<meta property=\"og:image:width\" content=\"1920\" \/>\n\t<meta property=\"og:image:height\" content=\"1080\" \/>\n\t<meta property=\"og:image:type\" content=\"image\/jpeg\" \/>\n<meta name=\"author\" content=\"Juan P\u00e9rez\" \/>\n<meta name=\"twitter:card\" content=\"summary_large_image\" \/>\n<meta name=\"twitter:label1\" content=\"Escrito por\" \/>\n\t<meta name=\"twitter:data1\" content=\"Juan P\u00e9rez\" \/>\n\t<meta name=\"twitter:label2\" content=\"Tiempo de lectura\" \/>\n\t<meta name=\"twitter:data2\" content=\"2 minutos\" \/>\n<script type=\"application\/ld+json\" class=\"yoast-schema-graph\">{\"@context\":\"https:\/\/schema.org\",\"@graph\":[{\"@type\":\"WebPage\",\"@id\":\"https:\/\/www.diario21.tv\/noticias\/increible-plasencia-celebra-el-primer-premio-de-la-loteria-nacional\/\",\"url\":\"https:\/\/www.diario21.tv\/noticias\/increible-plasencia-celebra-el-primer-premio-de-la-loteria-nacional\/\",\"name\":\"\u00a1Incre\u00edble! Plasencia celebra el primer premio de la Loter\u00eda Nacional - Diario 21\",\"isPartOf\":{\"@id\":\"https:\/\/www.diario21.tv\/noticias\/#website\"},\"primaryImageOfPage\":{\"@id\":\"https:\/\/www.diario21.tv\/noticias\/increible-plasencia-celebra-el-primer-premio-de-la-loteria-nacional\/#primaryimage\"},\"image\":{\"@id\":\"https:\/\/www.diario21.tv\/noticias\/increible-plasencia-celebra-el-primer-premio-de-la-loteria-nacional\/#primaryimage\"},\"thumbnailUrl\":\"https:\/\/www.diario21.tv\/noticias\/wp-content\/uploads\/2025\/02\/\u00a1Increible-Plasencia-celebra-el-primer-premio-de-la-Loteria-Nacional.jpg\",\"datePublished\":\"2025-02-24T20:00:28+00:00\",\"dateModified\":\"2025-02-24T20:00:29+00:00\",\"author\":{\"@id\":\"https:\/\/www.diario21.tv\/noticias\/#\/schema\/person\/dfb778f73814d8f09f302618446a526b\"},\"breadcrumb\":{\"@id\":\"https:\/\/www.diario21.tv\/noticias\/increible-plasencia-celebra-el-primer-premio-de-la-loteria-nacional\/#breadcrumb\"},\"inLanguage\":\"es-AR\",\"potentialAction\":[{\"@type\":\"ReadAction\",\"target\":[\"https:\/\/www.diario21.tv\/noticias\/increible-plasencia-celebra-el-primer-premio-de-la-loteria-nacional\/\"]}]},{\"@type\":\"ImageObject\",\"inLanguage\":\"es-AR\",\"@id\":\"https:\/\/www.diario21.tv\/noticias\/increible-plasencia-celebra-el-primer-premio-de-la-loteria-nacional\/#primaryimage\",\"url\":\"https:\/\/www.diario21.tv\/noticias\/wp-content\/uploads\/2025\/02\/\u00a1Increible-Plasencia-celebra-el-primer-premio-de-la-Loteria-Nacional.jpg\",\"contentUrl\":\"https:\/\/www.diario21.tv\/noticias\/wp-content\/uploads\/2025\/02\/\u00a1Increible-Plasencia-celebra-el-primer-premio-de-la-Loteria-Nacional.jpg\",\"width\":1920,\"height\":1080,\"caption\":\"El primer premio de la Loter\u00eda Nacional toca en Plasencia\"},{\"@type\":\"BreadcrumbList\",\"@id\":\"https:\/\/www.diario21.tv\/noticias\/increible-plasencia-celebra-el-primer-premio-de-la-loteria-nacional\/#breadcrumb\",\"itemListElement\":[{\"@type\":\"ListItem\",\"position\":1,\"name\":\"Accueil\",\"item\":\"https:\/\/www.diario21.tv\/noticias\/\"},{\"@type\":\"ListItem\",\"position\":2,\"name\":\"\u00a1Incre\u00edble! Plasencia celebra el primer premio de la Loter\u00eda Nacional\"}]},{\"@type\":\"WebSite\",\"@id\":\"https:\/\/www.diario21.tv\/noticias\/#website\",\"url\":\"https:\/\/www.diario21.tv\/noticias\/\",\"name\":\"Diario 21\",\"description\":\"\",\"potentialAction\":[{\"@type\":\"SearchAction\",\"target\":{\"@type\":\"EntryPoint\",\"urlTemplate\":\"https:\/\/www.diario21.tv\/noticias\/?s={search_term_string}\"},\"query-input\":{\"@type\":\"PropertyValueSpecification\",\"valueRequired\":true,\"valueName\":\"search_term_string\"}}],\"inLanguage\":\"es-AR\"},{\"@type\":\"Person\",\"@id\":\"https:\/\/www.diario21.tv\/noticias\/#\/schema\/person\/dfb778f73814d8f09f302618446a526b\",\"name\":\"Juan P\u00e9rez\",\"image\":{\"@type\":\"ImageObject\",\"inLanguage\":\"es-AR\",\"@id\":\"https:\/\/www.diario21.tv\/noticias\/#\/schema\/person\/image\/\",\"url\":\"https:\/\/secure.gravatar.com\/avatar\/c478a405bd10621167f4c3167cc770f5?s=96&d=mm&r=g\",\"contentUrl\":\"https:\/\/secure.gravatar.com\/avatar\/c478a405bd10621167f4c3167cc770f5?s=96&d=mm&r=g\",\"caption\":\"Juan P\u00e9rez\"},\"description\":\"Juan P\u00e9rez es el redactor en jefe de Diario 21. Con m\u00e1s de 10 a\u00f1os de experiencia en el periodismo, se especializa en pol\u00edtica nacional y an\u00e1lisis socioecon\u00f3mico. Su enfoque cr\u00edtico y riguroso aporta una perspectiva \u00fanica a cada art\u00edculo.\",\"sameAs\":[\"https:\/\/www.diario21.tv\/noticias\/\"],\"url\":\"https:\/\/www.diario21.tv\/noticias\/author\/juan-perez\/\"}]}<\/script>\n<!-- \/ Yoast SEO plugin. -->","yoast_head_json":{"title":"\u00a1Incre\u00edble! Plasencia celebra el primer premio de la Loter\u00eda Nacional - Diario 21","robots":{"index":"index","follow":"follow","max-snippet":"max-snippet:-1","max-image-preview":"max-image-preview:large","max-video-preview":"max-video-preview:-1"},"canonical":"https:\/\/www.diario21.tv\/noticias\/increible-plasencia-celebra-el-primer-premio-de-la-loteria-nacional\/","og_locale":"es_ES","og_type":"article","og_title":"\u00a1Incre\u00edble! Plasencia celebra el primer premio de la Loter\u00eda Nacional - Diario 21","og_description":"Plasencia celebra un gran premio de la Loter\u00eda Nacional El ambiente en Plasencia est\u00e1 de celebraci\u00f3n despu\u00e9s de que se anunciara que el primer premio de ... Seguir leyendo &rarr;","og_url":"https:\/\/www.diario21.tv\/noticias\/increible-plasencia-celebra-el-primer-premio-de-la-loteria-nacional\/","og_site_name":"Diario 21","article_published_time":"2025-02-24T20:00:28+00:00","article_modified_time":"2025-02-24T20:00:29+00:00","og_image":[{"width":1920,"height":1080,"url":"https:\/\/www.diario21.tv\/noticias\/wp-content\/uploads\/2025\/02\/\u00a1Increible-Plasencia-celebra-el-primer-premio-de-la-Loteria-Nacional.jpg","type":"image\/jpeg"}],"author":"Juan P\u00e9rez","twitter_card":"summary_large_image","twitter_misc":{"Escrito por":"Juan P\u00e9rez","Tiempo de lectura":"2 minutos"},"schema":{"@context":"https:\/\/schema.org","@graph":[{"@type":"WebPage","@id":"https:\/\/www.diario21.tv\/noticias\/increible-plasencia-celebra-el-primer-premio-de-la-loteria-nacional\/","url":"https:\/\/www.diario21.tv\/noticias\/increible-plasencia-celebra-el-primer-premio-de-la-loteria-nacional\/","name":"\u00a1Incre\u00edble! Plasencia celebra el primer premio de la Loter\u00eda Nacional - Diario 21","isPartOf":{"@id":"https:\/\/www.diario21.tv\/noticias\/#website"},"primaryImageOfPage":{"@id":"https:\/\/www.diario21.tv\/noticias\/increible-plasencia-celebra-el-primer-premio-de-la-loteria-nacional\/#primaryimage"},"image":{"@id":"https:\/\/www.diario21.tv\/noticias\/increible-plasencia-celebra-el-primer-premio-de-la-loteria-nacional\/#primaryimage"},"thumbnailUrl":"https:\/\/www.diario21.tv\/noticias\/wp-content\/uploads\/2025\/02\/\u00a1Increible-Plasencia-celebra-el-primer-premio-de-la-Loteria-Nacional.jpg","datePublished":"2025-02-24T20:00:28+00:00","dateModified":"2025-02-24T20:00:29+00:00","author":{"@id":"https:\/\/www.diario21.tv\/noticias\/#\/schema\/person\/dfb778f73814d8f09f302618446a526b"},"breadcrumb":{"@id":"https:\/\/www.diario21.tv\/noticias\/increible-plasencia-celebra-el-primer-premio-de-la-loteria-nacional\/#breadcrumb"},"inLanguage":"es-AR","potentialAction":[{"@type":"ReadAction","target":["https:\/\/www.diario21.tv\/noticias\/increible-plasencia-celebra-el-primer-premio-de-la-loteria-nacional\/"]}]},{"@type":"ImageObject","inLanguage":"es-AR","@id":"https:\/\/www.diario21.tv\/noticias\/increible-plasencia-celebra-el-primer-premio-de-la-loteria-nacional\/#primaryimage","url":"https:\/\/www.diario21.tv\/noticias\/wp-content\/uploads\/2025\/02\/\u00a1Increible-Plasencia-celebra-el-primer-premio-de-la-Loteria-Nacional.jpg","contentUrl":"https:\/\/www.diario21.tv\/noticias\/wp-content\/uploads\/2025\/02\/\u00a1Increible-Plasencia-celebra-el-primer-premio-de-la-Loteria-Nacional.jpg","width":1920,"height":1080,"caption":"El primer premio de la Loter\u00eda Nacional toca en Plasencia"},{"@type":"BreadcrumbList","@id":"https:\/\/www.diario21.tv\/noticias\/increible-plasencia-celebra-el-primer-premio-de-la-loteria-nacional\/#breadcrumb","itemListElement":[{"@type":"ListItem","position":1,"name":"Accueil","item":"https:\/\/www.diario21.tv\/noticias\/"},{"@type":"ListItem","position":2,"name":"\u00a1Incre\u00edble! Plasencia celebra el primer premio de la Loter\u00eda Nacional"}]},{"@type":"WebSite","@id":"https:\/\/www.diario21.tv\/noticias\/#website","url":"https:\/\/www.diario21.tv\/noticias\/","name":"Diario 21","description":"","potentialAction":[{"@type":"SearchAction","target":{"@type":"EntryPoint","urlTemplate":"https:\/\/www.diario21.tv\/noticias\/?s={search_term_string}"},"query-input":{"@type":"PropertyValueSpecification","valueRequired":true,"valueName":"search_term_string"}}],"inLanguage":"es-AR"},{"@type":"Person","@id":"https:\/\/www.diario21.tv\/noticias\/#\/schema\/person\/dfb778f73814d8f09f302618446a526b","name":"Juan P\u00e9rez","image":{"@type":"ImageObject","inLanguage":"es-AR","@id":"https:\/\/www.diario21.tv\/noticias\/#\/schema\/person\/image\/","url":"https:\/\/secure.gravatar.com\/avatar\/c478a405bd10621167f4c3167cc770f5?s=96&d=mm&r=g","contentUrl":"https:\/\/secure.gravatar.com\/avatar\/c478a405bd10621167f4c3167cc770f5?s=96&d=mm&r=g","caption":"Juan P\u00e9rez"},"description":"Juan P\u00e9rez es el redactor en jefe de Diario 21. Con m\u00e1s de 10 a\u00f1os de experiencia en el periodismo, se especializa en pol\u00edtica nacional y an\u00e1lisis socioecon\u00f3mico. Su enfoque cr\u00edtico y riguroso aporta una perspectiva \u00fanica a cada art\u00edculo.","sameAs":["https:\/\/www.diario21.tv\/noticias\/"],"url":"https:\/\/www.diario21.tv\/noticias\/author\/juan-perez\/"}]}},"_links":{"self":[{"href":"https:\/\/www.diario21.tv\/noticias\/wp-json\/wp\/v2\/posts\/2262"}],"collection":[{"href":"https:\/\/www.diario21.tv\/noticias\/wp-json\/wp\/v2\/posts"}],"about":[{"href":"https:\/\/www.diario21.tv\/noticias\/wp-json\/wp\/v2\/types\/post"}],"author":[{"embeddable":true,"href":"https:\/\/www.diario21.tv\/noticias\/wp-json\/wp\/v2\/users\/20"}],"replies":[{"embeddable":true,"href":"https:\/\/www.diario21.tv\/noticias\/wp-json\/wp\/v2\/comments?post=2262"}],"version-history":[{"count":1,"href":"https:\/\/www.diario21.tv\/noticias\/wp-json\/wp\/v2\/posts\/2262\/revisions"}],"predecessor-version":[{"id":2264,"href":"https:\/\/www.diario21.tv\/noticias\/wp-json\/wp\/v2\/posts\/2262\/revisions\/2264"}],"wp:featuredmedia":[{"embeddable":true,"href":"https:\/\/www.diario21.tv\/noticias\/wp-json\/wp\/v2\/media\/2263"}],"wp:attachment":[{"href":"https:\/\/www.diario21.tv\/noticias\/wp-json\/wp\/v2\/media?parent=2262"}],"wp:term":[{"taxonomy":"category","embeddable":true,"href":"https:\/\/www.diario21.tv\/noticias\/wp-json\/wp\/v2\/categories?post=2262"},{"taxonomy":"post_tag","embeddable":true,"href":"https:\/\/www.diario21.tv\/noticias\/wp-json\/wp\/v2\/tags?post=2262"}],"curies":[{"name":"wp","href":"https:\/\/api.w.org\/{rel}","templated":true}]}}