{"id":224,"date":"2024-09-01T11:00:22","date_gmt":"2024-09-01T11:00:22","guid":{"rendered":"https:\/\/www.diario21.tv\/noticias\/?p=224"},"modified":"2024-08-29T12:41:10","modified_gmt":"2024-08-29T12:41:10","slug":"soledad-y-personalidad-6-rasgos-que-hacen-de-los-solitarios-seres-extraordinarios","status":"publish","type":"post","link":"https:\/\/www.diario21.tv\/noticias\/soledad-y-personalidad-6-rasgos-que-hacen-de-los-solitarios-seres-extraordinarios\/","title":{"rendered":"Soledad y personalidad: \u00a16 rasgos que hacen de los solitarios seres extraordinarios!"},"content":{"rendered":"<p>La soledad a menudo recibe una mala reputaci\u00f3n. Muchas personas tienden a asociarla con algo negativo, vi\u00e9ndola como un signo de debilidad o angustia. Sin embargo, la realidad es mucho m\u00e1s compleja y, me atrever\u00eda a decir, extraordinaria.<\/p>\n<p><!--more--><\/p>\n<p>La soledad puede ser una experiencia positiva y enriquecedora, permitiendo a ciertos individuos cultivar rasgos de personalidad \u00fanicos y notables. A continuaci\u00f3n, exploraremos seis rasgos espec\u00edficos que hacen de las personas solitarias seres verdaderamente extraordinarios.<\/p>\n<h2>1. Autonom\u00eda: Abrazando la independencia y la resiliencia<\/h2>\n<p>Uno de los rasgos m\u00e1s destacados de las <a href=\"https:\/\/www.diario21.tv\/noticias\/descubre-los-secretos-del-carisma-estos-7-rasgos-compartidos-por-las-personas-mas-carismaticas-te-sorprenderan\/\">personas<\/a> solitarias es su notable autonom\u00eda. Al elegir la soledad deliberadamente, estas personas desarrollan una capacidad impresionante para la autosuficiencia y la responsabilidad. No dependen de la aprobaci\u00f3n o la ayuda de otros para enfrentar los desaf\u00edos de la vida. Esta independencia mental les permite tomar decisiones informadas y perseguir sus objetivos sin dejarse influenciar por las opiniones externas.<\/p>\n<p>Recuerdo una vez cuando decid\u00ed emprender un proyecto por mi cuenta, sin la habitual red de apoyo a mi alrededor. Fue aterrador al principio, pero esa experiencia me ense\u00f1\u00f3 el valor de confiar en mi juicio. Las personas solitarias, gracias a su independencia, poseen una resiliencia que les permite enfrentar la adversidad con valent\u00eda y adaptarse a los cambios de manera pragm\u00e1tica.<\/p>\n<h2>2. Creatividad: Nutriendo la originalidad y la expresi\u00f3n<\/h2>\n<p>La soledad es un terreno f\u00e9rtil para la creatividad, otro de los rasgos distintivos de los individuos solitarios. Con tiempo y espacio suficientes para la reflexi\u00f3n, pueden aprovechar su imaginaci\u00f3n y concebir ideas originales. Est\u00e1n m\u00e1s inclinados a tomar riesgos y explorar territorios inexplorados, lo que los lleva a descubrimientos innovadores y expresiones art\u00edsticas en diversos campos.<\/p>\n<p>Conozco a alguien que, tras pasar un tiempo solo en una caba\u00f1a en el bosque, regres\u00f3 con una serie de pinturas que capturaban la esencia de la naturaleza de una manera que nunca hab\u00eda visto antes. La soledad le permiti\u00f3 sumergirse en su arte sin distracciones, y el resultado fue impresionante. Las personas solitarias sobresalen en la expresi\u00f3n de su creatividad y en compartir sus descubrimientos con el mundo.<\/p>\n<h2>3. Empat\u00eda: Cultivando la compasi\u00f3n y la comprensi\u00f3n<\/h2>\n<p>Contrario al estereotipo de los solitarios como personas distantes, los individuos que disfrutan de la soledad suelen tener una notable capacidad para la empat\u00eda y la escucha activa. La soledad les permite afinar su sensibilidad hacia las emociones y necesidades de los dem\u00e1s, fomentando conexiones interpersonales m\u00e1s profundas. Son observadores agudos, atentos a matices que a menudo pasan desapercibidos para otros, lo que los convierte en fuentes invaluables de apoyo y comprensi\u00f3n.<\/p>\n<p>En mi propia experiencia, despu\u00e9s de un tiempo de introspecci\u00f3n, me encontr\u00e9 m\u00e1s capaz de comprender y apoyar a un amigo que estaba pasando por un momento dif\u00edcil. La soledad me hab\u00eda dado la claridad mental para estar presente de una manera que antes no habr\u00eda sido posible. Los solitarios tambi\u00e9n suelen ser defensores de causas sociales y ambientales, impulsados por su profunda empat\u00eda.<\/p>\n<h2>4. Introspecci\u00f3n: Un viaje interior hacia el autodescubrimiento<\/h2>\n<p>La soledad ofrece la oportunidad de una profunda autorreflexi\u00f3n, lo que conduce a una mayor autoconciencia y satisfacci\u00f3n interior. Las personas solitarias dedican tiempo a meditar, analizar sus emociones y examinar sus motivaciones. Esta introspecci\u00f3n les permite identificar sus fortalezas, debilidades y aspiraciones, empoder\u00e1ndolos para gestionar su bienestar de manera m\u00e1s efectiva.<\/p>\n<p>Una amiga m\u00eda, despu\u00e9s de un retiro en solitario, me habl\u00f3 de c\u00f3mo hab\u00eda logrado resolver conflictos internos que la hab\u00edan aquejado durante a\u00f1os. La soledad, lejos de ser una carga, le permiti\u00f3 redescubrirse y encontrar un equilibrio que antes parec\u00eda inalcanzable.<\/p>\n<h2>5. Apreciaci\u00f3n de los placeres simples: Encontrando alegr\u00eda en la tranquilidad<\/h2>\n<p>Las personas solitarias tienen un talento especial para saborear los placeres simples de la vida y encontrar contento en momentos de tranquilidad. Al desconectarse del ruido del mundo, desarrollan una apreciaci\u00f3n por la naturaleza, la m\u00fasica, la literatura y la meditaci\u00f3n. Esta capacidad de derivar alegr\u00eda de lo esencial les permite recargar energ\u00edas y concentrarse en lo que realmente importa.<\/p>\n<p>En mi caso, la soledad me ha ense\u00f1ado a disfrutar de una buena taza de t\u00e9 en silencio, a escuchar el canto de los p\u00e1jaros o a perderme en las p\u00e1ginas de un libro. Son esos momentos sencillos, pero significativos, los que me ayudan a mantener la perspectiva.<\/p>\n<h2>6. Autenticidad: Viviendo fiel a uno mismo<\/h2>\n<p>Finalmente, los solitarios son impulsados por una b\u00fasqueda de autenticidad, alineando sus acciones con sus creencias y valores. La soledad les brinda la oportunidad de liberarse de las normas sociales y forjar sus propios caminos. Libres de presiones externas, definen sus propias medidas de \u00e9xito y felicidad, sirviendo como faros de integridad y coraje para los dem\u00e1s.<\/p>\n<p>Recuerdo haber conocido a alguien que, despu\u00e9s de a\u00f1os de conformarse con las expectativas de los dem\u00e1s, decidi\u00f3 seguir su verdadera pasi\u00f3n por la escritura. Aunque implic\u00f3 un cambio radical en su vida, encontr\u00f3 una satisfacci\u00f3n y autenticidad que antes le eran esquivas.<\/p>\n<h2>Reflexi\u00f3n Final<\/h2>\n<p>La soledad no es simplemente un estado de aislamiento o angustia, sino una fuente profunda de crecimiento personal y realizaci\u00f3n. Las personas solitarias, con su autonom\u00eda, creatividad, empat\u00eda, introspecci\u00f3n, apreciaci\u00f3n de los placeres simples y b\u00fasqueda de autenticidad, son seres verdaderamente extraordinarios que enriquecen el mundo que los rodea.<\/p>\n<p>Es crucial reconocer y celebrar estas cualidades, replanteando la soledad no como una falla o un fracaso, sino como un valioso recurso digno de cultivo y compartici\u00f3n.<\/p>\n\n\n<div class=\"kk-star-ratings kksr-auto kksr-align-left kksr-valign-bottom\"\n    data-payload='{&quot;align&quot;:&quot;left&quot;,&quot;id&quot;:&quot;224&quot;,&quot;slug&quot;:&quot;default&quot;,&quot;valign&quot;:&quot;bottom&quot;,&quot;ignore&quot;:&quot;&quot;,&quot;reference&quot;:&quot;auto&quot;,&quot;class&quot;:&quot;&quot;,&quot;count&quot;:&quot;0&quot;,&quot;legendonly&quot;:&quot;&quot;,&quot;readonly&quot;:&quot;&quot;,&quot;score&quot;:&quot;0&quot;,&quot;starsonly&quot;:&quot;&quot;,&quot;best&quot;:&quot;5&quot;,&quot;gap&quot;:&quot;5&quot;,&quot;greet&quot;:&quot;Valora este post&quot;,&quot;legend&quot;:&quot;0\\\/5 - (0 votes)&quot;,&quot;size&quot;:&quot;22&quot;,&quot;title&quot;:&quot;Soledad y personalidad: \u00a16 rasgos que hacen de los solitarios seres extraordinarios!&quot;,&quot;width&quot;:&quot;0&quot;,&quot;_legend&quot;:&quot;{score}\\\/{best} - ({count} {votes})&quot;,&quot;font_factor&quot;:&quot;1.25&quot;}'>\n            \n<div class=\"kksr-stars\">\n    \n<div class=\"kksr-stars-inactive\">\n            <div class=\"kksr-star\" data-star=\"1\" style=\"padding-right: 5px\">\n            \n\n<div class=\"kksr-icon\" style=\"width: 22px; height: 22px;\"><\/div>\n        <\/div>\n            <div class=\"kksr-star\" data-star=\"2\" style=\"padding-right: 5px\">\n            \n\n<div class=\"kksr-icon\" style=\"width: 22px; height: 22px;\"><\/div>\n        <\/div>\n            <div class=\"kksr-star\" data-star=\"3\" style=\"padding-right: 5px\">\n            \n\n<div class=\"kksr-icon\" style=\"width: 22px; height: 22px;\"><\/div>\n        <\/div>\n            <div class=\"kksr-star\" data-star=\"4\" style=\"padding-right: 5px\">\n            \n\n<div class=\"kksr-icon\" style=\"width: 22px; height: 22px;\"><\/div>\n        <\/div>\n            <div class=\"kksr-star\" data-star=\"5\" style=\"padding-right: 5px\">\n            \n\n<div class=\"kksr-icon\" style=\"width: 22px; height: 22px;\"><\/div>\n        <\/div>\n    <\/div>\n    \n<div class=\"kksr-stars-active\" style=\"width: 0px;\">\n            <div class=\"kksr-star\" style=\"padding-right: 5px\">\n            \n\n<div class=\"kksr-icon\" style=\"width: 22px; height: 22px;\"><\/div>\n        <\/div>\n            <div class=\"kksr-star\" style=\"padding-right: 5px\">\n            \n\n<div class=\"kksr-icon\" style=\"width: 22px; height: 22px;\"><\/div>\n        <\/div>\n            <div class=\"kksr-star\" style=\"padding-right: 5px\">\n            \n\n<div class=\"kksr-icon\" style=\"width: 22px; height: 22px;\"><\/div>\n        <\/div>\n            <div class=\"kksr-star\" style=\"padding-right: 5px\">\n            \n\n<div class=\"kksr-icon\" style=\"width: 22px; height: 22px;\"><\/div>\n        <\/div>\n            <div class=\"kksr-star\" style=\"padding-right: 5px\">\n            \n\n<div class=\"kksr-icon\" style=\"width: 22px; height: 22px;\"><\/div>\n        <\/div>\n    <\/div>\n<\/div>\n                \n\n<div class=\"kksr-legend\" style=\"font-size: 17.6px;\">\n            <span class=\"kksr-muted\">Valora este post<\/span>\n    <\/div>\n    <\/div>\n","protected":false},"excerpt":{"rendered":"<p>La soledad a menudo recibe una mala reputaci\u00f3n. Muchas personas tienden a asociarla con algo negativo, vi\u00e9ndola como un signo de debilidad o angustia. Sin embargo, &#8230; <a title=\"Soledad y personalidad: \u00a16 rasgos que hacen de los solitarios seres extraordinarios!\" class=\"read-more\" href=\"https:\/\/www.diario21.tv\/noticias\/soledad-y-personalidad-6-rasgos-que-hacen-de-los-solitarios-seres-extraordinarios\/\" aria-label=\"Leer m\u00e1s sobre Soledad y personalidad: \u00a16 rasgos que hacen de los solitarios seres extraordinarios!\">Seguir leyendo &rarr;<\/a><\/p>\n","protected":false},"author":17,"featured_media":225,"comment_status":"open","ping_status":"open","sticky":false,"template":"","format":"standard","meta":{"footnotes":""},"categories":[12],"tags":[],"class_list":["post-224","post","type-post","status-publish","format-standard","has-post-thumbnail","hentry","category-tendencia"],"yoast_head":"<!-- This site is optimized with the Yoast SEO plugin v25.6 - https:\/\/yoast.com\/wordpress\/plugins\/seo\/ -->\n<title>Soledad y personalidad: \u00a16 rasgos que hacen de los solitarios seres extraordinarios! - Diario 21<\/title>\n<meta name=\"robots\" content=\"index, follow, max-snippet:-1, max-image-preview:large, max-video-preview:-1\" \/>\n<link rel=\"canonical\" href=\"https:\/\/www.diario21.tv\/noticias\/soledad-y-personalidad-6-rasgos-que-hacen-de-los-solitarios-seres-extraordinarios\/\" \/>\n<meta property=\"og:locale\" content=\"es_ES\" \/>\n<meta property=\"og:type\" content=\"article\" \/>\n<meta property=\"og:title\" content=\"Soledad y personalidad: \u00a16 rasgos que hacen de los solitarios seres extraordinarios! - Diario 21\" \/>\n<meta property=\"og:description\" content=\"La soledad a menudo recibe una mala reputaci\u00f3n. Muchas personas tienden a asociarla con algo negativo, vi\u00e9ndola como un signo de debilidad o angustia. Sin embargo, ... Seguir leyendo &rarr;\" \/>\n<meta property=\"og:url\" content=\"https:\/\/www.diario21.tv\/noticias\/soledad-y-personalidad-6-rasgos-que-hacen-de-los-solitarios-seres-extraordinarios\/\" \/>\n<meta property=\"og:site_name\" content=\"Diario 21\" \/>\n<meta property=\"article:published_time\" content=\"2024-09-01T11:00:22+00:00\" \/>\n<meta property=\"og:image\" content=\"https:\/\/www.diario21.tv\/noticias\/wp-content\/uploads\/2024\/08\/Soledad-y-personalidad.jpg\" \/>\n\t<meta property=\"og:image:width\" content=\"1200\" \/>\n\t<meta property=\"og:image:height\" content=\"590\" \/>\n\t<meta property=\"og:image:type\" content=\"image\/jpeg\" \/>\n<meta name=\"author\" content=\"Diego Ram\u00edrez\" \/>\n<meta name=\"twitter:card\" content=\"summary_large_image\" \/>\n<meta name=\"twitter:label1\" content=\"Escrito por\" \/>\n\t<meta name=\"twitter:data1\" content=\"Diego Ram\u00edrez\" \/>\n\t<meta name=\"twitter:label2\" content=\"Tiempo de lectura\" \/>\n\t<meta name=\"twitter:data2\" content=\"5 minutos\" \/>\n<script type=\"application\/ld+json\" class=\"yoast-schema-graph\">{\"@context\":\"https:\/\/schema.org\",\"@graph\":[{\"@type\":\"WebPage\",\"@id\":\"https:\/\/www.diario21.tv\/noticias\/soledad-y-personalidad-6-rasgos-que-hacen-de-los-solitarios-seres-extraordinarios\/\",\"url\":\"https:\/\/www.diario21.tv\/noticias\/soledad-y-personalidad-6-rasgos-que-hacen-de-los-solitarios-seres-extraordinarios\/\",\"name\":\"Soledad y personalidad: \u00a16 rasgos que hacen de los solitarios seres extraordinarios! - Diario 21\",\"isPartOf\":{\"@id\":\"https:\/\/www.diario21.tv\/noticias\/#website\"},\"primaryImageOfPage\":{\"@id\":\"https:\/\/www.diario21.tv\/noticias\/soledad-y-personalidad-6-rasgos-que-hacen-de-los-solitarios-seres-extraordinarios\/#primaryimage\"},\"image\":{\"@id\":\"https:\/\/www.diario21.tv\/noticias\/soledad-y-personalidad-6-rasgos-que-hacen-de-los-solitarios-seres-extraordinarios\/#primaryimage\"},\"thumbnailUrl\":\"https:\/\/www.diario21.tv\/noticias\/wp-content\/uploads\/2024\/08\/Soledad-y-personalidad.jpg\",\"datePublished\":\"2024-09-01T11:00:22+00:00\",\"author\":{\"@id\":\"https:\/\/www.diario21.tv\/noticias\/#\/schema\/person\/82784493c2386321eca1931994300a93\"},\"breadcrumb\":{\"@id\":\"https:\/\/www.diario21.tv\/noticias\/soledad-y-personalidad-6-rasgos-que-hacen-de-los-solitarios-seres-extraordinarios\/#breadcrumb\"},\"inLanguage\":\"es-AR\",\"potentialAction\":[{\"@type\":\"ReadAction\",\"target\":[\"https:\/\/www.diario21.tv\/noticias\/soledad-y-personalidad-6-rasgos-que-hacen-de-los-solitarios-seres-extraordinarios\/\"]}]},{\"@type\":\"ImageObject\",\"inLanguage\":\"es-AR\",\"@id\":\"https:\/\/www.diario21.tv\/noticias\/soledad-y-personalidad-6-rasgos-que-hacen-de-los-solitarios-seres-extraordinarios\/#primaryimage\",\"url\":\"https:\/\/www.diario21.tv\/noticias\/wp-content\/uploads\/2024\/08\/Soledad-y-personalidad.jpg\",\"contentUrl\":\"https:\/\/www.diario21.tv\/noticias\/wp-content\/uploads\/2024\/08\/Soledad-y-personalidad.jpg\",\"width\":1200,\"height\":590,\"caption\":\"Soledad y personalidad: \u00a16 rasgos que hacen de los solitarios seres extraordinarios!\"},{\"@type\":\"BreadcrumbList\",\"@id\":\"https:\/\/www.diario21.tv\/noticias\/soledad-y-personalidad-6-rasgos-que-hacen-de-los-solitarios-seres-extraordinarios\/#breadcrumb\",\"itemListElement\":[{\"@type\":\"ListItem\",\"position\":1,\"name\":\"Accueil\",\"item\":\"https:\/\/www.diario21.tv\/noticias\/\"},{\"@type\":\"ListItem\",\"position\":2,\"name\":\"Soledad y personalidad: \u00a16 rasgos que hacen de los solitarios seres extraordinarios!\"}]},{\"@type\":\"WebSite\",\"@id\":\"https:\/\/www.diario21.tv\/noticias\/#website\",\"url\":\"https:\/\/www.diario21.tv\/noticias\/\",\"name\":\"Diario 21\",\"description\":\"\",\"potentialAction\":[{\"@type\":\"SearchAction\",\"target\":{\"@type\":\"EntryPoint\",\"urlTemplate\":\"https:\/\/www.diario21.tv\/noticias\/?s={search_term_string}\"},\"query-input\":{\"@type\":\"PropertyValueSpecification\",\"valueRequired\":true,\"valueName\":\"search_term_string\"}}],\"inLanguage\":\"es-AR\"},{\"@type\":\"Person\",\"@id\":\"https:\/\/www.diario21.tv\/noticias\/#\/schema\/person\/82784493c2386321eca1931994300a93\",\"name\":\"Diego Ram\u00edrez\",\"image\":{\"@type\":\"ImageObject\",\"inLanguage\":\"es-AR\",\"@id\":\"https:\/\/www.diario21.tv\/noticias\/#\/schema\/person\/image\/\",\"url\":\"https:\/\/secure.gravatar.com\/avatar\/19f9d4b705c0e181063e13bbda16fe42?s=96&d=mm&r=g\",\"contentUrl\":\"https:\/\/secure.gravatar.com\/avatar\/19f9d4b705c0e181063e13bbda16fe42?s=96&d=mm&r=g\",\"caption\":\"Diego Ram\u00edrez\"},\"description\":\"Diego Ram\u00edrez es el encargado de la secci\u00f3n de deportes en Diario 21. Con una amplia experiencia cubriendo eventos deportivos nacionales e internacionales, Diego ofrece una mirada apasionada y detallada del mundo deportivo.\",\"url\":\"https:\/\/www.diario21.tv\/noticias\/author\/contacthotwine-net\/\"}]}<\/script>\n<!-- \/ Yoast SEO plugin. -->","yoast_head_json":{"title":"Soledad y personalidad: \u00a16 rasgos que hacen de los solitarios seres extraordinarios! - Diario 21","robots":{"index":"index","follow":"follow","max-snippet":"max-snippet:-1","max-image-preview":"max-image-preview:large","max-video-preview":"max-video-preview:-1"},"canonical":"https:\/\/www.diario21.tv\/noticias\/soledad-y-personalidad-6-rasgos-que-hacen-de-los-solitarios-seres-extraordinarios\/","og_locale":"es_ES","og_type":"article","og_title":"Soledad y personalidad: \u00a16 rasgos que hacen de los solitarios seres extraordinarios! - Diario 21","og_description":"La soledad a menudo recibe una mala reputaci\u00f3n. Muchas personas tienden a asociarla con algo negativo, vi\u00e9ndola como un signo de debilidad o angustia. Sin embargo, ... Seguir leyendo &rarr;","og_url":"https:\/\/www.diario21.tv\/noticias\/soledad-y-personalidad-6-rasgos-que-hacen-de-los-solitarios-seres-extraordinarios\/","og_site_name":"Diario 21","article_published_time":"2024-09-01T11:00:22+00:00","og_image":[{"width":1200,"height":590,"url":"https:\/\/www.diario21.tv\/noticias\/wp-content\/uploads\/2024\/08\/Soledad-y-personalidad.jpg","type":"image\/jpeg"}],"author":"Diego Ram\u00edrez","twitter_card":"summary_large_image","twitter_misc":{"Escrito por":"Diego Ram\u00edrez","Tiempo de lectura":"5 minutos"},"schema":{"@context":"https:\/\/schema.org","@graph":[{"@type":"WebPage","@id":"https:\/\/www.diario21.tv\/noticias\/soledad-y-personalidad-6-rasgos-que-hacen-de-los-solitarios-seres-extraordinarios\/","url":"https:\/\/www.diario21.tv\/noticias\/soledad-y-personalidad-6-rasgos-que-hacen-de-los-solitarios-seres-extraordinarios\/","name":"Soledad y personalidad: \u00a16 rasgos que hacen de los solitarios seres extraordinarios! - Diario 21","isPartOf":{"@id":"https:\/\/www.diario21.tv\/noticias\/#website"},"primaryImageOfPage":{"@id":"https:\/\/www.diario21.tv\/noticias\/soledad-y-personalidad-6-rasgos-que-hacen-de-los-solitarios-seres-extraordinarios\/#primaryimage"},"image":{"@id":"https:\/\/www.diario21.tv\/noticias\/soledad-y-personalidad-6-rasgos-que-hacen-de-los-solitarios-seres-extraordinarios\/#primaryimage"},"thumbnailUrl":"https:\/\/www.diario21.tv\/noticias\/wp-content\/uploads\/2024\/08\/Soledad-y-personalidad.jpg","datePublished":"2024-09-01T11:00:22+00:00","author":{"@id":"https:\/\/www.diario21.tv\/noticias\/#\/schema\/person\/82784493c2386321eca1931994300a93"},"breadcrumb":{"@id":"https:\/\/www.diario21.tv\/noticias\/soledad-y-personalidad-6-rasgos-que-hacen-de-los-solitarios-seres-extraordinarios\/#breadcrumb"},"inLanguage":"es-AR","potentialAction":[{"@type":"ReadAction","target":["https:\/\/www.diario21.tv\/noticias\/soledad-y-personalidad-6-rasgos-que-hacen-de-los-solitarios-seres-extraordinarios\/"]}]},{"@type":"ImageObject","inLanguage":"es-AR","@id":"https:\/\/www.diario21.tv\/noticias\/soledad-y-personalidad-6-rasgos-que-hacen-de-los-solitarios-seres-extraordinarios\/#primaryimage","url":"https:\/\/www.diario21.tv\/noticias\/wp-content\/uploads\/2024\/08\/Soledad-y-personalidad.jpg","contentUrl":"https:\/\/www.diario21.tv\/noticias\/wp-content\/uploads\/2024\/08\/Soledad-y-personalidad.jpg","width":1200,"height":590,"caption":"Soledad y personalidad: \u00a16 rasgos que hacen de los solitarios seres extraordinarios!"},{"@type":"BreadcrumbList","@id":"https:\/\/www.diario21.tv\/noticias\/soledad-y-personalidad-6-rasgos-que-hacen-de-los-solitarios-seres-extraordinarios\/#breadcrumb","itemListElement":[{"@type":"ListItem","position":1,"name":"Accueil","item":"https:\/\/www.diario21.tv\/noticias\/"},{"@type":"ListItem","position":2,"name":"Soledad y personalidad: \u00a16 rasgos que hacen de los solitarios seres extraordinarios!"}]},{"@type":"WebSite","@id":"https:\/\/www.diario21.tv\/noticias\/#website","url":"https:\/\/www.diario21.tv\/noticias\/","name":"Diario 21","description":"","potentialAction":[{"@type":"SearchAction","target":{"@type":"EntryPoint","urlTemplate":"https:\/\/www.diario21.tv\/noticias\/?s={search_term_string}"},"query-input":{"@type":"PropertyValueSpecification","valueRequired":true,"valueName":"search_term_string"}}],"inLanguage":"es-AR"},{"@type":"Person","@id":"https:\/\/www.diario21.tv\/noticias\/#\/schema\/person\/82784493c2386321eca1931994300a93","name":"Diego Ram\u00edrez","image":{"@type":"ImageObject","inLanguage":"es-AR","@id":"https:\/\/www.diario21.tv\/noticias\/#\/schema\/person\/image\/","url":"https:\/\/secure.gravatar.com\/avatar\/19f9d4b705c0e181063e13bbda16fe42?s=96&d=mm&r=g","contentUrl":"https:\/\/secure.gravatar.com\/avatar\/19f9d4b705c0e181063e13bbda16fe42?s=96&d=mm&r=g","caption":"Diego Ram\u00edrez"},"description":"Diego Ram\u00edrez es el encargado de la secci\u00f3n de deportes en Diario 21. Con una amplia experiencia cubriendo eventos deportivos nacionales e internacionales, Diego ofrece una mirada apasionada y detallada del mundo deportivo.","url":"https:\/\/www.diario21.tv\/noticias\/author\/contacthotwine-net\/"}]}},"_links":{"self":[{"href":"https:\/\/www.diario21.tv\/noticias\/wp-json\/wp\/v2\/posts\/224"}],"collection":[{"href":"https:\/\/www.diario21.tv\/noticias\/wp-json\/wp\/v2\/posts"}],"about":[{"href":"https:\/\/www.diario21.tv\/noticias\/wp-json\/wp\/v2\/types\/post"}],"author":[{"embeddable":true,"href":"https:\/\/www.diario21.tv\/noticias\/wp-json\/wp\/v2\/users\/17"}],"replies":[{"embeddable":true,"href":"https:\/\/www.diario21.tv\/noticias\/wp-json\/wp\/v2\/comments?post=224"}],"version-history":[{"count":1,"href":"https:\/\/www.diario21.tv\/noticias\/wp-json\/wp\/v2\/posts\/224\/revisions"}],"predecessor-version":[{"id":226,"href":"https:\/\/www.diario21.tv\/noticias\/wp-json\/wp\/v2\/posts\/224\/revisions\/226"}],"wp:featuredmedia":[{"embeddable":true,"href":"https:\/\/www.diario21.tv\/noticias\/wp-json\/wp\/v2\/media\/225"}],"wp:attachment":[{"href":"https:\/\/www.diario21.tv\/noticias\/wp-json\/wp\/v2\/media?parent=224"}],"wp:term":[{"taxonomy":"category","embeddable":true,"href":"https:\/\/www.diario21.tv\/noticias\/wp-json\/wp\/v2\/categories?post=224"},{"taxonomy":"post_tag","embeddable":true,"href":"https:\/\/www.diario21.tv\/noticias\/wp-json\/wp\/v2\/tags?post=224"}],"curies":[{"name":"wp","href":"https:\/\/api.w.org\/{rel}","templated":true}]}}