{"id":2214,"date":"2025-02-20T10:30:26","date_gmt":"2025-02-20T10:30:26","guid":{"rendered":"https:\/\/www.diario21.tv\/noticias\/impactante-arresto-a-educadoras-por-abuso-sexual-a-nina-de-4-anos\/"},"modified":"2025-02-20T10:30:27","modified_gmt":"2025-02-20T10:30:27","slug":"impactante-arresto-a-educadoras-por-abuso-sexual-a-nina-de-4-anos","status":"publish","type":"post","link":"https:\/\/www.diario21.tv\/noticias\/impactante-arresto-a-educadoras-por-abuso-sexual-a-nina-de-4-anos\/","title":{"rendered":"Impactante arresto a educadoras por abuso sexual a ni\u00f1a de 4 a\u00f1os"},"content":{"rendered":"<h2>Impacto por la Detenci\u00f3n de Dos Maestras Acusadas de Abuso Sexual a una Ni\u00f1a de Cuatro A\u00f1os<\/h2>\n<p>La comunidad educativa y local ha quedado perturbada tras la noticia de la detenci\u00f3n de dos mujeres, ambas educadoras en una instituci\u00f3n preescolar, por su presunta implicaci\u00f3n en un caso de abuso sexual a una menor de apenas cuatro a\u00f1os de edad. Este suceso lamentable ha resaltado una vez m\u00e1s la necesidad de sistemas m\u00e1s rigurosos para la protecci\u00f3n de los menores en entornos educativos.<\/p>\n<h3>Detalles del Caso<\/h3>\n<p>Las autoridades han informado que las sospechosas, quienes trabajaban como maestras en un centro educativo destinado a la primera infancia, fueron arrestadas luego de que la investigaci\u00f3n preliminar indicara su participaci\u00f3n en actos indebidos contra la peque\u00f1a alumna. La investigaci\u00f3n comenz\u00f3 despu\u00e9s de que se presentaran denuncias ante la polic\u00eda local, lo que puso en marcha un operativo que finalmente condujo a la detenci\u00f3n de las implicadas.<\/p>\n<h3>Reacciones y Medidas Tomadas<\/h3>\n<p>El caso ha generado una ola de reacciones entre los padres de familia, educadores y otros miembros de la comunidad, quienes expresaron su consternaci\u00f3n y preocupaci\u00f3n por la seguridad de los ni\u00f1os. Las autoridades escolares del centro donde ocurrieron los hechos han prometido cooperar con la justicia y aseguraron que est\u00e1n revisando sus protocolos de seguridad para fortalecer las medidas de protecci\u00f3n a los estudiantes.<\/p>\n<p>Por su parte, la direcci\u00f3n del colegio ha decidido suspender a las maestras involucradas mientras contin\u00faa la investigaci\u00f3n. Adem\u00e1s, se ha establecido un programa de asesoramiento y apoyo psicol\u00f3gico para los estudiantes que pudieran haber sido afectados por esta situaci\u00f3n.<\/p>\n<h3>Importancia de la Vigilancia y Prevenci\u00f3n<\/h3>\n<p>Este incidente subraya la importancia de establecer y mantener estrictos controles y procedimientos de seguridad en todas las instituciones educativas. Expertos en la materia enfatizan la necesidad de realizar verificaciones de antecedentes exhaustivas y peri\u00f3dicas a todo el personal educativo, as\u00ed como de implementar programas de capacitaci\u00f3n continua que incluyan temas sobre la protecci\u00f3n infantil y el reconocimiento de comportamientos inapropiados.<\/p>\n<h3>Conclusiones y Pasos a Seguir<\/h3>\n<p>Mientras la comunidad sigue recuper\u00e1ndose del impacto de esta noticia, las autoridades contin\u00faan con las investigaciones para esclarecer completamente los hechos y determinar la extensi\u00f3n del abuso. Este caso ha servido como un llamado de atenci\u00f3n para padres y instituciones sobre la necesidad imperiosa de estar siempre vigilantes y activos en la protecci\u00f3n de los m\u00e1s vulnerables. La sociedad en conjunto debe trabajar para crear un entorno seguro donde los ni\u00f1os puedan crecer y aprender sin miedo.<\/p>\n\n\n<div class=\"kk-star-ratings kksr-auto kksr-align-left kksr-valign-bottom\"\n    data-payload='{&quot;align&quot;:&quot;left&quot;,&quot;id&quot;:&quot;2214&quot;,&quot;slug&quot;:&quot;default&quot;,&quot;valign&quot;:&quot;bottom&quot;,&quot;ignore&quot;:&quot;&quot;,&quot;reference&quot;:&quot;auto&quot;,&quot;class&quot;:&quot;&quot;,&quot;count&quot;:&quot;0&quot;,&quot;legendonly&quot;:&quot;&quot;,&quot;readonly&quot;:&quot;&quot;,&quot;score&quot;:&quot;0&quot;,&quot;starsonly&quot;:&quot;&quot;,&quot;best&quot;:&quot;5&quot;,&quot;gap&quot;:&quot;5&quot;,&quot;greet&quot;:&quot;Valora este post&quot;,&quot;legend&quot;:&quot;0\\\/5 - (0 votes)&quot;,&quot;size&quot;:&quot;22&quot;,&quot;title&quot;:&quot;Impactante arresto a educadoras por abuso sexual a ni\u00f1a de 4 a\u00f1os&quot;,&quot;width&quot;:&quot;0&quot;,&quot;_legend&quot;:&quot;{score}\\\/{best} - ({count} {votes})&quot;,&quot;font_factor&quot;:&quot;1.25&quot;}'>\n            \n<div class=\"kksr-stars\">\n    \n<div class=\"kksr-stars-inactive\">\n            <div class=\"kksr-star\" data-star=\"1\" style=\"padding-right: 5px\">\n            \n\n<div class=\"kksr-icon\" style=\"width: 22px; height: 22px;\"><\/div>\n        <\/div>\n            <div class=\"kksr-star\" data-star=\"2\" style=\"padding-right: 5px\">\n            \n\n<div class=\"kksr-icon\" style=\"width: 22px; height: 22px;\"><\/div>\n        <\/div>\n            <div class=\"kksr-star\" data-star=\"3\" style=\"padding-right: 5px\">\n            \n\n<div class=\"kksr-icon\" style=\"width: 22px; height: 22px;\"><\/div>\n        <\/div>\n            <div class=\"kksr-star\" data-star=\"4\" style=\"padding-right: 5px\">\n            \n\n<div class=\"kksr-icon\" style=\"width: 22px; height: 22px;\"><\/div>\n        <\/div>\n            <div class=\"kksr-star\" data-star=\"5\" style=\"padding-right: 5px\">\n            \n\n<div class=\"kksr-icon\" style=\"width: 22px; height: 22px;\"><\/div>\n        <\/div>\n    <\/div>\n    \n<div class=\"kksr-stars-active\" style=\"width: 0px;\">\n            <div class=\"kksr-star\" style=\"padding-right: 5px\">\n            \n\n<div class=\"kksr-icon\" style=\"width: 22px; height: 22px;\"><\/div>\n        <\/div>\n            <div class=\"kksr-star\" style=\"padding-right: 5px\">\n            \n\n<div class=\"kksr-icon\" style=\"width: 22px; height: 22px;\"><\/div>\n        <\/div>\n            <div class=\"kksr-star\" style=\"padding-right: 5px\">\n            \n\n<div class=\"kksr-icon\" style=\"width: 22px; height: 22px;\"><\/div>\n        <\/div>\n            <div class=\"kksr-star\" style=\"padding-right: 5px\">\n            \n\n<div class=\"kksr-icon\" style=\"width: 22px; height: 22px;\"><\/div>\n        <\/div>\n            <div class=\"kksr-star\" style=\"padding-right: 5px\">\n            \n\n<div class=\"kksr-icon\" style=\"width: 22px; height: 22px;\"><\/div>\n        <\/div>\n    <\/div>\n<\/div>\n                \n\n<div class=\"kksr-legend\" style=\"font-size: 17.6px;\">\n            <span class=\"kksr-muted\">Valora este post<\/span>\n    <\/div>\n    <\/div>\n","protected":false},"excerpt":{"rendered":"<p>Impacto por la Detenci\u00f3n de Dos Maestras Acusadas de Abuso Sexual a una Ni\u00f1a de Cuatro A\u00f1os La comunidad educativa y local ha quedado perturbada tras &#8230; <a title=\"Impactante arresto a educadoras por abuso sexual a ni\u00f1a de 4 a\u00f1os\" class=\"read-more\" href=\"https:\/\/www.diario21.tv\/noticias\/impactante-arresto-a-educadoras-por-abuso-sexual-a-nina-de-4-anos\/\" aria-label=\"Leer m\u00e1s sobre Impactante arresto a educadoras por abuso sexual a ni\u00f1a de 4 a\u00f1os\">Seguir leyendo &rarr;<\/a><\/p>\n","protected":false},"author":20,"featured_media":2215,"comment_status":"open","ping_status":"open","sticky":false,"template":"","format":"standard","meta":{"footnotes":""},"categories":[13],"tags":[],"class_list":["post-2214","post","type-post","status-publish","format-standard","has-post-thumbnail","hentry","category-portada"],"yoast_head":"<!-- This site is optimized with the Yoast SEO plugin v25.6 - https:\/\/yoast.com\/wordpress\/plugins\/seo\/ -->\n<title>Impactante arresto a educadoras por abuso sexual a ni\u00f1a de 4 a\u00f1os - Diario 21<\/title>\n<meta name=\"robots\" content=\"index, follow, max-snippet:-1, max-image-preview:large, max-video-preview:-1\" \/>\n<link rel=\"canonical\" href=\"https:\/\/www.diario21.tv\/noticias\/impactante-arresto-a-educadoras-por-abuso-sexual-a-nina-de-4-anos\/\" \/>\n<meta property=\"og:locale\" content=\"es_ES\" \/>\n<meta property=\"og:type\" content=\"article\" \/>\n<meta property=\"og:title\" content=\"Impactante arresto a educadoras por abuso sexual a ni\u00f1a de 4 a\u00f1os - Diario 21\" \/>\n<meta property=\"og:description\" content=\"Impacto por la Detenci\u00f3n de Dos Maestras Acusadas de Abuso Sexual a una Ni\u00f1a de Cuatro A\u00f1os La comunidad educativa y local ha quedado perturbada tras ... Seguir leyendo &rarr;\" \/>\n<meta property=\"og:url\" content=\"https:\/\/www.diario21.tv\/noticias\/impactante-arresto-a-educadoras-por-abuso-sexual-a-nina-de-4-anos\/\" \/>\n<meta property=\"og:site_name\" content=\"Diario 21\" \/>\n<meta property=\"article:published_time\" content=\"2025-02-20T10:30:26+00:00\" \/>\n<meta property=\"article:modified_time\" content=\"2025-02-20T10:30:27+00:00\" \/>\n<meta property=\"og:image\" content=\"https:\/\/www.diario21.tv\/noticias\/wp-content\/uploads\/2025\/02\/Impactante-arresto-a-educadoras-por-abuso-sexual-a-nina-de.jpg\" \/>\n\t<meta property=\"og:image:width\" content=\"1920\" \/>\n\t<meta property=\"og:image:height\" content=\"1080\" \/>\n\t<meta property=\"og:image:type\" content=\"image\/jpeg\" \/>\n<meta name=\"author\" content=\"Juan P\u00e9rez\" \/>\n<meta name=\"twitter:card\" content=\"summary_large_image\" \/>\n<meta name=\"twitter:label1\" content=\"Escrito por\" \/>\n\t<meta name=\"twitter:data1\" content=\"Juan P\u00e9rez\" \/>\n\t<meta name=\"twitter:label2\" content=\"Tiempo de lectura\" \/>\n\t<meta name=\"twitter:data2\" content=\"2 minutos\" \/>\n<script type=\"application\/ld+json\" class=\"yoast-schema-graph\">{\"@context\":\"https:\/\/schema.org\",\"@graph\":[{\"@type\":\"WebPage\",\"@id\":\"https:\/\/www.diario21.tv\/noticias\/impactante-arresto-a-educadoras-por-abuso-sexual-a-nina-de-4-anos\/\",\"url\":\"https:\/\/www.diario21.tv\/noticias\/impactante-arresto-a-educadoras-por-abuso-sexual-a-nina-de-4-anos\/\",\"name\":\"Impactante arresto a educadoras por abuso sexual a ni\u00f1a de 4 a\u00f1os - Diario 21\",\"isPartOf\":{\"@id\":\"https:\/\/www.diario21.tv\/noticias\/#website\"},\"primaryImageOfPage\":{\"@id\":\"https:\/\/www.diario21.tv\/noticias\/impactante-arresto-a-educadoras-por-abuso-sexual-a-nina-de-4-anos\/#primaryimage\"},\"image\":{\"@id\":\"https:\/\/www.diario21.tv\/noticias\/impactante-arresto-a-educadoras-por-abuso-sexual-a-nina-de-4-anos\/#primaryimage\"},\"thumbnailUrl\":\"https:\/\/www.diario21.tv\/noticias\/wp-content\/uploads\/2025\/02\/Impactante-arresto-a-educadoras-por-abuso-sexual-a-nina-de.jpg\",\"datePublished\":\"2025-02-20T10:30:26+00:00\",\"dateModified\":\"2025-02-20T10:30:27+00:00\",\"author\":{\"@id\":\"https:\/\/www.diario21.tv\/noticias\/#\/schema\/person\/dfb778f73814d8f09f302618446a526b\"},\"breadcrumb\":{\"@id\":\"https:\/\/www.diario21.tv\/noticias\/impactante-arresto-a-educadoras-por-abuso-sexual-a-nina-de-4-anos\/#breadcrumb\"},\"inLanguage\":\"es-AR\",\"potentialAction\":[{\"@type\":\"ReadAction\",\"target\":[\"https:\/\/www.diario21.tv\/noticias\/impactante-arresto-a-educadoras-por-abuso-sexual-a-nina-de-4-anos\/\"]}]},{\"@type\":\"ImageObject\",\"inLanguage\":\"es-AR\",\"@id\":\"https:\/\/www.diario21.tv\/noticias\/impactante-arresto-a-educadoras-por-abuso-sexual-a-nina-de-4-anos\/#primaryimage\",\"url\":\"https:\/\/www.diario21.tv\/noticias\/wp-content\/uploads\/2025\/02\/Impactante-arresto-a-educadoras-por-abuso-sexual-a-nina-de.jpg\",\"contentUrl\":\"https:\/\/www.diario21.tv\/noticias\/wp-content\/uploads\/2025\/02\/Impactante-arresto-a-educadoras-por-abuso-sexual-a-nina-de.jpg\",\"width\":1920,\"height\":1080,\"caption\":\"Conmoci\u00f3n por el arresto de dos educadoras por abuso sexual a una alumna de 4 a\u00f1os\"},{\"@type\":\"BreadcrumbList\",\"@id\":\"https:\/\/www.diario21.tv\/noticias\/impactante-arresto-a-educadoras-por-abuso-sexual-a-nina-de-4-anos\/#breadcrumb\",\"itemListElement\":[{\"@type\":\"ListItem\",\"position\":1,\"name\":\"Accueil\",\"item\":\"https:\/\/www.diario21.tv\/noticias\/\"},{\"@type\":\"ListItem\",\"position\":2,\"name\":\"Impactante arresto a educadoras por abuso sexual a ni\u00f1a de 4 a\u00f1os\"}]},{\"@type\":\"WebSite\",\"@id\":\"https:\/\/www.diario21.tv\/noticias\/#website\",\"url\":\"https:\/\/www.diario21.tv\/noticias\/\",\"name\":\"Diario 21\",\"description\":\"\",\"potentialAction\":[{\"@type\":\"SearchAction\",\"target\":{\"@type\":\"EntryPoint\",\"urlTemplate\":\"https:\/\/www.diario21.tv\/noticias\/?s={search_term_string}\"},\"query-input\":{\"@type\":\"PropertyValueSpecification\",\"valueRequired\":true,\"valueName\":\"search_term_string\"}}],\"inLanguage\":\"es-AR\"},{\"@type\":\"Person\",\"@id\":\"https:\/\/www.diario21.tv\/noticias\/#\/schema\/person\/dfb778f73814d8f09f302618446a526b\",\"name\":\"Juan P\u00e9rez\",\"image\":{\"@type\":\"ImageObject\",\"inLanguage\":\"es-AR\",\"@id\":\"https:\/\/www.diario21.tv\/noticias\/#\/schema\/person\/image\/\",\"url\":\"https:\/\/secure.gravatar.com\/avatar\/c478a405bd10621167f4c3167cc770f5?s=96&d=mm&r=g\",\"contentUrl\":\"https:\/\/secure.gravatar.com\/avatar\/c478a405bd10621167f4c3167cc770f5?s=96&d=mm&r=g\",\"caption\":\"Juan P\u00e9rez\"},\"description\":\"Juan P\u00e9rez es el redactor en jefe de Diario 21. Con m\u00e1s de 10 a\u00f1os de experiencia en el periodismo, se especializa en pol\u00edtica nacional y an\u00e1lisis socioecon\u00f3mico. Su enfoque cr\u00edtico y riguroso aporta una perspectiva \u00fanica a cada art\u00edculo.\",\"sameAs\":[\"https:\/\/www.diario21.tv\/noticias\/\"],\"url\":\"https:\/\/www.diario21.tv\/noticias\/author\/juan-perez\/\"}]}<\/script>\n<!-- \/ Yoast SEO plugin. -->","yoast_head_json":{"title":"Impactante arresto a educadoras por abuso sexual a ni\u00f1a de 4 a\u00f1os - Diario 21","robots":{"index":"index","follow":"follow","max-snippet":"max-snippet:-1","max-image-preview":"max-image-preview:large","max-video-preview":"max-video-preview:-1"},"canonical":"https:\/\/www.diario21.tv\/noticias\/impactante-arresto-a-educadoras-por-abuso-sexual-a-nina-de-4-anos\/","og_locale":"es_ES","og_type":"article","og_title":"Impactante arresto a educadoras por abuso sexual a ni\u00f1a de 4 a\u00f1os - Diario 21","og_description":"Impacto por la Detenci\u00f3n de Dos Maestras Acusadas de Abuso Sexual a una Ni\u00f1a de Cuatro A\u00f1os La comunidad educativa y local ha quedado perturbada tras ... Seguir leyendo &rarr;","og_url":"https:\/\/www.diario21.tv\/noticias\/impactante-arresto-a-educadoras-por-abuso-sexual-a-nina-de-4-anos\/","og_site_name":"Diario 21","article_published_time":"2025-02-20T10:30:26+00:00","article_modified_time":"2025-02-20T10:30:27+00:00","og_image":[{"width":1920,"height":1080,"url":"https:\/\/www.diario21.tv\/noticias\/wp-content\/uploads\/2025\/02\/Impactante-arresto-a-educadoras-por-abuso-sexual-a-nina-de.jpg","type":"image\/jpeg"}],"author":"Juan P\u00e9rez","twitter_card":"summary_large_image","twitter_misc":{"Escrito por":"Juan P\u00e9rez","Tiempo de lectura":"2 minutos"},"schema":{"@context":"https:\/\/schema.org","@graph":[{"@type":"WebPage","@id":"https:\/\/www.diario21.tv\/noticias\/impactante-arresto-a-educadoras-por-abuso-sexual-a-nina-de-4-anos\/","url":"https:\/\/www.diario21.tv\/noticias\/impactante-arresto-a-educadoras-por-abuso-sexual-a-nina-de-4-anos\/","name":"Impactante arresto a educadoras por abuso sexual a ni\u00f1a de 4 a\u00f1os - Diario 21","isPartOf":{"@id":"https:\/\/www.diario21.tv\/noticias\/#website"},"primaryImageOfPage":{"@id":"https:\/\/www.diario21.tv\/noticias\/impactante-arresto-a-educadoras-por-abuso-sexual-a-nina-de-4-anos\/#primaryimage"},"image":{"@id":"https:\/\/www.diario21.tv\/noticias\/impactante-arresto-a-educadoras-por-abuso-sexual-a-nina-de-4-anos\/#primaryimage"},"thumbnailUrl":"https:\/\/www.diario21.tv\/noticias\/wp-content\/uploads\/2025\/02\/Impactante-arresto-a-educadoras-por-abuso-sexual-a-nina-de.jpg","datePublished":"2025-02-20T10:30:26+00:00","dateModified":"2025-02-20T10:30:27+00:00","author":{"@id":"https:\/\/www.diario21.tv\/noticias\/#\/schema\/person\/dfb778f73814d8f09f302618446a526b"},"breadcrumb":{"@id":"https:\/\/www.diario21.tv\/noticias\/impactante-arresto-a-educadoras-por-abuso-sexual-a-nina-de-4-anos\/#breadcrumb"},"inLanguage":"es-AR","potentialAction":[{"@type":"ReadAction","target":["https:\/\/www.diario21.tv\/noticias\/impactante-arresto-a-educadoras-por-abuso-sexual-a-nina-de-4-anos\/"]}]},{"@type":"ImageObject","inLanguage":"es-AR","@id":"https:\/\/www.diario21.tv\/noticias\/impactante-arresto-a-educadoras-por-abuso-sexual-a-nina-de-4-anos\/#primaryimage","url":"https:\/\/www.diario21.tv\/noticias\/wp-content\/uploads\/2025\/02\/Impactante-arresto-a-educadoras-por-abuso-sexual-a-nina-de.jpg","contentUrl":"https:\/\/www.diario21.tv\/noticias\/wp-content\/uploads\/2025\/02\/Impactante-arresto-a-educadoras-por-abuso-sexual-a-nina-de.jpg","width":1920,"height":1080,"caption":"Conmoci\u00f3n por el arresto de dos educadoras por abuso sexual a una alumna de 4 a\u00f1os"},{"@type":"BreadcrumbList","@id":"https:\/\/www.diario21.tv\/noticias\/impactante-arresto-a-educadoras-por-abuso-sexual-a-nina-de-4-anos\/#breadcrumb","itemListElement":[{"@type":"ListItem","position":1,"name":"Accueil","item":"https:\/\/www.diario21.tv\/noticias\/"},{"@type":"ListItem","position":2,"name":"Impactante arresto a educadoras por abuso sexual a ni\u00f1a de 4 a\u00f1os"}]},{"@type":"WebSite","@id":"https:\/\/www.diario21.tv\/noticias\/#website","url":"https:\/\/www.diario21.tv\/noticias\/","name":"Diario 21","description":"","potentialAction":[{"@type":"SearchAction","target":{"@type":"EntryPoint","urlTemplate":"https:\/\/www.diario21.tv\/noticias\/?s={search_term_string}"},"query-input":{"@type":"PropertyValueSpecification","valueRequired":true,"valueName":"search_term_string"}}],"inLanguage":"es-AR"},{"@type":"Person","@id":"https:\/\/www.diario21.tv\/noticias\/#\/schema\/person\/dfb778f73814d8f09f302618446a526b","name":"Juan P\u00e9rez","image":{"@type":"ImageObject","inLanguage":"es-AR","@id":"https:\/\/www.diario21.tv\/noticias\/#\/schema\/person\/image\/","url":"https:\/\/secure.gravatar.com\/avatar\/c478a405bd10621167f4c3167cc770f5?s=96&d=mm&r=g","contentUrl":"https:\/\/secure.gravatar.com\/avatar\/c478a405bd10621167f4c3167cc770f5?s=96&d=mm&r=g","caption":"Juan P\u00e9rez"},"description":"Juan P\u00e9rez es el redactor en jefe de Diario 21. Con m\u00e1s de 10 a\u00f1os de experiencia en el periodismo, se especializa en pol\u00edtica nacional y an\u00e1lisis socioecon\u00f3mico. Su enfoque cr\u00edtico y riguroso aporta una perspectiva \u00fanica a cada art\u00edculo.","sameAs":["https:\/\/www.diario21.tv\/noticias\/"],"url":"https:\/\/www.diario21.tv\/noticias\/author\/juan-perez\/"}]}},"_links":{"self":[{"href":"https:\/\/www.diario21.tv\/noticias\/wp-json\/wp\/v2\/posts\/2214"}],"collection":[{"href":"https:\/\/www.diario21.tv\/noticias\/wp-json\/wp\/v2\/posts"}],"about":[{"href":"https:\/\/www.diario21.tv\/noticias\/wp-json\/wp\/v2\/types\/post"}],"author":[{"embeddable":true,"href":"https:\/\/www.diario21.tv\/noticias\/wp-json\/wp\/v2\/users\/20"}],"replies":[{"embeddable":true,"href":"https:\/\/www.diario21.tv\/noticias\/wp-json\/wp\/v2\/comments?post=2214"}],"version-history":[{"count":1,"href":"https:\/\/www.diario21.tv\/noticias\/wp-json\/wp\/v2\/posts\/2214\/revisions"}],"predecessor-version":[{"id":2216,"href":"https:\/\/www.diario21.tv\/noticias\/wp-json\/wp\/v2\/posts\/2214\/revisions\/2216"}],"wp:featuredmedia":[{"embeddable":true,"href":"https:\/\/www.diario21.tv\/noticias\/wp-json\/wp\/v2\/media\/2215"}],"wp:attachment":[{"href":"https:\/\/www.diario21.tv\/noticias\/wp-json\/wp\/v2\/media?parent=2214"}],"wp:term":[{"taxonomy":"category","embeddable":true,"href":"https:\/\/www.diario21.tv\/noticias\/wp-json\/wp\/v2\/categories?post=2214"},{"taxonomy":"post_tag","embeddable":true,"href":"https:\/\/www.diario21.tv\/noticias\/wp-json\/wp\/v2\/tags?post=2214"}],"curies":[{"name":"wp","href":"https:\/\/api.w.org\/{rel}","templated":true}]}}