{"id":2208,"date":"2025-02-19T22:00:33","date_gmt":"2025-02-19T22:00:33","guid":{"rendered":"https:\/\/www.diario21.tv\/noticias\/avance-revolucionario-ninos-con-paralisis-usan-exoesqueleto-infantil-en-casa-y-calle-por-primera-vez\/"},"modified":"2025-02-19T22:00:34","modified_gmt":"2025-02-19T22:00:34","slug":"avance-revolucionario-ninos-con-paralisis-usan-exoesqueleto-infantil-en-casa-y-calle-por-primera-vez","status":"publish","type":"post","link":"https:\/\/www.diario21.tv\/noticias\/avance-revolucionario-ninos-con-paralisis-usan-exoesqueleto-infantil-en-casa-y-calle-por-primera-vez\/","title":{"rendered":"\u00a1Avance revolucionario! Ni\u00f1os con par\u00e1lisis usan exoesqueleto infantil en casa y calle por primera vez"},"content":{"rendered":"<h2>Avances significativos en el uso de exoesqueletos para ni\u00f1os<\/h2>\n<p>El desarrollo de tecnolog\u00edas asistivas ha dado un salto cualitativo con la introducci\u00f3n de exoesqueletos dise\u00f1ados espec\u00edficamente para ni\u00f1os. Este innovador avance permite que los menores con par\u00e1lisis puedan usar estos dispositivos tanto en sus hogares como en espacios p\u00fablicos, marcando un antes y un despu\u00e9s en su calidad de vida y autonom\u00eda.<\/p>\n<h3>Implementaci\u00f3n del exoesqueleto infantil en entornos cotidianos<\/h3>\n<p>Por primera vez, los exoesqueletos adaptados a las necesidades y dimensiones de los ni\u00f1os est\u00e1n siendo utilizados fuera de los entornos cl\u00ednicos. Este cambio se debe a mejoras significativas en la tecnolog\u00eda, que permiten que los dispositivos sean seguros y eficientes para su uso en la vida diaria. Los ni\u00f1os con condiciones que limitan su movilidad pueden ahora recibir el apoyo necesario para moverse de manera m\u00e1s independiente, no solo dentro de sus hogares sino tambi\u00e9n en exteriores, como parques y otras \u00e1reas de juego.<\/p>\n<p>Los exoesqueletos trabajan asistiendo a los ni\u00f1os en la realizaci\u00f3n de movimientos que de otra manera ser\u00edan dif\u00edciles o imposibles debido a su condici\u00f3n. Esta tecnolog\u00eda no solo ayuda a mejorar la movilidad, sino que tambi\u00e9n contribuye a la rehabilitaci\u00f3n f\u00edsica, ya que permite realizar movimientos repetitivos que son cruciales para el tratamiento de diversas condiciones neuromusculares.<\/p>\n<h3>Beneficios extendidos de los exoesqueletos para la infancia<\/h3>\n<p>El uso de exoesqueletos en ni\u00f1os no solo promueve una mayor independencia y mejora en la movilidad, sino que tambi\u00e9n tiene impactos positivos en otros aspectos de su salud. El estar de pie y caminar con la ayuda de estos dispositivos puede mejorar la circulaci\u00f3n sangu\u00ednea, la salud \u00f3sea y reducir el riesgo de infecciones urinarias y otros problemas asociados con la inmovilidad prolongada.<\/p>\n<p>Adem\u00e1s, el impacto psicol\u00f3gico de poder moverse de manera m\u00e1s libre no puede subestimarse. Los ni\u00f1os que utilizan estos dispositivos pueden interactuar con sus pares de una manera m\u00e1s natural, lo que contribuye significativamente a su bienestar emocional y social.<\/p>\n<h3>El futuro del exoesqueleto infantil<\/h3>\n<p>Con estos desarrollos positivos, el futuro de los exoesqueletos para ni\u00f1os parece prometedor. Los investigadores y desarrolladores contin\u00faan trabajando en la mejora de estas tecnolog\u00edas, buscando hacer los dispositivos a\u00fan m\u00e1s ligeros, m\u00e1s intuitivos y m\u00e1s accesibles. La meta es que estos dispositivos sean una opci\u00f3n com\u00fan para ni\u00f1os con diferentes tipos de discapacidades motrices, proporcionando un apoyo esencial que transforme sus vidas para mejor.<\/p>\n<p>En conclusi\u00f3n, el uso extendido de exoesqueletos para ni\u00f1os con par\u00e1lisis representa un avance crucial en la tecnolog\u00eda asistiva. A medida que esta tecnolog\u00eda contin\u00faa evolucionando y adapt\u00e1ndose, se abre un mundo de posibilidades para mejorar la calidad de vida de muchos ni\u00f1os, permiti\u00e9ndoles explorar el mundo con una nueva perspectiva de independencia y libertad.<\/p>\n\n\n<div class=\"kk-star-ratings kksr-auto kksr-align-left kksr-valign-bottom\"\n    data-payload='{&quot;align&quot;:&quot;left&quot;,&quot;id&quot;:&quot;2208&quot;,&quot;slug&quot;:&quot;default&quot;,&quot;valign&quot;:&quot;bottom&quot;,&quot;ignore&quot;:&quot;&quot;,&quot;reference&quot;:&quot;auto&quot;,&quot;class&quot;:&quot;&quot;,&quot;count&quot;:&quot;0&quot;,&quot;legendonly&quot;:&quot;&quot;,&quot;readonly&quot;:&quot;&quot;,&quot;score&quot;:&quot;0&quot;,&quot;starsonly&quot;:&quot;&quot;,&quot;best&quot;:&quot;5&quot;,&quot;gap&quot;:&quot;5&quot;,&quot;greet&quot;:&quot;Valora este post&quot;,&quot;legend&quot;:&quot;0\\\/5 - (0 votes)&quot;,&quot;size&quot;:&quot;22&quot;,&quot;title&quot;:&quot;\u00a1Avance revolucionario! Ni\u00f1os con par\u00e1lisis usan exoesqueleto infantil en casa y calle por primera vez&quot;,&quot;width&quot;:&quot;0&quot;,&quot;_legend&quot;:&quot;{score}\\\/{best} - ({count} {votes})&quot;,&quot;font_factor&quot;:&quot;1.25&quot;}'>\n            \n<div class=\"kksr-stars\">\n    \n<div class=\"kksr-stars-inactive\">\n            <div class=\"kksr-star\" data-star=\"1\" style=\"padding-right: 5px\">\n            \n\n<div class=\"kksr-icon\" style=\"width: 22px; height: 22px;\"><\/div>\n        <\/div>\n            <div class=\"kksr-star\" data-star=\"2\" style=\"padding-right: 5px\">\n            \n\n<div class=\"kksr-icon\" style=\"width: 22px; height: 22px;\"><\/div>\n        <\/div>\n            <div class=\"kksr-star\" data-star=\"3\" style=\"padding-right: 5px\">\n            \n\n<div class=\"kksr-icon\" style=\"width: 22px; height: 22px;\"><\/div>\n        <\/div>\n            <div class=\"kksr-star\" data-star=\"4\" style=\"padding-right: 5px\">\n            \n\n<div class=\"kksr-icon\" style=\"width: 22px; height: 22px;\"><\/div>\n        <\/div>\n            <div class=\"kksr-star\" data-star=\"5\" style=\"padding-right: 5px\">\n            \n\n<div class=\"kksr-icon\" style=\"width: 22px; height: 22px;\"><\/div>\n        <\/div>\n    <\/div>\n    \n<div class=\"kksr-stars-active\" style=\"width: 0px;\">\n            <div class=\"kksr-star\" style=\"padding-right: 5px\">\n            \n\n<div class=\"kksr-icon\" style=\"width: 22px; height: 22px;\"><\/div>\n        <\/div>\n            <div class=\"kksr-star\" style=\"padding-right: 5px\">\n            \n\n<div class=\"kksr-icon\" style=\"width: 22px; height: 22px;\"><\/div>\n        <\/div>\n            <div class=\"kksr-star\" style=\"padding-right: 5px\">\n            \n\n<div class=\"kksr-icon\" style=\"width: 22px; height: 22px;\"><\/div>\n        <\/div>\n            <div class=\"kksr-star\" style=\"padding-right: 5px\">\n            \n\n<div class=\"kksr-icon\" style=\"width: 22px; height: 22px;\"><\/div>\n        <\/div>\n            <div class=\"kksr-star\" style=\"padding-right: 5px\">\n            \n\n<div class=\"kksr-icon\" style=\"width: 22px; height: 22px;\"><\/div>\n        <\/div>\n    <\/div>\n<\/div>\n                \n\n<div class=\"kksr-legend\" style=\"font-size: 17.6px;\">\n            <span class=\"kksr-muted\">Valora este post<\/span>\n    <\/div>\n    <\/div>\n","protected":false},"excerpt":{"rendered":"<p>Avances significativos en el uso de exoesqueletos para ni\u00f1os El desarrollo de tecnolog\u00edas asistivas ha dado un salto cualitativo con la introducci\u00f3n de exoesqueletos dise\u00f1ados espec\u00edficamente &#8230; <a title=\"\u00a1Avance revolucionario! Ni\u00f1os con par\u00e1lisis usan exoesqueleto infantil en casa y calle por primera vez\" class=\"read-more\" href=\"https:\/\/www.diario21.tv\/noticias\/avance-revolucionario-ninos-con-paralisis-usan-exoesqueleto-infantil-en-casa-y-calle-por-primera-vez\/\" aria-label=\"Leer m\u00e1s sobre \u00a1Avance revolucionario! Ni\u00f1os con par\u00e1lisis usan exoesqueleto infantil en casa y calle por primera vez\">Seguir leyendo &rarr;<\/a><\/p>\n","protected":false},"author":20,"featured_media":2209,"comment_status":"open","ping_status":"open","sticky":false,"template":"","format":"standard","meta":{"footnotes":""},"categories":[13],"tags":[],"class_list":["post-2208","post","type-post","status-publish","format-standard","has-post-thumbnail","hentry","category-portada"],"yoast_head":"<!-- This site is optimized with the Yoast SEO plugin v25.6 - https:\/\/yoast.com\/wordpress\/plugins\/seo\/ -->\n<title>\u00a1Avance revolucionario! Ni\u00f1os con par\u00e1lisis usan exoesqueleto infantil en casa y calle por primera vez - Diario 21<\/title>\n<meta name=\"robots\" content=\"index, follow, max-snippet:-1, max-image-preview:large, max-video-preview:-1\" \/>\n<link rel=\"canonical\" href=\"https:\/\/www.diario21.tv\/noticias\/avance-revolucionario-ninos-con-paralisis-usan-exoesqueleto-infantil-en-casa-y-calle-por-primera-vez\/\" \/>\n<meta property=\"og:locale\" content=\"es_ES\" \/>\n<meta property=\"og:type\" content=\"article\" \/>\n<meta property=\"og:title\" content=\"\u00a1Avance revolucionario! Ni\u00f1os con par\u00e1lisis usan exoesqueleto infantil en casa y calle por primera vez - Diario 21\" \/>\n<meta property=\"og:description\" content=\"Avances significativos en el uso de exoesqueletos para ni\u00f1os El desarrollo de tecnolog\u00edas asistivas ha dado un salto cualitativo con la introducci\u00f3n de exoesqueletos dise\u00f1ados espec\u00edficamente ... Seguir leyendo &rarr;\" \/>\n<meta property=\"og:url\" content=\"https:\/\/www.diario21.tv\/noticias\/avance-revolucionario-ninos-con-paralisis-usan-exoesqueleto-infantil-en-casa-y-calle-por-primera-vez\/\" \/>\n<meta property=\"og:site_name\" content=\"Diario 21\" \/>\n<meta property=\"article:published_time\" content=\"2025-02-19T22:00:33+00:00\" \/>\n<meta property=\"article:modified_time\" content=\"2025-02-19T22:00:34+00:00\" \/>\n<meta property=\"og:image\" content=\"https:\/\/www.diario21.tv\/noticias\/wp-content\/uploads\/2025\/02\/\u00a1Avance-revolucionario-Ninos-con-paralisis-usan-exoesqueleto-infantil-en-casa.jpeg\" \/>\n\t<meta property=\"og:image:width\" content=\"1920\" \/>\n\t<meta property=\"og:image:height\" content=\"1080\" \/>\n\t<meta property=\"og:image:type\" content=\"image\/jpeg\" \/>\n<meta name=\"author\" content=\"Juan P\u00e9rez\" \/>\n<meta name=\"twitter:card\" content=\"summary_large_image\" \/>\n<meta name=\"twitter:label1\" content=\"Escrito por\" \/>\n\t<meta name=\"twitter:data1\" content=\"Juan P\u00e9rez\" \/>\n\t<meta name=\"twitter:label2\" content=\"Tiempo de lectura\" \/>\n\t<meta name=\"twitter:data2\" content=\"3 minutos\" \/>\n<script type=\"application\/ld+json\" class=\"yoast-schema-graph\">{\"@context\":\"https:\/\/schema.org\",\"@graph\":[{\"@type\":\"WebPage\",\"@id\":\"https:\/\/www.diario21.tv\/noticias\/avance-revolucionario-ninos-con-paralisis-usan-exoesqueleto-infantil-en-casa-y-calle-por-primera-vez\/\",\"url\":\"https:\/\/www.diario21.tv\/noticias\/avance-revolucionario-ninos-con-paralisis-usan-exoesqueleto-infantil-en-casa-y-calle-por-primera-vez\/\",\"name\":\"\u00a1Avance revolucionario! Ni\u00f1os con par\u00e1lisis usan exoesqueleto infantil en casa y calle por primera vez - Diario 21\",\"isPartOf\":{\"@id\":\"https:\/\/www.diario21.tv\/noticias\/#website\"},\"primaryImageOfPage\":{\"@id\":\"https:\/\/www.diario21.tv\/noticias\/avance-revolucionario-ninos-con-paralisis-usan-exoesqueleto-infantil-en-casa-y-calle-por-primera-vez\/#primaryimage\"},\"image\":{\"@id\":\"https:\/\/www.diario21.tv\/noticias\/avance-revolucionario-ninos-con-paralisis-usan-exoesqueleto-infantil-en-casa-y-calle-por-primera-vez\/#primaryimage\"},\"thumbnailUrl\":\"https:\/\/www.diario21.tv\/noticias\/wp-content\/uploads\/2025\/02\/\u00a1Avance-revolucionario-Ninos-con-paralisis-usan-exoesqueleto-infantil-en-casa.jpeg\",\"datePublished\":\"2025-02-19T22:00:33+00:00\",\"dateModified\":\"2025-02-19T22:00:34+00:00\",\"author\":{\"@id\":\"https:\/\/www.diario21.tv\/noticias\/#\/schema\/person\/dfb778f73814d8f09f302618446a526b\"},\"breadcrumb\":{\"@id\":\"https:\/\/www.diario21.tv\/noticias\/avance-revolucionario-ninos-con-paralisis-usan-exoesqueleto-infantil-en-casa-y-calle-por-primera-vez\/#breadcrumb\"},\"inLanguage\":\"es-AR\",\"potentialAction\":[{\"@type\":\"ReadAction\",\"target\":[\"https:\/\/www.diario21.tv\/noticias\/avance-revolucionario-ninos-con-paralisis-usan-exoesqueleto-infantil-en-casa-y-calle-por-primera-vez\/\"]}]},{\"@type\":\"ImageObject\",\"inLanguage\":\"es-AR\",\"@id\":\"https:\/\/www.diario21.tv\/noticias\/avance-revolucionario-ninos-con-paralisis-usan-exoesqueleto-infantil-en-casa-y-calle-por-primera-vez\/#primaryimage\",\"url\":\"https:\/\/www.diario21.tv\/noticias\/wp-content\/uploads\/2025\/02\/\u00a1Avance-revolucionario-Ninos-con-paralisis-usan-exoesqueleto-infantil-en-casa.jpeg\",\"contentUrl\":\"https:\/\/www.diario21.tv\/noticias\/wp-content\/uploads\/2025\/02\/\u00a1Avance-revolucionario-Ninos-con-paralisis-usan-exoesqueleto-infantil-en-casa.jpeg\",\"width\":1920,\"height\":1080,\"caption\":\"El exoesqueleto infantil da un gran paso para que los ni\u00f1os con par\u00e1lisis puedan utilizarlo por primera vez en casa y en la calle\"},{\"@type\":\"BreadcrumbList\",\"@id\":\"https:\/\/www.diario21.tv\/noticias\/avance-revolucionario-ninos-con-paralisis-usan-exoesqueleto-infantil-en-casa-y-calle-por-primera-vez\/#breadcrumb\",\"itemListElement\":[{\"@type\":\"ListItem\",\"position\":1,\"name\":\"Accueil\",\"item\":\"https:\/\/www.diario21.tv\/noticias\/\"},{\"@type\":\"ListItem\",\"position\":2,\"name\":\"\u00a1Avance revolucionario! Ni\u00f1os con par\u00e1lisis usan exoesqueleto infantil en casa y calle por primera vez\"}]},{\"@type\":\"WebSite\",\"@id\":\"https:\/\/www.diario21.tv\/noticias\/#website\",\"url\":\"https:\/\/www.diario21.tv\/noticias\/\",\"name\":\"Diario 21\",\"description\":\"\",\"potentialAction\":[{\"@type\":\"SearchAction\",\"target\":{\"@type\":\"EntryPoint\",\"urlTemplate\":\"https:\/\/www.diario21.tv\/noticias\/?s={search_term_string}\"},\"query-input\":{\"@type\":\"PropertyValueSpecification\",\"valueRequired\":true,\"valueName\":\"search_term_string\"}}],\"inLanguage\":\"es-AR\"},{\"@type\":\"Person\",\"@id\":\"https:\/\/www.diario21.tv\/noticias\/#\/schema\/person\/dfb778f73814d8f09f302618446a526b\",\"name\":\"Juan P\u00e9rez\",\"image\":{\"@type\":\"ImageObject\",\"inLanguage\":\"es-AR\",\"@id\":\"https:\/\/www.diario21.tv\/noticias\/#\/schema\/person\/image\/\",\"url\":\"https:\/\/secure.gravatar.com\/avatar\/c478a405bd10621167f4c3167cc770f5?s=96&d=mm&r=g\",\"contentUrl\":\"https:\/\/secure.gravatar.com\/avatar\/c478a405bd10621167f4c3167cc770f5?s=96&d=mm&r=g\",\"caption\":\"Juan P\u00e9rez\"},\"description\":\"Juan P\u00e9rez es el redactor en jefe de Diario 21. Con m\u00e1s de 10 a\u00f1os de experiencia en el periodismo, se especializa en pol\u00edtica nacional y an\u00e1lisis socioecon\u00f3mico. Su enfoque cr\u00edtico y riguroso aporta una perspectiva \u00fanica a cada art\u00edculo.\",\"sameAs\":[\"https:\/\/www.diario21.tv\/noticias\/\"],\"url\":\"https:\/\/www.diario21.tv\/noticias\/author\/juan-perez\/\"}]}<\/script>\n<!-- \/ Yoast SEO plugin. -->","yoast_head_json":{"title":"\u00a1Avance revolucionario! Ni\u00f1os con par\u00e1lisis usan exoesqueleto infantil en casa y calle por primera vez - Diario 21","robots":{"index":"index","follow":"follow","max-snippet":"max-snippet:-1","max-image-preview":"max-image-preview:large","max-video-preview":"max-video-preview:-1"},"canonical":"https:\/\/www.diario21.tv\/noticias\/avance-revolucionario-ninos-con-paralisis-usan-exoesqueleto-infantil-en-casa-y-calle-por-primera-vez\/","og_locale":"es_ES","og_type":"article","og_title":"\u00a1Avance revolucionario! Ni\u00f1os con par\u00e1lisis usan exoesqueleto infantil en casa y calle por primera vez - Diario 21","og_description":"Avances significativos en el uso de exoesqueletos para ni\u00f1os El desarrollo de tecnolog\u00edas asistivas ha dado un salto cualitativo con la introducci\u00f3n de exoesqueletos dise\u00f1ados espec\u00edficamente ... Seguir leyendo &rarr;","og_url":"https:\/\/www.diario21.tv\/noticias\/avance-revolucionario-ninos-con-paralisis-usan-exoesqueleto-infantil-en-casa-y-calle-por-primera-vez\/","og_site_name":"Diario 21","article_published_time":"2025-02-19T22:00:33+00:00","article_modified_time":"2025-02-19T22:00:34+00:00","og_image":[{"width":1920,"height":1080,"url":"https:\/\/www.diario21.tv\/noticias\/wp-content\/uploads\/2025\/02\/\u00a1Avance-revolucionario-Ninos-con-paralisis-usan-exoesqueleto-infantil-en-casa.jpeg","type":"image\/jpeg"}],"author":"Juan P\u00e9rez","twitter_card":"summary_large_image","twitter_misc":{"Escrito por":"Juan P\u00e9rez","Tiempo de lectura":"3 minutos"},"schema":{"@context":"https:\/\/schema.org","@graph":[{"@type":"WebPage","@id":"https:\/\/www.diario21.tv\/noticias\/avance-revolucionario-ninos-con-paralisis-usan-exoesqueleto-infantil-en-casa-y-calle-por-primera-vez\/","url":"https:\/\/www.diario21.tv\/noticias\/avance-revolucionario-ninos-con-paralisis-usan-exoesqueleto-infantil-en-casa-y-calle-por-primera-vez\/","name":"\u00a1Avance revolucionario! Ni\u00f1os con par\u00e1lisis usan exoesqueleto infantil en casa y calle por primera vez - Diario 21","isPartOf":{"@id":"https:\/\/www.diario21.tv\/noticias\/#website"},"primaryImageOfPage":{"@id":"https:\/\/www.diario21.tv\/noticias\/avance-revolucionario-ninos-con-paralisis-usan-exoesqueleto-infantil-en-casa-y-calle-por-primera-vez\/#primaryimage"},"image":{"@id":"https:\/\/www.diario21.tv\/noticias\/avance-revolucionario-ninos-con-paralisis-usan-exoesqueleto-infantil-en-casa-y-calle-por-primera-vez\/#primaryimage"},"thumbnailUrl":"https:\/\/www.diario21.tv\/noticias\/wp-content\/uploads\/2025\/02\/\u00a1Avance-revolucionario-Ninos-con-paralisis-usan-exoesqueleto-infantil-en-casa.jpeg","datePublished":"2025-02-19T22:00:33+00:00","dateModified":"2025-02-19T22:00:34+00:00","author":{"@id":"https:\/\/www.diario21.tv\/noticias\/#\/schema\/person\/dfb778f73814d8f09f302618446a526b"},"breadcrumb":{"@id":"https:\/\/www.diario21.tv\/noticias\/avance-revolucionario-ninos-con-paralisis-usan-exoesqueleto-infantil-en-casa-y-calle-por-primera-vez\/#breadcrumb"},"inLanguage":"es-AR","potentialAction":[{"@type":"ReadAction","target":["https:\/\/www.diario21.tv\/noticias\/avance-revolucionario-ninos-con-paralisis-usan-exoesqueleto-infantil-en-casa-y-calle-por-primera-vez\/"]}]},{"@type":"ImageObject","inLanguage":"es-AR","@id":"https:\/\/www.diario21.tv\/noticias\/avance-revolucionario-ninos-con-paralisis-usan-exoesqueleto-infantil-en-casa-y-calle-por-primera-vez\/#primaryimage","url":"https:\/\/www.diario21.tv\/noticias\/wp-content\/uploads\/2025\/02\/\u00a1Avance-revolucionario-Ninos-con-paralisis-usan-exoesqueleto-infantil-en-casa.jpeg","contentUrl":"https:\/\/www.diario21.tv\/noticias\/wp-content\/uploads\/2025\/02\/\u00a1Avance-revolucionario-Ninos-con-paralisis-usan-exoesqueleto-infantil-en-casa.jpeg","width":1920,"height":1080,"caption":"El exoesqueleto infantil da un gran paso para que los ni\u00f1os con par\u00e1lisis puedan utilizarlo por primera vez en casa y en la calle"},{"@type":"BreadcrumbList","@id":"https:\/\/www.diario21.tv\/noticias\/avance-revolucionario-ninos-con-paralisis-usan-exoesqueleto-infantil-en-casa-y-calle-por-primera-vez\/#breadcrumb","itemListElement":[{"@type":"ListItem","position":1,"name":"Accueil","item":"https:\/\/www.diario21.tv\/noticias\/"},{"@type":"ListItem","position":2,"name":"\u00a1Avance revolucionario! Ni\u00f1os con par\u00e1lisis usan exoesqueleto infantil en casa y calle por primera vez"}]},{"@type":"WebSite","@id":"https:\/\/www.diario21.tv\/noticias\/#website","url":"https:\/\/www.diario21.tv\/noticias\/","name":"Diario 21","description":"","potentialAction":[{"@type":"SearchAction","target":{"@type":"EntryPoint","urlTemplate":"https:\/\/www.diario21.tv\/noticias\/?s={search_term_string}"},"query-input":{"@type":"PropertyValueSpecification","valueRequired":true,"valueName":"search_term_string"}}],"inLanguage":"es-AR"},{"@type":"Person","@id":"https:\/\/www.diario21.tv\/noticias\/#\/schema\/person\/dfb778f73814d8f09f302618446a526b","name":"Juan P\u00e9rez","image":{"@type":"ImageObject","inLanguage":"es-AR","@id":"https:\/\/www.diario21.tv\/noticias\/#\/schema\/person\/image\/","url":"https:\/\/secure.gravatar.com\/avatar\/c478a405bd10621167f4c3167cc770f5?s=96&d=mm&r=g","contentUrl":"https:\/\/secure.gravatar.com\/avatar\/c478a405bd10621167f4c3167cc770f5?s=96&d=mm&r=g","caption":"Juan P\u00e9rez"},"description":"Juan P\u00e9rez es el redactor en jefe de Diario 21. Con m\u00e1s de 10 a\u00f1os de experiencia en el periodismo, se especializa en pol\u00edtica nacional y an\u00e1lisis socioecon\u00f3mico. Su enfoque cr\u00edtico y riguroso aporta una perspectiva \u00fanica a cada art\u00edculo.","sameAs":["https:\/\/www.diario21.tv\/noticias\/"],"url":"https:\/\/www.diario21.tv\/noticias\/author\/juan-perez\/"}]}},"_links":{"self":[{"href":"https:\/\/www.diario21.tv\/noticias\/wp-json\/wp\/v2\/posts\/2208"}],"collection":[{"href":"https:\/\/www.diario21.tv\/noticias\/wp-json\/wp\/v2\/posts"}],"about":[{"href":"https:\/\/www.diario21.tv\/noticias\/wp-json\/wp\/v2\/types\/post"}],"author":[{"embeddable":true,"href":"https:\/\/www.diario21.tv\/noticias\/wp-json\/wp\/v2\/users\/20"}],"replies":[{"embeddable":true,"href":"https:\/\/www.diario21.tv\/noticias\/wp-json\/wp\/v2\/comments?post=2208"}],"version-history":[{"count":1,"href":"https:\/\/www.diario21.tv\/noticias\/wp-json\/wp\/v2\/posts\/2208\/revisions"}],"predecessor-version":[{"id":2210,"href":"https:\/\/www.diario21.tv\/noticias\/wp-json\/wp\/v2\/posts\/2208\/revisions\/2210"}],"wp:featuredmedia":[{"embeddable":true,"href":"https:\/\/www.diario21.tv\/noticias\/wp-json\/wp\/v2\/media\/2209"}],"wp:attachment":[{"href":"https:\/\/www.diario21.tv\/noticias\/wp-json\/wp\/v2\/media?parent=2208"}],"wp:term":[{"taxonomy":"category","embeddable":true,"href":"https:\/\/www.diario21.tv\/noticias\/wp-json\/wp\/v2\/categories?post=2208"},{"taxonomy":"post_tag","embeddable":true,"href":"https:\/\/www.diario21.tv\/noticias\/wp-json\/wp\/v2\/tags?post=2208"}],"curies":[{"name":"wp","href":"https:\/\/api.w.org\/{rel}","templated":true}]}}