{"id":2202,"date":"2025-02-19T03:18:47","date_gmt":"2025-02-19T03:18:47","guid":{"rendered":"https:\/\/www.diario21.tv\/noticias\/ultima-hora-el-papa-sigue-en-el-hospital-recibiendo-tratamiento-para-la-bronquitis\/"},"modified":"2025-02-19T03:18:48","modified_gmt":"2025-02-19T03:18:48","slug":"ultima-hora-el-papa-sigue-en-el-hospital-recibiendo-tratamiento-para-la-bronquitis","status":"publish","type":"post","link":"https:\/\/www.diario21.tv\/noticias\/ultima-hora-el-papa-sigue-en-el-hospital-recibiendo-tratamiento-para-la-bronquitis\/","title":{"rendered":"\u00a1\u00daltima hora! El Papa sigue en el hospital recibiendo tratamiento para la bronquitis"},"content":{"rendered":"<h2>El Papa Permanece en el Hospital para Recibir Tratamiento Adicional por Bronquitis<\/h2>\n<p>El Papa Francisco sigue ingresado en el hospital, ya que los m\u00e9dicos han determinado que requiere continuar su tratamiento por un tiempo m\u00e1s. Esta decisi\u00f3n se debe a que necesita completar el proceso de recuperaci\u00f3n de una bronquitis que le fue diagnosticada recientemente.<\/p>\n<h3>Detalles sobre la Hospitalizaci\u00f3n del Papa<\/h3>\n<p>El sumo pont\u00edfice fue admitido en el hospital hace unos d\u00edas tras mostrar s\u00edntomas persistentes de bronquitis. Despu\u00e9s de una evaluaci\u00f3n m\u00e9dica exhaustiva, se confirm\u00f3 que el Papa Francisco necesitaba un tratamiento espec\u00edfico para combatir esta afecci\u00f3n respiratoria. Aunque se ha observado una mejora en su estado de salud, los especialistas m\u00e9dicos prefieren ser cautelosos y asegurarse de que reciba el tratamiento completo necesario para su total recuperaci\u00f3n.<\/p>\n<h3>Impacto en las Actividades Papales<\/h3>\n<p>La hospitalizaci\u00f3n del Papa ha tenido un impacto significativo en su agenda. Varios compromisos y apariciones p\u00fablicas han tenido que ser reprogramados o cancelados. Esto incluye algunas audiencias importantes y eventos en los que se esperaba su participaci\u00f3n. El Vaticano ha informado que continuar\u00e1n evaluando la agenda del Papa Francisco bas\u00e1ndose en las recomendaciones de los m\u00e9dicos y su evoluci\u00f3n cl\u00ednica.<\/p>\n<h3>Reacciones y Apoyo<\/h3>\n<p>La noticia de la hospitalizaci\u00f3n del Papa ha generado muestras de preocupaci\u00f3n y apoyo de fieles y l\u00edderes de todo el mundo. Muchos han enviado mensajes dese\u00e1ndole una pronta recuperaci\u00f3n y destacando su importancia como l\u00edder religioso global. Adem\u00e1s, esta situaci\u00f3n ha puesto en relieve la humanidad del Papa y su vulnerabilidad ante la enfermedad, acerc\u00e1ndolo a\u00fan m\u00e1s a los fieles que ven en \u00e9l no solo a un l\u00edder, sino tambi\u00e9n a una persona con las mismas susceptibilidades que cualquier otro individuo.<\/p>\n<h3>Expectativas a Futuro<\/h3>\n<p>Si bien la situaci\u00f3n ha requerido que se tomen medidas respecto a la agenda del Papa, el Vaticano mantiene una perspectiva positiva sobre su recuperaci\u00f3n completa. Se espera que, una vez concluido el tratamiento y con el debido descanso, el Papa Francisco pueda retomar sus actividades con la misma energ\u00eda y dedicaci\u00f3n que lo ha caracterizado. La comunidad global sigue pendiente de su evoluci\u00f3n y espera verlo de nuevo en plena forma, liderando con el compromiso y la empat\u00eda que lo definen.<\/p>\n<p>En resumen, aunque el Papa Francisco debe permanecer un tiempo m\u00e1s en el hospital para recibir tratamiento por bronquitis, tanto el personal m\u00e9dico como sus seguidores se muestran optimistas sobre su recuperaci\u00f3n y eventual retorno a la vida p\u00fablica.<\/p>\n\n\n<div class=\"kk-star-ratings kksr-auto kksr-align-left kksr-valign-bottom\"\n    data-payload='{&quot;align&quot;:&quot;left&quot;,&quot;id&quot;:&quot;2202&quot;,&quot;slug&quot;:&quot;default&quot;,&quot;valign&quot;:&quot;bottom&quot;,&quot;ignore&quot;:&quot;&quot;,&quot;reference&quot;:&quot;auto&quot;,&quot;class&quot;:&quot;&quot;,&quot;count&quot;:&quot;0&quot;,&quot;legendonly&quot;:&quot;&quot;,&quot;readonly&quot;:&quot;&quot;,&quot;score&quot;:&quot;0&quot;,&quot;starsonly&quot;:&quot;&quot;,&quot;best&quot;:&quot;5&quot;,&quot;gap&quot;:&quot;5&quot;,&quot;greet&quot;:&quot;Valora este post&quot;,&quot;legend&quot;:&quot;0\\\/5 - (0 votes)&quot;,&quot;size&quot;:&quot;22&quot;,&quot;title&quot;:&quot;\u00a1\u00daltima hora! El Papa sigue en el hospital recibiendo tratamiento para la bronquitis&quot;,&quot;width&quot;:&quot;0&quot;,&quot;_legend&quot;:&quot;{score}\\\/{best} - ({count} {votes})&quot;,&quot;font_factor&quot;:&quot;1.25&quot;}'>\n            \n<div class=\"kksr-stars\">\n    \n<div class=\"kksr-stars-inactive\">\n            <div class=\"kksr-star\" data-star=\"1\" style=\"padding-right: 5px\">\n            \n\n<div class=\"kksr-icon\" style=\"width: 22px; height: 22px;\"><\/div>\n        <\/div>\n            <div class=\"kksr-star\" data-star=\"2\" style=\"padding-right: 5px\">\n            \n\n<div class=\"kksr-icon\" style=\"width: 22px; height: 22px;\"><\/div>\n        <\/div>\n            <div class=\"kksr-star\" data-star=\"3\" style=\"padding-right: 5px\">\n            \n\n<div class=\"kksr-icon\" style=\"width: 22px; height: 22px;\"><\/div>\n        <\/div>\n            <div class=\"kksr-star\" data-star=\"4\" style=\"padding-right: 5px\">\n            \n\n<div class=\"kksr-icon\" style=\"width: 22px; height: 22px;\"><\/div>\n        <\/div>\n            <div class=\"kksr-star\" data-star=\"5\" style=\"padding-right: 5px\">\n            \n\n<div class=\"kksr-icon\" style=\"width: 22px; height: 22px;\"><\/div>\n        <\/div>\n    <\/div>\n    \n<div class=\"kksr-stars-active\" style=\"width: 0px;\">\n            <div class=\"kksr-star\" style=\"padding-right: 5px\">\n            \n\n<div class=\"kksr-icon\" style=\"width: 22px; height: 22px;\"><\/div>\n        <\/div>\n            <div class=\"kksr-star\" style=\"padding-right: 5px\">\n            \n\n<div class=\"kksr-icon\" style=\"width: 22px; height: 22px;\"><\/div>\n        <\/div>\n            <div class=\"kksr-star\" style=\"padding-right: 5px\">\n            \n\n<div class=\"kksr-icon\" style=\"width: 22px; height: 22px;\"><\/div>\n        <\/div>\n            <div class=\"kksr-star\" style=\"padding-right: 5px\">\n            \n\n<div class=\"kksr-icon\" style=\"width: 22px; height: 22px;\"><\/div>\n        <\/div>\n            <div class=\"kksr-star\" style=\"padding-right: 5px\">\n            \n\n<div class=\"kksr-icon\" style=\"width: 22px; height: 22px;\"><\/div>\n        <\/div>\n    <\/div>\n<\/div>\n                \n\n<div class=\"kksr-legend\" style=\"font-size: 17.6px;\">\n            <span class=\"kksr-muted\">Valora este post<\/span>\n    <\/div>\n    <\/div>\n","protected":false},"excerpt":{"rendered":"<p>El Papa Permanece en el Hospital para Recibir Tratamiento Adicional por Bronquitis El Papa Francisco sigue ingresado en el hospital, ya que los m\u00e9dicos han determinado &#8230; <a title=\"\u00a1\u00daltima hora! El Papa sigue en el hospital recibiendo tratamiento para la bronquitis\" class=\"read-more\" href=\"https:\/\/www.diario21.tv\/noticias\/ultima-hora-el-papa-sigue-en-el-hospital-recibiendo-tratamiento-para-la-bronquitis\/\" aria-label=\"Leer m\u00e1s sobre \u00a1\u00daltima hora! El Papa sigue en el hospital recibiendo tratamiento para la bronquitis\">Seguir leyendo &rarr;<\/a><\/p>\n","protected":false},"author":20,"featured_media":2203,"comment_status":"open","ping_status":"open","sticky":false,"template":"","format":"standard","meta":{"footnotes":""},"categories":[13],"tags":[],"class_list":["post-2202","post","type-post","status-publish","format-standard","has-post-thumbnail","hentry","category-portada"],"yoast_head":"<!-- This site is optimized with the Yoast SEO plugin v25.6 - https:\/\/yoast.com\/wordpress\/plugins\/seo\/ -->\n<title>\u00a1\u00daltima hora! El Papa sigue en el hospital recibiendo tratamiento para la bronquitis - Diario 21<\/title>\n<meta name=\"robots\" content=\"index, follow, max-snippet:-1, max-image-preview:large, max-video-preview:-1\" \/>\n<link rel=\"canonical\" href=\"https:\/\/www.diario21.tv\/noticias\/ultima-hora-el-papa-sigue-en-el-hospital-recibiendo-tratamiento-para-la-bronquitis\/\" \/>\n<meta property=\"og:locale\" content=\"es_ES\" \/>\n<meta property=\"og:type\" content=\"article\" \/>\n<meta property=\"og:title\" content=\"\u00a1\u00daltima hora! El Papa sigue en el hospital recibiendo tratamiento para la bronquitis - Diario 21\" \/>\n<meta property=\"og:description\" content=\"El Papa Permanece en el Hospital para Recibir Tratamiento Adicional por Bronquitis El Papa Francisco sigue ingresado en el hospital, ya que los m\u00e9dicos han determinado ... Seguir leyendo &rarr;\" \/>\n<meta property=\"og:url\" content=\"https:\/\/www.diario21.tv\/noticias\/ultima-hora-el-papa-sigue-en-el-hospital-recibiendo-tratamiento-para-la-bronquitis\/\" \/>\n<meta property=\"og:site_name\" content=\"Diario 21\" \/>\n<meta property=\"article:published_time\" content=\"2025-02-19T03:18:47+00:00\" \/>\n<meta property=\"article:modified_time\" content=\"2025-02-19T03:18:48+00:00\" \/>\n<meta property=\"og:image\" content=\"https:\/\/www.diario21.tv\/noticias\/wp-content\/uploads\/2025\/02\/\u00a1Ultima-hora-El-Papa-sigue-en-el-hospital-recibiendo-tratamiento.jpg\" \/>\n\t<meta property=\"og:image:width\" content=\"1920\" \/>\n\t<meta property=\"og:image:height\" content=\"1080\" \/>\n\t<meta property=\"og:image:type\" content=\"image\/jpeg\" \/>\n<meta name=\"author\" content=\"Juan P\u00e9rez\" \/>\n<meta name=\"twitter:card\" content=\"summary_large_image\" \/>\n<meta name=\"twitter:label1\" content=\"Escrito por\" \/>\n\t<meta name=\"twitter:data1\" content=\"Juan P\u00e9rez\" \/>\n\t<meta name=\"twitter:label2\" content=\"Tiempo de lectura\" \/>\n\t<meta name=\"twitter:data2\" content=\"2 minutos\" \/>\n<script type=\"application\/ld+json\" class=\"yoast-schema-graph\">{\"@context\":\"https:\/\/schema.org\",\"@graph\":[{\"@type\":\"WebPage\",\"@id\":\"https:\/\/www.diario21.tv\/noticias\/ultima-hora-el-papa-sigue-en-el-hospital-recibiendo-tratamiento-para-la-bronquitis\/\",\"url\":\"https:\/\/www.diario21.tv\/noticias\/ultima-hora-el-papa-sigue-en-el-hospital-recibiendo-tratamiento-para-la-bronquitis\/\",\"name\":\"\u00a1\u00daltima hora! El Papa sigue en el hospital recibiendo tratamiento para la bronquitis - Diario 21\",\"isPartOf\":{\"@id\":\"https:\/\/www.diario21.tv\/noticias\/#website\"},\"primaryImageOfPage\":{\"@id\":\"https:\/\/www.diario21.tv\/noticias\/ultima-hora-el-papa-sigue-en-el-hospital-recibiendo-tratamiento-para-la-bronquitis\/#primaryimage\"},\"image\":{\"@id\":\"https:\/\/www.diario21.tv\/noticias\/ultima-hora-el-papa-sigue-en-el-hospital-recibiendo-tratamiento-para-la-bronquitis\/#primaryimage\"},\"thumbnailUrl\":\"https:\/\/www.diario21.tv\/noticias\/wp-content\/uploads\/2025\/02\/\u00a1Ultima-hora-El-Papa-sigue-en-el-hospital-recibiendo-tratamiento.jpg\",\"datePublished\":\"2025-02-19T03:18:47+00:00\",\"dateModified\":\"2025-02-19T03:18:48+00:00\",\"author\":{\"@id\":\"https:\/\/www.diario21.tv\/noticias\/#\/schema\/person\/dfb778f73814d8f09f302618446a526b\"},\"breadcrumb\":{\"@id\":\"https:\/\/www.diario21.tv\/noticias\/ultima-hora-el-papa-sigue-en-el-hospital-recibiendo-tratamiento-para-la-bronquitis\/#breadcrumb\"},\"inLanguage\":\"es-AR\",\"potentialAction\":[{\"@type\":\"ReadAction\",\"target\":[\"https:\/\/www.diario21.tv\/noticias\/ultima-hora-el-papa-sigue-en-el-hospital-recibiendo-tratamiento-para-la-bronquitis\/\"]}]},{\"@type\":\"ImageObject\",\"inLanguage\":\"es-AR\",\"@id\":\"https:\/\/www.diario21.tv\/noticias\/ultima-hora-el-papa-sigue-en-el-hospital-recibiendo-tratamiento-para-la-bronquitis\/#primaryimage\",\"url\":\"https:\/\/www.diario21.tv\/noticias\/wp-content\/uploads\/2025\/02\/\u00a1Ultima-hora-El-Papa-sigue-en-el-hospital-recibiendo-tratamiento.jpg\",\"contentUrl\":\"https:\/\/www.diario21.tv\/noticias\/wp-content\/uploads\/2025\/02\/\u00a1Ultima-hora-El-Papa-sigue-en-el-hospital-recibiendo-tratamiento.jpg\",\"width\":1920,\"height\":1080,\"caption\":\"El Papa contin\u00faa hospitalizado porque \u00abnecesita todav\u00eda un poco m\u00e1s de tratamiento\u00bb para la bronquitis\"},{\"@type\":\"BreadcrumbList\",\"@id\":\"https:\/\/www.diario21.tv\/noticias\/ultima-hora-el-papa-sigue-en-el-hospital-recibiendo-tratamiento-para-la-bronquitis\/#breadcrumb\",\"itemListElement\":[{\"@type\":\"ListItem\",\"position\":1,\"name\":\"Accueil\",\"item\":\"https:\/\/www.diario21.tv\/noticias\/\"},{\"@type\":\"ListItem\",\"position\":2,\"name\":\"\u00a1\u00daltima hora! El Papa sigue en el hospital recibiendo tratamiento para la bronquitis\"}]},{\"@type\":\"WebSite\",\"@id\":\"https:\/\/www.diario21.tv\/noticias\/#website\",\"url\":\"https:\/\/www.diario21.tv\/noticias\/\",\"name\":\"Diario 21\",\"description\":\"\",\"potentialAction\":[{\"@type\":\"SearchAction\",\"target\":{\"@type\":\"EntryPoint\",\"urlTemplate\":\"https:\/\/www.diario21.tv\/noticias\/?s={search_term_string}\"},\"query-input\":{\"@type\":\"PropertyValueSpecification\",\"valueRequired\":true,\"valueName\":\"search_term_string\"}}],\"inLanguage\":\"es-AR\"},{\"@type\":\"Person\",\"@id\":\"https:\/\/www.diario21.tv\/noticias\/#\/schema\/person\/dfb778f73814d8f09f302618446a526b\",\"name\":\"Juan P\u00e9rez\",\"image\":{\"@type\":\"ImageObject\",\"inLanguage\":\"es-AR\",\"@id\":\"https:\/\/www.diario21.tv\/noticias\/#\/schema\/person\/image\/\",\"url\":\"https:\/\/secure.gravatar.com\/avatar\/c478a405bd10621167f4c3167cc770f5?s=96&d=mm&r=g\",\"contentUrl\":\"https:\/\/secure.gravatar.com\/avatar\/c478a405bd10621167f4c3167cc770f5?s=96&d=mm&r=g\",\"caption\":\"Juan P\u00e9rez\"},\"description\":\"Juan P\u00e9rez es el redactor en jefe de Diario 21. Con m\u00e1s de 10 a\u00f1os de experiencia en el periodismo, se especializa en pol\u00edtica nacional y an\u00e1lisis socioecon\u00f3mico. Su enfoque cr\u00edtico y riguroso aporta una perspectiva \u00fanica a cada art\u00edculo.\",\"sameAs\":[\"https:\/\/www.diario21.tv\/noticias\/\"],\"url\":\"https:\/\/www.diario21.tv\/noticias\/author\/juan-perez\/\"}]}<\/script>\n<!-- \/ Yoast SEO plugin. -->","yoast_head_json":{"title":"\u00a1\u00daltima hora! El Papa sigue en el hospital recibiendo tratamiento para la bronquitis - Diario 21","robots":{"index":"index","follow":"follow","max-snippet":"max-snippet:-1","max-image-preview":"max-image-preview:large","max-video-preview":"max-video-preview:-1"},"canonical":"https:\/\/www.diario21.tv\/noticias\/ultima-hora-el-papa-sigue-en-el-hospital-recibiendo-tratamiento-para-la-bronquitis\/","og_locale":"es_ES","og_type":"article","og_title":"\u00a1\u00daltima hora! El Papa sigue en el hospital recibiendo tratamiento para la bronquitis - Diario 21","og_description":"El Papa Permanece en el Hospital para Recibir Tratamiento Adicional por Bronquitis El Papa Francisco sigue ingresado en el hospital, ya que los m\u00e9dicos han determinado ... Seguir leyendo &rarr;","og_url":"https:\/\/www.diario21.tv\/noticias\/ultima-hora-el-papa-sigue-en-el-hospital-recibiendo-tratamiento-para-la-bronquitis\/","og_site_name":"Diario 21","article_published_time":"2025-02-19T03:18:47+00:00","article_modified_time":"2025-02-19T03:18:48+00:00","og_image":[{"width":1920,"height":1080,"url":"https:\/\/www.diario21.tv\/noticias\/wp-content\/uploads\/2025\/02\/\u00a1Ultima-hora-El-Papa-sigue-en-el-hospital-recibiendo-tratamiento.jpg","type":"image\/jpeg"}],"author":"Juan P\u00e9rez","twitter_card":"summary_large_image","twitter_misc":{"Escrito por":"Juan P\u00e9rez","Tiempo de lectura":"2 minutos"},"schema":{"@context":"https:\/\/schema.org","@graph":[{"@type":"WebPage","@id":"https:\/\/www.diario21.tv\/noticias\/ultima-hora-el-papa-sigue-en-el-hospital-recibiendo-tratamiento-para-la-bronquitis\/","url":"https:\/\/www.diario21.tv\/noticias\/ultima-hora-el-papa-sigue-en-el-hospital-recibiendo-tratamiento-para-la-bronquitis\/","name":"\u00a1\u00daltima hora! El Papa sigue en el hospital recibiendo tratamiento para la bronquitis - Diario 21","isPartOf":{"@id":"https:\/\/www.diario21.tv\/noticias\/#website"},"primaryImageOfPage":{"@id":"https:\/\/www.diario21.tv\/noticias\/ultima-hora-el-papa-sigue-en-el-hospital-recibiendo-tratamiento-para-la-bronquitis\/#primaryimage"},"image":{"@id":"https:\/\/www.diario21.tv\/noticias\/ultima-hora-el-papa-sigue-en-el-hospital-recibiendo-tratamiento-para-la-bronquitis\/#primaryimage"},"thumbnailUrl":"https:\/\/www.diario21.tv\/noticias\/wp-content\/uploads\/2025\/02\/\u00a1Ultima-hora-El-Papa-sigue-en-el-hospital-recibiendo-tratamiento.jpg","datePublished":"2025-02-19T03:18:47+00:00","dateModified":"2025-02-19T03:18:48+00:00","author":{"@id":"https:\/\/www.diario21.tv\/noticias\/#\/schema\/person\/dfb778f73814d8f09f302618446a526b"},"breadcrumb":{"@id":"https:\/\/www.diario21.tv\/noticias\/ultima-hora-el-papa-sigue-en-el-hospital-recibiendo-tratamiento-para-la-bronquitis\/#breadcrumb"},"inLanguage":"es-AR","potentialAction":[{"@type":"ReadAction","target":["https:\/\/www.diario21.tv\/noticias\/ultima-hora-el-papa-sigue-en-el-hospital-recibiendo-tratamiento-para-la-bronquitis\/"]}]},{"@type":"ImageObject","inLanguage":"es-AR","@id":"https:\/\/www.diario21.tv\/noticias\/ultima-hora-el-papa-sigue-en-el-hospital-recibiendo-tratamiento-para-la-bronquitis\/#primaryimage","url":"https:\/\/www.diario21.tv\/noticias\/wp-content\/uploads\/2025\/02\/\u00a1Ultima-hora-El-Papa-sigue-en-el-hospital-recibiendo-tratamiento.jpg","contentUrl":"https:\/\/www.diario21.tv\/noticias\/wp-content\/uploads\/2025\/02\/\u00a1Ultima-hora-El-Papa-sigue-en-el-hospital-recibiendo-tratamiento.jpg","width":1920,"height":1080,"caption":"El Papa contin\u00faa hospitalizado porque \u00abnecesita todav\u00eda un poco m\u00e1s de tratamiento\u00bb para la bronquitis"},{"@type":"BreadcrumbList","@id":"https:\/\/www.diario21.tv\/noticias\/ultima-hora-el-papa-sigue-en-el-hospital-recibiendo-tratamiento-para-la-bronquitis\/#breadcrumb","itemListElement":[{"@type":"ListItem","position":1,"name":"Accueil","item":"https:\/\/www.diario21.tv\/noticias\/"},{"@type":"ListItem","position":2,"name":"\u00a1\u00daltima hora! El Papa sigue en el hospital recibiendo tratamiento para la bronquitis"}]},{"@type":"WebSite","@id":"https:\/\/www.diario21.tv\/noticias\/#website","url":"https:\/\/www.diario21.tv\/noticias\/","name":"Diario 21","description":"","potentialAction":[{"@type":"SearchAction","target":{"@type":"EntryPoint","urlTemplate":"https:\/\/www.diario21.tv\/noticias\/?s={search_term_string}"},"query-input":{"@type":"PropertyValueSpecification","valueRequired":true,"valueName":"search_term_string"}}],"inLanguage":"es-AR"},{"@type":"Person","@id":"https:\/\/www.diario21.tv\/noticias\/#\/schema\/person\/dfb778f73814d8f09f302618446a526b","name":"Juan P\u00e9rez","image":{"@type":"ImageObject","inLanguage":"es-AR","@id":"https:\/\/www.diario21.tv\/noticias\/#\/schema\/person\/image\/","url":"https:\/\/secure.gravatar.com\/avatar\/c478a405bd10621167f4c3167cc770f5?s=96&d=mm&r=g","contentUrl":"https:\/\/secure.gravatar.com\/avatar\/c478a405bd10621167f4c3167cc770f5?s=96&d=mm&r=g","caption":"Juan P\u00e9rez"},"description":"Juan P\u00e9rez es el redactor en jefe de Diario 21. Con m\u00e1s de 10 a\u00f1os de experiencia en el periodismo, se especializa en pol\u00edtica nacional y an\u00e1lisis socioecon\u00f3mico. Su enfoque cr\u00edtico y riguroso aporta una perspectiva \u00fanica a cada art\u00edculo.","sameAs":["https:\/\/www.diario21.tv\/noticias\/"],"url":"https:\/\/www.diario21.tv\/noticias\/author\/juan-perez\/"}]}},"_links":{"self":[{"href":"https:\/\/www.diario21.tv\/noticias\/wp-json\/wp\/v2\/posts\/2202"}],"collection":[{"href":"https:\/\/www.diario21.tv\/noticias\/wp-json\/wp\/v2\/posts"}],"about":[{"href":"https:\/\/www.diario21.tv\/noticias\/wp-json\/wp\/v2\/types\/post"}],"author":[{"embeddable":true,"href":"https:\/\/www.diario21.tv\/noticias\/wp-json\/wp\/v2\/users\/20"}],"replies":[{"embeddable":true,"href":"https:\/\/www.diario21.tv\/noticias\/wp-json\/wp\/v2\/comments?post=2202"}],"version-history":[{"count":1,"href":"https:\/\/www.diario21.tv\/noticias\/wp-json\/wp\/v2\/posts\/2202\/revisions"}],"predecessor-version":[{"id":2204,"href":"https:\/\/www.diario21.tv\/noticias\/wp-json\/wp\/v2\/posts\/2202\/revisions\/2204"}],"wp:featuredmedia":[{"embeddable":true,"href":"https:\/\/www.diario21.tv\/noticias\/wp-json\/wp\/v2\/media\/2203"}],"wp:attachment":[{"href":"https:\/\/www.diario21.tv\/noticias\/wp-json\/wp\/v2\/media?parent=2202"}],"wp:term":[{"taxonomy":"category","embeddable":true,"href":"https:\/\/www.diario21.tv\/noticias\/wp-json\/wp\/v2\/categories?post=2202"},{"taxonomy":"post_tag","embeddable":true,"href":"https:\/\/www.diario21.tv\/noticias\/wp-json\/wp\/v2\/tags?post=2202"}],"curies":[{"name":"wp","href":"https:\/\/api.w.org\/{rel}","templated":true}]}}