{"id":219,"date":"2024-08-31T11:00:47","date_gmt":"2024-08-31T11:00:47","guid":{"rendered":"https:\/\/www.diario21.tv\/noticias\/?p=219"},"modified":"2024-08-29T12:20:57","modified_gmt":"2024-08-29T12:20:57","slug":"comprometidos-vuelan-por-separado-y-sus-aviones-se-estrellan-al-mismo-tiempo","status":"publish","type":"post","link":"https:\/\/www.diario21.tv\/noticias\/comprometidos-vuelan-por-separado-y-sus-aviones-se-estrellan-al-mismo-tiempo\/","title":{"rendered":"Comprometidos, vuelan por separado y sus aviones se estrellan al mismo tiempo"},"content":{"rendered":"<p>Durante un fin de semana en Italia, se vivi\u00f3 una historia que bien podr\u00eda haber sido el guion de un thriller de Hollywood, aunque con un desenlace mucho m\u00e1s positivo de lo esperado. En un giro de los acontecimientos casi incre\u00edble, una pareja comprometida para casarse se encontr\u00f3 en aviones separados que se estrellaron al mismo tiempo y en ubicaciones cercanas. Milagrosamente, ambos salieron ilesos, al igual que el resto de las personas involucradas en los accidentes.<\/p>\n<p><!--more--><\/p>\n<h2>Un Plan de Vuelo que Sali\u00f3 Mal<\/h2>\n<p><img loading=\"lazy\" decoding=\"async\" class=\"aligncenter wp-image-221 size-full\" src=\"https:\/\/www.diario21.tv\/noticias\/wp-content\/uploads\/2024\/08\/Accidente-de-avion_2.jpg\" alt=\"\" width=\"1200\" height=\"806\" srcset=\"https:\/\/www.diario21.tv\/noticias\/wp-content\/uploads\/2024\/08\/Accidente-de-avion_2.jpg 1200w, https:\/\/www.diario21.tv\/noticias\/wp-content\/uploads\/2024\/08\/Accidente-de-avion_2-300x202.jpg 300w, https:\/\/www.diario21.tv\/noticias\/wp-content\/uploads\/2024\/08\/Accidente-de-avion_2-1024x688.jpg 1024w, https:\/\/www.diario21.tv\/noticias\/wp-content\/uploads\/2024\/08\/Accidente-de-avion_2-768x516.jpg 768w\" sizes=\"(max-width: 1200px) 100vw, 1200px\" \/><\/p>\n<p>Todo comenz\u00f3 como una jornada de aventuras para esta pareja profundamente enamorada, que decidi\u00f3 abordar aviones tur\u00edsticos por separado. El plan era sencillo: disfrutar de un paseo a\u00e9reo por la regi\u00f3n, pero el destino ten\u00eda otros planes. Poco despu\u00e9s del despegue, ambos aviones sufrieron accidentes en un lapso de minutos, en un escenario tan surrealista que parece sacado de una pel\u00edcula.<\/p>\n<p>El primer incidente ocurri\u00f3 en San Gillio, una pintoresca localidad al oeste de Tur\u00edn. El avi\u00f3n, que acababa de despegar del aer\u00f3dromo de Pianezza, se encontr\u00f3 con el desastre al estrellarse junto a una carretera y colisionar contra un poste. El piloto, de 38 a\u00f1os, result\u00f3 gravemente herido y tuvo que ser trasladado de urgencia en helic\u00f3ptero al hospital. La pasajera, una joven de 22 a\u00f1os que es la mitad de esta historia de amor, tambi\u00e9n sufri\u00f3 heridas de consideraci\u00f3n, aunque afortunadamente, su vida ya no corre peligro, seg\u00fan informes locales.<\/p>\n<p>El prometido, quien volaba en un avi\u00f3n diferente, vivi\u00f3 su propio susto en la comuna de Sant&#8217;Antonio di Favria, a unos 35 kil\u00f3metros del primer accidente. Su suerte fue algo mejor, pues solo sufri\u00f3 heridas leves, al igual que su piloto, quien logr\u00f3 realizar un aterrizaje de emergencia que evit\u00f3 un desastre mayor.<\/p>\n<h2>Un Giro del Destino<\/h2>\n<p><img loading=\"lazy\" decoding=\"async\" class=\"aligncenter size-full wp-image-222\" src=\"https:\/\/www.diario21.tv\/noticias\/wp-content\/uploads\/2024\/08\/Accidente-de-avion_3.jpg\" alt=\"\" width=\"1200\" height=\"803\" srcset=\"https:\/\/www.diario21.tv\/noticias\/wp-content\/uploads\/2024\/08\/Accidente-de-avion_3.jpg 1200w, https:\/\/www.diario21.tv\/noticias\/wp-content\/uploads\/2024\/08\/Accidente-de-avion_3-300x201.jpg 300w, https:\/\/www.diario21.tv\/noticias\/wp-content\/uploads\/2024\/08\/Accidente-de-avion_3-1024x685.jpg 1024w, https:\/\/www.diario21.tv\/noticias\/wp-content\/uploads\/2024\/08\/Accidente-de-avion_3-768x514.jpg 768w\" sizes=\"(max-width: 1200px) 100vw, 1200px\" \/><\/p>\n<p>Los Carabinieri italianos atribuyeron ambos accidentes a la mala visibilidad, un recordatorio de lo r\u00e1pidamente que las condiciones pueden cambiar y poner en riesgo la vida de las personas. Sin embargo, lo m\u00e1s asombroso es la simultaneidad y proximidad de estos accidentes, que involucraron a dos <a href=\"https:\/\/www.diario21.tv\/noticias\/descubre-los-secretos-del-carisma-estos-7-rasgos-compartidos-por-las-personas-mas-carismaticas-te-sorprenderan\/\">personas<\/a> unidas por el amor, aunque volando por separado.<\/p>\n<p>Este incidente nos deja reflexionando sobre los misteriosos caminos del destino. Es una historia que refuerza la idea de que, a veces, el amor puede superar cualquier obst\u00e1culo, incluso cuando se pone a prueba en las circunstancias m\u00e1s dram\u00e1ticas y peligrosas.<\/p>\n<h2>Una Experiencia Inolvidable<\/h2>\n<p>La historia de estos dos novios y sus accidentes a\u00e9reos simult\u00e1neos es una que desaf\u00eda la l\u00f3gica y sirve como testimonio de su resistencia. Es un recordatorio contundente de la imprevisibilidad de la vida y la fuerza del esp\u00edritu humano. Una cosa es segura: la historia de amor de esta pareja ha adquirido un cap\u00edtulo dram\u00e1tico que ellos, y quienes escuchen este relato, no olvidar\u00e1n pronto. Parece que el destino ten\u00eda sus propios planes, y esta vez, no estaba listo para que su historia de amor terminara de manera tan abrupta.<\/p>\n<p>Este relato, m\u00e1s all\u00e1 de su dramatismo, nos invita a valorar cada momento y a reconocer que, incluso en los momentos m\u00e1s oscuros, puede haber un rayo de esperanza que nos gu\u00eda de regreso a la seguridad.<\/p>\n\n\n<div class=\"kk-star-ratings kksr-auto kksr-align-left kksr-valign-bottom\"\n    data-payload='{&quot;align&quot;:&quot;left&quot;,&quot;id&quot;:&quot;219&quot;,&quot;slug&quot;:&quot;default&quot;,&quot;valign&quot;:&quot;bottom&quot;,&quot;ignore&quot;:&quot;&quot;,&quot;reference&quot;:&quot;auto&quot;,&quot;class&quot;:&quot;&quot;,&quot;count&quot;:&quot;0&quot;,&quot;legendonly&quot;:&quot;&quot;,&quot;readonly&quot;:&quot;&quot;,&quot;score&quot;:&quot;0&quot;,&quot;starsonly&quot;:&quot;&quot;,&quot;best&quot;:&quot;5&quot;,&quot;gap&quot;:&quot;5&quot;,&quot;greet&quot;:&quot;Valora este post&quot;,&quot;legend&quot;:&quot;0\\\/5 - (0 votes)&quot;,&quot;size&quot;:&quot;22&quot;,&quot;title&quot;:&quot;Comprometidos, vuelan por separado y sus aviones se estrellan al mismo tiempo&quot;,&quot;width&quot;:&quot;0&quot;,&quot;_legend&quot;:&quot;{score}\\\/{best} - ({count} {votes})&quot;,&quot;font_factor&quot;:&quot;1.25&quot;}'>\n            \n<div class=\"kksr-stars\">\n    \n<div class=\"kksr-stars-inactive\">\n            <div class=\"kksr-star\" data-star=\"1\" style=\"padding-right: 5px\">\n            \n\n<div class=\"kksr-icon\" style=\"width: 22px; height: 22px;\"><\/div>\n        <\/div>\n            <div class=\"kksr-star\" data-star=\"2\" style=\"padding-right: 5px\">\n            \n\n<div class=\"kksr-icon\" style=\"width: 22px; height: 22px;\"><\/div>\n        <\/div>\n            <div class=\"kksr-star\" data-star=\"3\" style=\"padding-right: 5px\">\n            \n\n<div class=\"kksr-icon\" style=\"width: 22px; height: 22px;\"><\/div>\n        <\/div>\n            <div class=\"kksr-star\" data-star=\"4\" style=\"padding-right: 5px\">\n            \n\n<div class=\"kksr-icon\" style=\"width: 22px; height: 22px;\"><\/div>\n        <\/div>\n            <div class=\"kksr-star\" data-star=\"5\" style=\"padding-right: 5px\">\n            \n\n<div class=\"kksr-icon\" style=\"width: 22px; height: 22px;\"><\/div>\n        <\/div>\n    <\/div>\n    \n<div class=\"kksr-stars-active\" style=\"width: 0px;\">\n            <div class=\"kksr-star\" style=\"padding-right: 5px\">\n            \n\n<div class=\"kksr-icon\" style=\"width: 22px; height: 22px;\"><\/div>\n        <\/div>\n            <div class=\"kksr-star\" style=\"padding-right: 5px\">\n            \n\n<div class=\"kksr-icon\" style=\"width: 22px; height: 22px;\"><\/div>\n        <\/div>\n            <div class=\"kksr-star\" style=\"padding-right: 5px\">\n            \n\n<div class=\"kksr-icon\" style=\"width: 22px; height: 22px;\"><\/div>\n        <\/div>\n            <div class=\"kksr-star\" style=\"padding-right: 5px\">\n            \n\n<div class=\"kksr-icon\" style=\"width: 22px; height: 22px;\"><\/div>\n        <\/div>\n            <div class=\"kksr-star\" style=\"padding-right: 5px\">\n            \n\n<div class=\"kksr-icon\" style=\"width: 22px; height: 22px;\"><\/div>\n        <\/div>\n    <\/div>\n<\/div>\n                \n\n<div class=\"kksr-legend\" style=\"font-size: 17.6px;\">\n            <span class=\"kksr-muted\">Valora este post<\/span>\n    <\/div>\n    <\/div>\n","protected":false},"excerpt":{"rendered":"<p>Durante un fin de semana en Italia, se vivi\u00f3 una historia que bien podr\u00eda haber sido el guion de un thriller de Hollywood, aunque con un &#8230; <a title=\"Comprometidos, vuelan por separado y sus aviones se estrellan al mismo tiempo\" class=\"read-more\" href=\"https:\/\/www.diario21.tv\/noticias\/comprometidos-vuelan-por-separado-y-sus-aviones-se-estrellan-al-mismo-tiempo\/\" aria-label=\"Leer m\u00e1s sobre Comprometidos, vuelan por separado y sus aviones se estrellan al mismo tiempo\">Seguir leyendo &rarr;<\/a><\/p>\n","protected":false},"author":17,"featured_media":220,"comment_status":"open","ping_status":"open","sticky":false,"template":"","format":"standard","meta":{"footnotes":""},"categories":[12],"tags":[],"class_list":["post-219","post","type-post","status-publish","format-standard","has-post-thumbnail","hentry","category-tendencia"],"yoast_head":"<!-- This site is optimized with the Yoast SEO plugin v25.6 - https:\/\/yoast.com\/wordpress\/plugins\/seo\/ -->\n<title>Comprometidos, vuelan por separado y sus aviones se estrellan al mismo tiempo - Diario 21<\/title>\n<meta name=\"robots\" content=\"index, follow, max-snippet:-1, max-image-preview:large, max-video-preview:-1\" \/>\n<link rel=\"canonical\" href=\"https:\/\/www.diario21.tv\/noticias\/comprometidos-vuelan-por-separado-y-sus-aviones-se-estrellan-al-mismo-tiempo\/\" \/>\n<meta property=\"og:locale\" content=\"es_ES\" \/>\n<meta property=\"og:type\" content=\"article\" \/>\n<meta property=\"og:title\" content=\"Comprometidos, vuelan por separado y sus aviones se estrellan al mismo tiempo - Diario 21\" \/>\n<meta property=\"og:description\" content=\"Durante un fin de semana en Italia, se vivi\u00f3 una historia que bien podr\u00eda haber sido el guion de un thriller de Hollywood, aunque con un ... Seguir leyendo &rarr;\" \/>\n<meta property=\"og:url\" content=\"https:\/\/www.diario21.tv\/noticias\/comprometidos-vuelan-por-separado-y-sus-aviones-se-estrellan-al-mismo-tiempo\/\" \/>\n<meta property=\"og:site_name\" content=\"Diario 21\" \/>\n<meta property=\"article:published_time\" content=\"2024-08-31T11:00:47+00:00\" \/>\n<meta property=\"og:image\" content=\"https:\/\/www.diario21.tv\/noticias\/wp-content\/uploads\/2024\/08\/Accidente-de-avion.jpg\" \/>\n\t<meta property=\"og:image:width\" content=\"1200\" \/>\n\t<meta property=\"og:image:height\" content=\"685\" \/>\n\t<meta property=\"og:image:type\" content=\"image\/jpeg\" \/>\n<meta name=\"author\" content=\"Diego Ram\u00edrez\" \/>\n<meta name=\"twitter:card\" content=\"summary_large_image\" \/>\n<meta name=\"twitter:label1\" content=\"Escrito por\" \/>\n\t<meta name=\"twitter:data1\" content=\"Diego Ram\u00edrez\" \/>\n\t<meta name=\"twitter:label2\" content=\"Tiempo de lectura\" \/>\n\t<meta name=\"twitter:data2\" content=\"3 minutos\" \/>\n<script type=\"application\/ld+json\" class=\"yoast-schema-graph\">{\"@context\":\"https:\/\/schema.org\",\"@graph\":[{\"@type\":\"WebPage\",\"@id\":\"https:\/\/www.diario21.tv\/noticias\/comprometidos-vuelan-por-separado-y-sus-aviones-se-estrellan-al-mismo-tiempo\/\",\"url\":\"https:\/\/www.diario21.tv\/noticias\/comprometidos-vuelan-por-separado-y-sus-aviones-se-estrellan-al-mismo-tiempo\/\",\"name\":\"Comprometidos, vuelan por separado y sus aviones se estrellan al mismo tiempo - Diario 21\",\"isPartOf\":{\"@id\":\"https:\/\/www.diario21.tv\/noticias\/#website\"},\"primaryImageOfPage\":{\"@id\":\"https:\/\/www.diario21.tv\/noticias\/comprometidos-vuelan-por-separado-y-sus-aviones-se-estrellan-al-mismo-tiempo\/#primaryimage\"},\"image\":{\"@id\":\"https:\/\/www.diario21.tv\/noticias\/comprometidos-vuelan-por-separado-y-sus-aviones-se-estrellan-al-mismo-tiempo\/#primaryimage\"},\"thumbnailUrl\":\"https:\/\/www.diario21.tv\/noticias\/wp-content\/uploads\/2024\/08\/Accidente-de-avion.jpg\",\"datePublished\":\"2024-08-31T11:00:47+00:00\",\"author\":{\"@id\":\"https:\/\/www.diario21.tv\/noticias\/#\/schema\/person\/82784493c2386321eca1931994300a93\"},\"breadcrumb\":{\"@id\":\"https:\/\/www.diario21.tv\/noticias\/comprometidos-vuelan-por-separado-y-sus-aviones-se-estrellan-al-mismo-tiempo\/#breadcrumb\"},\"inLanguage\":\"es-AR\",\"potentialAction\":[{\"@type\":\"ReadAction\",\"target\":[\"https:\/\/www.diario21.tv\/noticias\/comprometidos-vuelan-por-separado-y-sus-aviones-se-estrellan-al-mismo-tiempo\/\"]}]},{\"@type\":\"ImageObject\",\"inLanguage\":\"es-AR\",\"@id\":\"https:\/\/www.diario21.tv\/noticias\/comprometidos-vuelan-por-separado-y-sus-aviones-se-estrellan-al-mismo-tiempo\/#primaryimage\",\"url\":\"https:\/\/www.diario21.tv\/noticias\/wp-content\/uploads\/2024\/08\/Accidente-de-avion.jpg\",\"contentUrl\":\"https:\/\/www.diario21.tv\/noticias\/wp-content\/uploads\/2024\/08\/Accidente-de-avion.jpg\",\"width\":1200,\"height\":685,\"caption\":\"Comprometidos, vuelan por separado y sus aviones se estrellan al mismo tiempo\"},{\"@type\":\"BreadcrumbList\",\"@id\":\"https:\/\/www.diario21.tv\/noticias\/comprometidos-vuelan-por-separado-y-sus-aviones-se-estrellan-al-mismo-tiempo\/#breadcrumb\",\"itemListElement\":[{\"@type\":\"ListItem\",\"position\":1,\"name\":\"Accueil\",\"item\":\"https:\/\/www.diario21.tv\/noticias\/\"},{\"@type\":\"ListItem\",\"position\":2,\"name\":\"Comprometidos, vuelan por separado y sus aviones se estrellan al mismo tiempo\"}]},{\"@type\":\"WebSite\",\"@id\":\"https:\/\/www.diario21.tv\/noticias\/#website\",\"url\":\"https:\/\/www.diario21.tv\/noticias\/\",\"name\":\"Diario 21\",\"description\":\"\",\"potentialAction\":[{\"@type\":\"SearchAction\",\"target\":{\"@type\":\"EntryPoint\",\"urlTemplate\":\"https:\/\/www.diario21.tv\/noticias\/?s={search_term_string}\"},\"query-input\":{\"@type\":\"PropertyValueSpecification\",\"valueRequired\":true,\"valueName\":\"search_term_string\"}}],\"inLanguage\":\"es-AR\"},{\"@type\":\"Person\",\"@id\":\"https:\/\/www.diario21.tv\/noticias\/#\/schema\/person\/82784493c2386321eca1931994300a93\",\"name\":\"Diego Ram\u00edrez\",\"image\":{\"@type\":\"ImageObject\",\"inLanguage\":\"es-AR\",\"@id\":\"https:\/\/www.diario21.tv\/noticias\/#\/schema\/person\/image\/\",\"url\":\"https:\/\/secure.gravatar.com\/avatar\/19f9d4b705c0e181063e13bbda16fe42?s=96&d=mm&r=g\",\"contentUrl\":\"https:\/\/secure.gravatar.com\/avatar\/19f9d4b705c0e181063e13bbda16fe42?s=96&d=mm&r=g\",\"caption\":\"Diego Ram\u00edrez\"},\"description\":\"Diego Ram\u00edrez es el encargado de la secci\u00f3n de deportes en Diario 21. Con una amplia experiencia cubriendo eventos deportivos nacionales e internacionales, Diego ofrece una mirada apasionada y detallada del mundo deportivo.\",\"url\":\"https:\/\/www.diario21.tv\/noticias\/author\/contacthotwine-net\/\"}]}<\/script>\n<!-- \/ Yoast SEO plugin. -->","yoast_head_json":{"title":"Comprometidos, vuelan por separado y sus aviones se estrellan al mismo tiempo - Diario 21","robots":{"index":"index","follow":"follow","max-snippet":"max-snippet:-1","max-image-preview":"max-image-preview:large","max-video-preview":"max-video-preview:-1"},"canonical":"https:\/\/www.diario21.tv\/noticias\/comprometidos-vuelan-por-separado-y-sus-aviones-se-estrellan-al-mismo-tiempo\/","og_locale":"es_ES","og_type":"article","og_title":"Comprometidos, vuelan por separado y sus aviones se estrellan al mismo tiempo - Diario 21","og_description":"Durante un fin de semana en Italia, se vivi\u00f3 una historia que bien podr\u00eda haber sido el guion de un thriller de Hollywood, aunque con un ... Seguir leyendo &rarr;","og_url":"https:\/\/www.diario21.tv\/noticias\/comprometidos-vuelan-por-separado-y-sus-aviones-se-estrellan-al-mismo-tiempo\/","og_site_name":"Diario 21","article_published_time":"2024-08-31T11:00:47+00:00","og_image":[{"width":1200,"height":685,"url":"https:\/\/www.diario21.tv\/noticias\/wp-content\/uploads\/2024\/08\/Accidente-de-avion.jpg","type":"image\/jpeg"}],"author":"Diego Ram\u00edrez","twitter_card":"summary_large_image","twitter_misc":{"Escrito por":"Diego Ram\u00edrez","Tiempo de lectura":"3 minutos"},"schema":{"@context":"https:\/\/schema.org","@graph":[{"@type":"WebPage","@id":"https:\/\/www.diario21.tv\/noticias\/comprometidos-vuelan-por-separado-y-sus-aviones-se-estrellan-al-mismo-tiempo\/","url":"https:\/\/www.diario21.tv\/noticias\/comprometidos-vuelan-por-separado-y-sus-aviones-se-estrellan-al-mismo-tiempo\/","name":"Comprometidos, vuelan por separado y sus aviones se estrellan al mismo tiempo - Diario 21","isPartOf":{"@id":"https:\/\/www.diario21.tv\/noticias\/#website"},"primaryImageOfPage":{"@id":"https:\/\/www.diario21.tv\/noticias\/comprometidos-vuelan-por-separado-y-sus-aviones-se-estrellan-al-mismo-tiempo\/#primaryimage"},"image":{"@id":"https:\/\/www.diario21.tv\/noticias\/comprometidos-vuelan-por-separado-y-sus-aviones-se-estrellan-al-mismo-tiempo\/#primaryimage"},"thumbnailUrl":"https:\/\/www.diario21.tv\/noticias\/wp-content\/uploads\/2024\/08\/Accidente-de-avion.jpg","datePublished":"2024-08-31T11:00:47+00:00","author":{"@id":"https:\/\/www.diario21.tv\/noticias\/#\/schema\/person\/82784493c2386321eca1931994300a93"},"breadcrumb":{"@id":"https:\/\/www.diario21.tv\/noticias\/comprometidos-vuelan-por-separado-y-sus-aviones-se-estrellan-al-mismo-tiempo\/#breadcrumb"},"inLanguage":"es-AR","potentialAction":[{"@type":"ReadAction","target":["https:\/\/www.diario21.tv\/noticias\/comprometidos-vuelan-por-separado-y-sus-aviones-se-estrellan-al-mismo-tiempo\/"]}]},{"@type":"ImageObject","inLanguage":"es-AR","@id":"https:\/\/www.diario21.tv\/noticias\/comprometidos-vuelan-por-separado-y-sus-aviones-se-estrellan-al-mismo-tiempo\/#primaryimage","url":"https:\/\/www.diario21.tv\/noticias\/wp-content\/uploads\/2024\/08\/Accidente-de-avion.jpg","contentUrl":"https:\/\/www.diario21.tv\/noticias\/wp-content\/uploads\/2024\/08\/Accidente-de-avion.jpg","width":1200,"height":685,"caption":"Comprometidos, vuelan por separado y sus aviones se estrellan al mismo tiempo"},{"@type":"BreadcrumbList","@id":"https:\/\/www.diario21.tv\/noticias\/comprometidos-vuelan-por-separado-y-sus-aviones-se-estrellan-al-mismo-tiempo\/#breadcrumb","itemListElement":[{"@type":"ListItem","position":1,"name":"Accueil","item":"https:\/\/www.diario21.tv\/noticias\/"},{"@type":"ListItem","position":2,"name":"Comprometidos, vuelan por separado y sus aviones se estrellan al mismo tiempo"}]},{"@type":"WebSite","@id":"https:\/\/www.diario21.tv\/noticias\/#website","url":"https:\/\/www.diario21.tv\/noticias\/","name":"Diario 21","description":"","potentialAction":[{"@type":"SearchAction","target":{"@type":"EntryPoint","urlTemplate":"https:\/\/www.diario21.tv\/noticias\/?s={search_term_string}"},"query-input":{"@type":"PropertyValueSpecification","valueRequired":true,"valueName":"search_term_string"}}],"inLanguage":"es-AR"},{"@type":"Person","@id":"https:\/\/www.diario21.tv\/noticias\/#\/schema\/person\/82784493c2386321eca1931994300a93","name":"Diego Ram\u00edrez","image":{"@type":"ImageObject","inLanguage":"es-AR","@id":"https:\/\/www.diario21.tv\/noticias\/#\/schema\/person\/image\/","url":"https:\/\/secure.gravatar.com\/avatar\/19f9d4b705c0e181063e13bbda16fe42?s=96&d=mm&r=g","contentUrl":"https:\/\/secure.gravatar.com\/avatar\/19f9d4b705c0e181063e13bbda16fe42?s=96&d=mm&r=g","caption":"Diego Ram\u00edrez"},"description":"Diego Ram\u00edrez es el encargado de la secci\u00f3n de deportes en Diario 21. Con una amplia experiencia cubriendo eventos deportivos nacionales e internacionales, Diego ofrece una mirada apasionada y detallada del mundo deportivo.","url":"https:\/\/www.diario21.tv\/noticias\/author\/contacthotwine-net\/"}]}},"_links":{"self":[{"href":"https:\/\/www.diario21.tv\/noticias\/wp-json\/wp\/v2\/posts\/219"}],"collection":[{"href":"https:\/\/www.diario21.tv\/noticias\/wp-json\/wp\/v2\/posts"}],"about":[{"href":"https:\/\/www.diario21.tv\/noticias\/wp-json\/wp\/v2\/types\/post"}],"author":[{"embeddable":true,"href":"https:\/\/www.diario21.tv\/noticias\/wp-json\/wp\/v2\/users\/17"}],"replies":[{"embeddable":true,"href":"https:\/\/www.diario21.tv\/noticias\/wp-json\/wp\/v2\/comments?post=219"}],"version-history":[{"count":1,"href":"https:\/\/www.diario21.tv\/noticias\/wp-json\/wp\/v2\/posts\/219\/revisions"}],"predecessor-version":[{"id":223,"href":"https:\/\/www.diario21.tv\/noticias\/wp-json\/wp\/v2\/posts\/219\/revisions\/223"}],"wp:featuredmedia":[{"embeddable":true,"href":"https:\/\/www.diario21.tv\/noticias\/wp-json\/wp\/v2\/media\/220"}],"wp:attachment":[{"href":"https:\/\/www.diario21.tv\/noticias\/wp-json\/wp\/v2\/media?parent=219"}],"wp:term":[{"taxonomy":"category","embeddable":true,"href":"https:\/\/www.diario21.tv\/noticias\/wp-json\/wp\/v2\/categories?post=219"},{"taxonomy":"post_tag","embeddable":true,"href":"https:\/\/www.diario21.tv\/noticias\/wp-json\/wp\/v2\/tags?post=219"}],"curies":[{"name":"wp","href":"https:\/\/api.w.org\/{rel}","templated":true}]}}