{"id":2181,"date":"2025-02-17T07:33:08","date_gmt":"2025-02-17T07:33:08","guid":{"rendered":"https:\/\/www.diario21.tv\/noticias\/impactante-sanchez-despierta-banado-en-sudor-durante-la-noche\/"},"modified":"2025-02-17T07:33:10","modified_gmt":"2025-02-17T07:33:10","slug":"impactante-sanchez-despierta-banado-en-sudor-durante-la-noche","status":"publish","type":"post","link":"https:\/\/www.diario21.tv\/noticias\/impactante-sanchez-despierta-banado-en-sudor-durante-la-noche\/","title":{"rendered":"\u00a1Impactante! S\u00e1nchez despierta ba\u00f1ado en sudor durante la noche"},"content":{"rendered":"<h2>Las noches sudorosas de S\u00e1nchez<\/h2>\n<p>En numerosas ocasiones, S\u00e1nchez se encontraba despertando en mitad de la noche, completamente ba\u00f1ado en sudor. Estas interrupciones nocturnas le suced\u00edan con una frecuencia alarmante, perturbando su descanso y afectando su rendimiento diario. Cada vez que esto ocurr\u00eda, se ve\u00eda obligado a levantarse de la cama, cambiarse de ropa y, a menudo, hasta ten\u00eda que cambiar las s\u00e1banas empapadas.<\/p>\n<h3>El impacto en su vida diaria<\/h3>\n<p>La falta de un sue\u00f1o ininterrumpido comenzaba a pasar factura a S\u00e1nchez. Durante el d\u00eda, se sent\u00eda cansado y le costaba concentrarse en sus tareas habituales. Su estado de \u00e1nimo tambi\u00e9n se ve\u00eda afectado; se notaba m\u00e1s irritable y menos paciente con sus colegas y seres queridos. Esta situaci\u00f3n lo llevaba a sentirse frustrado, ya que no comprend\u00eda la causa de estos episodios.<\/p>\n<h3>Buscando soluciones<\/h3>\n<p>Determinado a encontrar una soluci\u00f3n, S\u00e1nchez empez\u00f3 por ajustar su rutina nocturna. Evitaba las bebidas con cafe\u00edna y las comidas pesadas antes de dormir, manten\u00eda su habitaci\u00f3n a una temperatura fresca y se aseguraba de que su ropa de cama fuera ligera y transpirable. Sin embargo, a pesar de estos ajustes, las noches de sudoraci\u00f3n excesiva continuaban sin cesar.<\/p>\n<p>Luego decidi\u00f3 consultar a un m\u00e9dico, buscando alguna explicaci\u00f3n m\u00e9dica que pudiera estar detr\u00e1s de sus perturbaciones nocturnas. Tras varios ex\u00e1menes, el m\u00e9dico no encontr\u00f3 ninguna condici\u00f3n subyacente obvia que pudiera estar causando el problema. Le sugiri\u00f3 que podr\u00eda ser estr\u00e9s o ansiedad lo que estaba afectando su sue\u00f1o, recomendando t\u00e9cnicas de relajaci\u00f3n y, en algunos casos, terapia para manejar mejor sus preocupaciones.<\/p>\n<h3>Implementando cambios y mejoras<\/h3>\n<p>S\u00e1nchez tom\u00f3 en serio los consejos de su m\u00e9dico. Comenz\u00f3 a practicar yoga y meditaci\u00f3n, actividades que le ayudaron a gestionar su estr\u00e9s de manera m\u00e1s efectiva. Adem\u00e1s, hizo un esfuerzo consciente para mejorar su higiene del sue\u00f1o, estableciendo horarios regulares para acostarse y levantarse.<\/p>\n<p>Con el paso del tiempo, estas nuevas pr\u00e1cticas comenzaron a dar frutos. Las noches de sudoraci\u00f3n se volvieron menos frecuentes y S\u00e1nchez pudo disfrutar de un sue\u00f1o m\u00e1s reparador. Aunque ocasionalmente todav\u00eda experimentaba alguna noche agitada, ahora ten\u00eda las herramientas para manejar mejor la situaci\u00f3n y evitar que afectara de manera significativa su vida cotidiana.<\/p>\n<h3>Lecciones aprendidas<\/h3>\n<p>Este viaje le ense\u00f1\u00f3 a S\u00e1nchez la importancia de escuchar a su cuerpo y de no ignorar las se\u00f1ales que le enviaba. Aprendi\u00f3 que, a veces, el cuerpo habla de maneras que no son completamente entendidas inicialmente, pero con atenci\u00f3n y cuidado adecuados, se pueden gestionar y superar incluso los desaf\u00edos m\u00e1s desconcertantes. Gracias a su experiencia, S\u00e1nchez no solo mejor\u00f3 la calidad de su sue\u00f1o, sino tambi\u00e9n su calidad de vida en general.<\/p>\n\n\n<div class=\"kk-star-ratings kksr-auto kksr-align-left kksr-valign-bottom\"\n    data-payload='{&quot;align&quot;:&quot;left&quot;,&quot;id&quot;:&quot;2181&quot;,&quot;slug&quot;:&quot;default&quot;,&quot;valign&quot;:&quot;bottom&quot;,&quot;ignore&quot;:&quot;&quot;,&quot;reference&quot;:&quot;auto&quot;,&quot;class&quot;:&quot;&quot;,&quot;count&quot;:&quot;0&quot;,&quot;legendonly&quot;:&quot;&quot;,&quot;readonly&quot;:&quot;&quot;,&quot;score&quot;:&quot;0&quot;,&quot;starsonly&quot;:&quot;&quot;,&quot;best&quot;:&quot;5&quot;,&quot;gap&quot;:&quot;5&quot;,&quot;greet&quot;:&quot;Valora este post&quot;,&quot;legend&quot;:&quot;0\\\/5 - (0 votes)&quot;,&quot;size&quot;:&quot;22&quot;,&quot;title&quot;:&quot;\u00a1Impactante! S\u00e1nchez despierta ba\u00f1ado en sudor durante la noche&quot;,&quot;width&quot;:&quot;0&quot;,&quot;_legend&quot;:&quot;{score}\\\/{best} - ({count} {votes})&quot;,&quot;font_factor&quot;:&quot;1.25&quot;}'>\n            \n<div class=\"kksr-stars\">\n    \n<div class=\"kksr-stars-inactive\">\n            <div class=\"kksr-star\" data-star=\"1\" style=\"padding-right: 5px\">\n            \n\n<div class=\"kksr-icon\" style=\"width: 22px; height: 22px;\"><\/div>\n        <\/div>\n            <div class=\"kksr-star\" data-star=\"2\" style=\"padding-right: 5px\">\n            \n\n<div class=\"kksr-icon\" style=\"width: 22px; height: 22px;\"><\/div>\n        <\/div>\n            <div class=\"kksr-star\" data-star=\"3\" style=\"padding-right: 5px\">\n            \n\n<div class=\"kksr-icon\" style=\"width: 22px; height: 22px;\"><\/div>\n        <\/div>\n            <div class=\"kksr-star\" data-star=\"4\" style=\"padding-right: 5px\">\n            \n\n<div class=\"kksr-icon\" style=\"width: 22px; height: 22px;\"><\/div>\n        <\/div>\n            <div class=\"kksr-star\" data-star=\"5\" style=\"padding-right: 5px\">\n            \n\n<div class=\"kksr-icon\" style=\"width: 22px; height: 22px;\"><\/div>\n        <\/div>\n    <\/div>\n    \n<div class=\"kksr-stars-active\" style=\"width: 0px;\">\n            <div class=\"kksr-star\" style=\"padding-right: 5px\">\n            \n\n<div class=\"kksr-icon\" style=\"width: 22px; height: 22px;\"><\/div>\n        <\/div>\n            <div class=\"kksr-star\" style=\"padding-right: 5px\">\n            \n\n<div class=\"kksr-icon\" style=\"width: 22px; height: 22px;\"><\/div>\n        <\/div>\n            <div class=\"kksr-star\" style=\"padding-right: 5px\">\n            \n\n<div class=\"kksr-icon\" style=\"width: 22px; height: 22px;\"><\/div>\n        <\/div>\n            <div class=\"kksr-star\" style=\"padding-right: 5px\">\n            \n\n<div class=\"kksr-icon\" style=\"width: 22px; height: 22px;\"><\/div>\n        <\/div>\n            <div class=\"kksr-star\" style=\"padding-right: 5px\">\n            \n\n<div class=\"kksr-icon\" style=\"width: 22px; height: 22px;\"><\/div>\n        <\/div>\n    <\/div>\n<\/div>\n                \n\n<div class=\"kksr-legend\" style=\"font-size: 17.6px;\">\n            <span class=\"kksr-muted\">Valora este post<\/span>\n    <\/div>\n    <\/div>\n","protected":false},"excerpt":{"rendered":"<p>Las noches sudorosas de S\u00e1nchez En numerosas ocasiones, S\u00e1nchez se encontraba despertando en mitad de la noche, completamente ba\u00f1ado en sudor. Estas interrupciones nocturnas le suced\u00edan &#8230; <a title=\"\u00a1Impactante! S\u00e1nchez despierta ba\u00f1ado en sudor durante la noche\" class=\"read-more\" href=\"https:\/\/www.diario21.tv\/noticias\/impactante-sanchez-despierta-banado-en-sudor-durante-la-noche\/\" aria-label=\"Leer m\u00e1s sobre \u00a1Impactante! S\u00e1nchez despierta ba\u00f1ado en sudor durante la noche\">Seguir leyendo &rarr;<\/a><\/p>\n","protected":false},"author":20,"featured_media":2182,"comment_status":"open","ping_status":"open","sticky":false,"template":"","format":"standard","meta":{"footnotes":""},"categories":[13],"tags":[],"class_list":["post-2181","post","type-post","status-publish","format-standard","has-post-thumbnail","hentry","category-portada"],"yoast_head":"<!-- This site is optimized with the Yoast SEO plugin v25.6 - https:\/\/yoast.com\/wordpress\/plugins\/seo\/ -->\n<title>\u00a1Impactante! S\u00e1nchez despierta ba\u00f1ado en sudor durante la noche - Diario 21<\/title>\n<meta name=\"robots\" content=\"index, follow, max-snippet:-1, max-image-preview:large, max-video-preview:-1\" \/>\n<link rel=\"canonical\" href=\"https:\/\/www.diario21.tv\/noticias\/impactante-sanchez-despierta-banado-en-sudor-durante-la-noche\/\" \/>\n<meta property=\"og:locale\" content=\"es_ES\" \/>\n<meta property=\"og:type\" content=\"article\" \/>\n<meta property=\"og:title\" content=\"\u00a1Impactante! S\u00e1nchez despierta ba\u00f1ado en sudor durante la noche - Diario 21\" \/>\n<meta property=\"og:description\" content=\"Las noches sudorosas de S\u00e1nchez En numerosas ocasiones, S\u00e1nchez se encontraba despertando en mitad de la noche, completamente ba\u00f1ado en sudor. Estas interrupciones nocturnas le suced\u00edan ... Seguir leyendo &rarr;\" \/>\n<meta property=\"og:url\" content=\"https:\/\/www.diario21.tv\/noticias\/impactante-sanchez-despierta-banado-en-sudor-durante-la-noche\/\" \/>\n<meta property=\"og:site_name\" content=\"Diario 21\" \/>\n<meta property=\"article:published_time\" content=\"2025-02-17T07:33:08+00:00\" \/>\n<meta property=\"article:modified_time\" content=\"2025-02-17T07:33:10+00:00\" \/>\n<meta property=\"og:image\" content=\"https:\/\/www.diario21.tv\/noticias\/wp-content\/uploads\/2025\/02\/\u00a1Impactante-Sanchez-despierta-banado-en-sudor-durante-la-noche.jpg\" \/>\n\t<meta property=\"og:image:width\" content=\"1920\" \/>\n\t<meta property=\"og:image:height\" content=\"1080\" \/>\n\t<meta property=\"og:image:type\" content=\"image\/jpeg\" \/>\n<meta name=\"author\" content=\"Juan P\u00e9rez\" \/>\n<meta name=\"twitter:card\" content=\"summary_large_image\" \/>\n<meta name=\"twitter:label1\" content=\"Escrito por\" \/>\n\t<meta name=\"twitter:data1\" content=\"Juan P\u00e9rez\" \/>\n\t<meta name=\"twitter:label2\" content=\"Tiempo de lectura\" \/>\n\t<meta name=\"twitter:data2\" content=\"2 minutos\" \/>\n<script type=\"application\/ld+json\" class=\"yoast-schema-graph\">{\"@context\":\"https:\/\/schema.org\",\"@graph\":[{\"@type\":\"WebPage\",\"@id\":\"https:\/\/www.diario21.tv\/noticias\/impactante-sanchez-despierta-banado-en-sudor-durante-la-noche\/\",\"url\":\"https:\/\/www.diario21.tv\/noticias\/impactante-sanchez-despierta-banado-en-sudor-durante-la-noche\/\",\"name\":\"\u00a1Impactante! S\u00e1nchez despierta ba\u00f1ado en sudor durante la noche - Diario 21\",\"isPartOf\":{\"@id\":\"https:\/\/www.diario21.tv\/noticias\/#website\"},\"primaryImageOfPage\":{\"@id\":\"https:\/\/www.diario21.tv\/noticias\/impactante-sanchez-despierta-banado-en-sudor-durante-la-noche\/#primaryimage\"},\"image\":{\"@id\":\"https:\/\/www.diario21.tv\/noticias\/impactante-sanchez-despierta-banado-en-sudor-durante-la-noche\/#primaryimage\"},\"thumbnailUrl\":\"https:\/\/www.diario21.tv\/noticias\/wp-content\/uploads\/2025\/02\/\u00a1Impactante-Sanchez-despierta-banado-en-sudor-durante-la-noche.jpg\",\"datePublished\":\"2025-02-17T07:33:08+00:00\",\"dateModified\":\"2025-02-17T07:33:10+00:00\",\"author\":{\"@id\":\"https:\/\/www.diario21.tv\/noticias\/#\/schema\/person\/dfb778f73814d8f09f302618446a526b\"},\"breadcrumb\":{\"@id\":\"https:\/\/www.diario21.tv\/noticias\/impactante-sanchez-despierta-banado-en-sudor-durante-la-noche\/#breadcrumb\"},\"inLanguage\":\"es-AR\",\"potentialAction\":[{\"@type\":\"ReadAction\",\"target\":[\"https:\/\/www.diario21.tv\/noticias\/impactante-sanchez-despierta-banado-en-sudor-durante-la-noche\/\"]}]},{\"@type\":\"ImageObject\",\"inLanguage\":\"es-AR\",\"@id\":\"https:\/\/www.diario21.tv\/noticias\/impactante-sanchez-despierta-banado-en-sudor-durante-la-noche\/#primaryimage\",\"url\":\"https:\/\/www.diario21.tv\/noticias\/wp-content\/uploads\/2025\/02\/\u00a1Impactante-Sanchez-despierta-banado-en-sudor-durante-la-noche.jpg\",\"contentUrl\":\"https:\/\/www.diario21.tv\/noticias\/wp-content\/uploads\/2025\/02\/\u00a1Impactante-Sanchez-despierta-banado-en-sudor-durante-la-noche.jpg\",\"width\":1920,\"height\":1080,\"caption\":\"Las noches en que S\u00e1nchez despertaba empapado en sudor\"},{\"@type\":\"BreadcrumbList\",\"@id\":\"https:\/\/www.diario21.tv\/noticias\/impactante-sanchez-despierta-banado-en-sudor-durante-la-noche\/#breadcrumb\",\"itemListElement\":[{\"@type\":\"ListItem\",\"position\":1,\"name\":\"Accueil\",\"item\":\"https:\/\/www.diario21.tv\/noticias\/\"},{\"@type\":\"ListItem\",\"position\":2,\"name\":\"\u00a1Impactante! S\u00e1nchez despierta ba\u00f1ado en sudor durante la noche\"}]},{\"@type\":\"WebSite\",\"@id\":\"https:\/\/www.diario21.tv\/noticias\/#website\",\"url\":\"https:\/\/www.diario21.tv\/noticias\/\",\"name\":\"Diario 21\",\"description\":\"\",\"potentialAction\":[{\"@type\":\"SearchAction\",\"target\":{\"@type\":\"EntryPoint\",\"urlTemplate\":\"https:\/\/www.diario21.tv\/noticias\/?s={search_term_string}\"},\"query-input\":{\"@type\":\"PropertyValueSpecification\",\"valueRequired\":true,\"valueName\":\"search_term_string\"}}],\"inLanguage\":\"es-AR\"},{\"@type\":\"Person\",\"@id\":\"https:\/\/www.diario21.tv\/noticias\/#\/schema\/person\/dfb778f73814d8f09f302618446a526b\",\"name\":\"Juan P\u00e9rez\",\"image\":{\"@type\":\"ImageObject\",\"inLanguage\":\"es-AR\",\"@id\":\"https:\/\/www.diario21.tv\/noticias\/#\/schema\/person\/image\/\",\"url\":\"https:\/\/secure.gravatar.com\/avatar\/c478a405bd10621167f4c3167cc770f5?s=96&d=mm&r=g\",\"contentUrl\":\"https:\/\/secure.gravatar.com\/avatar\/c478a405bd10621167f4c3167cc770f5?s=96&d=mm&r=g\",\"caption\":\"Juan P\u00e9rez\"},\"description\":\"Juan P\u00e9rez es el redactor en jefe de Diario 21. Con m\u00e1s de 10 a\u00f1os de experiencia en el periodismo, se especializa en pol\u00edtica nacional y an\u00e1lisis socioecon\u00f3mico. Su enfoque cr\u00edtico y riguroso aporta una perspectiva \u00fanica a cada art\u00edculo.\",\"sameAs\":[\"https:\/\/www.diario21.tv\/noticias\/\"],\"url\":\"https:\/\/www.diario21.tv\/noticias\/author\/juan-perez\/\"}]}<\/script>\n<!-- \/ Yoast SEO plugin. -->","yoast_head_json":{"title":"\u00a1Impactante! S\u00e1nchez despierta ba\u00f1ado en sudor durante la noche - Diario 21","robots":{"index":"index","follow":"follow","max-snippet":"max-snippet:-1","max-image-preview":"max-image-preview:large","max-video-preview":"max-video-preview:-1"},"canonical":"https:\/\/www.diario21.tv\/noticias\/impactante-sanchez-despierta-banado-en-sudor-durante-la-noche\/","og_locale":"es_ES","og_type":"article","og_title":"\u00a1Impactante! S\u00e1nchez despierta ba\u00f1ado en sudor durante la noche - Diario 21","og_description":"Las noches sudorosas de S\u00e1nchez En numerosas ocasiones, S\u00e1nchez se encontraba despertando en mitad de la noche, completamente ba\u00f1ado en sudor. Estas interrupciones nocturnas le suced\u00edan ... Seguir leyendo &rarr;","og_url":"https:\/\/www.diario21.tv\/noticias\/impactante-sanchez-despierta-banado-en-sudor-durante-la-noche\/","og_site_name":"Diario 21","article_published_time":"2025-02-17T07:33:08+00:00","article_modified_time":"2025-02-17T07:33:10+00:00","og_image":[{"width":1920,"height":1080,"url":"https:\/\/www.diario21.tv\/noticias\/wp-content\/uploads\/2025\/02\/\u00a1Impactante-Sanchez-despierta-banado-en-sudor-durante-la-noche.jpg","type":"image\/jpeg"}],"author":"Juan P\u00e9rez","twitter_card":"summary_large_image","twitter_misc":{"Escrito por":"Juan P\u00e9rez","Tiempo de lectura":"2 minutos"},"schema":{"@context":"https:\/\/schema.org","@graph":[{"@type":"WebPage","@id":"https:\/\/www.diario21.tv\/noticias\/impactante-sanchez-despierta-banado-en-sudor-durante-la-noche\/","url":"https:\/\/www.diario21.tv\/noticias\/impactante-sanchez-despierta-banado-en-sudor-durante-la-noche\/","name":"\u00a1Impactante! S\u00e1nchez despierta ba\u00f1ado en sudor durante la noche - Diario 21","isPartOf":{"@id":"https:\/\/www.diario21.tv\/noticias\/#website"},"primaryImageOfPage":{"@id":"https:\/\/www.diario21.tv\/noticias\/impactante-sanchez-despierta-banado-en-sudor-durante-la-noche\/#primaryimage"},"image":{"@id":"https:\/\/www.diario21.tv\/noticias\/impactante-sanchez-despierta-banado-en-sudor-durante-la-noche\/#primaryimage"},"thumbnailUrl":"https:\/\/www.diario21.tv\/noticias\/wp-content\/uploads\/2025\/02\/\u00a1Impactante-Sanchez-despierta-banado-en-sudor-durante-la-noche.jpg","datePublished":"2025-02-17T07:33:08+00:00","dateModified":"2025-02-17T07:33:10+00:00","author":{"@id":"https:\/\/www.diario21.tv\/noticias\/#\/schema\/person\/dfb778f73814d8f09f302618446a526b"},"breadcrumb":{"@id":"https:\/\/www.diario21.tv\/noticias\/impactante-sanchez-despierta-banado-en-sudor-durante-la-noche\/#breadcrumb"},"inLanguage":"es-AR","potentialAction":[{"@type":"ReadAction","target":["https:\/\/www.diario21.tv\/noticias\/impactante-sanchez-despierta-banado-en-sudor-durante-la-noche\/"]}]},{"@type":"ImageObject","inLanguage":"es-AR","@id":"https:\/\/www.diario21.tv\/noticias\/impactante-sanchez-despierta-banado-en-sudor-durante-la-noche\/#primaryimage","url":"https:\/\/www.diario21.tv\/noticias\/wp-content\/uploads\/2025\/02\/\u00a1Impactante-Sanchez-despierta-banado-en-sudor-durante-la-noche.jpg","contentUrl":"https:\/\/www.diario21.tv\/noticias\/wp-content\/uploads\/2025\/02\/\u00a1Impactante-Sanchez-despierta-banado-en-sudor-durante-la-noche.jpg","width":1920,"height":1080,"caption":"Las noches en que S\u00e1nchez despertaba empapado en sudor"},{"@type":"BreadcrumbList","@id":"https:\/\/www.diario21.tv\/noticias\/impactante-sanchez-despierta-banado-en-sudor-durante-la-noche\/#breadcrumb","itemListElement":[{"@type":"ListItem","position":1,"name":"Accueil","item":"https:\/\/www.diario21.tv\/noticias\/"},{"@type":"ListItem","position":2,"name":"\u00a1Impactante! S\u00e1nchez despierta ba\u00f1ado en sudor durante la noche"}]},{"@type":"WebSite","@id":"https:\/\/www.diario21.tv\/noticias\/#website","url":"https:\/\/www.diario21.tv\/noticias\/","name":"Diario 21","description":"","potentialAction":[{"@type":"SearchAction","target":{"@type":"EntryPoint","urlTemplate":"https:\/\/www.diario21.tv\/noticias\/?s={search_term_string}"},"query-input":{"@type":"PropertyValueSpecification","valueRequired":true,"valueName":"search_term_string"}}],"inLanguage":"es-AR"},{"@type":"Person","@id":"https:\/\/www.diario21.tv\/noticias\/#\/schema\/person\/dfb778f73814d8f09f302618446a526b","name":"Juan P\u00e9rez","image":{"@type":"ImageObject","inLanguage":"es-AR","@id":"https:\/\/www.diario21.tv\/noticias\/#\/schema\/person\/image\/","url":"https:\/\/secure.gravatar.com\/avatar\/c478a405bd10621167f4c3167cc770f5?s=96&d=mm&r=g","contentUrl":"https:\/\/secure.gravatar.com\/avatar\/c478a405bd10621167f4c3167cc770f5?s=96&d=mm&r=g","caption":"Juan P\u00e9rez"},"description":"Juan P\u00e9rez es el redactor en jefe de Diario 21. Con m\u00e1s de 10 a\u00f1os de experiencia en el periodismo, se especializa en pol\u00edtica nacional y an\u00e1lisis socioecon\u00f3mico. Su enfoque cr\u00edtico y riguroso aporta una perspectiva \u00fanica a cada art\u00edculo.","sameAs":["https:\/\/www.diario21.tv\/noticias\/"],"url":"https:\/\/www.diario21.tv\/noticias\/author\/juan-perez\/"}]}},"_links":{"self":[{"href":"https:\/\/www.diario21.tv\/noticias\/wp-json\/wp\/v2\/posts\/2181"}],"collection":[{"href":"https:\/\/www.diario21.tv\/noticias\/wp-json\/wp\/v2\/posts"}],"about":[{"href":"https:\/\/www.diario21.tv\/noticias\/wp-json\/wp\/v2\/types\/post"}],"author":[{"embeddable":true,"href":"https:\/\/www.diario21.tv\/noticias\/wp-json\/wp\/v2\/users\/20"}],"replies":[{"embeddable":true,"href":"https:\/\/www.diario21.tv\/noticias\/wp-json\/wp\/v2\/comments?post=2181"}],"version-history":[{"count":1,"href":"https:\/\/www.diario21.tv\/noticias\/wp-json\/wp\/v2\/posts\/2181\/revisions"}],"predecessor-version":[{"id":2183,"href":"https:\/\/www.diario21.tv\/noticias\/wp-json\/wp\/v2\/posts\/2181\/revisions\/2183"}],"wp:featuredmedia":[{"embeddable":true,"href":"https:\/\/www.diario21.tv\/noticias\/wp-json\/wp\/v2\/media\/2182"}],"wp:attachment":[{"href":"https:\/\/www.diario21.tv\/noticias\/wp-json\/wp\/v2\/media?parent=2181"}],"wp:term":[{"taxonomy":"category","embeddable":true,"href":"https:\/\/www.diario21.tv\/noticias\/wp-json\/wp\/v2\/categories?post=2181"},{"taxonomy":"post_tag","embeddable":true,"href":"https:\/\/www.diario21.tv\/noticias\/wp-json\/wp\/v2\/tags?post=2181"}],"curies":[{"name":"wp","href":"https:\/\/api.w.org\/{rel}","templated":true}]}}