{"id":2169,"date":"2025-02-16T00:43:05","date_gmt":"2025-02-16T00:43:05","guid":{"rendered":"https:\/\/www.diario21.tv\/noticias\/extremeno-hace-historia-como-primer-fisioterapeuta-en-la-real-academia-de-medicina-de-cadiz\/"},"modified":"2025-02-16T00:43:07","modified_gmt":"2025-02-16T00:43:07","slug":"extremeno-hace-historia-como-primer-fisioterapeuta-en-la-real-academia-de-medicina-de-cadiz","status":"publish","type":"post","link":"https:\/\/www.diario21.tv\/noticias\/extremeno-hace-historia-como-primer-fisioterapeuta-en-la-real-academia-de-medicina-de-cadiz\/","title":{"rendered":"Extreme\u00f1o hace historia como primer fisioterapeuta en la Real Academia de Medicina de C\u00e1diz"},"content":{"rendered":"<h2>Un fisioterapeuta extreme\u00f1o se incorpora a la Real Academia de Medicina y Cirug\u00eda de C\u00e1diz<\/h2>\n<p>Por primera vez en la historia, un fisioterapeuta originario de Extremadura ha sido admitido como miembro de la Real Academia de Medicina y Cirug\u00eda de C\u00e1diz. Este hito no solo representa un reconocimiento personal para el fisioterapeuta, sino que tambi\u00e9n destaca la importancia y la evoluci\u00f3n de la fisioterapia dentro del campo m\u00e9dico general.<\/p>\n<h3>Un logro sin precedentes<\/h3>\n<p>La inclusi\u00f3n de este profesional en una instituci\u00f3n tan prestigiosa marca un antes y un despu\u00e9s en la percepci\u00f3n de la fisioterapia como disciplina esencial en el \u00e1mbito de la salud. Tradicionalmente, las academias de medicina han estado compuestas principalmente por m\u00e9dicos y otros especialistas de \u00e1reas m\u00e1s reconocidas. Sin embargo, este nuevo ingreso subraya la relevancia que ha ganado la fisioterapia en el tratamiento y la prevenci\u00f3n de enfermedades, as\u00ed como en la rehabilitaci\u00f3n de pacientes.<\/p>\n<h3>El papel de la fisioterapia en la medicina moderna<\/h3>\n<p>La fisioterapia juega un rol crucial en la recuperaci\u00f3n y mejora de la calidad de vida de los pacientes. Con t\u00e9cnicas que ayudan a restaurar el movimiento y la funci\u00f3n cuando alguien est\u00e1 afectado por lesiones, enfermedades cr\u00f3nicas o discapacidades, la fisioterapia es fundamental para el manejo integral de la salud. Este reconocimiento por parte de la Real Academia de Medicina y Cirug\u00eda de C\u00e1diz es un reflejo del compromiso continuo de la profesi\u00f3n por integrarse y colaborar estrechamente con otras especialidades m\u00e9dicas para ofrecer una atenci\u00f3n hol\u00edstica a los pacientes.<\/p>\n<p>Este evento no solo eleva el estatus de la fisioterapia dentro de la comunidad m\u00e9dica sino que tambi\u00e9n inspira a futuros fisioterapeutas a perseguir la excelencia y la innovaci\u00f3n en su campo. La inclusi\u00f3n de un fisioterapeuta en la Academia es un claro indicativo de que estas pr\u00e1cticas son indispensables para el desarrollo de tratamientos m\u00e9dicos m\u00e1s completos y efectivos.<\/p>\n<p>Con esta incorporaci\u00f3n, la Real Academia de Medicina y Cirug\u00eda de C\u00e1diz demuestra su adaptaci\u00f3n a los cambios y avances en el campo de la medicina, reconociendo que la integraci\u00f3n de diversas disciplinas es crucial para el avance de la ciencia m\u00e9dica y la mejor atenci\u00f3n al paciente. Este hito es un claro ejemplo de c\u00f3mo la medicina contin\u00faa evolucionando y c\u00f3mo la fisioterapia se ha establecido como un pilar fundamental en este proceso.<\/p>\n\n\n<div class=\"kk-star-ratings kksr-auto kksr-align-left kksr-valign-bottom\"\n    data-payload='{&quot;align&quot;:&quot;left&quot;,&quot;id&quot;:&quot;2169&quot;,&quot;slug&quot;:&quot;default&quot;,&quot;valign&quot;:&quot;bottom&quot;,&quot;ignore&quot;:&quot;&quot;,&quot;reference&quot;:&quot;auto&quot;,&quot;class&quot;:&quot;&quot;,&quot;count&quot;:&quot;0&quot;,&quot;legendonly&quot;:&quot;&quot;,&quot;readonly&quot;:&quot;&quot;,&quot;score&quot;:&quot;0&quot;,&quot;starsonly&quot;:&quot;&quot;,&quot;best&quot;:&quot;5&quot;,&quot;gap&quot;:&quot;5&quot;,&quot;greet&quot;:&quot;Valora este post&quot;,&quot;legend&quot;:&quot;0\\\/5 - (0 votes)&quot;,&quot;size&quot;:&quot;22&quot;,&quot;title&quot;:&quot;Extreme\u00f1o hace historia como primer fisioterapeuta en la Real Academia de Medicina de C\u00e1diz&quot;,&quot;width&quot;:&quot;0&quot;,&quot;_legend&quot;:&quot;{score}\\\/{best} - ({count} {votes})&quot;,&quot;font_factor&quot;:&quot;1.25&quot;}'>\n            \n<div class=\"kksr-stars\">\n    \n<div class=\"kksr-stars-inactive\">\n            <div class=\"kksr-star\" data-star=\"1\" style=\"padding-right: 5px\">\n            \n\n<div class=\"kksr-icon\" style=\"width: 22px; height: 22px;\"><\/div>\n        <\/div>\n            <div class=\"kksr-star\" data-star=\"2\" style=\"padding-right: 5px\">\n            \n\n<div class=\"kksr-icon\" style=\"width: 22px; height: 22px;\"><\/div>\n        <\/div>\n            <div class=\"kksr-star\" data-star=\"3\" style=\"padding-right: 5px\">\n            \n\n<div class=\"kksr-icon\" style=\"width: 22px; height: 22px;\"><\/div>\n        <\/div>\n            <div class=\"kksr-star\" data-star=\"4\" style=\"padding-right: 5px\">\n            \n\n<div class=\"kksr-icon\" style=\"width: 22px; height: 22px;\"><\/div>\n        <\/div>\n            <div class=\"kksr-star\" data-star=\"5\" style=\"padding-right: 5px\">\n            \n\n<div class=\"kksr-icon\" style=\"width: 22px; height: 22px;\"><\/div>\n        <\/div>\n    <\/div>\n    \n<div class=\"kksr-stars-active\" style=\"width: 0px;\">\n            <div class=\"kksr-star\" style=\"padding-right: 5px\">\n            \n\n<div class=\"kksr-icon\" style=\"width: 22px; height: 22px;\"><\/div>\n        <\/div>\n            <div class=\"kksr-star\" style=\"padding-right: 5px\">\n            \n\n<div class=\"kksr-icon\" style=\"width: 22px; height: 22px;\"><\/div>\n        <\/div>\n            <div class=\"kksr-star\" style=\"padding-right: 5px\">\n            \n\n<div class=\"kksr-icon\" style=\"width: 22px; height: 22px;\"><\/div>\n        <\/div>\n            <div class=\"kksr-star\" style=\"padding-right: 5px\">\n            \n\n<div class=\"kksr-icon\" style=\"width: 22px; height: 22px;\"><\/div>\n        <\/div>\n            <div class=\"kksr-star\" style=\"padding-right: 5px\">\n            \n\n<div class=\"kksr-icon\" style=\"width: 22px; height: 22px;\"><\/div>\n        <\/div>\n    <\/div>\n<\/div>\n                \n\n<div class=\"kksr-legend\" style=\"font-size: 17.6px;\">\n            <span class=\"kksr-muted\">Valora este post<\/span>\n    <\/div>\n    <\/div>\n","protected":false},"excerpt":{"rendered":"<p>Un fisioterapeuta extreme\u00f1o se incorpora a la Real Academia de Medicina y Cirug\u00eda de C\u00e1diz Por primera vez en la historia, un fisioterapeuta originario de Extremadura &#8230; <a title=\"Extreme\u00f1o hace historia como primer fisioterapeuta en la Real Academia de Medicina de C\u00e1diz\" class=\"read-more\" href=\"https:\/\/www.diario21.tv\/noticias\/extremeno-hace-historia-como-primer-fisioterapeuta-en-la-real-academia-de-medicina-de-cadiz\/\" aria-label=\"Leer m\u00e1s sobre Extreme\u00f1o hace historia como primer fisioterapeuta en la Real Academia de Medicina de C\u00e1diz\">Seguir leyendo &rarr;<\/a><\/p>\n","protected":false},"author":20,"featured_media":2170,"comment_status":"open","ping_status":"open","sticky":false,"template":"","format":"standard","meta":{"footnotes":""},"categories":[13],"tags":[],"class_list":["post-2169","post","type-post","status-publish","format-standard","has-post-thumbnail","hentry","category-portada"],"yoast_head":"<!-- This site is optimized with the Yoast SEO plugin v25.6 - https:\/\/yoast.com\/wordpress\/plugins\/seo\/ -->\n<title>Extreme\u00f1o hace historia como primer fisioterapeuta en la Real Academia de Medicina de C\u00e1diz - Diario 21<\/title>\n<meta name=\"robots\" content=\"index, follow, max-snippet:-1, max-image-preview:large, max-video-preview:-1\" \/>\n<link rel=\"canonical\" href=\"https:\/\/www.diario21.tv\/noticias\/extremeno-hace-historia-como-primer-fisioterapeuta-en-la-real-academia-de-medicina-de-cadiz\/\" \/>\n<meta property=\"og:locale\" content=\"es_ES\" \/>\n<meta property=\"og:type\" content=\"article\" \/>\n<meta property=\"og:title\" content=\"Extreme\u00f1o hace historia como primer fisioterapeuta en la Real Academia de Medicina de C\u00e1diz - Diario 21\" \/>\n<meta property=\"og:description\" content=\"Un fisioterapeuta extreme\u00f1o se incorpora a la Real Academia de Medicina y Cirug\u00eda de C\u00e1diz Por primera vez en la historia, un fisioterapeuta originario de Extremadura ... Seguir leyendo &rarr;\" \/>\n<meta property=\"og:url\" content=\"https:\/\/www.diario21.tv\/noticias\/extremeno-hace-historia-como-primer-fisioterapeuta-en-la-real-academia-de-medicina-de-cadiz\/\" \/>\n<meta property=\"og:site_name\" content=\"Diario 21\" \/>\n<meta property=\"article:published_time\" content=\"2025-02-16T00:43:05+00:00\" \/>\n<meta property=\"article:modified_time\" content=\"2025-02-16T00:43:07+00:00\" \/>\n<meta property=\"og:image\" content=\"https:\/\/www.diario21.tv\/noticias\/wp-content\/uploads\/2025\/02\/Extremeno-hace-historia-como-primer-fisioterapeuta-en-la-Real-Academia.jpeg\" \/>\n\t<meta property=\"og:image:width\" content=\"1920\" \/>\n\t<meta property=\"og:image:height\" content=\"1080\" \/>\n\t<meta property=\"og:image:type\" content=\"image\/jpeg\" \/>\n<meta name=\"author\" content=\"Juan P\u00e9rez\" \/>\n<meta name=\"twitter:card\" content=\"summary_large_image\" \/>\n<meta name=\"twitter:label1\" content=\"Escrito por\" \/>\n\t<meta name=\"twitter:data1\" content=\"Juan P\u00e9rez\" \/>\n\t<meta name=\"twitter:label2\" content=\"Tiempo de lectura\" \/>\n\t<meta name=\"twitter:data2\" content=\"2 minutos\" \/>\n<script type=\"application\/ld+json\" class=\"yoast-schema-graph\">{\"@context\":\"https:\/\/schema.org\",\"@graph\":[{\"@type\":\"WebPage\",\"@id\":\"https:\/\/www.diario21.tv\/noticias\/extremeno-hace-historia-como-primer-fisioterapeuta-en-la-real-academia-de-medicina-de-cadiz\/\",\"url\":\"https:\/\/www.diario21.tv\/noticias\/extremeno-hace-historia-como-primer-fisioterapeuta-en-la-real-academia-de-medicina-de-cadiz\/\",\"name\":\"Extreme\u00f1o hace historia como primer fisioterapeuta en la Real Academia de Medicina de C\u00e1diz - Diario 21\",\"isPartOf\":{\"@id\":\"https:\/\/www.diario21.tv\/noticias\/#website\"},\"primaryImageOfPage\":{\"@id\":\"https:\/\/www.diario21.tv\/noticias\/extremeno-hace-historia-como-primer-fisioterapeuta-en-la-real-academia-de-medicina-de-cadiz\/#primaryimage\"},\"image\":{\"@id\":\"https:\/\/www.diario21.tv\/noticias\/extremeno-hace-historia-como-primer-fisioterapeuta-en-la-real-academia-de-medicina-de-cadiz\/#primaryimage\"},\"thumbnailUrl\":\"https:\/\/www.diario21.tv\/noticias\/wp-content\/uploads\/2025\/02\/Extremeno-hace-historia-como-primer-fisioterapeuta-en-la-Real-Academia.jpeg\",\"datePublished\":\"2025-02-16T00:43:05+00:00\",\"dateModified\":\"2025-02-16T00:43:07+00:00\",\"author\":{\"@id\":\"https:\/\/www.diario21.tv\/noticias\/#\/schema\/person\/dfb778f73814d8f09f302618446a526b\"},\"breadcrumb\":{\"@id\":\"https:\/\/www.diario21.tv\/noticias\/extremeno-hace-historia-como-primer-fisioterapeuta-en-la-real-academia-de-medicina-de-cadiz\/#breadcrumb\"},\"inLanguage\":\"es-AR\",\"potentialAction\":[{\"@type\":\"ReadAction\",\"target\":[\"https:\/\/www.diario21.tv\/noticias\/extremeno-hace-historia-como-primer-fisioterapeuta-en-la-real-academia-de-medicina-de-cadiz\/\"]}]},{\"@type\":\"ImageObject\",\"inLanguage\":\"es-AR\",\"@id\":\"https:\/\/www.diario21.tv\/noticias\/extremeno-hace-historia-como-primer-fisioterapeuta-en-la-real-academia-de-medicina-de-cadiz\/#primaryimage\",\"url\":\"https:\/\/www.diario21.tv\/noticias\/wp-content\/uploads\/2025\/02\/Extremeno-hace-historia-como-primer-fisioterapeuta-en-la-Real-Academia.jpeg\",\"contentUrl\":\"https:\/\/www.diario21.tv\/noticias\/wp-content\/uploads\/2025\/02\/Extremeno-hace-historia-como-primer-fisioterapeuta-en-la-Real-Academia.jpeg\",\"width\":1920,\"height\":1080,\"caption\":\"Un extreme\u00f1o, primer fisioterapeuta que ingresa en la Real Academia de Medicina y Cirug\u00eda de C\u00e1diz\"},{\"@type\":\"BreadcrumbList\",\"@id\":\"https:\/\/www.diario21.tv\/noticias\/extremeno-hace-historia-como-primer-fisioterapeuta-en-la-real-academia-de-medicina-de-cadiz\/#breadcrumb\",\"itemListElement\":[{\"@type\":\"ListItem\",\"position\":1,\"name\":\"Accueil\",\"item\":\"https:\/\/www.diario21.tv\/noticias\/\"},{\"@type\":\"ListItem\",\"position\":2,\"name\":\"Extreme\u00f1o hace historia como primer fisioterapeuta en la Real Academia de Medicina de C\u00e1diz\"}]},{\"@type\":\"WebSite\",\"@id\":\"https:\/\/www.diario21.tv\/noticias\/#website\",\"url\":\"https:\/\/www.diario21.tv\/noticias\/\",\"name\":\"Diario 21\",\"description\":\"\",\"potentialAction\":[{\"@type\":\"SearchAction\",\"target\":{\"@type\":\"EntryPoint\",\"urlTemplate\":\"https:\/\/www.diario21.tv\/noticias\/?s={search_term_string}\"},\"query-input\":{\"@type\":\"PropertyValueSpecification\",\"valueRequired\":true,\"valueName\":\"search_term_string\"}}],\"inLanguage\":\"es-AR\"},{\"@type\":\"Person\",\"@id\":\"https:\/\/www.diario21.tv\/noticias\/#\/schema\/person\/dfb778f73814d8f09f302618446a526b\",\"name\":\"Juan P\u00e9rez\",\"image\":{\"@type\":\"ImageObject\",\"inLanguage\":\"es-AR\",\"@id\":\"https:\/\/www.diario21.tv\/noticias\/#\/schema\/person\/image\/\",\"url\":\"https:\/\/secure.gravatar.com\/avatar\/c478a405bd10621167f4c3167cc770f5?s=96&d=mm&r=g\",\"contentUrl\":\"https:\/\/secure.gravatar.com\/avatar\/c478a405bd10621167f4c3167cc770f5?s=96&d=mm&r=g\",\"caption\":\"Juan P\u00e9rez\"},\"description\":\"Juan P\u00e9rez es el redactor en jefe de Diario 21. Con m\u00e1s de 10 a\u00f1os de experiencia en el periodismo, se especializa en pol\u00edtica nacional y an\u00e1lisis socioecon\u00f3mico. Su enfoque cr\u00edtico y riguroso aporta una perspectiva \u00fanica a cada art\u00edculo.\",\"sameAs\":[\"https:\/\/www.diario21.tv\/noticias\/\"],\"url\":\"https:\/\/www.diario21.tv\/noticias\/author\/juan-perez\/\"}]}<\/script>\n<!-- \/ Yoast SEO plugin. -->","yoast_head_json":{"title":"Extreme\u00f1o hace historia como primer fisioterapeuta en la Real Academia de Medicina de C\u00e1diz - Diario 21","robots":{"index":"index","follow":"follow","max-snippet":"max-snippet:-1","max-image-preview":"max-image-preview:large","max-video-preview":"max-video-preview:-1"},"canonical":"https:\/\/www.diario21.tv\/noticias\/extremeno-hace-historia-como-primer-fisioterapeuta-en-la-real-academia-de-medicina-de-cadiz\/","og_locale":"es_ES","og_type":"article","og_title":"Extreme\u00f1o hace historia como primer fisioterapeuta en la Real Academia de Medicina de C\u00e1diz - Diario 21","og_description":"Un fisioterapeuta extreme\u00f1o se incorpora a la Real Academia de Medicina y Cirug\u00eda de C\u00e1diz Por primera vez en la historia, un fisioterapeuta originario de Extremadura ... Seguir leyendo &rarr;","og_url":"https:\/\/www.diario21.tv\/noticias\/extremeno-hace-historia-como-primer-fisioterapeuta-en-la-real-academia-de-medicina-de-cadiz\/","og_site_name":"Diario 21","article_published_time":"2025-02-16T00:43:05+00:00","article_modified_time":"2025-02-16T00:43:07+00:00","og_image":[{"width":1920,"height":1080,"url":"https:\/\/www.diario21.tv\/noticias\/wp-content\/uploads\/2025\/02\/Extremeno-hace-historia-como-primer-fisioterapeuta-en-la-Real-Academia.jpeg","type":"image\/jpeg"}],"author":"Juan P\u00e9rez","twitter_card":"summary_large_image","twitter_misc":{"Escrito por":"Juan P\u00e9rez","Tiempo de lectura":"2 minutos"},"schema":{"@context":"https:\/\/schema.org","@graph":[{"@type":"WebPage","@id":"https:\/\/www.diario21.tv\/noticias\/extremeno-hace-historia-como-primer-fisioterapeuta-en-la-real-academia-de-medicina-de-cadiz\/","url":"https:\/\/www.diario21.tv\/noticias\/extremeno-hace-historia-como-primer-fisioterapeuta-en-la-real-academia-de-medicina-de-cadiz\/","name":"Extreme\u00f1o hace historia como primer fisioterapeuta en la Real Academia de Medicina de C\u00e1diz - Diario 21","isPartOf":{"@id":"https:\/\/www.diario21.tv\/noticias\/#website"},"primaryImageOfPage":{"@id":"https:\/\/www.diario21.tv\/noticias\/extremeno-hace-historia-como-primer-fisioterapeuta-en-la-real-academia-de-medicina-de-cadiz\/#primaryimage"},"image":{"@id":"https:\/\/www.diario21.tv\/noticias\/extremeno-hace-historia-como-primer-fisioterapeuta-en-la-real-academia-de-medicina-de-cadiz\/#primaryimage"},"thumbnailUrl":"https:\/\/www.diario21.tv\/noticias\/wp-content\/uploads\/2025\/02\/Extremeno-hace-historia-como-primer-fisioterapeuta-en-la-Real-Academia.jpeg","datePublished":"2025-02-16T00:43:05+00:00","dateModified":"2025-02-16T00:43:07+00:00","author":{"@id":"https:\/\/www.diario21.tv\/noticias\/#\/schema\/person\/dfb778f73814d8f09f302618446a526b"},"breadcrumb":{"@id":"https:\/\/www.diario21.tv\/noticias\/extremeno-hace-historia-como-primer-fisioterapeuta-en-la-real-academia-de-medicina-de-cadiz\/#breadcrumb"},"inLanguage":"es-AR","potentialAction":[{"@type":"ReadAction","target":["https:\/\/www.diario21.tv\/noticias\/extremeno-hace-historia-como-primer-fisioterapeuta-en-la-real-academia-de-medicina-de-cadiz\/"]}]},{"@type":"ImageObject","inLanguage":"es-AR","@id":"https:\/\/www.diario21.tv\/noticias\/extremeno-hace-historia-como-primer-fisioterapeuta-en-la-real-academia-de-medicina-de-cadiz\/#primaryimage","url":"https:\/\/www.diario21.tv\/noticias\/wp-content\/uploads\/2025\/02\/Extremeno-hace-historia-como-primer-fisioterapeuta-en-la-Real-Academia.jpeg","contentUrl":"https:\/\/www.diario21.tv\/noticias\/wp-content\/uploads\/2025\/02\/Extremeno-hace-historia-como-primer-fisioterapeuta-en-la-Real-Academia.jpeg","width":1920,"height":1080,"caption":"Un extreme\u00f1o, primer fisioterapeuta que ingresa en la Real Academia de Medicina y Cirug\u00eda de C\u00e1diz"},{"@type":"BreadcrumbList","@id":"https:\/\/www.diario21.tv\/noticias\/extremeno-hace-historia-como-primer-fisioterapeuta-en-la-real-academia-de-medicina-de-cadiz\/#breadcrumb","itemListElement":[{"@type":"ListItem","position":1,"name":"Accueil","item":"https:\/\/www.diario21.tv\/noticias\/"},{"@type":"ListItem","position":2,"name":"Extreme\u00f1o hace historia como primer fisioterapeuta en la Real Academia de Medicina de C\u00e1diz"}]},{"@type":"WebSite","@id":"https:\/\/www.diario21.tv\/noticias\/#website","url":"https:\/\/www.diario21.tv\/noticias\/","name":"Diario 21","description":"","potentialAction":[{"@type":"SearchAction","target":{"@type":"EntryPoint","urlTemplate":"https:\/\/www.diario21.tv\/noticias\/?s={search_term_string}"},"query-input":{"@type":"PropertyValueSpecification","valueRequired":true,"valueName":"search_term_string"}}],"inLanguage":"es-AR"},{"@type":"Person","@id":"https:\/\/www.diario21.tv\/noticias\/#\/schema\/person\/dfb778f73814d8f09f302618446a526b","name":"Juan P\u00e9rez","image":{"@type":"ImageObject","inLanguage":"es-AR","@id":"https:\/\/www.diario21.tv\/noticias\/#\/schema\/person\/image\/","url":"https:\/\/secure.gravatar.com\/avatar\/c478a405bd10621167f4c3167cc770f5?s=96&d=mm&r=g","contentUrl":"https:\/\/secure.gravatar.com\/avatar\/c478a405bd10621167f4c3167cc770f5?s=96&d=mm&r=g","caption":"Juan P\u00e9rez"},"description":"Juan P\u00e9rez es el redactor en jefe de Diario 21. Con m\u00e1s de 10 a\u00f1os de experiencia en el periodismo, se especializa en pol\u00edtica nacional y an\u00e1lisis socioecon\u00f3mico. Su enfoque cr\u00edtico y riguroso aporta una perspectiva \u00fanica a cada art\u00edculo.","sameAs":["https:\/\/www.diario21.tv\/noticias\/"],"url":"https:\/\/www.diario21.tv\/noticias\/author\/juan-perez\/"}]}},"_links":{"self":[{"href":"https:\/\/www.diario21.tv\/noticias\/wp-json\/wp\/v2\/posts\/2169"}],"collection":[{"href":"https:\/\/www.diario21.tv\/noticias\/wp-json\/wp\/v2\/posts"}],"about":[{"href":"https:\/\/www.diario21.tv\/noticias\/wp-json\/wp\/v2\/types\/post"}],"author":[{"embeddable":true,"href":"https:\/\/www.diario21.tv\/noticias\/wp-json\/wp\/v2\/users\/20"}],"replies":[{"embeddable":true,"href":"https:\/\/www.diario21.tv\/noticias\/wp-json\/wp\/v2\/comments?post=2169"}],"version-history":[{"count":1,"href":"https:\/\/www.diario21.tv\/noticias\/wp-json\/wp\/v2\/posts\/2169\/revisions"}],"predecessor-version":[{"id":2171,"href":"https:\/\/www.diario21.tv\/noticias\/wp-json\/wp\/v2\/posts\/2169\/revisions\/2171"}],"wp:featuredmedia":[{"embeddable":true,"href":"https:\/\/www.diario21.tv\/noticias\/wp-json\/wp\/v2\/media\/2170"}],"wp:attachment":[{"href":"https:\/\/www.diario21.tv\/noticias\/wp-json\/wp\/v2\/media?parent=2169"}],"wp:term":[{"taxonomy":"category","embeddable":true,"href":"https:\/\/www.diario21.tv\/noticias\/wp-json\/wp\/v2\/categories?post=2169"},{"taxonomy":"post_tag","embeddable":true,"href":"https:\/\/www.diario21.tv\/noticias\/wp-json\/wp\/v2\/tags?post=2169"}],"curies":[{"name":"wp","href":"https:\/\/api.w.org\/{rel}","templated":true}]}}