{"id":2142,"date":"2025-02-13T17:11:29","date_gmt":"2025-02-13T17:11:29","guid":{"rendered":"https:\/\/www.diario21.tv\/noticias\/atencion-nueva-ley-de-dependencia-teleasistencia-universal-amigos-cuidadores-y-pagos-retroactivos\/"},"modified":"2025-02-13T17:11:32","modified_gmt":"2025-02-13T17:11:32","slug":"atencion-nueva-ley-de-dependencia-teleasistencia-universal-amigos-cuidadores-y-pagos-retroactivos","status":"publish","type":"post","link":"https:\/\/www.diario21.tv\/noticias\/atencion-nueva-ley-de-dependencia-teleasistencia-universal-amigos-cuidadores-y-pagos-retroactivos\/","title":{"rendered":"\u00a1Atenci\u00f3n! Nueva ley de dependencia: teleasistencia universal, amigos cuidadores y pagos retroactivos"},"content":{"rendered":"<h2>Cambios Recientes en la Legislaci\u00f3n de Dependencia: Implementaci\u00f3n de Teleasistencia Universal, Cuidadores Compensados y Retribuciones Retroactivas<\/h2>\n<p>En un esfuerzo por mejorar la calidad de vida de las personas dependientes, la legislaci\u00f3n reciente ha introducido varias modificaciones significativas. Estas incluyen la expansi\u00f3n de los servicios de teleasistencia a todos los individuos reconocidos como dependientes, la formalizaci\u00f3n del rol de los amigos como cuidadores, y la introducci\u00f3n de pagos retroactivos para compensar retrasos en la recepci\u00f3n de beneficios.<\/p>\n<h3>Teleasistencia para Todos los Dependientes<\/h3>\n<p>El sistema de teleasistencia, que anteriormente estaba limitado a ciertos grupos dentro de la poblaci\u00f3n dependiente, ahora se extiende a todos los individuos con esta condici\u00f3n reconocida legalmente. Este servicio proporciona a los usuarios un dispositivo que pueden usar para solicitar ayuda inmediata en casos de emergencia. Esto no solo mejora la seguridad y el bienestar de las personas dependientes, sino que tambi\u00e9n ofrece tranquilidad a sus familiares, sabiendo que pueden recibir asistencia r\u00e1pida en cualquier momento.<\/p>\n<h3>Reconocimiento de Amigos como Cuidadores Oficiales<\/h3>\n<p>Uno de los cambios m\u00e1s notables es el reconocimiento oficial de los amigos de las personas dependientes como cuidadores. Esto significa que los amigos que dedican tiempo y esfuerzo al cuidado de sus seres queridos ahora pueden recibir compensaci\u00f3n por su trabajo. Esta medida busca ampliar la red de apoyo social para las personas dependientes, permitiendo que un espectro m\u00e1s amplio de individuos participe en el cuidado y reciba el reconocimiento y apoyo financiero adecuados.<\/p>\n<h3>Pagos Retroactivos para Compensar Retrasos<\/h3>\n<p>Adem\u00e1s, la nueva legislaci\u00f3n aborda el problema de los retrasos en el pago de las prestaciones. Muchas veces, las personas dependientes y sus familias enfrentan dificultades financieras debido a la demora en la recepci\u00f3n de los beneficios. La ley ahora incluye una disposici\u00f3n para pagos retroactivos, asegurando que las personas dependientes reciban la compensaci\u00f3n correspondiente a partir de la fecha en que se present\u00f3 originalmente la solicitud, independientemente de cu\u00e1ndo se procese finalmente.<\/p>\n<p>Estos cambios representan un avance significativo en el apoyo a las personas dependientes y sus cuidadores. Al expandir los servicios de teleasistencia a todos los dependientes, reconocer a los amigos como cuidadores oficiales y asegurar pagos retroactivos, la ley busca ofrecer un sistema m\u00e1s inclusivo y justo que responda efectivamente a las necesidades de esta poblaci\u00f3n vulnerable.<\/p>\n\n\n<div class=\"kk-star-ratings kksr-auto kksr-align-left kksr-valign-bottom\"\n    data-payload='{&quot;align&quot;:&quot;left&quot;,&quot;id&quot;:&quot;2142&quot;,&quot;slug&quot;:&quot;default&quot;,&quot;valign&quot;:&quot;bottom&quot;,&quot;ignore&quot;:&quot;&quot;,&quot;reference&quot;:&quot;auto&quot;,&quot;class&quot;:&quot;&quot;,&quot;count&quot;:&quot;0&quot;,&quot;legendonly&quot;:&quot;&quot;,&quot;readonly&quot;:&quot;&quot;,&quot;score&quot;:&quot;0&quot;,&quot;starsonly&quot;:&quot;&quot;,&quot;best&quot;:&quot;5&quot;,&quot;gap&quot;:&quot;5&quot;,&quot;greet&quot;:&quot;Valora este post&quot;,&quot;legend&quot;:&quot;0\\\/5 - (0 votes)&quot;,&quot;size&quot;:&quot;22&quot;,&quot;title&quot;:&quot;\u00a1Atenci\u00f3n! Nueva ley de dependencia: teleasistencia universal, amigos cuidadores y pagos retroactivos&quot;,&quot;width&quot;:&quot;0&quot;,&quot;_legend&quot;:&quot;{score}\\\/{best} - ({count} {votes})&quot;,&quot;font_factor&quot;:&quot;1.25&quot;}'>\n            \n<div class=\"kksr-stars\">\n    \n<div class=\"kksr-stars-inactive\">\n            <div class=\"kksr-star\" data-star=\"1\" style=\"padding-right: 5px\">\n            \n\n<div class=\"kksr-icon\" style=\"width: 22px; height: 22px;\"><\/div>\n        <\/div>\n            <div class=\"kksr-star\" data-star=\"2\" style=\"padding-right: 5px\">\n            \n\n<div class=\"kksr-icon\" style=\"width: 22px; height: 22px;\"><\/div>\n        <\/div>\n            <div class=\"kksr-star\" data-star=\"3\" style=\"padding-right: 5px\">\n            \n\n<div class=\"kksr-icon\" style=\"width: 22px; height: 22px;\"><\/div>\n        <\/div>\n            <div class=\"kksr-star\" data-star=\"4\" style=\"padding-right: 5px\">\n            \n\n<div class=\"kksr-icon\" style=\"width: 22px; height: 22px;\"><\/div>\n        <\/div>\n            <div class=\"kksr-star\" data-star=\"5\" style=\"padding-right: 5px\">\n            \n\n<div class=\"kksr-icon\" style=\"width: 22px; height: 22px;\"><\/div>\n        <\/div>\n    <\/div>\n    \n<div class=\"kksr-stars-active\" style=\"width: 0px;\">\n            <div class=\"kksr-star\" style=\"padding-right: 5px\">\n            \n\n<div class=\"kksr-icon\" style=\"width: 22px; height: 22px;\"><\/div>\n        <\/div>\n            <div class=\"kksr-star\" style=\"padding-right: 5px\">\n            \n\n<div class=\"kksr-icon\" style=\"width: 22px; height: 22px;\"><\/div>\n        <\/div>\n            <div class=\"kksr-star\" style=\"padding-right: 5px\">\n            \n\n<div class=\"kksr-icon\" style=\"width: 22px; height: 22px;\"><\/div>\n        <\/div>\n            <div class=\"kksr-star\" style=\"padding-right: 5px\">\n            \n\n<div class=\"kksr-icon\" style=\"width: 22px; height: 22px;\"><\/div>\n        <\/div>\n            <div class=\"kksr-star\" style=\"padding-right: 5px\">\n            \n\n<div class=\"kksr-icon\" style=\"width: 22px; height: 22px;\"><\/div>\n        <\/div>\n    <\/div>\n<\/div>\n                \n\n<div class=\"kksr-legend\" style=\"font-size: 17.6px;\">\n            <span class=\"kksr-muted\">Valora este post<\/span>\n    <\/div>\n    <\/div>\n","protected":false},"excerpt":{"rendered":"<p>Cambios Recientes en la Legislaci\u00f3n de Dependencia: Implementaci\u00f3n de Teleasistencia Universal, Cuidadores Compensados y Retribuciones Retroactivas En un esfuerzo por mejorar la calidad de vida de &#8230; <a title=\"\u00a1Atenci\u00f3n! Nueva ley de dependencia: teleasistencia universal, amigos cuidadores y pagos retroactivos\" class=\"read-more\" href=\"https:\/\/www.diario21.tv\/noticias\/atencion-nueva-ley-de-dependencia-teleasistencia-universal-amigos-cuidadores-y-pagos-retroactivos\/\" aria-label=\"Leer m\u00e1s sobre \u00a1Atenci\u00f3n! Nueva ley de dependencia: teleasistencia universal, amigos cuidadores y pagos retroactivos\">Seguir leyendo &rarr;<\/a><\/p>\n","protected":false},"author":20,"featured_media":2143,"comment_status":"open","ping_status":"open","sticky":false,"template":"","format":"standard","meta":{"footnotes":""},"categories":[13],"tags":[],"class_list":["post-2142","post","type-post","status-publish","format-standard","has-post-thumbnail","hentry","category-portada"],"yoast_head":"<!-- This site is optimized with the Yoast SEO plugin v25.6 - https:\/\/yoast.com\/wordpress\/plugins\/seo\/ -->\n<title>\u00a1Atenci\u00f3n! Nueva ley de dependencia: teleasistencia universal, amigos cuidadores y pagos retroactivos - Diario 21<\/title>\n<meta name=\"robots\" content=\"index, follow, max-snippet:-1, max-image-preview:large, max-video-preview:-1\" \/>\n<link rel=\"canonical\" href=\"https:\/\/www.diario21.tv\/noticias\/atencion-nueva-ley-de-dependencia-teleasistencia-universal-amigos-cuidadores-y-pagos-retroactivos\/\" \/>\n<meta property=\"og:locale\" content=\"es_ES\" \/>\n<meta property=\"og:type\" content=\"article\" \/>\n<meta property=\"og:title\" content=\"\u00a1Atenci\u00f3n! Nueva ley de dependencia: teleasistencia universal, amigos cuidadores y pagos retroactivos - Diario 21\" \/>\n<meta property=\"og:description\" content=\"Cambios Recientes en la Legislaci\u00f3n de Dependencia: Implementaci\u00f3n de Teleasistencia Universal, Cuidadores Compensados y Retribuciones Retroactivas En un esfuerzo por mejorar la calidad de vida de ... Seguir leyendo &rarr;\" \/>\n<meta property=\"og:url\" content=\"https:\/\/www.diario21.tv\/noticias\/atencion-nueva-ley-de-dependencia-teleasistencia-universal-amigos-cuidadores-y-pagos-retroactivos\/\" \/>\n<meta property=\"og:site_name\" content=\"Diario 21\" \/>\n<meta property=\"article:published_time\" content=\"2025-02-13T17:11:29+00:00\" \/>\n<meta property=\"article:modified_time\" content=\"2025-02-13T17:11:32+00:00\" \/>\n<meta property=\"og:image\" content=\"https:\/\/www.diario21.tv\/noticias\/wp-content\/uploads\/2025\/02\/\u00a1Atencion-Nueva-ley-de-dependencia-teleasistencia-universal-amigos-cuidadores-y-scaled.jpg\" \/>\n\t<meta property=\"og:image:width\" content=\"2560\" \/>\n\t<meta property=\"og:image:height\" content=\"1657\" \/>\n\t<meta property=\"og:image:type\" content=\"image\/jpeg\" \/>\n<meta name=\"author\" content=\"Juan P\u00e9rez\" \/>\n<meta name=\"twitter:card\" content=\"summary_large_image\" \/>\n<meta name=\"twitter:label1\" content=\"Escrito por\" \/>\n\t<meta name=\"twitter:data1\" content=\"Juan P\u00e9rez\" \/>\n\t<meta name=\"twitter:label2\" content=\"Tiempo de lectura\" \/>\n\t<meta name=\"twitter:data2\" content=\"2 minutos\" \/>\n<script type=\"application\/ld+json\" class=\"yoast-schema-graph\">{\"@context\":\"https:\/\/schema.org\",\"@graph\":[{\"@type\":\"WebPage\",\"@id\":\"https:\/\/www.diario21.tv\/noticias\/atencion-nueva-ley-de-dependencia-teleasistencia-universal-amigos-cuidadores-y-pagos-retroactivos\/\",\"url\":\"https:\/\/www.diario21.tv\/noticias\/atencion-nueva-ley-de-dependencia-teleasistencia-universal-amigos-cuidadores-y-pagos-retroactivos\/\",\"name\":\"\u00a1Atenci\u00f3n! Nueva ley de dependencia: teleasistencia universal, amigos cuidadores y pagos retroactivos - Diario 21\",\"isPartOf\":{\"@id\":\"https:\/\/www.diario21.tv\/noticias\/#website\"},\"primaryImageOfPage\":{\"@id\":\"https:\/\/www.diario21.tv\/noticias\/atencion-nueva-ley-de-dependencia-teleasistencia-universal-amigos-cuidadores-y-pagos-retroactivos\/#primaryimage\"},\"image\":{\"@id\":\"https:\/\/www.diario21.tv\/noticias\/atencion-nueva-ley-de-dependencia-teleasistencia-universal-amigos-cuidadores-y-pagos-retroactivos\/#primaryimage\"},\"thumbnailUrl\":\"https:\/\/www.diario21.tv\/noticias\/wp-content\/uploads\/2025\/02\/\u00a1Atencion-Nueva-ley-de-dependencia-teleasistencia-universal-amigos-cuidadores-y-scaled.jpg\",\"datePublished\":\"2025-02-13T17:11:29+00:00\",\"dateModified\":\"2025-02-13T17:11:32+00:00\",\"author\":{\"@id\":\"https:\/\/www.diario21.tv\/noticias\/#\/schema\/person\/dfb778f73814d8f09f302618446a526b\"},\"breadcrumb\":{\"@id\":\"https:\/\/www.diario21.tv\/noticias\/atencion-nueva-ley-de-dependencia-teleasistencia-universal-amigos-cuidadores-y-pagos-retroactivos\/#breadcrumb\"},\"inLanguage\":\"es-AR\",\"potentialAction\":[{\"@type\":\"ReadAction\",\"target\":[\"https:\/\/www.diario21.tv\/noticias\/atencion-nueva-ley-de-dependencia-teleasistencia-universal-amigos-cuidadores-y-pagos-retroactivos\/\"]}]},{\"@type\":\"ImageObject\",\"inLanguage\":\"es-AR\",\"@id\":\"https:\/\/www.diario21.tv\/noticias\/atencion-nueva-ley-de-dependencia-teleasistencia-universal-amigos-cuidadores-y-pagos-retroactivos\/#primaryimage\",\"url\":\"https:\/\/www.diario21.tv\/noticias\/wp-content\/uploads\/2025\/02\/\u00a1Atencion-Nueva-ley-de-dependencia-teleasistencia-universal-amigos-cuidadores-y-scaled.jpg\",\"contentUrl\":\"https:\/\/www.diario21.tv\/noticias\/wp-content\/uploads\/2025\/02\/\u00a1Atencion-Nueva-ley-de-dependencia-teleasistencia-universal-amigos-cuidadores-y-scaled.jpg\",\"width\":2560,\"height\":1657,\"caption\":\"Novedades de la ley de dependencia: teleasistencia para todos, amigos cuidadores y pago retroactivo\"},{\"@type\":\"BreadcrumbList\",\"@id\":\"https:\/\/www.diario21.tv\/noticias\/atencion-nueva-ley-de-dependencia-teleasistencia-universal-amigos-cuidadores-y-pagos-retroactivos\/#breadcrumb\",\"itemListElement\":[{\"@type\":\"ListItem\",\"position\":1,\"name\":\"Accueil\",\"item\":\"https:\/\/www.diario21.tv\/noticias\/\"},{\"@type\":\"ListItem\",\"position\":2,\"name\":\"\u00a1Atenci\u00f3n! Nueva ley de dependencia: teleasistencia universal, amigos cuidadores y pagos retroactivos\"}]},{\"@type\":\"WebSite\",\"@id\":\"https:\/\/www.diario21.tv\/noticias\/#website\",\"url\":\"https:\/\/www.diario21.tv\/noticias\/\",\"name\":\"Diario 21\",\"description\":\"\",\"potentialAction\":[{\"@type\":\"SearchAction\",\"target\":{\"@type\":\"EntryPoint\",\"urlTemplate\":\"https:\/\/www.diario21.tv\/noticias\/?s={search_term_string}\"},\"query-input\":{\"@type\":\"PropertyValueSpecification\",\"valueRequired\":true,\"valueName\":\"search_term_string\"}}],\"inLanguage\":\"es-AR\"},{\"@type\":\"Person\",\"@id\":\"https:\/\/www.diario21.tv\/noticias\/#\/schema\/person\/dfb778f73814d8f09f302618446a526b\",\"name\":\"Juan P\u00e9rez\",\"image\":{\"@type\":\"ImageObject\",\"inLanguage\":\"es-AR\",\"@id\":\"https:\/\/www.diario21.tv\/noticias\/#\/schema\/person\/image\/\",\"url\":\"https:\/\/secure.gravatar.com\/avatar\/c478a405bd10621167f4c3167cc770f5?s=96&d=mm&r=g\",\"contentUrl\":\"https:\/\/secure.gravatar.com\/avatar\/c478a405bd10621167f4c3167cc770f5?s=96&d=mm&r=g\",\"caption\":\"Juan P\u00e9rez\"},\"description\":\"Juan P\u00e9rez es el redactor en jefe de Diario 21. Con m\u00e1s de 10 a\u00f1os de experiencia en el periodismo, se especializa en pol\u00edtica nacional y an\u00e1lisis socioecon\u00f3mico. Su enfoque cr\u00edtico y riguroso aporta una perspectiva \u00fanica a cada art\u00edculo.\",\"sameAs\":[\"https:\/\/www.diario21.tv\/noticias\/\"],\"url\":\"https:\/\/www.diario21.tv\/noticias\/author\/juan-perez\/\"}]}<\/script>\n<!-- \/ Yoast SEO plugin. -->","yoast_head_json":{"title":"\u00a1Atenci\u00f3n! Nueva ley de dependencia: teleasistencia universal, amigos cuidadores y pagos retroactivos - Diario 21","robots":{"index":"index","follow":"follow","max-snippet":"max-snippet:-1","max-image-preview":"max-image-preview:large","max-video-preview":"max-video-preview:-1"},"canonical":"https:\/\/www.diario21.tv\/noticias\/atencion-nueva-ley-de-dependencia-teleasistencia-universal-amigos-cuidadores-y-pagos-retroactivos\/","og_locale":"es_ES","og_type":"article","og_title":"\u00a1Atenci\u00f3n! Nueva ley de dependencia: teleasistencia universal, amigos cuidadores y pagos retroactivos - Diario 21","og_description":"Cambios Recientes en la Legislaci\u00f3n de Dependencia: Implementaci\u00f3n de Teleasistencia Universal, Cuidadores Compensados y Retribuciones Retroactivas En un esfuerzo por mejorar la calidad de vida de ... Seguir leyendo &rarr;","og_url":"https:\/\/www.diario21.tv\/noticias\/atencion-nueva-ley-de-dependencia-teleasistencia-universal-amigos-cuidadores-y-pagos-retroactivos\/","og_site_name":"Diario 21","article_published_time":"2025-02-13T17:11:29+00:00","article_modified_time":"2025-02-13T17:11:32+00:00","og_image":[{"width":2560,"height":1657,"url":"https:\/\/www.diario21.tv\/noticias\/wp-content\/uploads\/2025\/02\/\u00a1Atencion-Nueva-ley-de-dependencia-teleasistencia-universal-amigos-cuidadores-y-scaled.jpg","type":"image\/jpeg"}],"author":"Juan P\u00e9rez","twitter_card":"summary_large_image","twitter_misc":{"Escrito por":"Juan P\u00e9rez","Tiempo de lectura":"2 minutos"},"schema":{"@context":"https:\/\/schema.org","@graph":[{"@type":"WebPage","@id":"https:\/\/www.diario21.tv\/noticias\/atencion-nueva-ley-de-dependencia-teleasistencia-universal-amigos-cuidadores-y-pagos-retroactivos\/","url":"https:\/\/www.diario21.tv\/noticias\/atencion-nueva-ley-de-dependencia-teleasistencia-universal-amigos-cuidadores-y-pagos-retroactivos\/","name":"\u00a1Atenci\u00f3n! Nueva ley de dependencia: teleasistencia universal, amigos cuidadores y pagos retroactivos - Diario 21","isPartOf":{"@id":"https:\/\/www.diario21.tv\/noticias\/#website"},"primaryImageOfPage":{"@id":"https:\/\/www.diario21.tv\/noticias\/atencion-nueva-ley-de-dependencia-teleasistencia-universal-amigos-cuidadores-y-pagos-retroactivos\/#primaryimage"},"image":{"@id":"https:\/\/www.diario21.tv\/noticias\/atencion-nueva-ley-de-dependencia-teleasistencia-universal-amigos-cuidadores-y-pagos-retroactivos\/#primaryimage"},"thumbnailUrl":"https:\/\/www.diario21.tv\/noticias\/wp-content\/uploads\/2025\/02\/\u00a1Atencion-Nueva-ley-de-dependencia-teleasistencia-universal-amigos-cuidadores-y-scaled.jpg","datePublished":"2025-02-13T17:11:29+00:00","dateModified":"2025-02-13T17:11:32+00:00","author":{"@id":"https:\/\/www.diario21.tv\/noticias\/#\/schema\/person\/dfb778f73814d8f09f302618446a526b"},"breadcrumb":{"@id":"https:\/\/www.diario21.tv\/noticias\/atencion-nueva-ley-de-dependencia-teleasistencia-universal-amigos-cuidadores-y-pagos-retroactivos\/#breadcrumb"},"inLanguage":"es-AR","potentialAction":[{"@type":"ReadAction","target":["https:\/\/www.diario21.tv\/noticias\/atencion-nueva-ley-de-dependencia-teleasistencia-universal-amigos-cuidadores-y-pagos-retroactivos\/"]}]},{"@type":"ImageObject","inLanguage":"es-AR","@id":"https:\/\/www.diario21.tv\/noticias\/atencion-nueva-ley-de-dependencia-teleasistencia-universal-amigos-cuidadores-y-pagos-retroactivos\/#primaryimage","url":"https:\/\/www.diario21.tv\/noticias\/wp-content\/uploads\/2025\/02\/\u00a1Atencion-Nueva-ley-de-dependencia-teleasistencia-universal-amigos-cuidadores-y-scaled.jpg","contentUrl":"https:\/\/www.diario21.tv\/noticias\/wp-content\/uploads\/2025\/02\/\u00a1Atencion-Nueva-ley-de-dependencia-teleasistencia-universal-amigos-cuidadores-y-scaled.jpg","width":2560,"height":1657,"caption":"Novedades de la ley de dependencia: teleasistencia para todos, amigos cuidadores y pago retroactivo"},{"@type":"BreadcrumbList","@id":"https:\/\/www.diario21.tv\/noticias\/atencion-nueva-ley-de-dependencia-teleasistencia-universal-amigos-cuidadores-y-pagos-retroactivos\/#breadcrumb","itemListElement":[{"@type":"ListItem","position":1,"name":"Accueil","item":"https:\/\/www.diario21.tv\/noticias\/"},{"@type":"ListItem","position":2,"name":"\u00a1Atenci\u00f3n! Nueva ley de dependencia: teleasistencia universal, amigos cuidadores y pagos retroactivos"}]},{"@type":"WebSite","@id":"https:\/\/www.diario21.tv\/noticias\/#website","url":"https:\/\/www.diario21.tv\/noticias\/","name":"Diario 21","description":"","potentialAction":[{"@type":"SearchAction","target":{"@type":"EntryPoint","urlTemplate":"https:\/\/www.diario21.tv\/noticias\/?s={search_term_string}"},"query-input":{"@type":"PropertyValueSpecification","valueRequired":true,"valueName":"search_term_string"}}],"inLanguage":"es-AR"},{"@type":"Person","@id":"https:\/\/www.diario21.tv\/noticias\/#\/schema\/person\/dfb778f73814d8f09f302618446a526b","name":"Juan P\u00e9rez","image":{"@type":"ImageObject","inLanguage":"es-AR","@id":"https:\/\/www.diario21.tv\/noticias\/#\/schema\/person\/image\/","url":"https:\/\/secure.gravatar.com\/avatar\/c478a405bd10621167f4c3167cc770f5?s=96&d=mm&r=g","contentUrl":"https:\/\/secure.gravatar.com\/avatar\/c478a405bd10621167f4c3167cc770f5?s=96&d=mm&r=g","caption":"Juan P\u00e9rez"},"description":"Juan P\u00e9rez es el redactor en jefe de Diario 21. Con m\u00e1s de 10 a\u00f1os de experiencia en el periodismo, se especializa en pol\u00edtica nacional y an\u00e1lisis socioecon\u00f3mico. Su enfoque cr\u00edtico y riguroso aporta una perspectiva \u00fanica a cada art\u00edculo.","sameAs":["https:\/\/www.diario21.tv\/noticias\/"],"url":"https:\/\/www.diario21.tv\/noticias\/author\/juan-perez\/"}]}},"_links":{"self":[{"href":"https:\/\/www.diario21.tv\/noticias\/wp-json\/wp\/v2\/posts\/2142"}],"collection":[{"href":"https:\/\/www.diario21.tv\/noticias\/wp-json\/wp\/v2\/posts"}],"about":[{"href":"https:\/\/www.diario21.tv\/noticias\/wp-json\/wp\/v2\/types\/post"}],"author":[{"embeddable":true,"href":"https:\/\/www.diario21.tv\/noticias\/wp-json\/wp\/v2\/users\/20"}],"replies":[{"embeddable":true,"href":"https:\/\/www.diario21.tv\/noticias\/wp-json\/wp\/v2\/comments?post=2142"}],"version-history":[{"count":1,"href":"https:\/\/www.diario21.tv\/noticias\/wp-json\/wp\/v2\/posts\/2142\/revisions"}],"predecessor-version":[{"id":2144,"href":"https:\/\/www.diario21.tv\/noticias\/wp-json\/wp\/v2\/posts\/2142\/revisions\/2144"}],"wp:featuredmedia":[{"embeddable":true,"href":"https:\/\/www.diario21.tv\/noticias\/wp-json\/wp\/v2\/media\/2143"}],"wp:attachment":[{"href":"https:\/\/www.diario21.tv\/noticias\/wp-json\/wp\/v2\/media?parent=2142"}],"wp:term":[{"taxonomy":"category","embeddable":true,"href":"https:\/\/www.diario21.tv\/noticias\/wp-json\/wp\/v2\/categories?post=2142"},{"taxonomy":"post_tag","embeddable":true,"href":"https:\/\/www.diario21.tv\/noticias\/wp-json\/wp\/v2\/tags?post=2142"}],"curies":[{"name":"wp","href":"https:\/\/api.w.org\/{rel}","templated":true}]}}