{"id":2136,"date":"2025-02-13T05:00:28","date_gmt":"2025-02-13T05:00:28","guid":{"rendered":"https:\/\/www.diario21.tv\/noticias\/condenado-a-un-ano-de-carcel-por-tocar-indebidamente-a-una-enfermera\/"},"modified":"2025-02-13T05:00:30","modified_gmt":"2025-02-13T05:00:30","slug":"condenado-a-un-ano-de-carcel-por-tocar-indebidamente-a-una-enfermera","status":"publish","type":"post","link":"https:\/\/www.diario21.tv\/noticias\/condenado-a-un-ano-de-carcel-por-tocar-indebidamente-a-una-enfermera\/","title":{"rendered":"Condenado a un a\u00f1o de c\u00e1rcel por tocar indebidamente a una enfermera"},"content":{"rendered":"<h2>Condena de un A\u00f1o en Prisi\u00f3n por Realizar &#8220;Tocamientos&#8221; a una Enfermera<\/h2>\n<p>En un reciente fallo judicial, un individuo ha sido sentenciado a un a\u00f1o de c\u00e1rcel despu\u00e9s de ser hallado culpable de realizar tocamientos indebidos a una enfermera. El incidente, que tuvo lugar en un centro m\u00e9dico, ha generado una gran controversia y ha puesto de relieve la importancia de la seguridad en los entornos de trabajo para los profesionales de la salud.<\/p>\n<h3>Detalles del Incidente<\/h3>\n<p>El condenado, cuya identidad no ha sido divulgada, fue acusado de tocar inapropiadamente la nalga de una enfermera mientras ella desempe\u00f1aba sus funciones. El suceso ocurri\u00f3 sin consentimiento de la v\u00edctima, lo cual result\u00f3 en una denuncia inmediata por parte de la enfermera afectada.<\/p>\n<h3>Respuesta del Sistema Judicial<\/h3>\n<p>Tras el reporte del incidente, se inici\u00f3 una investigaci\u00f3n que culmin\u00f3 con la detenci\u00f3n del acusado. Durante el juicio, se presentaron pruebas contundentes que demostraron la culpabilidad del individuo. El tribunal, tras evaluar el caso, decidi\u00f3 imponer una condena de un a\u00f1o de prisi\u00f3n, destacando la gravedad del acto y la necesidad de ofrecer un entorno seguro para todos los trabajadores del sector sanitario.<\/p>\n<h3>Reacciones y Consecuencias<\/h3>\n<p>La sentencia ha provocado diversas reacciones entre la comunidad m\u00e9dica y la sociedad en general. Muchos han aplaudido la decisi\u00f3n del tribunal de tomar acciones firmes contra conductas que violan la integridad personal de los trabajadores de la salud. Por otro lado, ha surgido un di\u00e1logo sobre las medidas de seguridad en los centros m\u00e9dicos y la protecci\u00f3n legal para el personal que enfrenta situaciones similares.<\/p>\n<p>Este caso subraya la importancia de mantener un ambiente de trabajo respetuoso y seguro, libre de cualquier forma de acoso o abuso. La condena no solo busca castigar al culpable, sino tambi\u00e9n enviar un mensaje claro sobre la inaceptabilidad de tales comportamientos en espacios profesionales, especialmente en aquellos relacionados con la salud.<\/p>\n<h3>Medidas a Futuro<\/h3>\n<p>Como resultado de este incidente, se ha instado a las instituciones de salud a revisar y fortalecer sus protocolos de seguridad, asegurando que tales actos no se repitan y que haya canales claros y efectivos para reportar cualquier incidente de acoso. Adem\u00e1s, se est\u00e1 promoviendo una mayor educaci\u00f3n y entrenamiento sobre el respeto y la \u00e9tica profesional en el ambiente laboral.<\/p>\n<p>Este caso sirve como un recordatorio cr\u00edtico de que la seguridad y el respeto en el lugar de trabajo son fundamentales para el bienestar de todos los empleados y que la justicia debe prevalecer para mantener la integridad de nuestros espacios laborales y personales.<\/p>\n\n\n<div class=\"kk-star-ratings kksr-auto kksr-align-left kksr-valign-bottom\"\n    data-payload='{&quot;align&quot;:&quot;left&quot;,&quot;id&quot;:&quot;2136&quot;,&quot;slug&quot;:&quot;default&quot;,&quot;valign&quot;:&quot;bottom&quot;,&quot;ignore&quot;:&quot;&quot;,&quot;reference&quot;:&quot;auto&quot;,&quot;class&quot;:&quot;&quot;,&quot;count&quot;:&quot;0&quot;,&quot;legendonly&quot;:&quot;&quot;,&quot;readonly&quot;:&quot;&quot;,&quot;score&quot;:&quot;0&quot;,&quot;starsonly&quot;:&quot;&quot;,&quot;best&quot;:&quot;5&quot;,&quot;gap&quot;:&quot;5&quot;,&quot;greet&quot;:&quot;Valora este post&quot;,&quot;legend&quot;:&quot;0\\\/5 - (0 votes)&quot;,&quot;size&quot;:&quot;22&quot;,&quot;title&quot;:&quot;Condenado a un a\u00f1o de c\u00e1rcel por tocar indebidamente a una enfermera&quot;,&quot;width&quot;:&quot;0&quot;,&quot;_legend&quot;:&quot;{score}\\\/{best} - ({count} {votes})&quot;,&quot;font_factor&quot;:&quot;1.25&quot;}'>\n            \n<div class=\"kksr-stars\">\n    \n<div class=\"kksr-stars-inactive\">\n            <div class=\"kksr-star\" data-star=\"1\" style=\"padding-right: 5px\">\n            \n\n<div class=\"kksr-icon\" style=\"width: 22px; height: 22px;\"><\/div>\n        <\/div>\n            <div class=\"kksr-star\" data-star=\"2\" style=\"padding-right: 5px\">\n            \n\n<div class=\"kksr-icon\" style=\"width: 22px; height: 22px;\"><\/div>\n        <\/div>\n            <div class=\"kksr-star\" data-star=\"3\" style=\"padding-right: 5px\">\n            \n\n<div class=\"kksr-icon\" style=\"width: 22px; height: 22px;\"><\/div>\n        <\/div>\n            <div class=\"kksr-star\" data-star=\"4\" style=\"padding-right: 5px\">\n            \n\n<div class=\"kksr-icon\" style=\"width: 22px; height: 22px;\"><\/div>\n        <\/div>\n            <div class=\"kksr-star\" data-star=\"5\" style=\"padding-right: 5px\">\n            \n\n<div class=\"kksr-icon\" style=\"width: 22px; height: 22px;\"><\/div>\n        <\/div>\n    <\/div>\n    \n<div class=\"kksr-stars-active\" style=\"width: 0px;\">\n            <div class=\"kksr-star\" style=\"padding-right: 5px\">\n            \n\n<div class=\"kksr-icon\" style=\"width: 22px; height: 22px;\"><\/div>\n        <\/div>\n            <div class=\"kksr-star\" style=\"padding-right: 5px\">\n            \n\n<div class=\"kksr-icon\" style=\"width: 22px; height: 22px;\"><\/div>\n        <\/div>\n            <div class=\"kksr-star\" style=\"padding-right: 5px\">\n            \n\n<div class=\"kksr-icon\" style=\"width: 22px; height: 22px;\"><\/div>\n        <\/div>\n            <div class=\"kksr-star\" style=\"padding-right: 5px\">\n            \n\n<div class=\"kksr-icon\" style=\"width: 22px; height: 22px;\"><\/div>\n        <\/div>\n            <div class=\"kksr-star\" style=\"padding-right: 5px\">\n            \n\n<div class=\"kksr-icon\" style=\"width: 22px; height: 22px;\"><\/div>\n        <\/div>\n    <\/div>\n<\/div>\n                \n\n<div class=\"kksr-legend\" style=\"font-size: 17.6px;\">\n            <span class=\"kksr-muted\">Valora este post<\/span>\n    <\/div>\n    <\/div>\n","protected":false},"excerpt":{"rendered":"<p>Condena de un A\u00f1o en Prisi\u00f3n por Realizar &#8220;Tocamientos&#8221; a una Enfermera En un reciente fallo judicial, un individuo ha sido sentenciado a un a\u00f1o de &#8230; <a title=\"Condenado a un a\u00f1o de c\u00e1rcel por tocar indebidamente a una enfermera\" class=\"read-more\" href=\"https:\/\/www.diario21.tv\/noticias\/condenado-a-un-ano-de-carcel-por-tocar-indebidamente-a-una-enfermera\/\" aria-label=\"Leer m\u00e1s sobre Condenado a un a\u00f1o de c\u00e1rcel por tocar indebidamente a una enfermera\">Seguir leyendo &rarr;<\/a><\/p>\n","protected":false},"author":20,"featured_media":2137,"comment_status":"open","ping_status":"open","sticky":false,"template":"","format":"standard","meta":{"footnotes":""},"categories":[13],"tags":[],"class_list":["post-2136","post","type-post","status-publish","format-standard","has-post-thumbnail","hentry","category-portada"],"yoast_head":"<!-- This site is optimized with the Yoast SEO plugin v25.6 - https:\/\/yoast.com\/wordpress\/plugins\/seo\/ -->\n<title>Condenado a un a\u00f1o de c\u00e1rcel por tocar indebidamente a una enfermera - Diario 21<\/title>\n<meta name=\"robots\" content=\"index, follow, max-snippet:-1, max-image-preview:large, max-video-preview:-1\" \/>\n<link rel=\"canonical\" href=\"https:\/\/www.diario21.tv\/noticias\/condenado-a-un-ano-de-carcel-por-tocar-indebidamente-a-una-enfermera\/\" \/>\n<meta property=\"og:locale\" content=\"es_ES\" \/>\n<meta property=\"og:type\" content=\"article\" \/>\n<meta property=\"og:title\" content=\"Condenado a un a\u00f1o de c\u00e1rcel por tocar indebidamente a una enfermera - Diario 21\" \/>\n<meta property=\"og:description\" content=\"Condena de un A\u00f1o en Prisi\u00f3n por Realizar &#8220;Tocamientos&#8221; a una Enfermera En un reciente fallo judicial, un individuo ha sido sentenciado a un a\u00f1o de ... Seguir leyendo &rarr;\" \/>\n<meta property=\"og:url\" content=\"https:\/\/www.diario21.tv\/noticias\/condenado-a-un-ano-de-carcel-por-tocar-indebidamente-a-una-enfermera\/\" \/>\n<meta property=\"og:site_name\" content=\"Diario 21\" \/>\n<meta property=\"article:published_time\" content=\"2025-02-13T05:00:28+00:00\" \/>\n<meta property=\"article:modified_time\" content=\"2025-02-13T05:00:30+00:00\" \/>\n<meta property=\"og:image\" content=\"https:\/\/www.diario21.tv\/noticias\/wp-content\/uploads\/2025\/02\/Condenado-a-un-ano-de-carcel-por-tocar-indebidamente-a.jpg\" \/>\n\t<meta property=\"og:image:width\" content=\"1920\" \/>\n\t<meta property=\"og:image:height\" content=\"1080\" \/>\n\t<meta property=\"og:image:type\" content=\"image\/jpeg\" \/>\n<meta name=\"author\" content=\"Juan P\u00e9rez\" \/>\n<meta name=\"twitter:card\" content=\"summary_large_image\" \/>\n<meta name=\"twitter:label1\" content=\"Escrito por\" \/>\n\t<meta name=\"twitter:data1\" content=\"Juan P\u00e9rez\" \/>\n\t<meta name=\"twitter:label2\" content=\"Tiempo de lectura\" \/>\n\t<meta name=\"twitter:data2\" content=\"2 minutos\" \/>\n<script type=\"application\/ld+json\" class=\"yoast-schema-graph\">{\"@context\":\"https:\/\/schema.org\",\"@graph\":[{\"@type\":\"WebPage\",\"@id\":\"https:\/\/www.diario21.tv\/noticias\/condenado-a-un-ano-de-carcel-por-tocar-indebidamente-a-una-enfermera\/\",\"url\":\"https:\/\/www.diario21.tv\/noticias\/condenado-a-un-ano-de-carcel-por-tocar-indebidamente-a-una-enfermera\/\",\"name\":\"Condenado a un a\u00f1o de c\u00e1rcel por tocar indebidamente a una enfermera - Diario 21\",\"isPartOf\":{\"@id\":\"https:\/\/www.diario21.tv\/noticias\/#website\"},\"primaryImageOfPage\":{\"@id\":\"https:\/\/www.diario21.tv\/noticias\/condenado-a-un-ano-de-carcel-por-tocar-indebidamente-a-una-enfermera\/#primaryimage\"},\"image\":{\"@id\":\"https:\/\/www.diario21.tv\/noticias\/condenado-a-un-ano-de-carcel-por-tocar-indebidamente-a-una-enfermera\/#primaryimage\"},\"thumbnailUrl\":\"https:\/\/www.diario21.tv\/noticias\/wp-content\/uploads\/2025\/02\/Condenado-a-un-ano-de-carcel-por-tocar-indebidamente-a.jpg\",\"datePublished\":\"2025-02-13T05:00:28+00:00\",\"dateModified\":\"2025-02-13T05:00:30+00:00\",\"author\":{\"@id\":\"https:\/\/www.diario21.tv\/noticias\/#\/schema\/person\/dfb778f73814d8f09f302618446a526b\"},\"breadcrumb\":{\"@id\":\"https:\/\/www.diario21.tv\/noticias\/condenado-a-un-ano-de-carcel-por-tocar-indebidamente-a-una-enfermera\/#breadcrumb\"},\"inLanguage\":\"es-AR\",\"potentialAction\":[{\"@type\":\"ReadAction\",\"target\":[\"https:\/\/www.diario21.tv\/noticias\/condenado-a-un-ano-de-carcel-por-tocar-indebidamente-a-una-enfermera\/\"]}]},{\"@type\":\"ImageObject\",\"inLanguage\":\"es-AR\",\"@id\":\"https:\/\/www.diario21.tv\/noticias\/condenado-a-un-ano-de-carcel-por-tocar-indebidamente-a-una-enfermera\/#primaryimage\",\"url\":\"https:\/\/www.diario21.tv\/noticias\/wp-content\/uploads\/2025\/02\/Condenado-a-un-ano-de-carcel-por-tocar-indebidamente-a.jpg\",\"contentUrl\":\"https:\/\/www.diario21.tv\/noticias\/wp-content\/uploads\/2025\/02\/Condenado-a-un-ano-de-carcel-por-tocar-indebidamente-a.jpg\",\"width\":1920,\"height\":1080,\"caption\":\"Un a\u00f1o de prisi\u00f3n por \u00abtocamientos\u00bb en la nalga a una enfermera\"},{\"@type\":\"BreadcrumbList\",\"@id\":\"https:\/\/www.diario21.tv\/noticias\/condenado-a-un-ano-de-carcel-por-tocar-indebidamente-a-una-enfermera\/#breadcrumb\",\"itemListElement\":[{\"@type\":\"ListItem\",\"position\":1,\"name\":\"Accueil\",\"item\":\"https:\/\/www.diario21.tv\/noticias\/\"},{\"@type\":\"ListItem\",\"position\":2,\"name\":\"Condenado a un a\u00f1o de c\u00e1rcel por tocar indebidamente a una enfermera\"}]},{\"@type\":\"WebSite\",\"@id\":\"https:\/\/www.diario21.tv\/noticias\/#website\",\"url\":\"https:\/\/www.diario21.tv\/noticias\/\",\"name\":\"Diario 21\",\"description\":\"\",\"potentialAction\":[{\"@type\":\"SearchAction\",\"target\":{\"@type\":\"EntryPoint\",\"urlTemplate\":\"https:\/\/www.diario21.tv\/noticias\/?s={search_term_string}\"},\"query-input\":{\"@type\":\"PropertyValueSpecification\",\"valueRequired\":true,\"valueName\":\"search_term_string\"}}],\"inLanguage\":\"es-AR\"},{\"@type\":\"Person\",\"@id\":\"https:\/\/www.diario21.tv\/noticias\/#\/schema\/person\/dfb778f73814d8f09f302618446a526b\",\"name\":\"Juan P\u00e9rez\",\"image\":{\"@type\":\"ImageObject\",\"inLanguage\":\"es-AR\",\"@id\":\"https:\/\/www.diario21.tv\/noticias\/#\/schema\/person\/image\/\",\"url\":\"https:\/\/secure.gravatar.com\/avatar\/c478a405bd10621167f4c3167cc770f5?s=96&d=mm&r=g\",\"contentUrl\":\"https:\/\/secure.gravatar.com\/avatar\/c478a405bd10621167f4c3167cc770f5?s=96&d=mm&r=g\",\"caption\":\"Juan P\u00e9rez\"},\"description\":\"Juan P\u00e9rez es el redactor en jefe de Diario 21. Con m\u00e1s de 10 a\u00f1os de experiencia en el periodismo, se especializa en pol\u00edtica nacional y an\u00e1lisis socioecon\u00f3mico. Su enfoque cr\u00edtico y riguroso aporta una perspectiva \u00fanica a cada art\u00edculo.\",\"sameAs\":[\"https:\/\/www.diario21.tv\/noticias\/\"],\"url\":\"https:\/\/www.diario21.tv\/noticias\/author\/juan-perez\/\"}]}<\/script>\n<!-- \/ Yoast SEO plugin. -->","yoast_head_json":{"title":"Condenado a un a\u00f1o de c\u00e1rcel por tocar indebidamente a una enfermera - Diario 21","robots":{"index":"index","follow":"follow","max-snippet":"max-snippet:-1","max-image-preview":"max-image-preview:large","max-video-preview":"max-video-preview:-1"},"canonical":"https:\/\/www.diario21.tv\/noticias\/condenado-a-un-ano-de-carcel-por-tocar-indebidamente-a-una-enfermera\/","og_locale":"es_ES","og_type":"article","og_title":"Condenado a un a\u00f1o de c\u00e1rcel por tocar indebidamente a una enfermera - Diario 21","og_description":"Condena de un A\u00f1o en Prisi\u00f3n por Realizar &#8220;Tocamientos&#8221; a una Enfermera En un reciente fallo judicial, un individuo ha sido sentenciado a un a\u00f1o de ... Seguir leyendo &rarr;","og_url":"https:\/\/www.diario21.tv\/noticias\/condenado-a-un-ano-de-carcel-por-tocar-indebidamente-a-una-enfermera\/","og_site_name":"Diario 21","article_published_time":"2025-02-13T05:00:28+00:00","article_modified_time":"2025-02-13T05:00:30+00:00","og_image":[{"width":1920,"height":1080,"url":"https:\/\/www.diario21.tv\/noticias\/wp-content\/uploads\/2025\/02\/Condenado-a-un-ano-de-carcel-por-tocar-indebidamente-a.jpg","type":"image\/jpeg"}],"author":"Juan P\u00e9rez","twitter_card":"summary_large_image","twitter_misc":{"Escrito por":"Juan P\u00e9rez","Tiempo de lectura":"2 minutos"},"schema":{"@context":"https:\/\/schema.org","@graph":[{"@type":"WebPage","@id":"https:\/\/www.diario21.tv\/noticias\/condenado-a-un-ano-de-carcel-por-tocar-indebidamente-a-una-enfermera\/","url":"https:\/\/www.diario21.tv\/noticias\/condenado-a-un-ano-de-carcel-por-tocar-indebidamente-a-una-enfermera\/","name":"Condenado a un a\u00f1o de c\u00e1rcel por tocar indebidamente a una enfermera - Diario 21","isPartOf":{"@id":"https:\/\/www.diario21.tv\/noticias\/#website"},"primaryImageOfPage":{"@id":"https:\/\/www.diario21.tv\/noticias\/condenado-a-un-ano-de-carcel-por-tocar-indebidamente-a-una-enfermera\/#primaryimage"},"image":{"@id":"https:\/\/www.diario21.tv\/noticias\/condenado-a-un-ano-de-carcel-por-tocar-indebidamente-a-una-enfermera\/#primaryimage"},"thumbnailUrl":"https:\/\/www.diario21.tv\/noticias\/wp-content\/uploads\/2025\/02\/Condenado-a-un-ano-de-carcel-por-tocar-indebidamente-a.jpg","datePublished":"2025-02-13T05:00:28+00:00","dateModified":"2025-02-13T05:00:30+00:00","author":{"@id":"https:\/\/www.diario21.tv\/noticias\/#\/schema\/person\/dfb778f73814d8f09f302618446a526b"},"breadcrumb":{"@id":"https:\/\/www.diario21.tv\/noticias\/condenado-a-un-ano-de-carcel-por-tocar-indebidamente-a-una-enfermera\/#breadcrumb"},"inLanguage":"es-AR","potentialAction":[{"@type":"ReadAction","target":["https:\/\/www.diario21.tv\/noticias\/condenado-a-un-ano-de-carcel-por-tocar-indebidamente-a-una-enfermera\/"]}]},{"@type":"ImageObject","inLanguage":"es-AR","@id":"https:\/\/www.diario21.tv\/noticias\/condenado-a-un-ano-de-carcel-por-tocar-indebidamente-a-una-enfermera\/#primaryimage","url":"https:\/\/www.diario21.tv\/noticias\/wp-content\/uploads\/2025\/02\/Condenado-a-un-ano-de-carcel-por-tocar-indebidamente-a.jpg","contentUrl":"https:\/\/www.diario21.tv\/noticias\/wp-content\/uploads\/2025\/02\/Condenado-a-un-ano-de-carcel-por-tocar-indebidamente-a.jpg","width":1920,"height":1080,"caption":"Un a\u00f1o de prisi\u00f3n por \u00abtocamientos\u00bb en la nalga a una enfermera"},{"@type":"BreadcrumbList","@id":"https:\/\/www.diario21.tv\/noticias\/condenado-a-un-ano-de-carcel-por-tocar-indebidamente-a-una-enfermera\/#breadcrumb","itemListElement":[{"@type":"ListItem","position":1,"name":"Accueil","item":"https:\/\/www.diario21.tv\/noticias\/"},{"@type":"ListItem","position":2,"name":"Condenado a un a\u00f1o de c\u00e1rcel por tocar indebidamente a una enfermera"}]},{"@type":"WebSite","@id":"https:\/\/www.diario21.tv\/noticias\/#website","url":"https:\/\/www.diario21.tv\/noticias\/","name":"Diario 21","description":"","potentialAction":[{"@type":"SearchAction","target":{"@type":"EntryPoint","urlTemplate":"https:\/\/www.diario21.tv\/noticias\/?s={search_term_string}"},"query-input":{"@type":"PropertyValueSpecification","valueRequired":true,"valueName":"search_term_string"}}],"inLanguage":"es-AR"},{"@type":"Person","@id":"https:\/\/www.diario21.tv\/noticias\/#\/schema\/person\/dfb778f73814d8f09f302618446a526b","name":"Juan P\u00e9rez","image":{"@type":"ImageObject","inLanguage":"es-AR","@id":"https:\/\/www.diario21.tv\/noticias\/#\/schema\/person\/image\/","url":"https:\/\/secure.gravatar.com\/avatar\/c478a405bd10621167f4c3167cc770f5?s=96&d=mm&r=g","contentUrl":"https:\/\/secure.gravatar.com\/avatar\/c478a405bd10621167f4c3167cc770f5?s=96&d=mm&r=g","caption":"Juan P\u00e9rez"},"description":"Juan P\u00e9rez es el redactor en jefe de Diario 21. Con m\u00e1s de 10 a\u00f1os de experiencia en el periodismo, se especializa en pol\u00edtica nacional y an\u00e1lisis socioecon\u00f3mico. Su enfoque cr\u00edtico y riguroso aporta una perspectiva \u00fanica a cada art\u00edculo.","sameAs":["https:\/\/www.diario21.tv\/noticias\/"],"url":"https:\/\/www.diario21.tv\/noticias\/author\/juan-perez\/"}]}},"_links":{"self":[{"href":"https:\/\/www.diario21.tv\/noticias\/wp-json\/wp\/v2\/posts\/2136"}],"collection":[{"href":"https:\/\/www.diario21.tv\/noticias\/wp-json\/wp\/v2\/posts"}],"about":[{"href":"https:\/\/www.diario21.tv\/noticias\/wp-json\/wp\/v2\/types\/post"}],"author":[{"embeddable":true,"href":"https:\/\/www.diario21.tv\/noticias\/wp-json\/wp\/v2\/users\/20"}],"replies":[{"embeddable":true,"href":"https:\/\/www.diario21.tv\/noticias\/wp-json\/wp\/v2\/comments?post=2136"}],"version-history":[{"count":1,"href":"https:\/\/www.diario21.tv\/noticias\/wp-json\/wp\/v2\/posts\/2136\/revisions"}],"predecessor-version":[{"id":2138,"href":"https:\/\/www.diario21.tv\/noticias\/wp-json\/wp\/v2\/posts\/2136\/revisions\/2138"}],"wp:featuredmedia":[{"embeddable":true,"href":"https:\/\/www.diario21.tv\/noticias\/wp-json\/wp\/v2\/media\/2137"}],"wp:attachment":[{"href":"https:\/\/www.diario21.tv\/noticias\/wp-json\/wp\/v2\/media?parent=2136"}],"wp:term":[{"taxonomy":"category","embeddable":true,"href":"https:\/\/www.diario21.tv\/noticias\/wp-json\/wp\/v2\/categories?post=2136"},{"taxonomy":"post_tag","embeddable":true,"href":"https:\/\/www.diario21.tv\/noticias\/wp-json\/wp\/v2\/tags?post=2136"}],"curies":[{"name":"wp","href":"https:\/\/api.w.org\/{rel}","templated":true}]}}