{"id":2133,"date":"2025-02-12T22:58:25","date_gmt":"2025-02-12T22:58:25","guid":{"rendered":"https:\/\/www.diario21.tv\/noticias\/impactante-familia-recibe-190-000-euros-tras-muerte-de-paciente-por-ictus\/"},"modified":"2025-02-12T22:58:26","modified_gmt":"2025-02-12T22:58:26","slug":"impactante-familia-recibe-190-000-euros-tras-muerte-de-paciente-por-ictus","status":"publish","type":"post","link":"https:\/\/www.diario21.tv\/noticias\/impactante-familia-recibe-190-000-euros-tras-muerte-de-paciente-por-ictus\/","title":{"rendered":"\u00a1Impactante! Familia recibe 190.000 euros tras muerte de paciente por ictus"},"content":{"rendered":"<h2>Compensaci\u00f3n de 190.000 Euros por la Muerte de un Paciente de Ictus<\/h2>\n<p>En un reciente fallo judicial, se ha concedido una compensaci\u00f3n de 190.000 euros a la familia de un hombre que falleci\u00f3 debido a un manejo inadecuado de su condici\u00f3n de ictus por parte del personal m\u00e9dico. Este caso ha resaltado las serias implicaciones de no seguir los protocolos m\u00e9dicos establecidos y ha puesto de manifiesto la necesidad de adherirse estrictamente a las gu\u00edas cl\u00ednicas para el tratamiento de emergencias m\u00e9dicas.<\/p>\n<h3>Detalles del Caso<\/h3>\n<p>El paciente, cuya identidad no ha sido revelada, sufri\u00f3 un ictus y fue llevado de urgencia a un hospital local. Sin embargo, debido a errores en el diagn\u00f3stico y demoras en la aplicaci\u00f3n del tratamiento adecuado, su condici\u00f3n se deterior\u00f3 r\u00e1pidamente. La familia del fallecido argument\u00f3 que el personal m\u00e9dico no administr\u00f3 el tratamiento necesario a tiempo, lo que, seg\u00fan ellos, podr\u00eda haber salvado la vida del paciente o al menos mejorado su calidad de vida.<\/p>\n<h3>Fallo Judicial y Compensaci\u00f3n<\/h3>\n<p>Tras una larga batalla legal, el tribunal dictamin\u00f3 a favor de la familia del paciente, se\u00f1alando que hubo negligencia por parte del equipo m\u00e9dico al manejar la situaci\u00f3n. El juez destac\u00f3 que hab\u00eda claras evidencias de que no se siguieron los protocolos m\u00e9dicos adecuados que son cruciales en el tratamiento de un ictus. Como resultado, la familia fue indemnizada con 190.000 euros, reconocimiento que busca compensar el da\u00f1o moral y material sufrido por los familiares del difunto.<\/p>\n<h3>Impacto del Veredicto<\/h3>\n<p>Este veredicto tiene importantes implicaciones para el sector salud, poniendo en relieve la importancia de la capacitaci\u00f3n continua y la adherencia a los protocolos m\u00e9dicos. Adem\u00e1s, subraya la necesidad de que los hospitales revisen y actualicen regularmente sus procedimientos de emergencia para evitar errores que puedan costar vidas.<\/p>\n<p>Este caso tambi\u00e9n sirve como un recordatorio crucial para el personal m\u00e9dico sobre la gravedad de su responsabilidad y las consecuencias legales de la negligencia m\u00e9dica. Se espera que este fallo motive a los profesionales de la salud a mantener una vigilancia constante y a seguir rigurosamente los lineamientos cl\u00ednicos para mejorar el cuidado del paciente y minimizar los riesgos de litigios futuros.<\/p>\n<h3>Reacciones y Consecuencias<\/h3>\n<p>La familia, aunque satisfecha con el fallo, expres\u00f3 su deseo de que este caso sirva para mejorar los sistemas de atenci\u00f3n m\u00e9dica y evitar que otras familias sufran p\u00e9rdidas similares. Por su parte, el hospital involucrado no ha emitido comentarios sobre el veredicto, pero se espera que el caso lleve a mejoras significativas en los protocolos de tratamiento y en la formaci\u00f3n del personal m\u00e9dico.<\/p>\n<p>Esta compensaci\u00f3n no solo refleja la gravedad del error m\u00e9dico, sino que tambi\u00e9n subraya el valor de la vida humana y el derecho de los pacientes a recibir un cuidado m\u00e9dico competente y oportuno. La esperanza es que este caso fomente una atenci\u00f3n m\u00e9dica m\u00e1s segura y efectiva, que pueda prevenir futuras tragedias causadas por negligencias similares.<\/p>\n\n\n<div class=\"kk-star-ratings kksr-auto kksr-align-left kksr-valign-bottom\"\n    data-payload='{&quot;align&quot;:&quot;left&quot;,&quot;id&quot;:&quot;2133&quot;,&quot;slug&quot;:&quot;default&quot;,&quot;valign&quot;:&quot;bottom&quot;,&quot;ignore&quot;:&quot;&quot;,&quot;reference&quot;:&quot;auto&quot;,&quot;class&quot;:&quot;&quot;,&quot;count&quot;:&quot;0&quot;,&quot;legendonly&quot;:&quot;&quot;,&quot;readonly&quot;:&quot;&quot;,&quot;score&quot;:&quot;0&quot;,&quot;starsonly&quot;:&quot;&quot;,&quot;best&quot;:&quot;5&quot;,&quot;gap&quot;:&quot;5&quot;,&quot;greet&quot;:&quot;Valora este post&quot;,&quot;legend&quot;:&quot;0\\\/5 - (0 votes)&quot;,&quot;size&quot;:&quot;22&quot;,&quot;title&quot;:&quot;\u00a1Impactante! Familia recibe 190.000 euros tras muerte de paciente por ictus&quot;,&quot;width&quot;:&quot;0&quot;,&quot;_legend&quot;:&quot;{score}\\\/{best} - ({count} {votes})&quot;,&quot;font_factor&quot;:&quot;1.25&quot;}'>\n            \n<div class=\"kksr-stars\">\n    \n<div class=\"kksr-stars-inactive\">\n            <div class=\"kksr-star\" data-star=\"1\" style=\"padding-right: 5px\">\n            \n\n<div class=\"kksr-icon\" style=\"width: 22px; height: 22px;\"><\/div>\n        <\/div>\n            <div class=\"kksr-star\" data-star=\"2\" style=\"padding-right: 5px\">\n            \n\n<div class=\"kksr-icon\" style=\"width: 22px; height: 22px;\"><\/div>\n        <\/div>\n            <div class=\"kksr-star\" data-star=\"3\" style=\"padding-right: 5px\">\n            \n\n<div class=\"kksr-icon\" style=\"width: 22px; height: 22px;\"><\/div>\n        <\/div>\n            <div class=\"kksr-star\" data-star=\"4\" style=\"padding-right: 5px\">\n            \n\n<div class=\"kksr-icon\" style=\"width: 22px; height: 22px;\"><\/div>\n        <\/div>\n            <div class=\"kksr-star\" data-star=\"5\" style=\"padding-right: 5px\">\n            \n\n<div class=\"kksr-icon\" style=\"width: 22px; height: 22px;\"><\/div>\n        <\/div>\n    <\/div>\n    \n<div class=\"kksr-stars-active\" style=\"width: 0px;\">\n            <div class=\"kksr-star\" style=\"padding-right: 5px\">\n            \n\n<div class=\"kksr-icon\" style=\"width: 22px; height: 22px;\"><\/div>\n        <\/div>\n            <div class=\"kksr-star\" style=\"padding-right: 5px\">\n            \n\n<div class=\"kksr-icon\" style=\"width: 22px; height: 22px;\"><\/div>\n        <\/div>\n            <div class=\"kksr-star\" style=\"padding-right: 5px\">\n            \n\n<div class=\"kksr-icon\" style=\"width: 22px; height: 22px;\"><\/div>\n        <\/div>\n            <div class=\"kksr-star\" style=\"padding-right: 5px\">\n            \n\n<div class=\"kksr-icon\" style=\"width: 22px; height: 22px;\"><\/div>\n        <\/div>\n            <div class=\"kksr-star\" style=\"padding-right: 5px\">\n            \n\n<div class=\"kksr-icon\" style=\"width: 22px; height: 22px;\"><\/div>\n        <\/div>\n    <\/div>\n<\/div>\n                \n\n<div class=\"kksr-legend\" style=\"font-size: 17.6px;\">\n            <span class=\"kksr-muted\">Valora este post<\/span>\n    <\/div>\n    <\/div>\n","protected":false},"excerpt":{"rendered":"<p>Compensaci\u00f3n de 190.000 Euros por la Muerte de un Paciente de Ictus En un reciente fallo judicial, se ha concedido una compensaci\u00f3n de 190.000 euros a &#8230; <a title=\"\u00a1Impactante! Familia recibe 190.000 euros tras muerte de paciente por ictus\" class=\"read-more\" href=\"https:\/\/www.diario21.tv\/noticias\/impactante-familia-recibe-190-000-euros-tras-muerte-de-paciente-por-ictus\/\" aria-label=\"Leer m\u00e1s sobre \u00a1Impactante! Familia recibe 190.000 euros tras muerte de paciente por ictus\">Seguir leyendo &rarr;<\/a><\/p>\n","protected":false},"author":20,"featured_media":2134,"comment_status":"open","ping_status":"open","sticky":false,"template":"","format":"standard","meta":{"footnotes":""},"categories":[13],"tags":[],"class_list":["post-2133","post","type-post","status-publish","format-standard","has-post-thumbnail","hentry","category-portada"],"yoast_head":"<!-- This site is optimized with the Yoast SEO plugin v25.6 - https:\/\/yoast.com\/wordpress\/plugins\/seo\/ -->\n<title>\u00a1Impactante! Familia recibe 190.000 euros tras muerte de paciente por ictus - Diario 21<\/title>\n<meta name=\"robots\" content=\"index, follow, max-snippet:-1, max-image-preview:large, max-video-preview:-1\" \/>\n<link rel=\"canonical\" href=\"https:\/\/www.diario21.tv\/noticias\/impactante-familia-recibe-190-000-euros-tras-muerte-de-paciente-por-ictus\/\" \/>\n<meta property=\"og:locale\" content=\"es_ES\" \/>\n<meta property=\"og:type\" content=\"article\" \/>\n<meta property=\"og:title\" content=\"\u00a1Impactante! Familia recibe 190.000 euros tras muerte de paciente por ictus - Diario 21\" \/>\n<meta property=\"og:description\" content=\"Compensaci\u00f3n de 190.000 Euros por la Muerte de un Paciente de Ictus En un reciente fallo judicial, se ha concedido una compensaci\u00f3n de 190.000 euros a ... Seguir leyendo &rarr;\" \/>\n<meta property=\"og:url\" content=\"https:\/\/www.diario21.tv\/noticias\/impactante-familia-recibe-190-000-euros-tras-muerte-de-paciente-por-ictus\/\" \/>\n<meta property=\"og:site_name\" content=\"Diario 21\" \/>\n<meta property=\"article:published_time\" content=\"2025-02-12T22:58:25+00:00\" \/>\n<meta property=\"article:modified_time\" content=\"2025-02-12T22:58:26+00:00\" \/>\n<meta property=\"og:image\" content=\"https:\/\/www.diario21.tv\/noticias\/wp-content\/uploads\/2025\/02\/\u00a1Impactante-Familia-recibe-190000-euros-tras-muerte-de-paciente-por.jpg\" \/>\n\t<meta property=\"og:image:width\" content=\"1920\" \/>\n\t<meta property=\"og:image:height\" content=\"1080\" \/>\n\t<meta property=\"og:image:type\" content=\"image\/jpeg\" \/>\n<meta name=\"author\" content=\"Juan P\u00e9rez\" \/>\n<meta name=\"twitter:card\" content=\"summary_large_image\" \/>\n<meta name=\"twitter:label1\" content=\"Escrito por\" \/>\n\t<meta name=\"twitter:data1\" content=\"Juan P\u00e9rez\" \/>\n\t<meta name=\"twitter:label2\" content=\"Tiempo de lectura\" \/>\n\t<meta name=\"twitter:data2\" content=\"3 minutos\" \/>\n<script type=\"application\/ld+json\" class=\"yoast-schema-graph\">{\"@context\":\"https:\/\/schema.org\",\"@graph\":[{\"@type\":\"WebPage\",\"@id\":\"https:\/\/www.diario21.tv\/noticias\/impactante-familia-recibe-190-000-euros-tras-muerte-de-paciente-por-ictus\/\",\"url\":\"https:\/\/www.diario21.tv\/noticias\/impactante-familia-recibe-190-000-euros-tras-muerte-de-paciente-por-ictus\/\",\"name\":\"\u00a1Impactante! Familia recibe 190.000 euros tras muerte de paciente por ictus - Diario 21\",\"isPartOf\":{\"@id\":\"https:\/\/www.diario21.tv\/noticias\/#website\"},\"primaryImageOfPage\":{\"@id\":\"https:\/\/www.diario21.tv\/noticias\/impactante-familia-recibe-190-000-euros-tras-muerte-de-paciente-por-ictus\/#primaryimage\"},\"image\":{\"@id\":\"https:\/\/www.diario21.tv\/noticias\/impactante-familia-recibe-190-000-euros-tras-muerte-de-paciente-por-ictus\/#primaryimage\"},\"thumbnailUrl\":\"https:\/\/www.diario21.tv\/noticias\/wp-content\/uploads\/2025\/02\/\u00a1Impactante-Familia-recibe-190000-euros-tras-muerte-de-paciente-por.jpg\",\"datePublished\":\"2025-02-12T22:58:25+00:00\",\"dateModified\":\"2025-02-12T22:58:26+00:00\",\"author\":{\"@id\":\"https:\/\/www.diario21.tv\/noticias\/#\/schema\/person\/dfb778f73814d8f09f302618446a526b\"},\"breadcrumb\":{\"@id\":\"https:\/\/www.diario21.tv\/noticias\/impactante-familia-recibe-190-000-euros-tras-muerte-de-paciente-por-ictus\/#breadcrumb\"},\"inLanguage\":\"es-AR\",\"potentialAction\":[{\"@type\":\"ReadAction\",\"target\":[\"https:\/\/www.diario21.tv\/noticias\/impactante-familia-recibe-190-000-euros-tras-muerte-de-paciente-por-ictus\/\"]}]},{\"@type\":\"ImageObject\",\"inLanguage\":\"es-AR\",\"@id\":\"https:\/\/www.diario21.tv\/noticias\/impactante-familia-recibe-190-000-euros-tras-muerte-de-paciente-por-ictus\/#primaryimage\",\"url\":\"https:\/\/www.diario21.tv\/noticias\/wp-content\/uploads\/2025\/02\/\u00a1Impactante-Familia-recibe-190000-euros-tras-muerte-de-paciente-por.jpg\",\"contentUrl\":\"https:\/\/www.diario21.tv\/noticias\/wp-content\/uploads\/2025\/02\/\u00a1Impactante-Familia-recibe-190000-euros-tras-muerte-de-paciente-por.jpg\",\"width\":1920,\"height\":1080,\"caption\":\"Indemnizan con 190.000 euros la muerte de un paciente con ictus\"},{\"@type\":\"BreadcrumbList\",\"@id\":\"https:\/\/www.diario21.tv\/noticias\/impactante-familia-recibe-190-000-euros-tras-muerte-de-paciente-por-ictus\/#breadcrumb\",\"itemListElement\":[{\"@type\":\"ListItem\",\"position\":1,\"name\":\"Accueil\",\"item\":\"https:\/\/www.diario21.tv\/noticias\/\"},{\"@type\":\"ListItem\",\"position\":2,\"name\":\"\u00a1Impactante! Familia recibe 190.000 euros tras muerte de paciente por ictus\"}]},{\"@type\":\"WebSite\",\"@id\":\"https:\/\/www.diario21.tv\/noticias\/#website\",\"url\":\"https:\/\/www.diario21.tv\/noticias\/\",\"name\":\"Diario 21\",\"description\":\"\",\"potentialAction\":[{\"@type\":\"SearchAction\",\"target\":{\"@type\":\"EntryPoint\",\"urlTemplate\":\"https:\/\/www.diario21.tv\/noticias\/?s={search_term_string}\"},\"query-input\":{\"@type\":\"PropertyValueSpecification\",\"valueRequired\":true,\"valueName\":\"search_term_string\"}}],\"inLanguage\":\"es-AR\"},{\"@type\":\"Person\",\"@id\":\"https:\/\/www.diario21.tv\/noticias\/#\/schema\/person\/dfb778f73814d8f09f302618446a526b\",\"name\":\"Juan P\u00e9rez\",\"image\":{\"@type\":\"ImageObject\",\"inLanguage\":\"es-AR\",\"@id\":\"https:\/\/www.diario21.tv\/noticias\/#\/schema\/person\/image\/\",\"url\":\"https:\/\/secure.gravatar.com\/avatar\/c478a405bd10621167f4c3167cc770f5?s=96&d=mm&r=g\",\"contentUrl\":\"https:\/\/secure.gravatar.com\/avatar\/c478a405bd10621167f4c3167cc770f5?s=96&d=mm&r=g\",\"caption\":\"Juan P\u00e9rez\"},\"description\":\"Juan P\u00e9rez es el redactor en jefe de Diario 21. Con m\u00e1s de 10 a\u00f1os de experiencia en el periodismo, se especializa en pol\u00edtica nacional y an\u00e1lisis socioecon\u00f3mico. Su enfoque cr\u00edtico y riguroso aporta una perspectiva \u00fanica a cada art\u00edculo.\",\"sameAs\":[\"https:\/\/www.diario21.tv\/noticias\/\"],\"url\":\"https:\/\/www.diario21.tv\/noticias\/author\/juan-perez\/\"}]}<\/script>\n<!-- \/ Yoast SEO plugin. -->","yoast_head_json":{"title":"\u00a1Impactante! Familia recibe 190.000 euros tras muerte de paciente por ictus - Diario 21","robots":{"index":"index","follow":"follow","max-snippet":"max-snippet:-1","max-image-preview":"max-image-preview:large","max-video-preview":"max-video-preview:-1"},"canonical":"https:\/\/www.diario21.tv\/noticias\/impactante-familia-recibe-190-000-euros-tras-muerte-de-paciente-por-ictus\/","og_locale":"es_ES","og_type":"article","og_title":"\u00a1Impactante! Familia recibe 190.000 euros tras muerte de paciente por ictus - Diario 21","og_description":"Compensaci\u00f3n de 190.000 Euros por la Muerte de un Paciente de Ictus En un reciente fallo judicial, se ha concedido una compensaci\u00f3n de 190.000 euros a ... Seguir leyendo &rarr;","og_url":"https:\/\/www.diario21.tv\/noticias\/impactante-familia-recibe-190-000-euros-tras-muerte-de-paciente-por-ictus\/","og_site_name":"Diario 21","article_published_time":"2025-02-12T22:58:25+00:00","article_modified_time":"2025-02-12T22:58:26+00:00","og_image":[{"width":1920,"height":1080,"url":"https:\/\/www.diario21.tv\/noticias\/wp-content\/uploads\/2025\/02\/\u00a1Impactante-Familia-recibe-190000-euros-tras-muerte-de-paciente-por.jpg","type":"image\/jpeg"}],"author":"Juan P\u00e9rez","twitter_card":"summary_large_image","twitter_misc":{"Escrito por":"Juan P\u00e9rez","Tiempo de lectura":"3 minutos"},"schema":{"@context":"https:\/\/schema.org","@graph":[{"@type":"WebPage","@id":"https:\/\/www.diario21.tv\/noticias\/impactante-familia-recibe-190-000-euros-tras-muerte-de-paciente-por-ictus\/","url":"https:\/\/www.diario21.tv\/noticias\/impactante-familia-recibe-190-000-euros-tras-muerte-de-paciente-por-ictus\/","name":"\u00a1Impactante! Familia recibe 190.000 euros tras muerte de paciente por ictus - Diario 21","isPartOf":{"@id":"https:\/\/www.diario21.tv\/noticias\/#website"},"primaryImageOfPage":{"@id":"https:\/\/www.diario21.tv\/noticias\/impactante-familia-recibe-190-000-euros-tras-muerte-de-paciente-por-ictus\/#primaryimage"},"image":{"@id":"https:\/\/www.diario21.tv\/noticias\/impactante-familia-recibe-190-000-euros-tras-muerte-de-paciente-por-ictus\/#primaryimage"},"thumbnailUrl":"https:\/\/www.diario21.tv\/noticias\/wp-content\/uploads\/2025\/02\/\u00a1Impactante-Familia-recibe-190000-euros-tras-muerte-de-paciente-por.jpg","datePublished":"2025-02-12T22:58:25+00:00","dateModified":"2025-02-12T22:58:26+00:00","author":{"@id":"https:\/\/www.diario21.tv\/noticias\/#\/schema\/person\/dfb778f73814d8f09f302618446a526b"},"breadcrumb":{"@id":"https:\/\/www.diario21.tv\/noticias\/impactante-familia-recibe-190-000-euros-tras-muerte-de-paciente-por-ictus\/#breadcrumb"},"inLanguage":"es-AR","potentialAction":[{"@type":"ReadAction","target":["https:\/\/www.diario21.tv\/noticias\/impactante-familia-recibe-190-000-euros-tras-muerte-de-paciente-por-ictus\/"]}]},{"@type":"ImageObject","inLanguage":"es-AR","@id":"https:\/\/www.diario21.tv\/noticias\/impactante-familia-recibe-190-000-euros-tras-muerte-de-paciente-por-ictus\/#primaryimage","url":"https:\/\/www.diario21.tv\/noticias\/wp-content\/uploads\/2025\/02\/\u00a1Impactante-Familia-recibe-190000-euros-tras-muerte-de-paciente-por.jpg","contentUrl":"https:\/\/www.diario21.tv\/noticias\/wp-content\/uploads\/2025\/02\/\u00a1Impactante-Familia-recibe-190000-euros-tras-muerte-de-paciente-por.jpg","width":1920,"height":1080,"caption":"Indemnizan con 190.000 euros la muerte de un paciente con ictus"},{"@type":"BreadcrumbList","@id":"https:\/\/www.diario21.tv\/noticias\/impactante-familia-recibe-190-000-euros-tras-muerte-de-paciente-por-ictus\/#breadcrumb","itemListElement":[{"@type":"ListItem","position":1,"name":"Accueil","item":"https:\/\/www.diario21.tv\/noticias\/"},{"@type":"ListItem","position":2,"name":"\u00a1Impactante! Familia recibe 190.000 euros tras muerte de paciente por ictus"}]},{"@type":"WebSite","@id":"https:\/\/www.diario21.tv\/noticias\/#website","url":"https:\/\/www.diario21.tv\/noticias\/","name":"Diario 21","description":"","potentialAction":[{"@type":"SearchAction","target":{"@type":"EntryPoint","urlTemplate":"https:\/\/www.diario21.tv\/noticias\/?s={search_term_string}"},"query-input":{"@type":"PropertyValueSpecification","valueRequired":true,"valueName":"search_term_string"}}],"inLanguage":"es-AR"},{"@type":"Person","@id":"https:\/\/www.diario21.tv\/noticias\/#\/schema\/person\/dfb778f73814d8f09f302618446a526b","name":"Juan P\u00e9rez","image":{"@type":"ImageObject","inLanguage":"es-AR","@id":"https:\/\/www.diario21.tv\/noticias\/#\/schema\/person\/image\/","url":"https:\/\/secure.gravatar.com\/avatar\/c478a405bd10621167f4c3167cc770f5?s=96&d=mm&r=g","contentUrl":"https:\/\/secure.gravatar.com\/avatar\/c478a405bd10621167f4c3167cc770f5?s=96&d=mm&r=g","caption":"Juan P\u00e9rez"},"description":"Juan P\u00e9rez es el redactor en jefe de Diario 21. Con m\u00e1s de 10 a\u00f1os de experiencia en el periodismo, se especializa en pol\u00edtica nacional y an\u00e1lisis socioecon\u00f3mico. Su enfoque cr\u00edtico y riguroso aporta una perspectiva \u00fanica a cada art\u00edculo.","sameAs":["https:\/\/www.diario21.tv\/noticias\/"],"url":"https:\/\/www.diario21.tv\/noticias\/author\/juan-perez\/"}]}},"_links":{"self":[{"href":"https:\/\/www.diario21.tv\/noticias\/wp-json\/wp\/v2\/posts\/2133"}],"collection":[{"href":"https:\/\/www.diario21.tv\/noticias\/wp-json\/wp\/v2\/posts"}],"about":[{"href":"https:\/\/www.diario21.tv\/noticias\/wp-json\/wp\/v2\/types\/post"}],"author":[{"embeddable":true,"href":"https:\/\/www.diario21.tv\/noticias\/wp-json\/wp\/v2\/users\/20"}],"replies":[{"embeddable":true,"href":"https:\/\/www.diario21.tv\/noticias\/wp-json\/wp\/v2\/comments?post=2133"}],"version-history":[{"count":1,"href":"https:\/\/www.diario21.tv\/noticias\/wp-json\/wp\/v2\/posts\/2133\/revisions"}],"predecessor-version":[{"id":2135,"href":"https:\/\/www.diario21.tv\/noticias\/wp-json\/wp\/v2\/posts\/2133\/revisions\/2135"}],"wp:featuredmedia":[{"embeddable":true,"href":"https:\/\/www.diario21.tv\/noticias\/wp-json\/wp\/v2\/media\/2134"}],"wp:attachment":[{"href":"https:\/\/www.diario21.tv\/noticias\/wp-json\/wp\/v2\/media?parent=2133"}],"wp:term":[{"taxonomy":"category","embeddable":true,"href":"https:\/\/www.diario21.tv\/noticias\/wp-json\/wp\/v2\/categories?post=2133"},{"taxonomy":"post_tag","embeddable":true,"href":"https:\/\/www.diario21.tv\/noticias\/wp-json\/wp\/v2\/tags?post=2133"}],"curies":[{"name":"wp","href":"https:\/\/api.w.org\/{rel}","templated":true}]}}