{"id":2097,"date":"2025-02-09T15:22:52","date_gmt":"2025-02-09T15:22:52","guid":{"rendered":"https:\/\/www.diario21.tv\/noticias\/adios-al-ruido-nocturno-pueblo-de-guadalajara-logra-silenciar-campanas-de-iglesia-en-la-madrugada\/"},"modified":"2025-02-09T15:22:53","modified_gmt":"2025-02-09T15:22:53","slug":"adios-al-ruido-nocturno-pueblo-de-guadalajara-logra-silenciar-campanas-de-iglesia-en-la-madrugada","status":"publish","type":"post","link":"https:\/\/www.diario21.tv\/noticias\/adios-al-ruido-nocturno-pueblo-de-guadalajara-logra-silenciar-campanas-de-iglesia-en-la-madrugada\/","title":{"rendered":"\u00a1Adi\u00f3s al ruido nocturno! Pueblo de Guadalajara logra silenciar campanas de iglesia en la madrugada"},"content":{"rendered":"<h2>Una localidad en Guadalajara logra silenciar las campanas de su iglesia durante la madrugada<\/h2>\n<p>En un peque\u00f1o municipio de la provincia de Guadalajara, los residentes han alcanzado un significativo cambio en su rutina diaria. Tras m\u00faltiples quejas y negociaciones, han logrado que las campanas del reloj de la iglesia cesen su repique durante las horas de la madrugada, permitiendo as\u00ed un descanso nocturno ininterrumpido para la comunidad.<\/p>\n<h3>El conflicto con las campanas<\/h3>\n<p>Durante a\u00f1os, las campanas del reloj ubicado en la torre de la iglesia local han marcado cada hora con resonantes toques, incluso durante la madrugada. Este hecho se convirti\u00f3 en una fuente de perturbaci\u00f3n para los habitantes, especialmente para aquellos cuyas viviendas se encuentran pr\u00f3ximas al templo. Las constantes quejas de los vecinos destacaban la dificultad de mantener un sue\u00f1o reparador con el sonido de las campanas retumbando a lo largo de la noche.<\/p>\n<h3>La resoluci\u00f3n del problema<\/h3>\n<p>La soluci\u00f3n lleg\u00f3 tras prolongadas deliberaciones entre el ayuntamiento, representantes de la iglesia y los ciudadanos afectados. Se acord\u00f3 finalmente programar el mecanismo del reloj para silenciar las campanas entre las 11 de la noche y las 7 de la ma\u00f1ana. Esta medida ha sido bien recibida por la mayor\u00eda de los habitantes, quienes ahora disfrutan de noches m\u00e1s tranquilas y silenciosas.<\/p>\n<h3>Impacto en la comunidad<\/h3>\n<p>El cambio ha tenido un impacto positivo en la calidad de vida de los residentes. Muchos expresan sentirse m\u00e1s descansados y menos irritables durante el d\u00eda, lo que atribuyen directamente a la mejora en la calidad de su descanso nocturno. Adem\u00e1s, algunos comercios locales tambi\u00e9n han notado un ambiente m\u00e1s relajado entre los clientes matutinos.<\/p>\n<p>Este caso destaca la importancia de la colaboraci\u00f3n y el di\u00e1logo entre la comunidad y las instituciones para resolver conflictos que afectan el bienestar com\u00fan. La determinaci\u00f3n de los habitantes de esta localidad de Guadalajara demuestra c\u00f3mo la acci\u00f3n comunitaria puede llevar a soluciones efectivas que mejoren la vida diaria de sus integrantes.<\/p>\n\n\n<div class=\"kk-star-ratings kksr-auto kksr-align-left kksr-valign-bottom\"\n    data-payload='{&quot;align&quot;:&quot;left&quot;,&quot;id&quot;:&quot;2097&quot;,&quot;slug&quot;:&quot;default&quot;,&quot;valign&quot;:&quot;bottom&quot;,&quot;ignore&quot;:&quot;&quot;,&quot;reference&quot;:&quot;auto&quot;,&quot;class&quot;:&quot;&quot;,&quot;count&quot;:&quot;0&quot;,&quot;legendonly&quot;:&quot;&quot;,&quot;readonly&quot;:&quot;&quot;,&quot;score&quot;:&quot;0&quot;,&quot;starsonly&quot;:&quot;&quot;,&quot;best&quot;:&quot;5&quot;,&quot;gap&quot;:&quot;5&quot;,&quot;greet&quot;:&quot;Valora este post&quot;,&quot;legend&quot;:&quot;0\\\/5 - (0 votes)&quot;,&quot;size&quot;:&quot;22&quot;,&quot;title&quot;:&quot;\u00a1Adi\u00f3s al ruido nocturno! Pueblo de Guadalajara logra silenciar campanas de iglesia en la madrugada&quot;,&quot;width&quot;:&quot;0&quot;,&quot;_legend&quot;:&quot;{score}\\\/{best} - ({count} {votes})&quot;,&quot;font_factor&quot;:&quot;1.25&quot;}'>\n            \n<div class=\"kksr-stars\">\n    \n<div class=\"kksr-stars-inactive\">\n            <div class=\"kksr-star\" data-star=\"1\" style=\"padding-right: 5px\">\n            \n\n<div class=\"kksr-icon\" style=\"width: 22px; height: 22px;\"><\/div>\n        <\/div>\n            <div class=\"kksr-star\" data-star=\"2\" style=\"padding-right: 5px\">\n            \n\n<div class=\"kksr-icon\" style=\"width: 22px; height: 22px;\"><\/div>\n        <\/div>\n            <div class=\"kksr-star\" data-star=\"3\" style=\"padding-right: 5px\">\n            \n\n<div class=\"kksr-icon\" style=\"width: 22px; height: 22px;\"><\/div>\n        <\/div>\n            <div class=\"kksr-star\" data-star=\"4\" style=\"padding-right: 5px\">\n            \n\n<div class=\"kksr-icon\" style=\"width: 22px; height: 22px;\"><\/div>\n        <\/div>\n            <div class=\"kksr-star\" data-star=\"5\" style=\"padding-right: 5px\">\n            \n\n<div class=\"kksr-icon\" style=\"width: 22px; height: 22px;\"><\/div>\n        <\/div>\n    <\/div>\n    \n<div class=\"kksr-stars-active\" style=\"width: 0px;\">\n            <div class=\"kksr-star\" style=\"padding-right: 5px\">\n            \n\n<div class=\"kksr-icon\" style=\"width: 22px; height: 22px;\"><\/div>\n        <\/div>\n            <div class=\"kksr-star\" style=\"padding-right: 5px\">\n            \n\n<div class=\"kksr-icon\" style=\"width: 22px; height: 22px;\"><\/div>\n        <\/div>\n            <div class=\"kksr-star\" style=\"padding-right: 5px\">\n            \n\n<div class=\"kksr-icon\" style=\"width: 22px; height: 22px;\"><\/div>\n        <\/div>\n            <div class=\"kksr-star\" style=\"padding-right: 5px\">\n            \n\n<div class=\"kksr-icon\" style=\"width: 22px; height: 22px;\"><\/div>\n        <\/div>\n            <div class=\"kksr-star\" style=\"padding-right: 5px\">\n            \n\n<div class=\"kksr-icon\" style=\"width: 22px; height: 22px;\"><\/div>\n        <\/div>\n    <\/div>\n<\/div>\n                \n\n<div class=\"kksr-legend\" style=\"font-size: 17.6px;\">\n            <span class=\"kksr-muted\">Valora este post<\/span>\n    <\/div>\n    <\/div>\n","protected":false},"excerpt":{"rendered":"<p>Una localidad en Guadalajara logra silenciar las campanas de su iglesia durante la madrugada En un peque\u00f1o municipio de la provincia de Guadalajara, los residentes han &#8230; <a title=\"\u00a1Adi\u00f3s al ruido nocturno! Pueblo de Guadalajara logra silenciar campanas de iglesia en la madrugada\" class=\"read-more\" href=\"https:\/\/www.diario21.tv\/noticias\/adios-al-ruido-nocturno-pueblo-de-guadalajara-logra-silenciar-campanas-de-iglesia-en-la-madrugada\/\" aria-label=\"Leer m\u00e1s sobre \u00a1Adi\u00f3s al ruido nocturno! Pueblo de Guadalajara logra silenciar campanas de iglesia en la madrugada\">Seguir leyendo &rarr;<\/a><\/p>\n","protected":false},"author":20,"featured_media":2098,"comment_status":"open","ping_status":"open","sticky":false,"template":"","format":"standard","meta":{"footnotes":""},"categories":[13],"tags":[],"class_list":["post-2097","post","type-post","status-publish","format-standard","has-post-thumbnail","hentry","category-portada"],"yoast_head":"<!-- This site is optimized with the Yoast SEO plugin v25.6 - https:\/\/yoast.com\/wordpress\/plugins\/seo\/ -->\n<title>\u00a1Adi\u00f3s al ruido nocturno! Pueblo de Guadalajara logra silenciar campanas de iglesia en la madrugada - Diario 21<\/title>\n<meta name=\"robots\" content=\"index, follow, max-snippet:-1, max-image-preview:large, max-video-preview:-1\" \/>\n<link rel=\"canonical\" href=\"https:\/\/www.diario21.tv\/noticias\/adios-al-ruido-nocturno-pueblo-de-guadalajara-logra-silenciar-campanas-de-iglesia-en-la-madrugada\/\" \/>\n<meta property=\"og:locale\" content=\"es_ES\" \/>\n<meta property=\"og:type\" content=\"article\" \/>\n<meta property=\"og:title\" content=\"\u00a1Adi\u00f3s al ruido nocturno! Pueblo de Guadalajara logra silenciar campanas de iglesia en la madrugada - Diario 21\" \/>\n<meta property=\"og:description\" content=\"Una localidad en Guadalajara logra silenciar las campanas de su iglesia durante la madrugada En un peque\u00f1o municipio de la provincia de Guadalajara, los residentes han ... Seguir leyendo &rarr;\" \/>\n<meta property=\"og:url\" content=\"https:\/\/www.diario21.tv\/noticias\/adios-al-ruido-nocturno-pueblo-de-guadalajara-logra-silenciar-campanas-de-iglesia-en-la-madrugada\/\" \/>\n<meta property=\"og:site_name\" content=\"Diario 21\" \/>\n<meta property=\"article:published_time\" content=\"2025-02-09T15:22:52+00:00\" \/>\n<meta property=\"article:modified_time\" content=\"2025-02-09T15:22:53+00:00\" \/>\n<meta property=\"og:image\" content=\"https:\/\/www.diario21.tv\/noticias\/wp-content\/uploads\/2025\/02\/\u00a1Adios-al-ruido-nocturno-Pueblo-de-Guadalajara-logra-silenciar-campanas.jpg\" \/>\n\t<meta property=\"og:image:width\" content=\"1913\" \/>\n\t<meta property=\"og:image:height\" content=\"1080\" \/>\n\t<meta property=\"og:image:type\" content=\"image\/jpeg\" \/>\n<meta name=\"author\" content=\"Juan P\u00e9rez\" \/>\n<meta name=\"twitter:card\" content=\"summary_large_image\" \/>\n<meta name=\"twitter:label1\" content=\"Escrito por\" \/>\n\t<meta name=\"twitter:data1\" content=\"Juan P\u00e9rez\" \/>\n\t<meta name=\"twitter:label2\" content=\"Tiempo de lectura\" \/>\n\t<meta name=\"twitter:data2\" content=\"2 minutos\" \/>\n<script type=\"application\/ld+json\" class=\"yoast-schema-graph\">{\"@context\":\"https:\/\/schema.org\",\"@graph\":[{\"@type\":\"WebPage\",\"@id\":\"https:\/\/www.diario21.tv\/noticias\/adios-al-ruido-nocturno-pueblo-de-guadalajara-logra-silenciar-campanas-de-iglesia-en-la-madrugada\/\",\"url\":\"https:\/\/www.diario21.tv\/noticias\/adios-al-ruido-nocturno-pueblo-de-guadalajara-logra-silenciar-campanas-de-iglesia-en-la-madrugada\/\",\"name\":\"\u00a1Adi\u00f3s al ruido nocturno! Pueblo de Guadalajara logra silenciar campanas de iglesia en la madrugada - Diario 21\",\"isPartOf\":{\"@id\":\"https:\/\/www.diario21.tv\/noticias\/#website\"},\"primaryImageOfPage\":{\"@id\":\"https:\/\/www.diario21.tv\/noticias\/adios-al-ruido-nocturno-pueblo-de-guadalajara-logra-silenciar-campanas-de-iglesia-en-la-madrugada\/#primaryimage\"},\"image\":{\"@id\":\"https:\/\/www.diario21.tv\/noticias\/adios-al-ruido-nocturno-pueblo-de-guadalajara-logra-silenciar-campanas-de-iglesia-en-la-madrugada\/#primaryimage\"},\"thumbnailUrl\":\"https:\/\/www.diario21.tv\/noticias\/wp-content\/uploads\/2025\/02\/\u00a1Adios-al-ruido-nocturno-Pueblo-de-Guadalajara-logra-silenciar-campanas.jpg\",\"datePublished\":\"2025-02-09T15:22:52+00:00\",\"dateModified\":\"2025-02-09T15:22:53+00:00\",\"author\":{\"@id\":\"https:\/\/www.diario21.tv\/noticias\/#\/schema\/person\/dfb778f73814d8f09f302618446a526b\"},\"breadcrumb\":{\"@id\":\"https:\/\/www.diario21.tv\/noticias\/adios-al-ruido-nocturno-pueblo-de-guadalajara-logra-silenciar-campanas-de-iglesia-en-la-madrugada\/#breadcrumb\"},\"inLanguage\":\"es-AR\",\"potentialAction\":[{\"@type\":\"ReadAction\",\"target\":[\"https:\/\/www.diario21.tv\/noticias\/adios-al-ruido-nocturno-pueblo-de-guadalajara-logra-silenciar-campanas-de-iglesia-en-la-madrugada\/\"]}]},{\"@type\":\"ImageObject\",\"inLanguage\":\"es-AR\",\"@id\":\"https:\/\/www.diario21.tv\/noticias\/adios-al-ruido-nocturno-pueblo-de-guadalajara-logra-silenciar-campanas-de-iglesia-en-la-madrugada\/#primaryimage\",\"url\":\"https:\/\/www.diario21.tv\/noticias\/wp-content\/uploads\/2025\/02\/\u00a1Adios-al-ruido-nocturno-Pueblo-de-Guadalajara-logra-silenciar-campanas.jpg\",\"contentUrl\":\"https:\/\/www.diario21.tv\/noticias\/wp-content\/uploads\/2025\/02\/\u00a1Adios-al-ruido-nocturno-Pueblo-de-Guadalajara-logra-silenciar-campanas.jpg\",\"width\":1913,\"height\":1080,\"caption\":\"Un pueblo de Guadalajara consigue que las campanas del reloj de la iglesia dejen de sonar de madrugada\"},{\"@type\":\"BreadcrumbList\",\"@id\":\"https:\/\/www.diario21.tv\/noticias\/adios-al-ruido-nocturno-pueblo-de-guadalajara-logra-silenciar-campanas-de-iglesia-en-la-madrugada\/#breadcrumb\",\"itemListElement\":[{\"@type\":\"ListItem\",\"position\":1,\"name\":\"Accueil\",\"item\":\"https:\/\/www.diario21.tv\/noticias\/\"},{\"@type\":\"ListItem\",\"position\":2,\"name\":\"\u00a1Adi\u00f3s al ruido nocturno! Pueblo de Guadalajara logra silenciar campanas de iglesia en la madrugada\"}]},{\"@type\":\"WebSite\",\"@id\":\"https:\/\/www.diario21.tv\/noticias\/#website\",\"url\":\"https:\/\/www.diario21.tv\/noticias\/\",\"name\":\"Diario 21\",\"description\":\"\",\"potentialAction\":[{\"@type\":\"SearchAction\",\"target\":{\"@type\":\"EntryPoint\",\"urlTemplate\":\"https:\/\/www.diario21.tv\/noticias\/?s={search_term_string}\"},\"query-input\":{\"@type\":\"PropertyValueSpecification\",\"valueRequired\":true,\"valueName\":\"search_term_string\"}}],\"inLanguage\":\"es-AR\"},{\"@type\":\"Person\",\"@id\":\"https:\/\/www.diario21.tv\/noticias\/#\/schema\/person\/dfb778f73814d8f09f302618446a526b\",\"name\":\"Juan P\u00e9rez\",\"image\":{\"@type\":\"ImageObject\",\"inLanguage\":\"es-AR\",\"@id\":\"https:\/\/www.diario21.tv\/noticias\/#\/schema\/person\/image\/\",\"url\":\"https:\/\/secure.gravatar.com\/avatar\/c478a405bd10621167f4c3167cc770f5?s=96&d=mm&r=g\",\"contentUrl\":\"https:\/\/secure.gravatar.com\/avatar\/c478a405bd10621167f4c3167cc770f5?s=96&d=mm&r=g\",\"caption\":\"Juan P\u00e9rez\"},\"description\":\"Juan P\u00e9rez es el redactor en jefe de Diario 21. Con m\u00e1s de 10 a\u00f1os de experiencia en el periodismo, se especializa en pol\u00edtica nacional y an\u00e1lisis socioecon\u00f3mico. Su enfoque cr\u00edtico y riguroso aporta una perspectiva \u00fanica a cada art\u00edculo.\",\"sameAs\":[\"https:\/\/www.diario21.tv\/noticias\/\"],\"url\":\"https:\/\/www.diario21.tv\/noticias\/author\/juan-perez\/\"}]}<\/script>\n<!-- \/ Yoast SEO plugin. -->","yoast_head_json":{"title":"\u00a1Adi\u00f3s al ruido nocturno! Pueblo de Guadalajara logra silenciar campanas de iglesia en la madrugada - Diario 21","robots":{"index":"index","follow":"follow","max-snippet":"max-snippet:-1","max-image-preview":"max-image-preview:large","max-video-preview":"max-video-preview:-1"},"canonical":"https:\/\/www.diario21.tv\/noticias\/adios-al-ruido-nocturno-pueblo-de-guadalajara-logra-silenciar-campanas-de-iglesia-en-la-madrugada\/","og_locale":"es_ES","og_type":"article","og_title":"\u00a1Adi\u00f3s al ruido nocturno! Pueblo de Guadalajara logra silenciar campanas de iglesia en la madrugada - Diario 21","og_description":"Una localidad en Guadalajara logra silenciar las campanas de su iglesia durante la madrugada En un peque\u00f1o municipio de la provincia de Guadalajara, los residentes han ... Seguir leyendo &rarr;","og_url":"https:\/\/www.diario21.tv\/noticias\/adios-al-ruido-nocturno-pueblo-de-guadalajara-logra-silenciar-campanas-de-iglesia-en-la-madrugada\/","og_site_name":"Diario 21","article_published_time":"2025-02-09T15:22:52+00:00","article_modified_time":"2025-02-09T15:22:53+00:00","og_image":[{"width":1913,"height":1080,"url":"https:\/\/www.diario21.tv\/noticias\/wp-content\/uploads\/2025\/02\/\u00a1Adios-al-ruido-nocturno-Pueblo-de-Guadalajara-logra-silenciar-campanas.jpg","type":"image\/jpeg"}],"author":"Juan P\u00e9rez","twitter_card":"summary_large_image","twitter_misc":{"Escrito por":"Juan P\u00e9rez","Tiempo de lectura":"2 minutos"},"schema":{"@context":"https:\/\/schema.org","@graph":[{"@type":"WebPage","@id":"https:\/\/www.diario21.tv\/noticias\/adios-al-ruido-nocturno-pueblo-de-guadalajara-logra-silenciar-campanas-de-iglesia-en-la-madrugada\/","url":"https:\/\/www.diario21.tv\/noticias\/adios-al-ruido-nocturno-pueblo-de-guadalajara-logra-silenciar-campanas-de-iglesia-en-la-madrugada\/","name":"\u00a1Adi\u00f3s al ruido nocturno! Pueblo de Guadalajara logra silenciar campanas de iglesia en la madrugada - Diario 21","isPartOf":{"@id":"https:\/\/www.diario21.tv\/noticias\/#website"},"primaryImageOfPage":{"@id":"https:\/\/www.diario21.tv\/noticias\/adios-al-ruido-nocturno-pueblo-de-guadalajara-logra-silenciar-campanas-de-iglesia-en-la-madrugada\/#primaryimage"},"image":{"@id":"https:\/\/www.diario21.tv\/noticias\/adios-al-ruido-nocturno-pueblo-de-guadalajara-logra-silenciar-campanas-de-iglesia-en-la-madrugada\/#primaryimage"},"thumbnailUrl":"https:\/\/www.diario21.tv\/noticias\/wp-content\/uploads\/2025\/02\/\u00a1Adios-al-ruido-nocturno-Pueblo-de-Guadalajara-logra-silenciar-campanas.jpg","datePublished":"2025-02-09T15:22:52+00:00","dateModified":"2025-02-09T15:22:53+00:00","author":{"@id":"https:\/\/www.diario21.tv\/noticias\/#\/schema\/person\/dfb778f73814d8f09f302618446a526b"},"breadcrumb":{"@id":"https:\/\/www.diario21.tv\/noticias\/adios-al-ruido-nocturno-pueblo-de-guadalajara-logra-silenciar-campanas-de-iglesia-en-la-madrugada\/#breadcrumb"},"inLanguage":"es-AR","potentialAction":[{"@type":"ReadAction","target":["https:\/\/www.diario21.tv\/noticias\/adios-al-ruido-nocturno-pueblo-de-guadalajara-logra-silenciar-campanas-de-iglesia-en-la-madrugada\/"]}]},{"@type":"ImageObject","inLanguage":"es-AR","@id":"https:\/\/www.diario21.tv\/noticias\/adios-al-ruido-nocturno-pueblo-de-guadalajara-logra-silenciar-campanas-de-iglesia-en-la-madrugada\/#primaryimage","url":"https:\/\/www.diario21.tv\/noticias\/wp-content\/uploads\/2025\/02\/\u00a1Adios-al-ruido-nocturno-Pueblo-de-Guadalajara-logra-silenciar-campanas.jpg","contentUrl":"https:\/\/www.diario21.tv\/noticias\/wp-content\/uploads\/2025\/02\/\u00a1Adios-al-ruido-nocturno-Pueblo-de-Guadalajara-logra-silenciar-campanas.jpg","width":1913,"height":1080,"caption":"Un pueblo de Guadalajara consigue que las campanas del reloj de la iglesia dejen de sonar de madrugada"},{"@type":"BreadcrumbList","@id":"https:\/\/www.diario21.tv\/noticias\/adios-al-ruido-nocturno-pueblo-de-guadalajara-logra-silenciar-campanas-de-iglesia-en-la-madrugada\/#breadcrumb","itemListElement":[{"@type":"ListItem","position":1,"name":"Accueil","item":"https:\/\/www.diario21.tv\/noticias\/"},{"@type":"ListItem","position":2,"name":"\u00a1Adi\u00f3s al ruido nocturno! Pueblo de Guadalajara logra silenciar campanas de iglesia en la madrugada"}]},{"@type":"WebSite","@id":"https:\/\/www.diario21.tv\/noticias\/#website","url":"https:\/\/www.diario21.tv\/noticias\/","name":"Diario 21","description":"","potentialAction":[{"@type":"SearchAction","target":{"@type":"EntryPoint","urlTemplate":"https:\/\/www.diario21.tv\/noticias\/?s={search_term_string}"},"query-input":{"@type":"PropertyValueSpecification","valueRequired":true,"valueName":"search_term_string"}}],"inLanguage":"es-AR"},{"@type":"Person","@id":"https:\/\/www.diario21.tv\/noticias\/#\/schema\/person\/dfb778f73814d8f09f302618446a526b","name":"Juan P\u00e9rez","image":{"@type":"ImageObject","inLanguage":"es-AR","@id":"https:\/\/www.diario21.tv\/noticias\/#\/schema\/person\/image\/","url":"https:\/\/secure.gravatar.com\/avatar\/c478a405bd10621167f4c3167cc770f5?s=96&d=mm&r=g","contentUrl":"https:\/\/secure.gravatar.com\/avatar\/c478a405bd10621167f4c3167cc770f5?s=96&d=mm&r=g","caption":"Juan P\u00e9rez"},"description":"Juan P\u00e9rez es el redactor en jefe de Diario 21. Con m\u00e1s de 10 a\u00f1os de experiencia en el periodismo, se especializa en pol\u00edtica nacional y an\u00e1lisis socioecon\u00f3mico. Su enfoque cr\u00edtico y riguroso aporta una perspectiva \u00fanica a cada art\u00edculo.","sameAs":["https:\/\/www.diario21.tv\/noticias\/"],"url":"https:\/\/www.diario21.tv\/noticias\/author\/juan-perez\/"}]}},"_links":{"self":[{"href":"https:\/\/www.diario21.tv\/noticias\/wp-json\/wp\/v2\/posts\/2097"}],"collection":[{"href":"https:\/\/www.diario21.tv\/noticias\/wp-json\/wp\/v2\/posts"}],"about":[{"href":"https:\/\/www.diario21.tv\/noticias\/wp-json\/wp\/v2\/types\/post"}],"author":[{"embeddable":true,"href":"https:\/\/www.diario21.tv\/noticias\/wp-json\/wp\/v2\/users\/20"}],"replies":[{"embeddable":true,"href":"https:\/\/www.diario21.tv\/noticias\/wp-json\/wp\/v2\/comments?post=2097"}],"version-history":[{"count":1,"href":"https:\/\/www.diario21.tv\/noticias\/wp-json\/wp\/v2\/posts\/2097\/revisions"}],"predecessor-version":[{"id":2099,"href":"https:\/\/www.diario21.tv\/noticias\/wp-json\/wp\/v2\/posts\/2097\/revisions\/2099"}],"wp:featuredmedia":[{"embeddable":true,"href":"https:\/\/www.diario21.tv\/noticias\/wp-json\/wp\/v2\/media\/2098"}],"wp:attachment":[{"href":"https:\/\/www.diario21.tv\/noticias\/wp-json\/wp\/v2\/media?parent=2097"}],"wp:term":[{"taxonomy":"category","embeddable":true,"href":"https:\/\/www.diario21.tv\/noticias\/wp-json\/wp\/v2\/categories?post=2097"},{"taxonomy":"post_tag","embeddable":true,"href":"https:\/\/www.diario21.tv\/noticias\/wp-json\/wp\/v2\/tags?post=2097"}],"curies":[{"name":"wp","href":"https:\/\/api.w.org\/{rel}","templated":true}]}}