{"id":2088,"date":"2025-02-08T20:55:05","date_gmt":"2025-02-08T20:55:05","guid":{"rendered":"https:\/\/www.diario21.tv\/noticias\/condenan-a-notaria-por-validar-testamento-de-12-millones-de-una-anciana-incapacitada-por-ictus\/"},"modified":"2025-02-08T20:55:08","modified_gmt":"2025-02-08T20:55:08","slug":"condenan-a-notaria-por-validar-testamento-de-12-millones-de-una-anciana-incapacitada-por-ictus","status":"publish","type":"post","link":"https:\/\/www.diario21.tv\/noticias\/condenan-a-notaria-por-validar-testamento-de-12-millones-de-una-anciana-incapacitada-por-ictus\/","title":{"rendered":"Condenan a notaria por validar testamento de 12 millones de una anciana incapacitada por ictus"},"content":{"rendered":"<h2>Condena a Notaria por Validar Testamento de Anciana Incapacitada<\/h2>\n<p>Una notaria ha sido condenada por la justicia tras validar el testamento de una anciana que hab\u00eda sufrido un ictus cerebral, lo cual la dejaba incapaz de comprender la naturaleza y consecuencias de sus acciones al momento de firmar documentos legales. Este caso ha levantado una profunda preocupaci\u00f3n sobre la \u00e9tica profesional en el manejo de testamentos de personas vulnerables.<\/p>\n<h3>Detalles del Caso<\/h3>\n<p>La anciana, cuya identidad no ha sido divulgada, pose\u00eda un patrimonio valorado en 12 millones de euros. La controversia surgi\u00f3 cuando se revel\u00f3 que la mujer hab\u00eda sufrido un ictus que afect\u00f3 seriamente su capacidad cognitiva y de juicio. Pese a su estado, la notaria procedi\u00f3 a autorizar el testamento, un acto que posteriormente fue cuestionado por familiares y allegados de la anciana.<\/p>\n<h3>La Sentencia Judicial<\/h3>\n<p>El tribunal encargado del caso dict\u00f3 sentencia contra la notaria, imponi\u00e9ndole una penalizaci\u00f3n por su falta de diligencia y la violaci\u00f3n de las normas \u00e9ticas que rigen su profesi\u00f3n. La sentencia resalta la importancia de asegurar que todas las partes involucradas en la firma de documentos legales, especialmente testamentos, est\u00e9n plenamente capacitadas para entender las implicaciones de sus decisiones.<\/p>\n<h3>Repercusiones del Fallo<\/h3>\n<p>Este fallo ha generado un debate p\u00fablico sobre la necesidad de m\u00e1s rigurosas verificaciones de capacidad mental antes de permitir que personas potencialmente incapacitadas firmen documentos legales importantes. Tambi\u00e9n ha puesto en relieve la responsabilidad de los notarios y otros profesionales del derecho de proteger los derechos e intereses de personas vulnerables.<\/p>\n<p>El caso ha sido un llamado de atenci\u00f3n para mejorar las pr\u00e1cticas en la administraci\u00f3n de justicia y la protecci\u00f3n de los derechos de los m\u00e1s d\u00e9biles, asegurando que su voluntad no sea manipulada ni ignorada debido a su estado de salud.<\/p>\n\n\n<div class=\"kk-star-ratings kksr-auto kksr-align-left kksr-valign-bottom\"\n    data-payload='{&quot;align&quot;:&quot;left&quot;,&quot;id&quot;:&quot;2088&quot;,&quot;slug&quot;:&quot;default&quot;,&quot;valign&quot;:&quot;bottom&quot;,&quot;ignore&quot;:&quot;&quot;,&quot;reference&quot;:&quot;auto&quot;,&quot;class&quot;:&quot;&quot;,&quot;count&quot;:&quot;0&quot;,&quot;legendonly&quot;:&quot;&quot;,&quot;readonly&quot;:&quot;&quot;,&quot;score&quot;:&quot;0&quot;,&quot;starsonly&quot;:&quot;&quot;,&quot;best&quot;:&quot;5&quot;,&quot;gap&quot;:&quot;5&quot;,&quot;greet&quot;:&quot;Valora este post&quot;,&quot;legend&quot;:&quot;0\\\/5 - (0 votes)&quot;,&quot;size&quot;:&quot;22&quot;,&quot;title&quot;:&quot;Condenan a notaria por validar testamento de 12 millones de una anciana incapacitada por ictus&quot;,&quot;width&quot;:&quot;0&quot;,&quot;_legend&quot;:&quot;{score}\\\/{best} - ({count} {votes})&quot;,&quot;font_factor&quot;:&quot;1.25&quot;}'>\n            \n<div class=\"kksr-stars\">\n    \n<div class=\"kksr-stars-inactive\">\n            <div class=\"kksr-star\" data-star=\"1\" style=\"padding-right: 5px\">\n            \n\n<div class=\"kksr-icon\" style=\"width: 22px; height: 22px;\"><\/div>\n        <\/div>\n            <div class=\"kksr-star\" data-star=\"2\" style=\"padding-right: 5px\">\n            \n\n<div class=\"kksr-icon\" style=\"width: 22px; height: 22px;\"><\/div>\n        <\/div>\n            <div class=\"kksr-star\" data-star=\"3\" style=\"padding-right: 5px\">\n            \n\n<div class=\"kksr-icon\" style=\"width: 22px; height: 22px;\"><\/div>\n        <\/div>\n            <div class=\"kksr-star\" data-star=\"4\" style=\"padding-right: 5px\">\n            \n\n<div class=\"kksr-icon\" style=\"width: 22px; height: 22px;\"><\/div>\n        <\/div>\n            <div class=\"kksr-star\" data-star=\"5\" style=\"padding-right: 5px\">\n            \n\n<div class=\"kksr-icon\" style=\"width: 22px; height: 22px;\"><\/div>\n        <\/div>\n    <\/div>\n    \n<div class=\"kksr-stars-active\" style=\"width: 0px;\">\n            <div class=\"kksr-star\" style=\"padding-right: 5px\">\n            \n\n<div class=\"kksr-icon\" style=\"width: 22px; height: 22px;\"><\/div>\n        <\/div>\n            <div class=\"kksr-star\" style=\"padding-right: 5px\">\n            \n\n<div class=\"kksr-icon\" style=\"width: 22px; height: 22px;\"><\/div>\n        <\/div>\n            <div class=\"kksr-star\" style=\"padding-right: 5px\">\n            \n\n<div class=\"kksr-icon\" style=\"width: 22px; height: 22px;\"><\/div>\n        <\/div>\n            <div class=\"kksr-star\" style=\"padding-right: 5px\">\n            \n\n<div class=\"kksr-icon\" style=\"width: 22px; height: 22px;\"><\/div>\n        <\/div>\n            <div class=\"kksr-star\" style=\"padding-right: 5px\">\n            \n\n<div class=\"kksr-icon\" style=\"width: 22px; height: 22px;\"><\/div>\n        <\/div>\n    <\/div>\n<\/div>\n                \n\n<div class=\"kksr-legend\" style=\"font-size: 17.6px;\">\n            <span class=\"kksr-muted\">Valora este post<\/span>\n    <\/div>\n    <\/div>\n","protected":false},"excerpt":{"rendered":"<p>Condena a Notaria por Validar Testamento de Anciana Incapacitada Una notaria ha sido condenada por la justicia tras validar el testamento de una anciana que hab\u00eda &#8230; <a title=\"Condenan a notaria por validar testamento de 12 millones de una anciana incapacitada por ictus\" class=\"read-more\" href=\"https:\/\/www.diario21.tv\/noticias\/condenan-a-notaria-por-validar-testamento-de-12-millones-de-una-anciana-incapacitada-por-ictus\/\" aria-label=\"Leer m\u00e1s sobre Condenan a notaria por validar testamento de 12 millones de una anciana incapacitada por ictus\">Seguir leyendo &rarr;<\/a><\/p>\n","protected":false},"author":20,"featured_media":2089,"comment_status":"open","ping_status":"open","sticky":false,"template":"","format":"standard","meta":{"footnotes":""},"categories":[13],"tags":[],"class_list":["post-2088","post","type-post","status-publish","format-standard","has-post-thumbnail","hentry","category-portada"],"yoast_head":"<!-- This site is optimized with the Yoast SEO plugin v25.6 - https:\/\/yoast.com\/wordpress\/plugins\/seo\/ -->\n<title>Condenan a notaria por validar testamento de 12 millones de una anciana incapacitada por ictus - Diario 21<\/title>\n<meta name=\"robots\" content=\"index, follow, max-snippet:-1, max-image-preview:large, max-video-preview:-1\" \/>\n<link rel=\"canonical\" href=\"https:\/\/www.diario21.tv\/noticias\/condenan-a-notaria-por-validar-testamento-de-12-millones-de-una-anciana-incapacitada-por-ictus\/\" \/>\n<meta property=\"og:locale\" content=\"es_ES\" \/>\n<meta property=\"og:type\" content=\"article\" \/>\n<meta property=\"og:title\" content=\"Condenan a notaria por validar testamento de 12 millones de una anciana incapacitada por ictus - Diario 21\" \/>\n<meta property=\"og:description\" content=\"Condena a Notaria por Validar Testamento de Anciana Incapacitada Una notaria ha sido condenada por la justicia tras validar el testamento de una anciana que hab\u00eda ... Seguir leyendo &rarr;\" \/>\n<meta property=\"og:url\" content=\"https:\/\/www.diario21.tv\/noticias\/condenan-a-notaria-por-validar-testamento-de-12-millones-de-una-anciana-incapacitada-por-ictus\/\" \/>\n<meta property=\"og:site_name\" content=\"Diario 21\" \/>\n<meta property=\"article:published_time\" content=\"2025-02-08T20:55:05+00:00\" \/>\n<meta property=\"article:modified_time\" content=\"2025-02-08T20:55:08+00:00\" \/>\n<meta property=\"og:image\" content=\"https:\/\/www.diario21.tv\/noticias\/wp-content\/uploads\/2025\/02\/Condenan-a-notaria-por-validar-testamento-de-12-millones-de-1024x576.png\" \/>\n\t<meta property=\"og:image:width\" content=\"1024\" \/>\n\t<meta property=\"og:image:height\" content=\"576\" \/>\n\t<meta property=\"og:image:type\" content=\"image\/png\" \/>\n<meta name=\"author\" content=\"Juan P\u00e9rez\" \/>\n<meta name=\"twitter:card\" content=\"summary_large_image\" \/>\n<meta name=\"twitter:label1\" content=\"Escrito por\" \/>\n\t<meta name=\"twitter:data1\" content=\"Juan P\u00e9rez\" \/>\n\t<meta name=\"twitter:label2\" content=\"Tiempo de lectura\" \/>\n\t<meta name=\"twitter:data2\" content=\"2 minutos\" \/>\n<script type=\"application\/ld+json\" class=\"yoast-schema-graph\">{\"@context\":\"https:\/\/schema.org\",\"@graph\":[{\"@type\":\"WebPage\",\"@id\":\"https:\/\/www.diario21.tv\/noticias\/condenan-a-notaria-por-validar-testamento-de-12-millones-de-una-anciana-incapacitada-por-ictus\/\",\"url\":\"https:\/\/www.diario21.tv\/noticias\/condenan-a-notaria-por-validar-testamento-de-12-millones-de-una-anciana-incapacitada-por-ictus\/\",\"name\":\"Condenan a notaria por validar testamento de 12 millones de una anciana incapacitada por ictus - Diario 21\",\"isPartOf\":{\"@id\":\"https:\/\/www.diario21.tv\/noticias\/#website\"},\"primaryImageOfPage\":{\"@id\":\"https:\/\/www.diario21.tv\/noticias\/condenan-a-notaria-por-validar-testamento-de-12-millones-de-una-anciana-incapacitada-por-ictus\/#primaryimage\"},\"image\":{\"@id\":\"https:\/\/www.diario21.tv\/noticias\/condenan-a-notaria-por-validar-testamento-de-12-millones-de-una-anciana-incapacitada-por-ictus\/#primaryimage\"},\"thumbnailUrl\":\"https:\/\/www.diario21.tv\/noticias\/wp-content\/uploads\/2025\/02\/Condenan-a-notaria-por-validar-testamento-de-12-millones-de.png\",\"datePublished\":\"2025-02-08T20:55:05+00:00\",\"dateModified\":\"2025-02-08T20:55:08+00:00\",\"author\":{\"@id\":\"https:\/\/www.diario21.tv\/noticias\/#\/schema\/person\/dfb778f73814d8f09f302618446a526b\"},\"breadcrumb\":{\"@id\":\"https:\/\/www.diario21.tv\/noticias\/condenan-a-notaria-por-validar-testamento-de-12-millones-de-una-anciana-incapacitada-por-ictus\/#breadcrumb\"},\"inLanguage\":\"es-AR\",\"potentialAction\":[{\"@type\":\"ReadAction\",\"target\":[\"https:\/\/www.diario21.tv\/noticias\/condenan-a-notaria-por-validar-testamento-de-12-millones-de-una-anciana-incapacitada-por-ictus\/\"]}]},{\"@type\":\"ImageObject\",\"inLanguage\":\"es-AR\",\"@id\":\"https:\/\/www.diario21.tv\/noticias\/condenan-a-notaria-por-validar-testamento-de-12-millones-de-una-anciana-incapacitada-por-ictus\/#primaryimage\",\"url\":\"https:\/\/www.diario21.tv\/noticias\/wp-content\/uploads\/2025\/02\/Condenan-a-notaria-por-validar-testamento-de-12-millones-de.png\",\"contentUrl\":\"https:\/\/www.diario21.tv\/noticias\/wp-content\/uploads\/2025\/02\/Condenan-a-notaria-por-validar-testamento-de-12-millones-de.png\",\"width\":1920,\"height\":1080,\"caption\":\"Una notaria, condenada por autorizar el testamento de 12 millones de una anciana con un ictus que no sab\u00eda lo que firmaba\"},{\"@type\":\"BreadcrumbList\",\"@id\":\"https:\/\/www.diario21.tv\/noticias\/condenan-a-notaria-por-validar-testamento-de-12-millones-de-una-anciana-incapacitada-por-ictus\/#breadcrumb\",\"itemListElement\":[{\"@type\":\"ListItem\",\"position\":1,\"name\":\"Accueil\",\"item\":\"https:\/\/www.diario21.tv\/noticias\/\"},{\"@type\":\"ListItem\",\"position\":2,\"name\":\"Condenan a notaria por validar testamento de 12 millones de una anciana incapacitada por ictus\"}]},{\"@type\":\"WebSite\",\"@id\":\"https:\/\/www.diario21.tv\/noticias\/#website\",\"url\":\"https:\/\/www.diario21.tv\/noticias\/\",\"name\":\"Diario 21\",\"description\":\"\",\"potentialAction\":[{\"@type\":\"SearchAction\",\"target\":{\"@type\":\"EntryPoint\",\"urlTemplate\":\"https:\/\/www.diario21.tv\/noticias\/?s={search_term_string}\"},\"query-input\":{\"@type\":\"PropertyValueSpecification\",\"valueRequired\":true,\"valueName\":\"search_term_string\"}}],\"inLanguage\":\"es-AR\"},{\"@type\":\"Person\",\"@id\":\"https:\/\/www.diario21.tv\/noticias\/#\/schema\/person\/dfb778f73814d8f09f302618446a526b\",\"name\":\"Juan P\u00e9rez\",\"image\":{\"@type\":\"ImageObject\",\"inLanguage\":\"es-AR\",\"@id\":\"https:\/\/www.diario21.tv\/noticias\/#\/schema\/person\/image\/\",\"url\":\"https:\/\/secure.gravatar.com\/avatar\/c478a405bd10621167f4c3167cc770f5?s=96&d=mm&r=g\",\"contentUrl\":\"https:\/\/secure.gravatar.com\/avatar\/c478a405bd10621167f4c3167cc770f5?s=96&d=mm&r=g\",\"caption\":\"Juan P\u00e9rez\"},\"description\":\"Juan P\u00e9rez es el redactor en jefe de Diario 21. Con m\u00e1s de 10 a\u00f1os de experiencia en el periodismo, se especializa en pol\u00edtica nacional y an\u00e1lisis socioecon\u00f3mico. Su enfoque cr\u00edtico y riguroso aporta una perspectiva \u00fanica a cada art\u00edculo.\",\"sameAs\":[\"https:\/\/www.diario21.tv\/noticias\/\"],\"url\":\"https:\/\/www.diario21.tv\/noticias\/author\/juan-perez\/\"}]}<\/script>\n<!-- \/ Yoast SEO plugin. -->","yoast_head_json":{"title":"Condenan a notaria por validar testamento de 12 millones de una anciana incapacitada por ictus - Diario 21","robots":{"index":"index","follow":"follow","max-snippet":"max-snippet:-1","max-image-preview":"max-image-preview:large","max-video-preview":"max-video-preview:-1"},"canonical":"https:\/\/www.diario21.tv\/noticias\/condenan-a-notaria-por-validar-testamento-de-12-millones-de-una-anciana-incapacitada-por-ictus\/","og_locale":"es_ES","og_type":"article","og_title":"Condenan a notaria por validar testamento de 12 millones de una anciana incapacitada por ictus - Diario 21","og_description":"Condena a Notaria por Validar Testamento de Anciana Incapacitada Una notaria ha sido condenada por la justicia tras validar el testamento de una anciana que hab\u00eda ... Seguir leyendo &rarr;","og_url":"https:\/\/www.diario21.tv\/noticias\/condenan-a-notaria-por-validar-testamento-de-12-millones-de-una-anciana-incapacitada-por-ictus\/","og_site_name":"Diario 21","article_published_time":"2025-02-08T20:55:05+00:00","article_modified_time":"2025-02-08T20:55:08+00:00","og_image":[{"width":1024,"height":576,"url":"https:\/\/www.diario21.tv\/noticias\/wp-content\/uploads\/2025\/02\/Condenan-a-notaria-por-validar-testamento-de-12-millones-de-1024x576.png","type":"image\/png"}],"author":"Juan P\u00e9rez","twitter_card":"summary_large_image","twitter_misc":{"Escrito por":"Juan P\u00e9rez","Tiempo de lectura":"2 minutos"},"schema":{"@context":"https:\/\/schema.org","@graph":[{"@type":"WebPage","@id":"https:\/\/www.diario21.tv\/noticias\/condenan-a-notaria-por-validar-testamento-de-12-millones-de-una-anciana-incapacitada-por-ictus\/","url":"https:\/\/www.diario21.tv\/noticias\/condenan-a-notaria-por-validar-testamento-de-12-millones-de-una-anciana-incapacitada-por-ictus\/","name":"Condenan a notaria por validar testamento de 12 millones de una anciana incapacitada por ictus - Diario 21","isPartOf":{"@id":"https:\/\/www.diario21.tv\/noticias\/#website"},"primaryImageOfPage":{"@id":"https:\/\/www.diario21.tv\/noticias\/condenan-a-notaria-por-validar-testamento-de-12-millones-de-una-anciana-incapacitada-por-ictus\/#primaryimage"},"image":{"@id":"https:\/\/www.diario21.tv\/noticias\/condenan-a-notaria-por-validar-testamento-de-12-millones-de-una-anciana-incapacitada-por-ictus\/#primaryimage"},"thumbnailUrl":"https:\/\/www.diario21.tv\/noticias\/wp-content\/uploads\/2025\/02\/Condenan-a-notaria-por-validar-testamento-de-12-millones-de.png","datePublished":"2025-02-08T20:55:05+00:00","dateModified":"2025-02-08T20:55:08+00:00","author":{"@id":"https:\/\/www.diario21.tv\/noticias\/#\/schema\/person\/dfb778f73814d8f09f302618446a526b"},"breadcrumb":{"@id":"https:\/\/www.diario21.tv\/noticias\/condenan-a-notaria-por-validar-testamento-de-12-millones-de-una-anciana-incapacitada-por-ictus\/#breadcrumb"},"inLanguage":"es-AR","potentialAction":[{"@type":"ReadAction","target":["https:\/\/www.diario21.tv\/noticias\/condenan-a-notaria-por-validar-testamento-de-12-millones-de-una-anciana-incapacitada-por-ictus\/"]}]},{"@type":"ImageObject","inLanguage":"es-AR","@id":"https:\/\/www.diario21.tv\/noticias\/condenan-a-notaria-por-validar-testamento-de-12-millones-de-una-anciana-incapacitada-por-ictus\/#primaryimage","url":"https:\/\/www.diario21.tv\/noticias\/wp-content\/uploads\/2025\/02\/Condenan-a-notaria-por-validar-testamento-de-12-millones-de.png","contentUrl":"https:\/\/www.diario21.tv\/noticias\/wp-content\/uploads\/2025\/02\/Condenan-a-notaria-por-validar-testamento-de-12-millones-de.png","width":1920,"height":1080,"caption":"Una notaria, condenada por autorizar el testamento de 12 millones de una anciana con un ictus que no sab\u00eda lo que firmaba"},{"@type":"BreadcrumbList","@id":"https:\/\/www.diario21.tv\/noticias\/condenan-a-notaria-por-validar-testamento-de-12-millones-de-una-anciana-incapacitada-por-ictus\/#breadcrumb","itemListElement":[{"@type":"ListItem","position":1,"name":"Accueil","item":"https:\/\/www.diario21.tv\/noticias\/"},{"@type":"ListItem","position":2,"name":"Condenan a notaria por validar testamento de 12 millones de una anciana incapacitada por ictus"}]},{"@type":"WebSite","@id":"https:\/\/www.diario21.tv\/noticias\/#website","url":"https:\/\/www.diario21.tv\/noticias\/","name":"Diario 21","description":"","potentialAction":[{"@type":"SearchAction","target":{"@type":"EntryPoint","urlTemplate":"https:\/\/www.diario21.tv\/noticias\/?s={search_term_string}"},"query-input":{"@type":"PropertyValueSpecification","valueRequired":true,"valueName":"search_term_string"}}],"inLanguage":"es-AR"},{"@type":"Person","@id":"https:\/\/www.diario21.tv\/noticias\/#\/schema\/person\/dfb778f73814d8f09f302618446a526b","name":"Juan P\u00e9rez","image":{"@type":"ImageObject","inLanguage":"es-AR","@id":"https:\/\/www.diario21.tv\/noticias\/#\/schema\/person\/image\/","url":"https:\/\/secure.gravatar.com\/avatar\/c478a405bd10621167f4c3167cc770f5?s=96&d=mm&r=g","contentUrl":"https:\/\/secure.gravatar.com\/avatar\/c478a405bd10621167f4c3167cc770f5?s=96&d=mm&r=g","caption":"Juan P\u00e9rez"},"description":"Juan P\u00e9rez es el redactor en jefe de Diario 21. Con m\u00e1s de 10 a\u00f1os de experiencia en el periodismo, se especializa en pol\u00edtica nacional y an\u00e1lisis socioecon\u00f3mico. Su enfoque cr\u00edtico y riguroso aporta una perspectiva \u00fanica a cada art\u00edculo.","sameAs":["https:\/\/www.diario21.tv\/noticias\/"],"url":"https:\/\/www.diario21.tv\/noticias\/author\/juan-perez\/"}]}},"_links":{"self":[{"href":"https:\/\/www.diario21.tv\/noticias\/wp-json\/wp\/v2\/posts\/2088"}],"collection":[{"href":"https:\/\/www.diario21.tv\/noticias\/wp-json\/wp\/v2\/posts"}],"about":[{"href":"https:\/\/www.diario21.tv\/noticias\/wp-json\/wp\/v2\/types\/post"}],"author":[{"embeddable":true,"href":"https:\/\/www.diario21.tv\/noticias\/wp-json\/wp\/v2\/users\/20"}],"replies":[{"embeddable":true,"href":"https:\/\/www.diario21.tv\/noticias\/wp-json\/wp\/v2\/comments?post=2088"}],"version-history":[{"count":1,"href":"https:\/\/www.diario21.tv\/noticias\/wp-json\/wp\/v2\/posts\/2088\/revisions"}],"predecessor-version":[{"id":2090,"href":"https:\/\/www.diario21.tv\/noticias\/wp-json\/wp\/v2\/posts\/2088\/revisions\/2090"}],"wp:featuredmedia":[{"embeddable":true,"href":"https:\/\/www.diario21.tv\/noticias\/wp-json\/wp\/v2\/media\/2089"}],"wp:attachment":[{"href":"https:\/\/www.diario21.tv\/noticias\/wp-json\/wp\/v2\/media?parent=2088"}],"wp:term":[{"taxonomy":"category","embeddable":true,"href":"https:\/\/www.diario21.tv\/noticias\/wp-json\/wp\/v2\/categories?post=2088"},{"taxonomy":"post_tag","embeddable":true,"href":"https:\/\/www.diario21.tv\/noticias\/wp-json\/wp\/v2\/tags?post=2088"}],"curies":[{"name":"wp","href":"https:\/\/api.w.org\/{rel}","templated":true}]}}