{"id":2055,"date":"2025-02-05T19:55:27","date_gmt":"2025-02-05T19:55:27","guid":{"rendered":"https:\/\/www.diario21.tv\/noticias\/impactante-parejas-de-treintaneros-se-reducen-a-la-mitad-en-50-anos\/"},"modified":"2025-02-05T19:55:28","modified_gmt":"2025-02-05T19:55:28","slug":"impactante-parejas-de-treintaneros-se-reducen-a-la-mitad-en-50-anos","status":"publish","type":"post","link":"https:\/\/www.diario21.tv\/noticias\/impactante-parejas-de-treintaneros-se-reducen-a-la-mitad-en-50-anos\/","title":{"rendered":"\u00a1Impactante! Parejas de treinta\u00f1eros se reducen a la mitad en 50 a\u00f1os"},"content":{"rendered":"<h2>Disminuci\u00f3n de Parejas Entre los Treinta\u00f1eros en los \u00daltimos Cincuenta A\u00f1os<\/h2>\n<p>En las \u00faltimas cinco d\u00e9cadas, la cantidad de personas en sus treinta a\u00f1os que deciden vivir en pareja ha experimentado una ca\u00edda significativa, reduci\u00e9ndose a la mitad. Este cambio notable refleja una evoluci\u00f3n en las preferencias y estilos de vida de la poblaci\u00f3n joven adulta.<\/p>\n<h3>Cifras Actuales Comparadas con el Pasado<\/h3>\n<p>Hace cincuenta a\u00f1os, era com\u00fan que las personas de treinta a\u00f1os formaran hogares y vivieran con sus parejas. Sin embargo, datos recientes indican que esta tendencia ha cambiado dr\u00e1sticamente. Actualmente, solo una fracci\u00f3n de los individuos en esta franja etaria opta por cohabitar con una pareja, mostrando un declive acentuado en comparaci\u00f3n con generaciones anteriores.<\/p>\n<h3>Factores Contribuyentes al Cambio<\/h3>\n<p>Varios factores han contribuido a esta transformaci\u00f3n en las decisiones de vida de los treinta\u00f1eros. Entre ellos, el desarrollo profesional y personal juega un papel crucial. Muchos j\u00f3venes priorizan su educaci\u00f3n y carrera por encima del compromiso de formar una pareja estable, optando por posponer la cohabitaci\u00f3n o el matrimonio.<\/p>\n<p>Adem\u00e1s, la independencia financiera y el deseo de disfrutar de la libertad personal tambi\u00e9n influyen en esta decisi\u00f3n. La generaci\u00f3n actual tiende a valorar m\u00e1s la autonom\u00eda y la experiencia individual, lo que puede retrasar la formaci\u00f3n de una vida en pareja.<\/p>\n<h3>Implicaciones Sociales y Econ\u00f3micas<\/h3>\n<p>Este cambio en la din\u00e1mica de las relaciones personales tiene diversas implicaciones tanto sociales como econ\u00f3micas. Por un lado, puede afectar la estructura del mercado inmobiliario, ya que las preferencias por viviendas m\u00e1s peque\u00f1as o individuales se vuelven m\u00e1s comunes. Por otro lado, tambi\u00e9n tiene impactos en la econom\u00eda en t\u00e9rminos de consumo y ahorro, dado que las decisiones financieras pueden variar significativamente entre solteros y parejas.<\/p>\n<h3>Expectativas Futuras<\/h3>\n<p>Mirando hacia el futuro, es posible que esta tendencia contin\u00fae o incluso se intensifique. A medida que las nuevas generaciones enfrentan desaf\u00edos \u00fanicos, como la incertidumbre econ\u00f3mica y los cambios en el mercado laboral, la decisi\u00f3n de vivir en pareja podr\u00eda seguir siendo influenciada por estos factores. Adem\u00e1s, la evoluci\u00f3n de las normas sociales que aceptan una mayor diversidad de estilos de vida tambi\u00e9n juega un rol en esta din\u00e1mica cambiante.<\/p>\n<p>En conclusi\u00f3n, la reducci\u00f3n a la mitad de treinta\u00f1eros que viven en pareja en los \u00faltimos cincuenta a\u00f1os es un fen\u00f3meno que ilustra el cambio en las prioridades y expectativas de vida. Las decisiones sobre c\u00f3mo y con qui\u00e9n vivir est\u00e1n siendo redefinidas, reflejando un panorama social que contin\u00faa evolucionando con el tiempo.<\/p>\n\n\n<div class=\"kk-star-ratings kksr-auto kksr-align-left kksr-valign-bottom\"\n    data-payload='{&quot;align&quot;:&quot;left&quot;,&quot;id&quot;:&quot;2055&quot;,&quot;slug&quot;:&quot;default&quot;,&quot;valign&quot;:&quot;bottom&quot;,&quot;ignore&quot;:&quot;&quot;,&quot;reference&quot;:&quot;auto&quot;,&quot;class&quot;:&quot;&quot;,&quot;count&quot;:&quot;0&quot;,&quot;legendonly&quot;:&quot;&quot;,&quot;readonly&quot;:&quot;&quot;,&quot;score&quot;:&quot;0&quot;,&quot;starsonly&quot;:&quot;&quot;,&quot;best&quot;:&quot;5&quot;,&quot;gap&quot;:&quot;5&quot;,&quot;greet&quot;:&quot;Valora este post&quot;,&quot;legend&quot;:&quot;0\\\/5 - (0 votes)&quot;,&quot;size&quot;:&quot;22&quot;,&quot;title&quot;:&quot;\u00a1Impactante! Parejas de treinta\u00f1eros se reducen a la mitad en 50 a\u00f1os&quot;,&quot;width&quot;:&quot;0&quot;,&quot;_legend&quot;:&quot;{score}\\\/{best} - ({count} {votes})&quot;,&quot;font_factor&quot;:&quot;1.25&quot;}'>\n            \n<div class=\"kksr-stars\">\n    \n<div class=\"kksr-stars-inactive\">\n            <div class=\"kksr-star\" data-star=\"1\" style=\"padding-right: 5px\">\n            \n\n<div class=\"kksr-icon\" style=\"width: 22px; height: 22px;\"><\/div>\n        <\/div>\n            <div class=\"kksr-star\" data-star=\"2\" style=\"padding-right: 5px\">\n            \n\n<div class=\"kksr-icon\" style=\"width: 22px; height: 22px;\"><\/div>\n        <\/div>\n            <div class=\"kksr-star\" data-star=\"3\" style=\"padding-right: 5px\">\n            \n\n<div class=\"kksr-icon\" style=\"width: 22px; height: 22px;\"><\/div>\n        <\/div>\n            <div class=\"kksr-star\" data-star=\"4\" style=\"padding-right: 5px\">\n            \n\n<div class=\"kksr-icon\" style=\"width: 22px; height: 22px;\"><\/div>\n        <\/div>\n            <div class=\"kksr-star\" data-star=\"5\" style=\"padding-right: 5px\">\n            \n\n<div class=\"kksr-icon\" style=\"width: 22px; height: 22px;\"><\/div>\n        <\/div>\n    <\/div>\n    \n<div class=\"kksr-stars-active\" style=\"width: 0px;\">\n            <div class=\"kksr-star\" style=\"padding-right: 5px\">\n            \n\n<div class=\"kksr-icon\" style=\"width: 22px; height: 22px;\"><\/div>\n        <\/div>\n            <div class=\"kksr-star\" style=\"padding-right: 5px\">\n            \n\n<div class=\"kksr-icon\" style=\"width: 22px; height: 22px;\"><\/div>\n        <\/div>\n            <div class=\"kksr-star\" style=\"padding-right: 5px\">\n            \n\n<div class=\"kksr-icon\" style=\"width: 22px; height: 22px;\"><\/div>\n        <\/div>\n            <div class=\"kksr-star\" style=\"padding-right: 5px\">\n            \n\n<div class=\"kksr-icon\" style=\"width: 22px; height: 22px;\"><\/div>\n        <\/div>\n            <div class=\"kksr-star\" style=\"padding-right: 5px\">\n            \n\n<div class=\"kksr-icon\" style=\"width: 22px; height: 22px;\"><\/div>\n        <\/div>\n    <\/div>\n<\/div>\n                \n\n<div class=\"kksr-legend\" style=\"font-size: 17.6px;\">\n            <span class=\"kksr-muted\">Valora este post<\/span>\n    <\/div>\n    <\/div>\n","protected":false},"excerpt":{"rendered":"<p>Disminuci\u00f3n de Parejas Entre los Treinta\u00f1eros en los \u00daltimos Cincuenta A\u00f1os En las \u00faltimas cinco d\u00e9cadas, la cantidad de personas en sus treinta a\u00f1os que deciden &#8230; <a title=\"\u00a1Impactante! Parejas de treinta\u00f1eros se reducen a la mitad en 50 a\u00f1os\" class=\"read-more\" href=\"https:\/\/www.diario21.tv\/noticias\/impactante-parejas-de-treintaneros-se-reducen-a-la-mitad-en-50-anos\/\" aria-label=\"Leer m\u00e1s sobre \u00a1Impactante! Parejas de treinta\u00f1eros se reducen a la mitad en 50 a\u00f1os\">Seguir leyendo &rarr;<\/a><\/p>\n","protected":false},"author":20,"featured_media":2056,"comment_status":"open","ping_status":"open","sticky":false,"template":"","format":"standard","meta":{"footnotes":""},"categories":[13],"tags":[],"class_list":["post-2055","post","type-post","status-publish","format-standard","has-post-thumbnail","hentry","category-portada"],"yoast_head":"<!-- This site is optimized with the Yoast SEO plugin v25.6 - https:\/\/yoast.com\/wordpress\/plugins\/seo\/ -->\n<title>\u00a1Impactante! Parejas de treinta\u00f1eros se reducen a la mitad en 50 a\u00f1os - Diario 21<\/title>\n<meta name=\"robots\" content=\"index, follow, max-snippet:-1, max-image-preview:large, max-video-preview:-1\" \/>\n<link rel=\"canonical\" href=\"https:\/\/www.diario21.tv\/noticias\/impactante-parejas-de-treintaneros-se-reducen-a-la-mitad-en-50-anos\/\" \/>\n<meta property=\"og:locale\" content=\"es_ES\" \/>\n<meta property=\"og:type\" content=\"article\" \/>\n<meta property=\"og:title\" content=\"\u00a1Impactante! Parejas de treinta\u00f1eros se reducen a la mitad en 50 a\u00f1os - Diario 21\" \/>\n<meta property=\"og:description\" content=\"Disminuci\u00f3n de Parejas Entre los Treinta\u00f1eros en los \u00daltimos Cincuenta A\u00f1os En las \u00faltimas cinco d\u00e9cadas, la cantidad de personas en sus treinta a\u00f1os que deciden ... Seguir leyendo &rarr;\" \/>\n<meta property=\"og:url\" content=\"https:\/\/www.diario21.tv\/noticias\/impactante-parejas-de-treintaneros-se-reducen-a-la-mitad-en-50-anos\/\" \/>\n<meta property=\"og:site_name\" content=\"Diario 21\" \/>\n<meta property=\"article:published_time\" content=\"2025-02-05T19:55:27+00:00\" \/>\n<meta property=\"article:modified_time\" content=\"2025-02-05T19:55:28+00:00\" \/>\n<meta property=\"og:image\" content=\"https:\/\/www.diario21.tv\/noticias\/wp-content\/uploads\/2025\/02\/\u00a1Impactante-Parejas-de-treintaneros-se-reducen-a-la-mitad-en.jpeg\" \/>\n\t<meta property=\"og:image:width\" content=\"1920\" \/>\n\t<meta property=\"og:image:height\" content=\"1080\" \/>\n\t<meta property=\"og:image:type\" content=\"image\/jpeg\" \/>\n<meta name=\"author\" content=\"Juan P\u00e9rez\" \/>\n<meta name=\"twitter:card\" content=\"summary_large_image\" \/>\n<meta name=\"twitter:label1\" content=\"Escrito por\" \/>\n\t<meta name=\"twitter:data1\" content=\"Juan P\u00e9rez\" \/>\n\t<meta name=\"twitter:label2\" content=\"Tiempo de lectura\" \/>\n\t<meta name=\"twitter:data2\" content=\"2 minutos\" \/>\n<script type=\"application\/ld+json\" class=\"yoast-schema-graph\">{\"@context\":\"https:\/\/schema.org\",\"@graph\":[{\"@type\":\"WebPage\",\"@id\":\"https:\/\/www.diario21.tv\/noticias\/impactante-parejas-de-treintaneros-se-reducen-a-la-mitad-en-50-anos\/\",\"url\":\"https:\/\/www.diario21.tv\/noticias\/impactante-parejas-de-treintaneros-se-reducen-a-la-mitad-en-50-anos\/\",\"name\":\"\u00a1Impactante! Parejas de treinta\u00f1eros se reducen a la mitad en 50 a\u00f1os - Diario 21\",\"isPartOf\":{\"@id\":\"https:\/\/www.diario21.tv\/noticias\/#website\"},\"primaryImageOfPage\":{\"@id\":\"https:\/\/www.diario21.tv\/noticias\/impactante-parejas-de-treintaneros-se-reducen-a-la-mitad-en-50-anos\/#primaryimage\"},\"image\":{\"@id\":\"https:\/\/www.diario21.tv\/noticias\/impactante-parejas-de-treintaneros-se-reducen-a-la-mitad-en-50-anos\/#primaryimage\"},\"thumbnailUrl\":\"https:\/\/www.diario21.tv\/noticias\/wp-content\/uploads\/2025\/02\/\u00a1Impactante-Parejas-de-treintaneros-se-reducen-a-la-mitad-en.jpeg\",\"datePublished\":\"2025-02-05T19:55:27+00:00\",\"dateModified\":\"2025-02-05T19:55:28+00:00\",\"author\":{\"@id\":\"https:\/\/www.diario21.tv\/noticias\/#\/schema\/person\/dfb778f73814d8f09f302618446a526b\"},\"breadcrumb\":{\"@id\":\"https:\/\/www.diario21.tv\/noticias\/impactante-parejas-de-treintaneros-se-reducen-a-la-mitad-en-50-anos\/#breadcrumb\"},\"inLanguage\":\"es-AR\",\"potentialAction\":[{\"@type\":\"ReadAction\",\"target\":[\"https:\/\/www.diario21.tv\/noticias\/impactante-parejas-de-treintaneros-se-reducen-a-la-mitad-en-50-anos\/\"]}]},{\"@type\":\"ImageObject\",\"inLanguage\":\"es-AR\",\"@id\":\"https:\/\/www.diario21.tv\/noticias\/impactante-parejas-de-treintaneros-se-reducen-a-la-mitad-en-50-anos\/#primaryimage\",\"url\":\"https:\/\/www.diario21.tv\/noticias\/wp-content\/uploads\/2025\/02\/\u00a1Impactante-Parejas-de-treintaneros-se-reducen-a-la-mitad-en.jpeg\",\"contentUrl\":\"https:\/\/www.diario21.tv\/noticias\/wp-content\/uploads\/2025\/02\/\u00a1Impactante-Parejas-de-treintaneros-se-reducen-a-la-mitad-en.jpeg\",\"width\":1920,\"height\":1080,\"caption\":\"Los treinta\u00f1eros que viven en pareja se han reducido a la mitad en medio siglo\"},{\"@type\":\"BreadcrumbList\",\"@id\":\"https:\/\/www.diario21.tv\/noticias\/impactante-parejas-de-treintaneros-se-reducen-a-la-mitad-en-50-anos\/#breadcrumb\",\"itemListElement\":[{\"@type\":\"ListItem\",\"position\":1,\"name\":\"Accueil\",\"item\":\"https:\/\/www.diario21.tv\/noticias\/\"},{\"@type\":\"ListItem\",\"position\":2,\"name\":\"\u00a1Impactante! Parejas de treinta\u00f1eros se reducen a la mitad en 50 a\u00f1os\"}]},{\"@type\":\"WebSite\",\"@id\":\"https:\/\/www.diario21.tv\/noticias\/#website\",\"url\":\"https:\/\/www.diario21.tv\/noticias\/\",\"name\":\"Diario 21\",\"description\":\"\",\"potentialAction\":[{\"@type\":\"SearchAction\",\"target\":{\"@type\":\"EntryPoint\",\"urlTemplate\":\"https:\/\/www.diario21.tv\/noticias\/?s={search_term_string}\"},\"query-input\":{\"@type\":\"PropertyValueSpecification\",\"valueRequired\":true,\"valueName\":\"search_term_string\"}}],\"inLanguage\":\"es-AR\"},{\"@type\":\"Person\",\"@id\":\"https:\/\/www.diario21.tv\/noticias\/#\/schema\/person\/dfb778f73814d8f09f302618446a526b\",\"name\":\"Juan P\u00e9rez\",\"image\":{\"@type\":\"ImageObject\",\"inLanguage\":\"es-AR\",\"@id\":\"https:\/\/www.diario21.tv\/noticias\/#\/schema\/person\/image\/\",\"url\":\"https:\/\/secure.gravatar.com\/avatar\/c478a405bd10621167f4c3167cc770f5?s=96&d=mm&r=g\",\"contentUrl\":\"https:\/\/secure.gravatar.com\/avatar\/c478a405bd10621167f4c3167cc770f5?s=96&d=mm&r=g\",\"caption\":\"Juan P\u00e9rez\"},\"description\":\"Juan P\u00e9rez es el redactor en jefe de Diario 21. Con m\u00e1s de 10 a\u00f1os de experiencia en el periodismo, se especializa en pol\u00edtica nacional y an\u00e1lisis socioecon\u00f3mico. Su enfoque cr\u00edtico y riguroso aporta una perspectiva \u00fanica a cada art\u00edculo.\",\"sameAs\":[\"https:\/\/www.diario21.tv\/noticias\/\"],\"url\":\"https:\/\/www.diario21.tv\/noticias\/author\/juan-perez\/\"}]}<\/script>\n<!-- \/ Yoast SEO plugin. -->","yoast_head_json":{"title":"\u00a1Impactante! Parejas de treinta\u00f1eros se reducen a la mitad en 50 a\u00f1os - Diario 21","robots":{"index":"index","follow":"follow","max-snippet":"max-snippet:-1","max-image-preview":"max-image-preview:large","max-video-preview":"max-video-preview:-1"},"canonical":"https:\/\/www.diario21.tv\/noticias\/impactante-parejas-de-treintaneros-se-reducen-a-la-mitad-en-50-anos\/","og_locale":"es_ES","og_type":"article","og_title":"\u00a1Impactante! Parejas de treinta\u00f1eros se reducen a la mitad en 50 a\u00f1os - Diario 21","og_description":"Disminuci\u00f3n de Parejas Entre los Treinta\u00f1eros en los \u00daltimos Cincuenta A\u00f1os En las \u00faltimas cinco d\u00e9cadas, la cantidad de personas en sus treinta a\u00f1os que deciden ... Seguir leyendo &rarr;","og_url":"https:\/\/www.diario21.tv\/noticias\/impactante-parejas-de-treintaneros-se-reducen-a-la-mitad-en-50-anos\/","og_site_name":"Diario 21","article_published_time":"2025-02-05T19:55:27+00:00","article_modified_time":"2025-02-05T19:55:28+00:00","og_image":[{"width":1920,"height":1080,"url":"https:\/\/www.diario21.tv\/noticias\/wp-content\/uploads\/2025\/02\/\u00a1Impactante-Parejas-de-treintaneros-se-reducen-a-la-mitad-en.jpeg","type":"image\/jpeg"}],"author":"Juan P\u00e9rez","twitter_card":"summary_large_image","twitter_misc":{"Escrito por":"Juan P\u00e9rez","Tiempo de lectura":"2 minutos"},"schema":{"@context":"https:\/\/schema.org","@graph":[{"@type":"WebPage","@id":"https:\/\/www.diario21.tv\/noticias\/impactante-parejas-de-treintaneros-se-reducen-a-la-mitad-en-50-anos\/","url":"https:\/\/www.diario21.tv\/noticias\/impactante-parejas-de-treintaneros-se-reducen-a-la-mitad-en-50-anos\/","name":"\u00a1Impactante! Parejas de treinta\u00f1eros se reducen a la mitad en 50 a\u00f1os - Diario 21","isPartOf":{"@id":"https:\/\/www.diario21.tv\/noticias\/#website"},"primaryImageOfPage":{"@id":"https:\/\/www.diario21.tv\/noticias\/impactante-parejas-de-treintaneros-se-reducen-a-la-mitad-en-50-anos\/#primaryimage"},"image":{"@id":"https:\/\/www.diario21.tv\/noticias\/impactante-parejas-de-treintaneros-se-reducen-a-la-mitad-en-50-anos\/#primaryimage"},"thumbnailUrl":"https:\/\/www.diario21.tv\/noticias\/wp-content\/uploads\/2025\/02\/\u00a1Impactante-Parejas-de-treintaneros-se-reducen-a-la-mitad-en.jpeg","datePublished":"2025-02-05T19:55:27+00:00","dateModified":"2025-02-05T19:55:28+00:00","author":{"@id":"https:\/\/www.diario21.tv\/noticias\/#\/schema\/person\/dfb778f73814d8f09f302618446a526b"},"breadcrumb":{"@id":"https:\/\/www.diario21.tv\/noticias\/impactante-parejas-de-treintaneros-se-reducen-a-la-mitad-en-50-anos\/#breadcrumb"},"inLanguage":"es-AR","potentialAction":[{"@type":"ReadAction","target":["https:\/\/www.diario21.tv\/noticias\/impactante-parejas-de-treintaneros-se-reducen-a-la-mitad-en-50-anos\/"]}]},{"@type":"ImageObject","inLanguage":"es-AR","@id":"https:\/\/www.diario21.tv\/noticias\/impactante-parejas-de-treintaneros-se-reducen-a-la-mitad-en-50-anos\/#primaryimage","url":"https:\/\/www.diario21.tv\/noticias\/wp-content\/uploads\/2025\/02\/\u00a1Impactante-Parejas-de-treintaneros-se-reducen-a-la-mitad-en.jpeg","contentUrl":"https:\/\/www.diario21.tv\/noticias\/wp-content\/uploads\/2025\/02\/\u00a1Impactante-Parejas-de-treintaneros-se-reducen-a-la-mitad-en.jpeg","width":1920,"height":1080,"caption":"Los treinta\u00f1eros que viven en pareja se han reducido a la mitad en medio siglo"},{"@type":"BreadcrumbList","@id":"https:\/\/www.diario21.tv\/noticias\/impactante-parejas-de-treintaneros-se-reducen-a-la-mitad-en-50-anos\/#breadcrumb","itemListElement":[{"@type":"ListItem","position":1,"name":"Accueil","item":"https:\/\/www.diario21.tv\/noticias\/"},{"@type":"ListItem","position":2,"name":"\u00a1Impactante! Parejas de treinta\u00f1eros se reducen a la mitad en 50 a\u00f1os"}]},{"@type":"WebSite","@id":"https:\/\/www.diario21.tv\/noticias\/#website","url":"https:\/\/www.diario21.tv\/noticias\/","name":"Diario 21","description":"","potentialAction":[{"@type":"SearchAction","target":{"@type":"EntryPoint","urlTemplate":"https:\/\/www.diario21.tv\/noticias\/?s={search_term_string}"},"query-input":{"@type":"PropertyValueSpecification","valueRequired":true,"valueName":"search_term_string"}}],"inLanguage":"es-AR"},{"@type":"Person","@id":"https:\/\/www.diario21.tv\/noticias\/#\/schema\/person\/dfb778f73814d8f09f302618446a526b","name":"Juan P\u00e9rez","image":{"@type":"ImageObject","inLanguage":"es-AR","@id":"https:\/\/www.diario21.tv\/noticias\/#\/schema\/person\/image\/","url":"https:\/\/secure.gravatar.com\/avatar\/c478a405bd10621167f4c3167cc770f5?s=96&d=mm&r=g","contentUrl":"https:\/\/secure.gravatar.com\/avatar\/c478a405bd10621167f4c3167cc770f5?s=96&d=mm&r=g","caption":"Juan P\u00e9rez"},"description":"Juan P\u00e9rez es el redactor en jefe de Diario 21. Con m\u00e1s de 10 a\u00f1os de experiencia en el periodismo, se especializa en pol\u00edtica nacional y an\u00e1lisis socioecon\u00f3mico. Su enfoque cr\u00edtico y riguroso aporta una perspectiva \u00fanica a cada art\u00edculo.","sameAs":["https:\/\/www.diario21.tv\/noticias\/"],"url":"https:\/\/www.diario21.tv\/noticias\/author\/juan-perez\/"}]}},"_links":{"self":[{"href":"https:\/\/www.diario21.tv\/noticias\/wp-json\/wp\/v2\/posts\/2055"}],"collection":[{"href":"https:\/\/www.diario21.tv\/noticias\/wp-json\/wp\/v2\/posts"}],"about":[{"href":"https:\/\/www.diario21.tv\/noticias\/wp-json\/wp\/v2\/types\/post"}],"author":[{"embeddable":true,"href":"https:\/\/www.diario21.tv\/noticias\/wp-json\/wp\/v2\/users\/20"}],"replies":[{"embeddable":true,"href":"https:\/\/www.diario21.tv\/noticias\/wp-json\/wp\/v2\/comments?post=2055"}],"version-history":[{"count":1,"href":"https:\/\/www.diario21.tv\/noticias\/wp-json\/wp\/v2\/posts\/2055\/revisions"}],"predecessor-version":[{"id":2057,"href":"https:\/\/www.diario21.tv\/noticias\/wp-json\/wp\/v2\/posts\/2055\/revisions\/2057"}],"wp:featuredmedia":[{"embeddable":true,"href":"https:\/\/www.diario21.tv\/noticias\/wp-json\/wp\/v2\/media\/2056"}],"wp:attachment":[{"href":"https:\/\/www.diario21.tv\/noticias\/wp-json\/wp\/v2\/media?parent=2055"}],"wp:term":[{"taxonomy":"category","embeddable":true,"href":"https:\/\/www.diario21.tv\/noticias\/wp-json\/wp\/v2\/categories?post=2055"},{"taxonomy":"post_tag","embeddable":true,"href":"https:\/\/www.diario21.tv\/noticias\/wp-json\/wp\/v2\/tags?post=2055"}],"curies":[{"name":"wp","href":"https:\/\/api.w.org\/{rel}","templated":true}]}}