{"id":2052,"date":"2025-02-05T13:46:44","date_gmt":"2025-02-05T13:46:44","guid":{"rendered":"https:\/\/www.diario21.tv\/noticias\/increible-en-murcia-detenido-por-golpear-a-su-pareja-que-no-le-hizo-te\/"},"modified":"2025-02-05T13:46:45","modified_gmt":"2025-02-05T13:46:45","slug":"increible-en-murcia-detenido-por-golpear-a-su-pareja-que-no-le-hizo-te","status":"publish","type":"post","link":"https:\/\/www.diario21.tv\/noticias\/increible-en-murcia-detenido-por-golpear-a-su-pareja-que-no-le-hizo-te\/","title":{"rendered":"Incre\u00edble en Murcia: Detenido por golpear a su pareja que no le hizo t\u00e9"},"content":{"rendered":"<h2>Arresto en Murcia tras Agresi\u00f3n a Pareja por No Preparar T\u00e9<\/h2>\n<p>En un reciente incidente en Murcia, las autoridades han procedido a la detenci\u00f3n de un hombre acusado de agredir f\u00edsicamente a su pareja. El motivo del ataque, seg\u00fan informes de la polic\u00eda local, fue que su compa\u00f1era sentimental no se levant\u00f3 para prepararle un t\u00e9.<\/p>\n<h3>Detalles del Incidente<\/h3>\n<p>El suceso ocurri\u00f3 en la vivienda que la pareja compart\u00eda en la ciudad de Murcia. Seg\u00fan fuentes policiales, el altercado se desencaden\u00f3 cuando el hombre, cuya identidad no ha sido revelada para proteger la privacidad de los involucrados, exig\u00eda a su pareja que se levantara de la cama para hacerle un t\u00e9. Ante la negativa de la mujer, el hombre procedi\u00f3 a agredirla f\u00edsicamente.<\/p>\n<p>Vecinos alertados por los ruidos y gritos provenientes del domicilio decidieron llamar a las autoridades, quienes llegaron al lugar para intervenir. Al llegar, encontraron a la mujer con evidentes signos de violencia f\u00edsica y procedieron a la detenci\u00f3n del agresor.<\/p>\n<h3>Reacciones y Consecuencias<\/h3>\n<p>La v\u00edctima fue trasladada a un centro m\u00e9dico para recibir atenci\u00f3n debido a las lesiones sufridas. A su vez, el agresor fue puesto a disposici\u00f3n judicial, enfrentando cargos por violencia de g\u00e9nero. Este caso ha reavivado el debate sobre la violencia dom\u00e9stica en la regi\u00f3n y ha impulsado a diversas organizaciones a reforzar sus campa\u00f1as de sensibilizaci\u00f3n y apoyo a las v\u00edctimas de este tipo de agresiones.<\/p>\n<p>Las autoridades han reiterado su compromiso para combatir la violencia de g\u00e9nero y han recordado a la ciudadan\u00eda la importancia de denunciar estos delitos. La colaboraci\u00f3n ciudadana es crucial para poder actuar de manera efectiva contra los agresores y proteger a las v\u00edctimas.<\/p>\n<p>Este incidente subraya la necesidad continua de educaci\u00f3n y prevenci\u00f3n en temas de violencia dom\u00e9stica, as\u00ed como de un sistema de apoyo robusto para las personas afectadas por este grave problema social.<\/p>\n\n\n<div class=\"kk-star-ratings kksr-auto kksr-align-left kksr-valign-bottom\"\n    data-payload='{&quot;align&quot;:&quot;left&quot;,&quot;id&quot;:&quot;2052&quot;,&quot;slug&quot;:&quot;default&quot;,&quot;valign&quot;:&quot;bottom&quot;,&quot;ignore&quot;:&quot;&quot;,&quot;reference&quot;:&quot;auto&quot;,&quot;class&quot;:&quot;&quot;,&quot;count&quot;:&quot;0&quot;,&quot;legendonly&quot;:&quot;&quot;,&quot;readonly&quot;:&quot;&quot;,&quot;score&quot;:&quot;0&quot;,&quot;starsonly&quot;:&quot;&quot;,&quot;best&quot;:&quot;5&quot;,&quot;gap&quot;:&quot;5&quot;,&quot;greet&quot;:&quot;Valora este post&quot;,&quot;legend&quot;:&quot;0\\\/5 - (0 votes)&quot;,&quot;size&quot;:&quot;22&quot;,&quot;title&quot;:&quot;Incre\u00edble en Murcia: Detenido por golpear a su pareja que no le hizo t\u00e9&quot;,&quot;width&quot;:&quot;0&quot;,&quot;_legend&quot;:&quot;{score}\\\/{best} - ({count} {votes})&quot;,&quot;font_factor&quot;:&quot;1.25&quot;}'>\n            \n<div class=\"kksr-stars\">\n    \n<div class=\"kksr-stars-inactive\">\n            <div class=\"kksr-star\" data-star=\"1\" style=\"padding-right: 5px\">\n            \n\n<div class=\"kksr-icon\" style=\"width: 22px; height: 22px;\"><\/div>\n        <\/div>\n            <div class=\"kksr-star\" data-star=\"2\" style=\"padding-right: 5px\">\n            \n\n<div class=\"kksr-icon\" style=\"width: 22px; height: 22px;\"><\/div>\n        <\/div>\n            <div class=\"kksr-star\" data-star=\"3\" style=\"padding-right: 5px\">\n            \n\n<div class=\"kksr-icon\" style=\"width: 22px; height: 22px;\"><\/div>\n        <\/div>\n            <div class=\"kksr-star\" data-star=\"4\" style=\"padding-right: 5px\">\n            \n\n<div class=\"kksr-icon\" style=\"width: 22px; height: 22px;\"><\/div>\n        <\/div>\n            <div class=\"kksr-star\" data-star=\"5\" style=\"padding-right: 5px\">\n            \n\n<div class=\"kksr-icon\" style=\"width: 22px; height: 22px;\"><\/div>\n        <\/div>\n    <\/div>\n    \n<div class=\"kksr-stars-active\" style=\"width: 0px;\">\n            <div class=\"kksr-star\" style=\"padding-right: 5px\">\n            \n\n<div class=\"kksr-icon\" style=\"width: 22px; height: 22px;\"><\/div>\n        <\/div>\n            <div class=\"kksr-star\" style=\"padding-right: 5px\">\n            \n\n<div class=\"kksr-icon\" style=\"width: 22px; height: 22px;\"><\/div>\n        <\/div>\n            <div class=\"kksr-star\" style=\"padding-right: 5px\">\n            \n\n<div class=\"kksr-icon\" style=\"width: 22px; height: 22px;\"><\/div>\n        <\/div>\n            <div class=\"kksr-star\" style=\"padding-right: 5px\">\n            \n\n<div class=\"kksr-icon\" style=\"width: 22px; height: 22px;\"><\/div>\n        <\/div>\n            <div class=\"kksr-star\" style=\"padding-right: 5px\">\n            \n\n<div class=\"kksr-icon\" style=\"width: 22px; height: 22px;\"><\/div>\n        <\/div>\n    <\/div>\n<\/div>\n                \n\n<div class=\"kksr-legend\" style=\"font-size: 17.6px;\">\n            <span class=\"kksr-muted\">Valora este post<\/span>\n    <\/div>\n    <\/div>\n","protected":false},"excerpt":{"rendered":"<p>Arresto en Murcia tras Agresi\u00f3n a Pareja por No Preparar T\u00e9 En un reciente incidente en Murcia, las autoridades han procedido a la detenci\u00f3n de un &#8230; <a title=\"Incre\u00edble en Murcia: Detenido por golpear a su pareja que no le hizo t\u00e9\" class=\"read-more\" href=\"https:\/\/www.diario21.tv\/noticias\/increible-en-murcia-detenido-por-golpear-a-su-pareja-que-no-le-hizo-te\/\" aria-label=\"Leer m\u00e1s sobre Incre\u00edble en Murcia: Detenido por golpear a su pareja que no le hizo t\u00e9\">Seguir leyendo &rarr;<\/a><\/p>\n","protected":false},"author":20,"featured_media":2053,"comment_status":"open","ping_status":"open","sticky":false,"template":"","format":"standard","meta":{"footnotes":""},"categories":[13],"tags":[],"class_list":["post-2052","post","type-post","status-publish","format-standard","has-post-thumbnail","hentry","category-portada"],"yoast_head":"<!-- This site is optimized with the Yoast SEO plugin v25.6 - https:\/\/yoast.com\/wordpress\/plugins\/seo\/ -->\n<title>Incre\u00edble en Murcia: Detenido por golpear a su pareja que no le hizo t\u00e9 - Diario 21<\/title>\n<meta name=\"robots\" content=\"index, follow, max-snippet:-1, max-image-preview:large, max-video-preview:-1\" \/>\n<link rel=\"canonical\" href=\"https:\/\/www.diario21.tv\/noticias\/increible-en-murcia-detenido-por-golpear-a-su-pareja-que-no-le-hizo-te\/\" \/>\n<meta property=\"og:locale\" content=\"es_ES\" \/>\n<meta property=\"og:type\" content=\"article\" \/>\n<meta property=\"og:title\" content=\"Incre\u00edble en Murcia: Detenido por golpear a su pareja que no le hizo t\u00e9 - Diario 21\" \/>\n<meta property=\"og:description\" content=\"Arresto en Murcia tras Agresi\u00f3n a Pareja por No Preparar T\u00e9 En un reciente incidente en Murcia, las autoridades han procedido a la detenci\u00f3n de un ... Seguir leyendo &rarr;\" \/>\n<meta property=\"og:url\" content=\"https:\/\/www.diario21.tv\/noticias\/increible-en-murcia-detenido-por-golpear-a-su-pareja-que-no-le-hizo-te\/\" \/>\n<meta property=\"og:site_name\" content=\"Diario 21\" \/>\n<meta property=\"article:published_time\" content=\"2025-02-05T13:46:44+00:00\" \/>\n<meta property=\"article:modified_time\" content=\"2025-02-05T13:46:45+00:00\" \/>\n<meta property=\"og:image\" content=\"https:\/\/www.diario21.tv\/noticias\/wp-content\/uploads\/2025\/02\/Increible-en-Murcia-Detenido-por-golpear-a-su-pareja-que.png\" \/>\n\t<meta property=\"og:image:width\" content=\"1200\" \/>\n\t<meta property=\"og:image:height\" content=\"840\" \/>\n\t<meta property=\"og:image:type\" content=\"image\/png\" \/>\n<meta name=\"author\" content=\"Juan P\u00e9rez\" \/>\n<meta name=\"twitter:card\" content=\"summary_large_image\" \/>\n<meta name=\"twitter:label1\" content=\"Escrito por\" \/>\n\t<meta name=\"twitter:data1\" content=\"Juan P\u00e9rez\" \/>\n\t<meta name=\"twitter:label2\" content=\"Tiempo de lectura\" \/>\n\t<meta name=\"twitter:data2\" content=\"2 minutos\" \/>\n<script type=\"application\/ld+json\" class=\"yoast-schema-graph\">{\"@context\":\"https:\/\/schema.org\",\"@graph\":[{\"@type\":\"WebPage\",\"@id\":\"https:\/\/www.diario21.tv\/noticias\/increible-en-murcia-detenido-por-golpear-a-su-pareja-que-no-le-hizo-te\/\",\"url\":\"https:\/\/www.diario21.tv\/noticias\/increible-en-murcia-detenido-por-golpear-a-su-pareja-que-no-le-hizo-te\/\",\"name\":\"Incre\u00edble en Murcia: Detenido por golpear a su pareja que no le hizo t\u00e9 - Diario 21\",\"isPartOf\":{\"@id\":\"https:\/\/www.diario21.tv\/noticias\/#website\"},\"primaryImageOfPage\":{\"@id\":\"https:\/\/www.diario21.tv\/noticias\/increible-en-murcia-detenido-por-golpear-a-su-pareja-que-no-le-hizo-te\/#primaryimage\"},\"image\":{\"@id\":\"https:\/\/www.diario21.tv\/noticias\/increible-en-murcia-detenido-por-golpear-a-su-pareja-que-no-le-hizo-te\/#primaryimage\"},\"thumbnailUrl\":\"https:\/\/www.diario21.tv\/noticias\/wp-content\/uploads\/2025\/02\/Increible-en-Murcia-Detenido-por-golpear-a-su-pareja-que.png\",\"datePublished\":\"2025-02-05T13:46:44+00:00\",\"dateModified\":\"2025-02-05T13:46:45+00:00\",\"author\":{\"@id\":\"https:\/\/www.diario21.tv\/noticias\/#\/schema\/person\/dfb778f73814d8f09f302618446a526b\"},\"breadcrumb\":{\"@id\":\"https:\/\/www.diario21.tv\/noticias\/increible-en-murcia-detenido-por-golpear-a-su-pareja-que-no-le-hizo-te\/#breadcrumb\"},\"inLanguage\":\"es-AR\",\"potentialAction\":[{\"@type\":\"ReadAction\",\"target\":[\"https:\/\/www.diario21.tv\/noticias\/increible-en-murcia-detenido-por-golpear-a-su-pareja-que-no-le-hizo-te\/\"]}]},{\"@type\":\"ImageObject\",\"inLanguage\":\"es-AR\",\"@id\":\"https:\/\/www.diario21.tv\/noticias\/increible-en-murcia-detenido-por-golpear-a-su-pareja-que-no-le-hizo-te\/#primaryimage\",\"url\":\"https:\/\/www.diario21.tv\/noticias\/wp-content\/uploads\/2025\/02\/Increible-en-Murcia-Detenido-por-golpear-a-su-pareja-que.png\",\"contentUrl\":\"https:\/\/www.diario21.tv\/noticias\/wp-content\/uploads\/2025\/02\/Increible-en-Murcia-Detenido-por-golpear-a-su-pareja-que.png\",\"width\":1200,\"height\":840,\"caption\":\"Detenido en Murcia por dar una paliza a su pareja \u00abporque no se hab\u00eda levantado a hacerle un t\u00e9\u00bb\"},{\"@type\":\"BreadcrumbList\",\"@id\":\"https:\/\/www.diario21.tv\/noticias\/increible-en-murcia-detenido-por-golpear-a-su-pareja-que-no-le-hizo-te\/#breadcrumb\",\"itemListElement\":[{\"@type\":\"ListItem\",\"position\":1,\"name\":\"Accueil\",\"item\":\"https:\/\/www.diario21.tv\/noticias\/\"},{\"@type\":\"ListItem\",\"position\":2,\"name\":\"Incre\u00edble en Murcia: Detenido por golpear a su pareja que no le hizo t\u00e9\"}]},{\"@type\":\"WebSite\",\"@id\":\"https:\/\/www.diario21.tv\/noticias\/#website\",\"url\":\"https:\/\/www.diario21.tv\/noticias\/\",\"name\":\"Diario 21\",\"description\":\"\",\"potentialAction\":[{\"@type\":\"SearchAction\",\"target\":{\"@type\":\"EntryPoint\",\"urlTemplate\":\"https:\/\/www.diario21.tv\/noticias\/?s={search_term_string}\"},\"query-input\":{\"@type\":\"PropertyValueSpecification\",\"valueRequired\":true,\"valueName\":\"search_term_string\"}}],\"inLanguage\":\"es-AR\"},{\"@type\":\"Person\",\"@id\":\"https:\/\/www.diario21.tv\/noticias\/#\/schema\/person\/dfb778f73814d8f09f302618446a526b\",\"name\":\"Juan P\u00e9rez\",\"image\":{\"@type\":\"ImageObject\",\"inLanguage\":\"es-AR\",\"@id\":\"https:\/\/www.diario21.tv\/noticias\/#\/schema\/person\/image\/\",\"url\":\"https:\/\/secure.gravatar.com\/avatar\/c478a405bd10621167f4c3167cc770f5?s=96&d=mm&r=g\",\"contentUrl\":\"https:\/\/secure.gravatar.com\/avatar\/c478a405bd10621167f4c3167cc770f5?s=96&d=mm&r=g\",\"caption\":\"Juan P\u00e9rez\"},\"description\":\"Juan P\u00e9rez es el redactor en jefe de Diario 21. Con m\u00e1s de 10 a\u00f1os de experiencia en el periodismo, se especializa en pol\u00edtica nacional y an\u00e1lisis socioecon\u00f3mico. Su enfoque cr\u00edtico y riguroso aporta una perspectiva \u00fanica a cada art\u00edculo.\",\"sameAs\":[\"https:\/\/www.diario21.tv\/noticias\/\"],\"url\":\"https:\/\/www.diario21.tv\/noticias\/author\/juan-perez\/\"}]}<\/script>\n<!-- \/ Yoast SEO plugin. -->","yoast_head_json":{"title":"Incre\u00edble en Murcia: Detenido por golpear a su pareja que no le hizo t\u00e9 - Diario 21","robots":{"index":"index","follow":"follow","max-snippet":"max-snippet:-1","max-image-preview":"max-image-preview:large","max-video-preview":"max-video-preview:-1"},"canonical":"https:\/\/www.diario21.tv\/noticias\/increible-en-murcia-detenido-por-golpear-a-su-pareja-que-no-le-hizo-te\/","og_locale":"es_ES","og_type":"article","og_title":"Incre\u00edble en Murcia: Detenido por golpear a su pareja que no le hizo t\u00e9 - Diario 21","og_description":"Arresto en Murcia tras Agresi\u00f3n a Pareja por No Preparar T\u00e9 En un reciente incidente en Murcia, las autoridades han procedido a la detenci\u00f3n de un ... Seguir leyendo &rarr;","og_url":"https:\/\/www.diario21.tv\/noticias\/increible-en-murcia-detenido-por-golpear-a-su-pareja-que-no-le-hizo-te\/","og_site_name":"Diario 21","article_published_time":"2025-02-05T13:46:44+00:00","article_modified_time":"2025-02-05T13:46:45+00:00","og_image":[{"width":1200,"height":840,"url":"https:\/\/www.diario21.tv\/noticias\/wp-content\/uploads\/2025\/02\/Increible-en-Murcia-Detenido-por-golpear-a-su-pareja-que.png","type":"image\/png"}],"author":"Juan P\u00e9rez","twitter_card":"summary_large_image","twitter_misc":{"Escrito por":"Juan P\u00e9rez","Tiempo de lectura":"2 minutos"},"schema":{"@context":"https:\/\/schema.org","@graph":[{"@type":"WebPage","@id":"https:\/\/www.diario21.tv\/noticias\/increible-en-murcia-detenido-por-golpear-a-su-pareja-que-no-le-hizo-te\/","url":"https:\/\/www.diario21.tv\/noticias\/increible-en-murcia-detenido-por-golpear-a-su-pareja-que-no-le-hizo-te\/","name":"Incre\u00edble en Murcia: Detenido por golpear a su pareja que no le hizo t\u00e9 - Diario 21","isPartOf":{"@id":"https:\/\/www.diario21.tv\/noticias\/#website"},"primaryImageOfPage":{"@id":"https:\/\/www.diario21.tv\/noticias\/increible-en-murcia-detenido-por-golpear-a-su-pareja-que-no-le-hizo-te\/#primaryimage"},"image":{"@id":"https:\/\/www.diario21.tv\/noticias\/increible-en-murcia-detenido-por-golpear-a-su-pareja-que-no-le-hizo-te\/#primaryimage"},"thumbnailUrl":"https:\/\/www.diario21.tv\/noticias\/wp-content\/uploads\/2025\/02\/Increible-en-Murcia-Detenido-por-golpear-a-su-pareja-que.png","datePublished":"2025-02-05T13:46:44+00:00","dateModified":"2025-02-05T13:46:45+00:00","author":{"@id":"https:\/\/www.diario21.tv\/noticias\/#\/schema\/person\/dfb778f73814d8f09f302618446a526b"},"breadcrumb":{"@id":"https:\/\/www.diario21.tv\/noticias\/increible-en-murcia-detenido-por-golpear-a-su-pareja-que-no-le-hizo-te\/#breadcrumb"},"inLanguage":"es-AR","potentialAction":[{"@type":"ReadAction","target":["https:\/\/www.diario21.tv\/noticias\/increible-en-murcia-detenido-por-golpear-a-su-pareja-que-no-le-hizo-te\/"]}]},{"@type":"ImageObject","inLanguage":"es-AR","@id":"https:\/\/www.diario21.tv\/noticias\/increible-en-murcia-detenido-por-golpear-a-su-pareja-que-no-le-hizo-te\/#primaryimage","url":"https:\/\/www.diario21.tv\/noticias\/wp-content\/uploads\/2025\/02\/Increible-en-Murcia-Detenido-por-golpear-a-su-pareja-que.png","contentUrl":"https:\/\/www.diario21.tv\/noticias\/wp-content\/uploads\/2025\/02\/Increible-en-Murcia-Detenido-por-golpear-a-su-pareja-que.png","width":1200,"height":840,"caption":"Detenido en Murcia por dar una paliza a su pareja \u00abporque no se hab\u00eda levantado a hacerle un t\u00e9\u00bb"},{"@type":"BreadcrumbList","@id":"https:\/\/www.diario21.tv\/noticias\/increible-en-murcia-detenido-por-golpear-a-su-pareja-que-no-le-hizo-te\/#breadcrumb","itemListElement":[{"@type":"ListItem","position":1,"name":"Accueil","item":"https:\/\/www.diario21.tv\/noticias\/"},{"@type":"ListItem","position":2,"name":"Incre\u00edble en Murcia: Detenido por golpear a su pareja que no le hizo t\u00e9"}]},{"@type":"WebSite","@id":"https:\/\/www.diario21.tv\/noticias\/#website","url":"https:\/\/www.diario21.tv\/noticias\/","name":"Diario 21","description":"","potentialAction":[{"@type":"SearchAction","target":{"@type":"EntryPoint","urlTemplate":"https:\/\/www.diario21.tv\/noticias\/?s={search_term_string}"},"query-input":{"@type":"PropertyValueSpecification","valueRequired":true,"valueName":"search_term_string"}}],"inLanguage":"es-AR"},{"@type":"Person","@id":"https:\/\/www.diario21.tv\/noticias\/#\/schema\/person\/dfb778f73814d8f09f302618446a526b","name":"Juan P\u00e9rez","image":{"@type":"ImageObject","inLanguage":"es-AR","@id":"https:\/\/www.diario21.tv\/noticias\/#\/schema\/person\/image\/","url":"https:\/\/secure.gravatar.com\/avatar\/c478a405bd10621167f4c3167cc770f5?s=96&d=mm&r=g","contentUrl":"https:\/\/secure.gravatar.com\/avatar\/c478a405bd10621167f4c3167cc770f5?s=96&d=mm&r=g","caption":"Juan P\u00e9rez"},"description":"Juan P\u00e9rez es el redactor en jefe de Diario 21. Con m\u00e1s de 10 a\u00f1os de experiencia en el periodismo, se especializa en pol\u00edtica nacional y an\u00e1lisis socioecon\u00f3mico. Su enfoque cr\u00edtico y riguroso aporta una perspectiva \u00fanica a cada art\u00edculo.","sameAs":["https:\/\/www.diario21.tv\/noticias\/"],"url":"https:\/\/www.diario21.tv\/noticias\/author\/juan-perez\/"}]}},"_links":{"self":[{"href":"https:\/\/www.diario21.tv\/noticias\/wp-json\/wp\/v2\/posts\/2052"}],"collection":[{"href":"https:\/\/www.diario21.tv\/noticias\/wp-json\/wp\/v2\/posts"}],"about":[{"href":"https:\/\/www.diario21.tv\/noticias\/wp-json\/wp\/v2\/types\/post"}],"author":[{"embeddable":true,"href":"https:\/\/www.diario21.tv\/noticias\/wp-json\/wp\/v2\/users\/20"}],"replies":[{"embeddable":true,"href":"https:\/\/www.diario21.tv\/noticias\/wp-json\/wp\/v2\/comments?post=2052"}],"version-history":[{"count":1,"href":"https:\/\/www.diario21.tv\/noticias\/wp-json\/wp\/v2\/posts\/2052\/revisions"}],"predecessor-version":[{"id":2054,"href":"https:\/\/www.diario21.tv\/noticias\/wp-json\/wp\/v2\/posts\/2052\/revisions\/2054"}],"wp:featuredmedia":[{"embeddable":true,"href":"https:\/\/www.diario21.tv\/noticias\/wp-json\/wp\/v2\/media\/2053"}],"wp:attachment":[{"href":"https:\/\/www.diario21.tv\/noticias\/wp-json\/wp\/v2\/media?parent=2052"}],"wp:term":[{"taxonomy":"category","embeddable":true,"href":"https:\/\/www.diario21.tv\/noticias\/wp-json\/wp\/v2\/categories?post=2052"},{"taxonomy":"post_tag","embeddable":true,"href":"https:\/\/www.diario21.tv\/noticias\/wp-json\/wp\/v2\/tags?post=2052"}],"curies":[{"name":"wp","href":"https:\/\/api.w.org\/{rel}","templated":true}]}}