{"id":2049,"date":"2025-02-05T07:44:37","date_gmt":"2025-02-05T07:44:37","guid":{"rendered":"https:\/\/www.diario21.tv\/noticias\/increible-mujer-recibe-700-000-euros-por-incapacidad-tras-un-legrado\/"},"modified":"2025-02-05T07:44:38","modified_gmt":"2025-02-05T07:44:38","slug":"increible-mujer-recibe-700-000-euros-por-incapacidad-tras-un-legrado","status":"publish","type":"post","link":"https:\/\/www.diario21.tv\/noticias\/increible-mujer-recibe-700-000-euros-por-incapacidad-tras-un-legrado\/","title":{"rendered":"\u00a1Incre\u00edble! Mujer recibe 700.000 euros por incapacidad tras un legrado"},"content":{"rendered":"<h2>Una mujer recibe una compensaci\u00f3n de 700.000 euros por secuelas tras un legrado<\/h2>\n<p>Una sentencia judicial reciente ha dictaminado que una mujer deber\u00e1 ser compensada con 700.000 euros debido a las graves secuelas que sufri\u00f3 tras un procedimiento de legrado. El caso destaca no solo por la cuant\u00eda de la compensaci\u00f3n, sino tambi\u00e9n por las circunstancias m\u00e9dicas y legales que llevaron a este desenlace.<\/p>\n<h3>Detalles del Procedimiento M\u00e9dico<\/h3>\n<p>La mujer, cuya identidad no ha sido divulgada, se someti\u00f3 a un legrado, que es un procedimiento quir\u00fargico destinado a limpiar el revestimiento del \u00fatero. Este tipo de intervenciones son comunes y suelen realizarse por diversos motivos, incluyendo la eliminaci\u00f3n de restos tras un aborto espont\u00e1neo o la intervenci\u00f3n en casos de sangrado anormal. Sin embargo, en este incidente en particular, el procedimiento no se llev\u00f3 a cabo con el cuidado requerido, resultando en complicaciones severas para la paciente.<\/p>\n<h3>Consecuencias y Diagn\u00f3stico Post-Operaci\u00f3n<\/h3>\n<p>Despu\u00e9s del legrado, la mujer comenz\u00f3 a experimentar una serie de s\u00edntomas alarmantes que inclu\u00edan dolor severo, sangrado y complicaciones infecciosas. Tras varios ex\u00e1menes y consultas m\u00e9dicas, se diagnostic\u00f3 que la paciente hab\u00eda sufrido da\u00f1os significativos en su \u00fatero y otros \u00f3rganos internos cercanos, lo que eventualmente condujo a una incapacidad permanente. Esta situaci\u00f3n afect\u00f3 profundamente su calidad de vida, tanto f\u00edsica como emocionalmente.<\/p>\n<h3>El Juicio y la Sentencia<\/h3>\n<p>El caso fue llevado a los tribunales, donde el equipo legal de la mujer argument\u00f3 que las secuelas eran el resultado de una negligencia m\u00e9dica. Despu\u00e9s de un exhaustivo proceso judicial, el juez dio la raz\u00f3n a la demandante, estableciendo que el tratamiento m\u00e9dico que se le hab\u00eda proporcionado no cumpli\u00f3 con los est\u00e1ndares esperados de cuidado y atenci\u00f3n m\u00e9dica.<\/p>\n<h3>Impacto de la Compensaci\u00f3n<\/h3>\n<p>La compensaci\u00f3n de 700.000 euros fue calculada tomando en cuenta varios factores, incluyendo el dolor y sufrimiento de la paciente, los costos m\u00e9dicos futuros y la p\u00e9rdida de capacidad para trabajar. Esta indemnizaci\u00f3n pretende ofrecer una forma de alivio financiero que ayude a la mujer a manejar las consecuencias de las malas pr\u00e1cticas m\u00e9dicas a las que fue sometida.<\/p>\n<p>Este caso subraya la importancia de la responsabilidad m\u00e9dica y la protecci\u00f3n de los pacientes en el sistema de salud. Tambi\u00e9n resalta la funci\u00f3n del sistema judicial en proporcionar justicia y compensaci\u00f3n adecuada en casos de negligencia m\u00e9dica.<\/p>\n\n\n<div class=\"kk-star-ratings kksr-auto kksr-align-left kksr-valign-bottom\"\n    data-payload='{&quot;align&quot;:&quot;left&quot;,&quot;id&quot;:&quot;2049&quot;,&quot;slug&quot;:&quot;default&quot;,&quot;valign&quot;:&quot;bottom&quot;,&quot;ignore&quot;:&quot;&quot;,&quot;reference&quot;:&quot;auto&quot;,&quot;class&quot;:&quot;&quot;,&quot;count&quot;:&quot;0&quot;,&quot;legendonly&quot;:&quot;&quot;,&quot;readonly&quot;:&quot;&quot;,&quot;score&quot;:&quot;0&quot;,&quot;starsonly&quot;:&quot;&quot;,&quot;best&quot;:&quot;5&quot;,&quot;gap&quot;:&quot;5&quot;,&quot;greet&quot;:&quot;Valora este post&quot;,&quot;legend&quot;:&quot;0\\\/5 - (0 votes)&quot;,&quot;size&quot;:&quot;22&quot;,&quot;title&quot;:&quot;\u00a1Incre\u00edble! Mujer recibe 700.000 euros por incapacidad tras un legrado&quot;,&quot;width&quot;:&quot;0&quot;,&quot;_legend&quot;:&quot;{score}\\\/{best} - ({count} {votes})&quot;,&quot;font_factor&quot;:&quot;1.25&quot;}'>\n            \n<div class=\"kksr-stars\">\n    \n<div class=\"kksr-stars-inactive\">\n            <div class=\"kksr-star\" data-star=\"1\" style=\"padding-right: 5px\">\n            \n\n<div class=\"kksr-icon\" style=\"width: 22px; height: 22px;\"><\/div>\n        <\/div>\n            <div class=\"kksr-star\" data-star=\"2\" style=\"padding-right: 5px\">\n            \n\n<div class=\"kksr-icon\" style=\"width: 22px; height: 22px;\"><\/div>\n        <\/div>\n            <div class=\"kksr-star\" data-star=\"3\" style=\"padding-right: 5px\">\n            \n\n<div class=\"kksr-icon\" style=\"width: 22px; height: 22px;\"><\/div>\n        <\/div>\n            <div class=\"kksr-star\" data-star=\"4\" style=\"padding-right: 5px\">\n            \n\n<div class=\"kksr-icon\" style=\"width: 22px; height: 22px;\"><\/div>\n        <\/div>\n            <div class=\"kksr-star\" data-star=\"5\" style=\"padding-right: 5px\">\n            \n\n<div class=\"kksr-icon\" style=\"width: 22px; height: 22px;\"><\/div>\n        <\/div>\n    <\/div>\n    \n<div class=\"kksr-stars-active\" style=\"width: 0px;\">\n            <div class=\"kksr-star\" style=\"padding-right: 5px\">\n            \n\n<div class=\"kksr-icon\" style=\"width: 22px; height: 22px;\"><\/div>\n        <\/div>\n            <div class=\"kksr-star\" style=\"padding-right: 5px\">\n            \n\n<div class=\"kksr-icon\" style=\"width: 22px; height: 22px;\"><\/div>\n        <\/div>\n            <div class=\"kksr-star\" style=\"padding-right: 5px\">\n            \n\n<div class=\"kksr-icon\" style=\"width: 22px; height: 22px;\"><\/div>\n        <\/div>\n            <div class=\"kksr-star\" style=\"padding-right: 5px\">\n            \n\n<div class=\"kksr-icon\" style=\"width: 22px; height: 22px;\"><\/div>\n        <\/div>\n            <div class=\"kksr-star\" style=\"padding-right: 5px\">\n            \n\n<div class=\"kksr-icon\" style=\"width: 22px; height: 22px;\"><\/div>\n        <\/div>\n    <\/div>\n<\/div>\n                \n\n<div class=\"kksr-legend\" style=\"font-size: 17.6px;\">\n            <span class=\"kksr-muted\">Valora este post<\/span>\n    <\/div>\n    <\/div>\n","protected":false},"excerpt":{"rendered":"<p>Una mujer recibe una compensaci\u00f3n de 700.000 euros por secuelas tras un legrado Una sentencia judicial reciente ha dictaminado que una mujer deber\u00e1 ser compensada con &#8230; <a title=\"\u00a1Incre\u00edble! Mujer recibe 700.000 euros por incapacidad tras un legrado\" class=\"read-more\" href=\"https:\/\/www.diario21.tv\/noticias\/increible-mujer-recibe-700-000-euros-por-incapacidad-tras-un-legrado\/\" aria-label=\"Leer m\u00e1s sobre \u00a1Incre\u00edble! Mujer recibe 700.000 euros por incapacidad tras un legrado\">Seguir leyendo &rarr;<\/a><\/p>\n","protected":false},"author":20,"featured_media":2050,"comment_status":"open","ping_status":"open","sticky":false,"template":"","format":"standard","meta":{"footnotes":""},"categories":[13],"tags":[],"class_list":["post-2049","post","type-post","status-publish","format-standard","has-post-thumbnail","hentry","category-portada"],"yoast_head":"<!-- This site is optimized with the Yoast SEO plugin v25.6 - https:\/\/yoast.com\/wordpress\/plugins\/seo\/ -->\n<title>\u00a1Incre\u00edble! Mujer recibe 700.000 euros por incapacidad tras un legrado - Diario 21<\/title>\n<meta name=\"robots\" content=\"index, follow, max-snippet:-1, max-image-preview:large, max-video-preview:-1\" \/>\n<link rel=\"canonical\" href=\"https:\/\/www.diario21.tv\/noticias\/increible-mujer-recibe-700-000-euros-por-incapacidad-tras-un-legrado\/\" \/>\n<meta property=\"og:locale\" content=\"es_ES\" \/>\n<meta property=\"og:type\" content=\"article\" \/>\n<meta property=\"og:title\" content=\"\u00a1Incre\u00edble! Mujer recibe 700.000 euros por incapacidad tras un legrado - Diario 21\" \/>\n<meta property=\"og:description\" content=\"Una mujer recibe una compensaci\u00f3n de 700.000 euros por secuelas tras un legrado Una sentencia judicial reciente ha dictaminado que una mujer deber\u00e1 ser compensada con ... Seguir leyendo &rarr;\" \/>\n<meta property=\"og:url\" content=\"https:\/\/www.diario21.tv\/noticias\/increible-mujer-recibe-700-000-euros-por-incapacidad-tras-un-legrado\/\" \/>\n<meta property=\"og:site_name\" content=\"Diario 21\" \/>\n<meta property=\"article:published_time\" content=\"2025-02-05T07:44:37+00:00\" \/>\n<meta property=\"article:modified_time\" content=\"2025-02-05T07:44:38+00:00\" \/>\n<meta property=\"og:image\" content=\"https:\/\/www.diario21.tv\/noticias\/wp-content\/uploads\/2025\/02\/\u00a1Increible-Mujer-recibe-700000-euros-por-incapacidad-tras-un-legrado.jpg\" \/>\n\t<meta property=\"og:image:width\" content=\"1920\" \/>\n\t<meta property=\"og:image:height\" content=\"1080\" \/>\n\t<meta property=\"og:image:type\" content=\"image\/jpeg\" \/>\n<meta name=\"author\" content=\"Juan P\u00e9rez\" \/>\n<meta name=\"twitter:card\" content=\"summary_large_image\" \/>\n<meta name=\"twitter:label1\" content=\"Escrito por\" \/>\n\t<meta name=\"twitter:data1\" content=\"Juan P\u00e9rez\" \/>\n\t<meta name=\"twitter:label2\" content=\"Tiempo de lectura\" \/>\n\t<meta name=\"twitter:data2\" content=\"2 minutos\" \/>\n<script type=\"application\/ld+json\" class=\"yoast-schema-graph\">{\"@context\":\"https:\/\/schema.org\",\"@graph\":[{\"@type\":\"WebPage\",\"@id\":\"https:\/\/www.diario21.tv\/noticias\/increible-mujer-recibe-700-000-euros-por-incapacidad-tras-un-legrado\/\",\"url\":\"https:\/\/www.diario21.tv\/noticias\/increible-mujer-recibe-700-000-euros-por-incapacidad-tras-un-legrado\/\",\"name\":\"\u00a1Incre\u00edble! Mujer recibe 700.000 euros por incapacidad tras un legrado - Diario 21\",\"isPartOf\":{\"@id\":\"https:\/\/www.diario21.tv\/noticias\/#website\"},\"primaryImageOfPage\":{\"@id\":\"https:\/\/www.diario21.tv\/noticias\/increible-mujer-recibe-700-000-euros-por-incapacidad-tras-un-legrado\/#primaryimage\"},\"image\":{\"@id\":\"https:\/\/www.diario21.tv\/noticias\/increible-mujer-recibe-700-000-euros-por-incapacidad-tras-un-legrado\/#primaryimage\"},\"thumbnailUrl\":\"https:\/\/www.diario21.tv\/noticias\/wp-content\/uploads\/2025\/02\/\u00a1Increible-Mujer-recibe-700000-euros-por-incapacidad-tras-un-legrado.jpg\",\"datePublished\":\"2025-02-05T07:44:37+00:00\",\"dateModified\":\"2025-02-05T07:44:38+00:00\",\"author\":{\"@id\":\"https:\/\/www.diario21.tv\/noticias\/#\/schema\/person\/dfb778f73814d8f09f302618446a526b\"},\"breadcrumb\":{\"@id\":\"https:\/\/www.diario21.tv\/noticias\/increible-mujer-recibe-700-000-euros-por-incapacidad-tras-un-legrado\/#breadcrumb\"},\"inLanguage\":\"es-AR\",\"potentialAction\":[{\"@type\":\"ReadAction\",\"target\":[\"https:\/\/www.diario21.tv\/noticias\/increible-mujer-recibe-700-000-euros-por-incapacidad-tras-un-legrado\/\"]}]},{\"@type\":\"ImageObject\",\"inLanguage\":\"es-AR\",\"@id\":\"https:\/\/www.diario21.tv\/noticias\/increible-mujer-recibe-700-000-euros-por-incapacidad-tras-un-legrado\/#primaryimage\",\"url\":\"https:\/\/www.diario21.tv\/noticias\/wp-content\/uploads\/2025\/02\/\u00a1Increible-Mujer-recibe-700000-euros-por-incapacidad-tras-un-legrado.jpg\",\"contentUrl\":\"https:\/\/www.diario21.tv\/noticias\/wp-content\/uploads\/2025\/02\/\u00a1Increible-Mujer-recibe-700000-euros-por-incapacidad-tras-un-legrado.jpg\",\"width\":1920,\"height\":1080,\"caption\":\"Indemnizan con 700.000 euros a una mujer por la incapacidad que le causaron con un legrado\"},{\"@type\":\"BreadcrumbList\",\"@id\":\"https:\/\/www.diario21.tv\/noticias\/increible-mujer-recibe-700-000-euros-por-incapacidad-tras-un-legrado\/#breadcrumb\",\"itemListElement\":[{\"@type\":\"ListItem\",\"position\":1,\"name\":\"Accueil\",\"item\":\"https:\/\/www.diario21.tv\/noticias\/\"},{\"@type\":\"ListItem\",\"position\":2,\"name\":\"\u00a1Incre\u00edble! Mujer recibe 700.000 euros por incapacidad tras un legrado\"}]},{\"@type\":\"WebSite\",\"@id\":\"https:\/\/www.diario21.tv\/noticias\/#website\",\"url\":\"https:\/\/www.diario21.tv\/noticias\/\",\"name\":\"Diario 21\",\"description\":\"\",\"potentialAction\":[{\"@type\":\"SearchAction\",\"target\":{\"@type\":\"EntryPoint\",\"urlTemplate\":\"https:\/\/www.diario21.tv\/noticias\/?s={search_term_string}\"},\"query-input\":{\"@type\":\"PropertyValueSpecification\",\"valueRequired\":true,\"valueName\":\"search_term_string\"}}],\"inLanguage\":\"es-AR\"},{\"@type\":\"Person\",\"@id\":\"https:\/\/www.diario21.tv\/noticias\/#\/schema\/person\/dfb778f73814d8f09f302618446a526b\",\"name\":\"Juan P\u00e9rez\",\"image\":{\"@type\":\"ImageObject\",\"inLanguage\":\"es-AR\",\"@id\":\"https:\/\/www.diario21.tv\/noticias\/#\/schema\/person\/image\/\",\"url\":\"https:\/\/secure.gravatar.com\/avatar\/c478a405bd10621167f4c3167cc770f5?s=96&d=mm&r=g\",\"contentUrl\":\"https:\/\/secure.gravatar.com\/avatar\/c478a405bd10621167f4c3167cc770f5?s=96&d=mm&r=g\",\"caption\":\"Juan P\u00e9rez\"},\"description\":\"Juan P\u00e9rez es el redactor en jefe de Diario 21. Con m\u00e1s de 10 a\u00f1os de experiencia en el periodismo, se especializa en pol\u00edtica nacional y an\u00e1lisis socioecon\u00f3mico. Su enfoque cr\u00edtico y riguroso aporta una perspectiva \u00fanica a cada art\u00edculo.\",\"sameAs\":[\"https:\/\/www.diario21.tv\/noticias\/\"],\"url\":\"https:\/\/www.diario21.tv\/noticias\/author\/juan-perez\/\"}]}<\/script>\n<!-- \/ Yoast SEO plugin. -->","yoast_head_json":{"title":"\u00a1Incre\u00edble! Mujer recibe 700.000 euros por incapacidad tras un legrado - Diario 21","robots":{"index":"index","follow":"follow","max-snippet":"max-snippet:-1","max-image-preview":"max-image-preview:large","max-video-preview":"max-video-preview:-1"},"canonical":"https:\/\/www.diario21.tv\/noticias\/increible-mujer-recibe-700-000-euros-por-incapacidad-tras-un-legrado\/","og_locale":"es_ES","og_type":"article","og_title":"\u00a1Incre\u00edble! Mujer recibe 700.000 euros por incapacidad tras un legrado - Diario 21","og_description":"Una mujer recibe una compensaci\u00f3n de 700.000 euros por secuelas tras un legrado Una sentencia judicial reciente ha dictaminado que una mujer deber\u00e1 ser compensada con ... Seguir leyendo &rarr;","og_url":"https:\/\/www.diario21.tv\/noticias\/increible-mujer-recibe-700-000-euros-por-incapacidad-tras-un-legrado\/","og_site_name":"Diario 21","article_published_time":"2025-02-05T07:44:37+00:00","article_modified_time":"2025-02-05T07:44:38+00:00","og_image":[{"width":1920,"height":1080,"url":"https:\/\/www.diario21.tv\/noticias\/wp-content\/uploads\/2025\/02\/\u00a1Increible-Mujer-recibe-700000-euros-por-incapacidad-tras-un-legrado.jpg","type":"image\/jpeg"}],"author":"Juan P\u00e9rez","twitter_card":"summary_large_image","twitter_misc":{"Escrito por":"Juan P\u00e9rez","Tiempo de lectura":"2 minutos"},"schema":{"@context":"https:\/\/schema.org","@graph":[{"@type":"WebPage","@id":"https:\/\/www.diario21.tv\/noticias\/increible-mujer-recibe-700-000-euros-por-incapacidad-tras-un-legrado\/","url":"https:\/\/www.diario21.tv\/noticias\/increible-mujer-recibe-700-000-euros-por-incapacidad-tras-un-legrado\/","name":"\u00a1Incre\u00edble! Mujer recibe 700.000 euros por incapacidad tras un legrado - Diario 21","isPartOf":{"@id":"https:\/\/www.diario21.tv\/noticias\/#website"},"primaryImageOfPage":{"@id":"https:\/\/www.diario21.tv\/noticias\/increible-mujer-recibe-700-000-euros-por-incapacidad-tras-un-legrado\/#primaryimage"},"image":{"@id":"https:\/\/www.diario21.tv\/noticias\/increible-mujer-recibe-700-000-euros-por-incapacidad-tras-un-legrado\/#primaryimage"},"thumbnailUrl":"https:\/\/www.diario21.tv\/noticias\/wp-content\/uploads\/2025\/02\/\u00a1Increible-Mujer-recibe-700000-euros-por-incapacidad-tras-un-legrado.jpg","datePublished":"2025-02-05T07:44:37+00:00","dateModified":"2025-02-05T07:44:38+00:00","author":{"@id":"https:\/\/www.diario21.tv\/noticias\/#\/schema\/person\/dfb778f73814d8f09f302618446a526b"},"breadcrumb":{"@id":"https:\/\/www.diario21.tv\/noticias\/increible-mujer-recibe-700-000-euros-por-incapacidad-tras-un-legrado\/#breadcrumb"},"inLanguage":"es-AR","potentialAction":[{"@type":"ReadAction","target":["https:\/\/www.diario21.tv\/noticias\/increible-mujer-recibe-700-000-euros-por-incapacidad-tras-un-legrado\/"]}]},{"@type":"ImageObject","inLanguage":"es-AR","@id":"https:\/\/www.diario21.tv\/noticias\/increible-mujer-recibe-700-000-euros-por-incapacidad-tras-un-legrado\/#primaryimage","url":"https:\/\/www.diario21.tv\/noticias\/wp-content\/uploads\/2025\/02\/\u00a1Increible-Mujer-recibe-700000-euros-por-incapacidad-tras-un-legrado.jpg","contentUrl":"https:\/\/www.diario21.tv\/noticias\/wp-content\/uploads\/2025\/02\/\u00a1Increible-Mujer-recibe-700000-euros-por-incapacidad-tras-un-legrado.jpg","width":1920,"height":1080,"caption":"Indemnizan con 700.000 euros a una mujer por la incapacidad que le causaron con un legrado"},{"@type":"BreadcrumbList","@id":"https:\/\/www.diario21.tv\/noticias\/increible-mujer-recibe-700-000-euros-por-incapacidad-tras-un-legrado\/#breadcrumb","itemListElement":[{"@type":"ListItem","position":1,"name":"Accueil","item":"https:\/\/www.diario21.tv\/noticias\/"},{"@type":"ListItem","position":2,"name":"\u00a1Incre\u00edble! Mujer recibe 700.000 euros por incapacidad tras un legrado"}]},{"@type":"WebSite","@id":"https:\/\/www.diario21.tv\/noticias\/#website","url":"https:\/\/www.diario21.tv\/noticias\/","name":"Diario 21","description":"","potentialAction":[{"@type":"SearchAction","target":{"@type":"EntryPoint","urlTemplate":"https:\/\/www.diario21.tv\/noticias\/?s={search_term_string}"},"query-input":{"@type":"PropertyValueSpecification","valueRequired":true,"valueName":"search_term_string"}}],"inLanguage":"es-AR"},{"@type":"Person","@id":"https:\/\/www.diario21.tv\/noticias\/#\/schema\/person\/dfb778f73814d8f09f302618446a526b","name":"Juan P\u00e9rez","image":{"@type":"ImageObject","inLanguage":"es-AR","@id":"https:\/\/www.diario21.tv\/noticias\/#\/schema\/person\/image\/","url":"https:\/\/secure.gravatar.com\/avatar\/c478a405bd10621167f4c3167cc770f5?s=96&d=mm&r=g","contentUrl":"https:\/\/secure.gravatar.com\/avatar\/c478a405bd10621167f4c3167cc770f5?s=96&d=mm&r=g","caption":"Juan P\u00e9rez"},"description":"Juan P\u00e9rez es el redactor en jefe de Diario 21. Con m\u00e1s de 10 a\u00f1os de experiencia en el periodismo, se especializa en pol\u00edtica nacional y an\u00e1lisis socioecon\u00f3mico. Su enfoque cr\u00edtico y riguroso aporta una perspectiva \u00fanica a cada art\u00edculo.","sameAs":["https:\/\/www.diario21.tv\/noticias\/"],"url":"https:\/\/www.diario21.tv\/noticias\/author\/juan-perez\/"}]}},"_links":{"self":[{"href":"https:\/\/www.diario21.tv\/noticias\/wp-json\/wp\/v2\/posts\/2049"}],"collection":[{"href":"https:\/\/www.diario21.tv\/noticias\/wp-json\/wp\/v2\/posts"}],"about":[{"href":"https:\/\/www.diario21.tv\/noticias\/wp-json\/wp\/v2\/types\/post"}],"author":[{"embeddable":true,"href":"https:\/\/www.diario21.tv\/noticias\/wp-json\/wp\/v2\/users\/20"}],"replies":[{"embeddable":true,"href":"https:\/\/www.diario21.tv\/noticias\/wp-json\/wp\/v2\/comments?post=2049"}],"version-history":[{"count":1,"href":"https:\/\/www.diario21.tv\/noticias\/wp-json\/wp\/v2\/posts\/2049\/revisions"}],"predecessor-version":[{"id":2051,"href":"https:\/\/www.diario21.tv\/noticias\/wp-json\/wp\/v2\/posts\/2049\/revisions\/2051"}],"wp:featuredmedia":[{"embeddable":true,"href":"https:\/\/www.diario21.tv\/noticias\/wp-json\/wp\/v2\/media\/2050"}],"wp:attachment":[{"href":"https:\/\/www.diario21.tv\/noticias\/wp-json\/wp\/v2\/media?parent=2049"}],"wp:term":[{"taxonomy":"category","embeddable":true,"href":"https:\/\/www.diario21.tv\/noticias\/wp-json\/wp\/v2\/categories?post=2049"},{"taxonomy":"post_tag","embeddable":true,"href":"https:\/\/www.diario21.tv\/noticias\/wp-json\/wp\/v2\/tags?post=2049"}],"curies":[{"name":"wp","href":"https:\/\/api.w.org\/{rel}","templated":true}]}}