{"id":2013,"date":"2025-02-01T23:30:46","date_gmt":"2025-02-01T23:30:46","guid":{"rendered":"https:\/\/www.diario21.tv\/noticias\/impactante-hombre-abatido-por-policia-en-madrid-con-3-kilos-de-cocaina-en-su-coche\/"},"modified":"2025-02-01T23:30:48","modified_gmt":"2025-02-01T23:30:48","slug":"impactante-hombre-abatido-por-policia-en-madrid-con-3-kilos-de-cocaina-en-su-coche","status":"publish","type":"post","link":"https:\/\/www.diario21.tv\/noticias\/impactante-hombre-abatido-por-policia-en-madrid-con-3-kilos-de-cocaina-en-su-coche\/","title":{"rendered":"\u00a1Impactante! Hombre abatido por polic\u00eda en Madrid con 3 kilos de coca\u00edna en su coche"},"content":{"rendered":"<h2>Un hombre muere en Madrid tras recibir un disparo de un agente de polic\u00eda<\/h2>\n<p>En un incidente reciente en Madrid, un hombre ha perdido la vida despu\u00e9s de ser disparado por un oficial de polic\u00eda. El suceso tuvo lugar durante un control rutinario de tr\u00e1fico, en el que se descubri\u00f3 que el individuo transportaba una considerable cantidad de drogas en su veh\u00edculo.<\/p>\n<h3>Detalles del Incidente<\/h3>\n<p>El incidente ocurri\u00f3 cuando la polic\u00eda detuvo a un veh\u00edculo para un control de tr\u00e1fico est\u00e1ndar. Durante la inspecci\u00f3n, los oficiales detectaron un comportamiento sospechoso por parte del conductor, lo que llev\u00f3 a una revisi\u00f3n m\u00e1s exhaustiva del autom\u00f3vil. Fue en ese momento cuando descubrieron aproximadamente tres kilogramos de coca\u00edna escondidos en el coche.<\/p>\n<p>Seg\u00fan informes de la polic\u00eda, el hombre intent\u00f3 resistirse al arresto, lo que provoc\u00f3 un altercado con los agentes. En medio del conflicto, uno de los polic\u00edas dispar\u00f3 al hombre, resultando en su muerte. La identidad del fallecido no ha sido revelada a la espera de notificar a sus familiares m\u00e1s cercanos.<\/p>\n<h3>Investigaci\u00f3n en Curso<\/h3>\n<p>Tras el tr\u00e1gico suceso, se ha iniciado una investigaci\u00f3n para esclarecer los detalles completos de la confrontaci\u00f3n y para determinar la justificaci\u00f3n del uso de la fuerza por parte del oficial involucrado. Las autoridades est\u00e1n revisando las evidencias, incluyendo grabaciones de c\u00e1maras de seguridad del \u00e1rea y las c\u00e1maras corporales de los oficiales presentes en la escena.<\/p>\n<p>Este incidente ha generado una serie de preguntas sobre los procedimientos utilizados por la polic\u00eda en situaciones de alto riesgo y el entrenamiento de los oficiales para manejar dichas situaciones de manera que se minimicen los da\u00f1os y se preserve la seguridad de todos los involucrados.<\/p>\n<h3>Reacciones de la Comunidad<\/h3>\n<p>La comunidad local y los grupos de derechos civiles han expresado su preocupaci\u00f3n y est\u00e1n pidiendo transparencia en la investigaci\u00f3n. Muchos insisten en la necesidad de revisar las pol\u00edticas de uso de la fuerza para asegurar que incidentes similares sean manejados de una manera que respete los derechos humanos y la dignidad de todas las personas.<\/p>\n<p>La muerte de este individuo ha sido un recordatorio doloroso de las complejidades y los desaf\u00edos que enfrentan las fuerzas del orden en su trabajo diario, y ha destacado la importancia de la formaci\u00f3n continua y la evaluaci\u00f3n de las pr\u00e1cticas policiales.<\/p>\n<p>Mientras la investigaci\u00f3n sigue en curso, la comunidad espera respuestas que puedan aportar claridad al caso y contribuir a mejoras en las pr\u00e1cticas de seguridad p\u00fablica.<\/p>\n\n\n<div class=\"kk-star-ratings kksr-auto kksr-align-left kksr-valign-bottom\"\n    data-payload='{&quot;align&quot;:&quot;left&quot;,&quot;id&quot;:&quot;2013&quot;,&quot;slug&quot;:&quot;default&quot;,&quot;valign&quot;:&quot;bottom&quot;,&quot;ignore&quot;:&quot;&quot;,&quot;reference&quot;:&quot;auto&quot;,&quot;class&quot;:&quot;&quot;,&quot;count&quot;:&quot;0&quot;,&quot;legendonly&quot;:&quot;&quot;,&quot;readonly&quot;:&quot;&quot;,&quot;score&quot;:&quot;0&quot;,&quot;starsonly&quot;:&quot;&quot;,&quot;best&quot;:&quot;5&quot;,&quot;gap&quot;:&quot;5&quot;,&quot;greet&quot;:&quot;Valora este post&quot;,&quot;legend&quot;:&quot;0\\\/5 - (0 votes)&quot;,&quot;size&quot;:&quot;22&quot;,&quot;title&quot;:&quot;\u00a1Impactante! Hombre abatido por polic\u00eda en Madrid con 3 kilos de coca\u00edna en su coche&quot;,&quot;width&quot;:&quot;0&quot;,&quot;_legend&quot;:&quot;{score}\\\/{best} - ({count} {votes})&quot;,&quot;font_factor&quot;:&quot;1.25&quot;}'>\n            \n<div class=\"kksr-stars\">\n    \n<div class=\"kksr-stars-inactive\">\n            <div class=\"kksr-star\" data-star=\"1\" style=\"padding-right: 5px\">\n            \n\n<div class=\"kksr-icon\" style=\"width: 22px; height: 22px;\"><\/div>\n        <\/div>\n            <div class=\"kksr-star\" data-star=\"2\" style=\"padding-right: 5px\">\n            \n\n<div class=\"kksr-icon\" style=\"width: 22px; height: 22px;\"><\/div>\n        <\/div>\n            <div class=\"kksr-star\" data-star=\"3\" style=\"padding-right: 5px\">\n            \n\n<div class=\"kksr-icon\" style=\"width: 22px; height: 22px;\"><\/div>\n        <\/div>\n            <div class=\"kksr-star\" data-star=\"4\" style=\"padding-right: 5px\">\n            \n\n<div class=\"kksr-icon\" style=\"width: 22px; height: 22px;\"><\/div>\n        <\/div>\n            <div class=\"kksr-star\" data-star=\"5\" style=\"padding-right: 5px\">\n            \n\n<div class=\"kksr-icon\" style=\"width: 22px; height: 22px;\"><\/div>\n        <\/div>\n    <\/div>\n    \n<div class=\"kksr-stars-active\" style=\"width: 0px;\">\n            <div class=\"kksr-star\" style=\"padding-right: 5px\">\n            \n\n<div class=\"kksr-icon\" style=\"width: 22px; height: 22px;\"><\/div>\n        <\/div>\n            <div class=\"kksr-star\" style=\"padding-right: 5px\">\n            \n\n<div class=\"kksr-icon\" style=\"width: 22px; height: 22px;\"><\/div>\n        <\/div>\n            <div class=\"kksr-star\" style=\"padding-right: 5px\">\n            \n\n<div class=\"kksr-icon\" style=\"width: 22px; height: 22px;\"><\/div>\n        <\/div>\n            <div class=\"kksr-star\" style=\"padding-right: 5px\">\n            \n\n<div class=\"kksr-icon\" style=\"width: 22px; height: 22px;\"><\/div>\n        <\/div>\n            <div class=\"kksr-star\" style=\"padding-right: 5px\">\n            \n\n<div class=\"kksr-icon\" style=\"width: 22px; height: 22px;\"><\/div>\n        <\/div>\n    <\/div>\n<\/div>\n                \n\n<div class=\"kksr-legend\" style=\"font-size: 17.6px;\">\n            <span class=\"kksr-muted\">Valora este post<\/span>\n    <\/div>\n    <\/div>\n","protected":false},"excerpt":{"rendered":"<p>Un hombre muere en Madrid tras recibir un disparo de un agente de polic\u00eda En un incidente reciente en Madrid, un hombre ha perdido la vida &#8230; <a title=\"\u00a1Impactante! Hombre abatido por polic\u00eda en Madrid con 3 kilos de coca\u00edna en su coche\" class=\"read-more\" href=\"https:\/\/www.diario21.tv\/noticias\/impactante-hombre-abatido-por-policia-en-madrid-con-3-kilos-de-cocaina-en-su-coche\/\" aria-label=\"Leer m\u00e1s sobre \u00a1Impactante! Hombre abatido por polic\u00eda en Madrid con 3 kilos de coca\u00edna en su coche\">Seguir leyendo &rarr;<\/a><\/p>\n","protected":false},"author":20,"featured_media":2014,"comment_status":"open","ping_status":"open","sticky":false,"template":"","format":"standard","meta":{"footnotes":""},"categories":[13],"tags":[],"class_list":["post-2013","post","type-post","status-publish","format-standard","has-post-thumbnail","hentry","category-portada"],"yoast_head":"<!-- This site is optimized with the Yoast SEO plugin v25.6 - https:\/\/yoast.com\/wordpress\/plugins\/seo\/ -->\n<title>\u00a1Impactante! Hombre abatido por polic\u00eda en Madrid con 3 kilos de coca\u00edna en su coche - Diario 21<\/title>\n<meta name=\"robots\" content=\"index, follow, max-snippet:-1, max-image-preview:large, max-video-preview:-1\" \/>\n<link rel=\"canonical\" href=\"https:\/\/www.diario21.tv\/noticias\/impactante-hombre-abatido-por-policia-en-madrid-con-3-kilos-de-cocaina-en-su-coche\/\" \/>\n<meta property=\"og:locale\" content=\"es_ES\" \/>\n<meta property=\"og:type\" content=\"article\" \/>\n<meta property=\"og:title\" content=\"\u00a1Impactante! Hombre abatido por polic\u00eda en Madrid con 3 kilos de coca\u00edna en su coche - Diario 21\" \/>\n<meta property=\"og:description\" content=\"Un hombre muere en Madrid tras recibir un disparo de un agente de polic\u00eda En un incidente reciente en Madrid, un hombre ha perdido la vida ... Seguir leyendo &rarr;\" \/>\n<meta property=\"og:url\" content=\"https:\/\/www.diario21.tv\/noticias\/impactante-hombre-abatido-por-policia-en-madrid-con-3-kilos-de-cocaina-en-su-coche\/\" \/>\n<meta property=\"og:site_name\" content=\"Diario 21\" \/>\n<meta property=\"article:published_time\" content=\"2025-02-01T23:30:46+00:00\" \/>\n<meta property=\"article:modified_time\" content=\"2025-02-01T23:30:48+00:00\" \/>\n<meta property=\"og:image\" content=\"https:\/\/www.diario21.tv\/noticias\/wp-content\/uploads\/2025\/02\/\u00a1Impactante-Hombre-abatido-por-policia-en-Madrid-con-3-kilos-1024x683.png\" \/>\n\t<meta property=\"og:image:width\" content=\"1024\" \/>\n\t<meta property=\"og:image:height\" content=\"683\" \/>\n\t<meta property=\"og:image:type\" content=\"image\/png\" \/>\n<meta name=\"author\" content=\"Juan P\u00e9rez\" \/>\n<meta name=\"twitter:card\" content=\"summary_large_image\" \/>\n<meta name=\"twitter:label1\" content=\"Escrito por\" \/>\n\t<meta name=\"twitter:data1\" content=\"Juan P\u00e9rez\" \/>\n\t<meta name=\"twitter:label2\" content=\"Tiempo de lectura\" \/>\n\t<meta name=\"twitter:data2\" content=\"2 minutos\" \/>\n<script type=\"application\/ld+json\" class=\"yoast-schema-graph\">{\"@context\":\"https:\/\/schema.org\",\"@graph\":[{\"@type\":\"WebPage\",\"@id\":\"https:\/\/www.diario21.tv\/noticias\/impactante-hombre-abatido-por-policia-en-madrid-con-3-kilos-de-cocaina-en-su-coche\/\",\"url\":\"https:\/\/www.diario21.tv\/noticias\/impactante-hombre-abatido-por-policia-en-madrid-con-3-kilos-de-cocaina-en-su-coche\/\",\"name\":\"\u00a1Impactante! Hombre abatido por polic\u00eda en Madrid con 3 kilos de coca\u00edna en su coche - Diario 21\",\"isPartOf\":{\"@id\":\"https:\/\/www.diario21.tv\/noticias\/#website\"},\"primaryImageOfPage\":{\"@id\":\"https:\/\/www.diario21.tv\/noticias\/impactante-hombre-abatido-por-policia-en-madrid-con-3-kilos-de-cocaina-en-su-coche\/#primaryimage\"},\"image\":{\"@id\":\"https:\/\/www.diario21.tv\/noticias\/impactante-hombre-abatido-por-policia-en-madrid-con-3-kilos-de-cocaina-en-su-coche\/#primaryimage\"},\"thumbnailUrl\":\"https:\/\/www.diario21.tv\/noticias\/wp-content\/uploads\/2025\/02\/\u00a1Impactante-Hombre-abatido-por-policia-en-Madrid-con-3-kilos.png\",\"datePublished\":\"2025-02-01T23:30:46+00:00\",\"dateModified\":\"2025-02-01T23:30:48+00:00\",\"author\":{\"@id\":\"https:\/\/www.diario21.tv\/noticias\/#\/schema\/person\/dfb778f73814d8f09f302618446a526b\"},\"breadcrumb\":{\"@id\":\"https:\/\/www.diario21.tv\/noticias\/impactante-hombre-abatido-por-policia-en-madrid-con-3-kilos-de-cocaina-en-su-coche\/#breadcrumb\"},\"inLanguage\":\"es-AR\",\"potentialAction\":[{\"@type\":\"ReadAction\",\"target\":[\"https:\/\/www.diario21.tv\/noticias\/impactante-hombre-abatido-por-policia-en-madrid-con-3-kilos-de-cocaina-en-su-coche\/\"]}]},{\"@type\":\"ImageObject\",\"inLanguage\":\"es-AR\",\"@id\":\"https:\/\/www.diario21.tv\/noticias\/impactante-hombre-abatido-por-policia-en-madrid-con-3-kilos-de-cocaina-en-su-coche\/#primaryimage\",\"url\":\"https:\/\/www.diario21.tv\/noticias\/wp-content\/uploads\/2025\/02\/\u00a1Impactante-Hombre-abatido-por-policia-en-Madrid-con-3-kilos.png\",\"contentUrl\":\"https:\/\/www.diario21.tv\/noticias\/wp-content\/uploads\/2025\/02\/\u00a1Impactante-Hombre-abatido-por-policia-en-Madrid-con-3-kilos.png\",\"width\":1536,\"height\":1024,\"caption\":\"El fallecido por un disparo de un polic\u00eda en Madrid llevaba 3 kilos de coca\u00edna en el coche\"},{\"@type\":\"BreadcrumbList\",\"@id\":\"https:\/\/www.diario21.tv\/noticias\/impactante-hombre-abatido-por-policia-en-madrid-con-3-kilos-de-cocaina-en-su-coche\/#breadcrumb\",\"itemListElement\":[{\"@type\":\"ListItem\",\"position\":1,\"name\":\"Accueil\",\"item\":\"https:\/\/www.diario21.tv\/noticias\/\"},{\"@type\":\"ListItem\",\"position\":2,\"name\":\"\u00a1Impactante! Hombre abatido por polic\u00eda en Madrid con 3 kilos de coca\u00edna en su coche\"}]},{\"@type\":\"WebSite\",\"@id\":\"https:\/\/www.diario21.tv\/noticias\/#website\",\"url\":\"https:\/\/www.diario21.tv\/noticias\/\",\"name\":\"Diario 21\",\"description\":\"\",\"potentialAction\":[{\"@type\":\"SearchAction\",\"target\":{\"@type\":\"EntryPoint\",\"urlTemplate\":\"https:\/\/www.diario21.tv\/noticias\/?s={search_term_string}\"},\"query-input\":{\"@type\":\"PropertyValueSpecification\",\"valueRequired\":true,\"valueName\":\"search_term_string\"}}],\"inLanguage\":\"es-AR\"},{\"@type\":\"Person\",\"@id\":\"https:\/\/www.diario21.tv\/noticias\/#\/schema\/person\/dfb778f73814d8f09f302618446a526b\",\"name\":\"Juan P\u00e9rez\",\"image\":{\"@type\":\"ImageObject\",\"inLanguage\":\"es-AR\",\"@id\":\"https:\/\/www.diario21.tv\/noticias\/#\/schema\/person\/image\/\",\"url\":\"https:\/\/secure.gravatar.com\/avatar\/c478a405bd10621167f4c3167cc770f5?s=96&d=mm&r=g\",\"contentUrl\":\"https:\/\/secure.gravatar.com\/avatar\/c478a405bd10621167f4c3167cc770f5?s=96&d=mm&r=g\",\"caption\":\"Juan P\u00e9rez\"},\"description\":\"Juan P\u00e9rez es el redactor en jefe de Diario 21. Con m\u00e1s de 10 a\u00f1os de experiencia en el periodismo, se especializa en pol\u00edtica nacional y an\u00e1lisis socioecon\u00f3mico. Su enfoque cr\u00edtico y riguroso aporta una perspectiva \u00fanica a cada art\u00edculo.\",\"sameAs\":[\"https:\/\/www.diario21.tv\/noticias\/\"],\"url\":\"https:\/\/www.diario21.tv\/noticias\/author\/juan-perez\/\"}]}<\/script>\n<!-- \/ Yoast SEO plugin. -->","yoast_head_json":{"title":"\u00a1Impactante! Hombre abatido por polic\u00eda en Madrid con 3 kilos de coca\u00edna en su coche - Diario 21","robots":{"index":"index","follow":"follow","max-snippet":"max-snippet:-1","max-image-preview":"max-image-preview:large","max-video-preview":"max-video-preview:-1"},"canonical":"https:\/\/www.diario21.tv\/noticias\/impactante-hombre-abatido-por-policia-en-madrid-con-3-kilos-de-cocaina-en-su-coche\/","og_locale":"es_ES","og_type":"article","og_title":"\u00a1Impactante! Hombre abatido por polic\u00eda en Madrid con 3 kilos de coca\u00edna en su coche - Diario 21","og_description":"Un hombre muere en Madrid tras recibir un disparo de un agente de polic\u00eda En un incidente reciente en Madrid, un hombre ha perdido la vida ... Seguir leyendo &rarr;","og_url":"https:\/\/www.diario21.tv\/noticias\/impactante-hombre-abatido-por-policia-en-madrid-con-3-kilos-de-cocaina-en-su-coche\/","og_site_name":"Diario 21","article_published_time":"2025-02-01T23:30:46+00:00","article_modified_time":"2025-02-01T23:30:48+00:00","og_image":[{"width":1024,"height":683,"url":"https:\/\/www.diario21.tv\/noticias\/wp-content\/uploads\/2025\/02\/\u00a1Impactante-Hombre-abatido-por-policia-en-Madrid-con-3-kilos-1024x683.png","type":"image\/png"}],"author":"Juan P\u00e9rez","twitter_card":"summary_large_image","twitter_misc":{"Escrito por":"Juan P\u00e9rez","Tiempo de lectura":"2 minutos"},"schema":{"@context":"https:\/\/schema.org","@graph":[{"@type":"WebPage","@id":"https:\/\/www.diario21.tv\/noticias\/impactante-hombre-abatido-por-policia-en-madrid-con-3-kilos-de-cocaina-en-su-coche\/","url":"https:\/\/www.diario21.tv\/noticias\/impactante-hombre-abatido-por-policia-en-madrid-con-3-kilos-de-cocaina-en-su-coche\/","name":"\u00a1Impactante! Hombre abatido por polic\u00eda en Madrid con 3 kilos de coca\u00edna en su coche - Diario 21","isPartOf":{"@id":"https:\/\/www.diario21.tv\/noticias\/#website"},"primaryImageOfPage":{"@id":"https:\/\/www.diario21.tv\/noticias\/impactante-hombre-abatido-por-policia-en-madrid-con-3-kilos-de-cocaina-en-su-coche\/#primaryimage"},"image":{"@id":"https:\/\/www.diario21.tv\/noticias\/impactante-hombre-abatido-por-policia-en-madrid-con-3-kilos-de-cocaina-en-su-coche\/#primaryimage"},"thumbnailUrl":"https:\/\/www.diario21.tv\/noticias\/wp-content\/uploads\/2025\/02\/\u00a1Impactante-Hombre-abatido-por-policia-en-Madrid-con-3-kilos.png","datePublished":"2025-02-01T23:30:46+00:00","dateModified":"2025-02-01T23:30:48+00:00","author":{"@id":"https:\/\/www.diario21.tv\/noticias\/#\/schema\/person\/dfb778f73814d8f09f302618446a526b"},"breadcrumb":{"@id":"https:\/\/www.diario21.tv\/noticias\/impactante-hombre-abatido-por-policia-en-madrid-con-3-kilos-de-cocaina-en-su-coche\/#breadcrumb"},"inLanguage":"es-AR","potentialAction":[{"@type":"ReadAction","target":["https:\/\/www.diario21.tv\/noticias\/impactante-hombre-abatido-por-policia-en-madrid-con-3-kilos-de-cocaina-en-su-coche\/"]}]},{"@type":"ImageObject","inLanguage":"es-AR","@id":"https:\/\/www.diario21.tv\/noticias\/impactante-hombre-abatido-por-policia-en-madrid-con-3-kilos-de-cocaina-en-su-coche\/#primaryimage","url":"https:\/\/www.diario21.tv\/noticias\/wp-content\/uploads\/2025\/02\/\u00a1Impactante-Hombre-abatido-por-policia-en-Madrid-con-3-kilos.png","contentUrl":"https:\/\/www.diario21.tv\/noticias\/wp-content\/uploads\/2025\/02\/\u00a1Impactante-Hombre-abatido-por-policia-en-Madrid-con-3-kilos.png","width":1536,"height":1024,"caption":"El fallecido por un disparo de un polic\u00eda en Madrid llevaba 3 kilos de coca\u00edna en el coche"},{"@type":"BreadcrumbList","@id":"https:\/\/www.diario21.tv\/noticias\/impactante-hombre-abatido-por-policia-en-madrid-con-3-kilos-de-cocaina-en-su-coche\/#breadcrumb","itemListElement":[{"@type":"ListItem","position":1,"name":"Accueil","item":"https:\/\/www.diario21.tv\/noticias\/"},{"@type":"ListItem","position":2,"name":"\u00a1Impactante! Hombre abatido por polic\u00eda en Madrid con 3 kilos de coca\u00edna en su coche"}]},{"@type":"WebSite","@id":"https:\/\/www.diario21.tv\/noticias\/#website","url":"https:\/\/www.diario21.tv\/noticias\/","name":"Diario 21","description":"","potentialAction":[{"@type":"SearchAction","target":{"@type":"EntryPoint","urlTemplate":"https:\/\/www.diario21.tv\/noticias\/?s={search_term_string}"},"query-input":{"@type":"PropertyValueSpecification","valueRequired":true,"valueName":"search_term_string"}}],"inLanguage":"es-AR"},{"@type":"Person","@id":"https:\/\/www.diario21.tv\/noticias\/#\/schema\/person\/dfb778f73814d8f09f302618446a526b","name":"Juan P\u00e9rez","image":{"@type":"ImageObject","inLanguage":"es-AR","@id":"https:\/\/www.diario21.tv\/noticias\/#\/schema\/person\/image\/","url":"https:\/\/secure.gravatar.com\/avatar\/c478a405bd10621167f4c3167cc770f5?s=96&d=mm&r=g","contentUrl":"https:\/\/secure.gravatar.com\/avatar\/c478a405bd10621167f4c3167cc770f5?s=96&d=mm&r=g","caption":"Juan P\u00e9rez"},"description":"Juan P\u00e9rez es el redactor en jefe de Diario 21. Con m\u00e1s de 10 a\u00f1os de experiencia en el periodismo, se especializa en pol\u00edtica nacional y an\u00e1lisis socioecon\u00f3mico. Su enfoque cr\u00edtico y riguroso aporta una perspectiva \u00fanica a cada art\u00edculo.","sameAs":["https:\/\/www.diario21.tv\/noticias\/"],"url":"https:\/\/www.diario21.tv\/noticias\/author\/juan-perez\/"}]}},"_links":{"self":[{"href":"https:\/\/www.diario21.tv\/noticias\/wp-json\/wp\/v2\/posts\/2013"}],"collection":[{"href":"https:\/\/www.diario21.tv\/noticias\/wp-json\/wp\/v2\/posts"}],"about":[{"href":"https:\/\/www.diario21.tv\/noticias\/wp-json\/wp\/v2\/types\/post"}],"author":[{"embeddable":true,"href":"https:\/\/www.diario21.tv\/noticias\/wp-json\/wp\/v2\/users\/20"}],"replies":[{"embeddable":true,"href":"https:\/\/www.diario21.tv\/noticias\/wp-json\/wp\/v2\/comments?post=2013"}],"version-history":[{"count":1,"href":"https:\/\/www.diario21.tv\/noticias\/wp-json\/wp\/v2\/posts\/2013\/revisions"}],"predecessor-version":[{"id":2015,"href":"https:\/\/www.diario21.tv\/noticias\/wp-json\/wp\/v2\/posts\/2013\/revisions\/2015"}],"wp:featuredmedia":[{"embeddable":true,"href":"https:\/\/www.diario21.tv\/noticias\/wp-json\/wp\/v2\/media\/2014"}],"wp:attachment":[{"href":"https:\/\/www.diario21.tv\/noticias\/wp-json\/wp\/v2\/media?parent=2013"}],"wp:term":[{"taxonomy":"category","embeddable":true,"href":"https:\/\/www.diario21.tv\/noticias\/wp-json\/wp\/v2\/categories?post=2013"},{"taxonomy":"post_tag","embeddable":true,"href":"https:\/\/www.diario21.tv\/noticias\/wp-json\/wp\/v2\/tags?post=2013"}],"curies":[{"name":"wp","href":"https:\/\/api.w.org\/{rel}","templated":true}]}}