{"id":1998,"date":"2025-01-31T16:50:13","date_gmt":"2025-01-31T16:50:13","guid":{"rendered":"https:\/\/www.diario21.tv\/noticias\/descubre-cuales-son-las-cadenas-de-supermercados-mejor-valoradas-por-la-ocu\/"},"modified":"2025-01-31T16:50:14","modified_gmt":"2025-01-31T16:50:14","slug":"descubre-cuales-son-las-cadenas-de-supermercados-mejor-valoradas-por-la-ocu","status":"publish","type":"post","link":"https:\/\/www.diario21.tv\/noticias\/descubre-cuales-son-las-cadenas-de-supermercados-mejor-valoradas-por-la-ocu\/","title":{"rendered":"Descubre cu\u00e1les son las cadenas de supermercados mejor valoradas por la OCU"},"content":{"rendered":"<h2>C\u00f3mo se clasifican los supermercados regionales seg\u00fan la OCU<\/h2>\n<p>Las cadenas de supermercados de \u00e1mbito regional han recibido altas valoraciones por parte de los consumidores, de acuerdo con un estudio reciente realizado por la Organizaci\u00f3n de Consumidores y Usuarios (OCU). Este reconocimiento destaca la calidad del servicio y la satisfacci\u00f3n general de los clientes que prefieren estos establecimientos a otros de mayor envergadura nacional o internacional.<\/p>\n<h3>Valoraci\u00f3n de los consumidores<\/h3>\n<p>Seg\u00fan los datos recogidos por la OCU, muchos consumidores han expresado una preferencia notable por las cadenas de supermercados regionales. Estas tiendas no solo ofrecen productos de calidad, sino que tambi\u00e9n proporcionan un trato m\u00e1s personalizado que las grandes cadenas, lo que parece ser un factor decisivo para muchos clientes. Adem\u00e1s, la proximidad de estas tiendas y su capacidad para mantener una oferta de productos locales son altamente apreciadas por los consumidores, quienes valoran el apoyo a la econom\u00eda de su propia regi\u00f3n.<\/p>\n<h3>Aspectos destacados por los clientes<\/h3>\n<p>Los aspectos m\u00e1s valorados incluyen la frescura y calidad de los productos, especialmente frutas, verduras y carnes. Los consumidores tambi\u00e9n destacan la limpieza de las instalaciones y la amabilidad del personal, lo que contribuye a una experiencia de compra m\u00e1s agradable y eficiente. Otro punto a favor es la relaci\u00f3n calidad-precio, que es especialmente competitiva en estas cadenas frente a las opciones m\u00e1s masivas.<\/p>\n<h3>Impacto en la comunidad local<\/h3>\n<p>El estudio de la OCU tambi\u00e9n se\u00f1ala que el \u00e9xito de las cadenas de supermercados regionales tiene un impacto positivo significativo en la econom\u00eda local. Al preferir proveedores locales, estas cadenas no solo garantizan frescura y reducen el impacto ambiental debido al menor transporte necesario, sino que tambi\u00e9n fortalecen la econom\u00eda local, creando empleos y ayudando a crecer a peque\u00f1os productores y empresas regionales.<\/p>\n<h3>Conclusi\u00f3n<\/h3>\n<p>La valoraci\u00f3n positiva de las cadenas regionales de supermercados refleja una tendencia creciente hacia el consumo consciente y el apoyo a la econom\u00eda local. Los consumidores reconocen y valoran el esfuerzo de estas empresas por ofrecer productos de alta calidad y por fomentar una relaci\u00f3n m\u00e1s cercana y personal con sus clientes. La OCU destaca que continuar apoyando estas cadenas puede no solo mejorar la experiencia de compra individual, sino tambi\u00e9n contribuir de manera significativa al desarrollo econ\u00f3mico y sostenible de las regiones.<\/p>\n<p>Este reconocimiento por parte de la OCU subraya la importancia de las cadenas de supermercados regionales en el tejido econ\u00f3mico y social de sus comunidades, y probablemente impulsar\u00e1 a\u00fan m\u00e1s su crecimiento y popularidad en el futuro.<\/p>\n\n\n<div class=\"kk-star-ratings kksr-auto kksr-align-left kksr-valign-bottom\"\n    data-payload='{&quot;align&quot;:&quot;left&quot;,&quot;id&quot;:&quot;1998&quot;,&quot;slug&quot;:&quot;default&quot;,&quot;valign&quot;:&quot;bottom&quot;,&quot;ignore&quot;:&quot;&quot;,&quot;reference&quot;:&quot;auto&quot;,&quot;class&quot;:&quot;&quot;,&quot;count&quot;:&quot;0&quot;,&quot;legendonly&quot;:&quot;&quot;,&quot;readonly&quot;:&quot;&quot;,&quot;score&quot;:&quot;0&quot;,&quot;starsonly&quot;:&quot;&quot;,&quot;best&quot;:&quot;5&quot;,&quot;gap&quot;:&quot;5&quot;,&quot;greet&quot;:&quot;Valora este post&quot;,&quot;legend&quot;:&quot;0\\\/5 - (0 votes)&quot;,&quot;size&quot;:&quot;22&quot;,&quot;title&quot;:&quot;Descubre cu\u00e1les son las cadenas de supermercados mejor valoradas por la OCU&quot;,&quot;width&quot;:&quot;0&quot;,&quot;_legend&quot;:&quot;{score}\\\/{best} - ({count} {votes})&quot;,&quot;font_factor&quot;:&quot;1.25&quot;}'>\n            \n<div class=\"kksr-stars\">\n    \n<div class=\"kksr-stars-inactive\">\n            <div class=\"kksr-star\" data-star=\"1\" style=\"padding-right: 5px\">\n            \n\n<div class=\"kksr-icon\" style=\"width: 22px; height: 22px;\"><\/div>\n        <\/div>\n            <div class=\"kksr-star\" data-star=\"2\" style=\"padding-right: 5px\">\n            \n\n<div class=\"kksr-icon\" style=\"width: 22px; height: 22px;\"><\/div>\n        <\/div>\n            <div class=\"kksr-star\" data-star=\"3\" style=\"padding-right: 5px\">\n            \n\n<div class=\"kksr-icon\" style=\"width: 22px; height: 22px;\"><\/div>\n        <\/div>\n            <div class=\"kksr-star\" data-star=\"4\" style=\"padding-right: 5px\">\n            \n\n<div class=\"kksr-icon\" style=\"width: 22px; height: 22px;\"><\/div>\n        <\/div>\n            <div class=\"kksr-star\" data-star=\"5\" style=\"padding-right: 5px\">\n            \n\n<div class=\"kksr-icon\" style=\"width: 22px; height: 22px;\"><\/div>\n        <\/div>\n    <\/div>\n    \n<div class=\"kksr-stars-active\" style=\"width: 0px;\">\n            <div class=\"kksr-star\" style=\"padding-right: 5px\">\n            \n\n<div class=\"kksr-icon\" style=\"width: 22px; height: 22px;\"><\/div>\n        <\/div>\n            <div class=\"kksr-star\" style=\"padding-right: 5px\">\n            \n\n<div class=\"kksr-icon\" style=\"width: 22px; height: 22px;\"><\/div>\n        <\/div>\n            <div class=\"kksr-star\" style=\"padding-right: 5px\">\n            \n\n<div class=\"kksr-icon\" style=\"width: 22px; height: 22px;\"><\/div>\n        <\/div>\n            <div class=\"kksr-star\" style=\"padding-right: 5px\">\n            \n\n<div class=\"kksr-icon\" style=\"width: 22px; height: 22px;\"><\/div>\n        <\/div>\n            <div class=\"kksr-star\" style=\"padding-right: 5px\">\n            \n\n<div class=\"kksr-icon\" style=\"width: 22px; height: 22px;\"><\/div>\n        <\/div>\n    <\/div>\n<\/div>\n                \n\n<div class=\"kksr-legend\" style=\"font-size: 17.6px;\">\n            <span class=\"kksr-muted\">Valora este post<\/span>\n    <\/div>\n    <\/div>\n","protected":false},"excerpt":{"rendered":"<p>C\u00f3mo se clasifican los supermercados regionales seg\u00fan la OCU Las cadenas de supermercados de \u00e1mbito regional han recibido altas valoraciones por parte de los consumidores, de &#8230; <a title=\"Descubre cu\u00e1les son las cadenas de supermercados mejor valoradas por la OCU\" class=\"read-more\" href=\"https:\/\/www.diario21.tv\/noticias\/descubre-cuales-son-las-cadenas-de-supermercados-mejor-valoradas-por-la-ocu\/\" aria-label=\"Leer m\u00e1s sobre Descubre cu\u00e1les son las cadenas de supermercados mejor valoradas por la OCU\">Seguir leyendo &rarr;<\/a><\/p>\n","protected":false},"author":20,"featured_media":1999,"comment_status":"open","ping_status":"open","sticky":false,"template":"","format":"standard","meta":{"footnotes":""},"categories":[13],"tags":[],"class_list":["post-1998","post","type-post","status-publish","format-standard","has-post-thumbnail","hentry","category-portada"],"yoast_head":"<!-- This site is optimized with the Yoast SEO plugin v25.6 - https:\/\/yoast.com\/wordpress\/plugins\/seo\/ -->\n<title>Descubre cu\u00e1les son las cadenas de supermercados mejor valoradas por la OCU - Diario 21<\/title>\n<meta name=\"robots\" content=\"index, follow, max-snippet:-1, max-image-preview:large, max-video-preview:-1\" \/>\n<link rel=\"canonical\" href=\"https:\/\/www.diario21.tv\/noticias\/descubre-cuales-son-las-cadenas-de-supermercados-mejor-valoradas-por-la-ocu\/\" \/>\n<meta property=\"og:locale\" content=\"es_ES\" \/>\n<meta property=\"og:type\" content=\"article\" \/>\n<meta property=\"og:title\" content=\"Descubre cu\u00e1les son las cadenas de supermercados mejor valoradas por la OCU - Diario 21\" \/>\n<meta property=\"og:description\" content=\"C\u00f3mo se clasifican los supermercados regionales seg\u00fan la OCU Las cadenas de supermercados de \u00e1mbito regional han recibido altas valoraciones por parte de los consumidores, de ... Seguir leyendo &rarr;\" \/>\n<meta property=\"og:url\" content=\"https:\/\/www.diario21.tv\/noticias\/descubre-cuales-son-las-cadenas-de-supermercados-mejor-valoradas-por-la-ocu\/\" \/>\n<meta property=\"og:site_name\" content=\"Diario 21\" \/>\n<meta property=\"article:published_time\" content=\"2025-01-31T16:50:13+00:00\" \/>\n<meta property=\"article:modified_time\" content=\"2025-01-31T16:50:14+00:00\" \/>\n<meta property=\"og:image\" content=\"https:\/\/www.diario21.tv\/noticias\/wp-content\/uploads\/2025\/01\/Descubre-cuales-son-las-cadenas-de-supermercados-mejor-valoradas-por.jpg\" \/>\n\t<meta property=\"og:image:width\" content=\"1920\" \/>\n\t<meta property=\"og:image:height\" content=\"1080\" \/>\n\t<meta property=\"og:image:type\" content=\"image\/jpeg\" \/>\n<meta name=\"author\" content=\"Juan P\u00e9rez\" \/>\n<meta name=\"twitter:card\" content=\"summary_large_image\" \/>\n<meta name=\"twitter:label1\" content=\"Escrito por\" \/>\n\t<meta name=\"twitter:data1\" content=\"Juan P\u00e9rez\" \/>\n\t<meta name=\"twitter:label2\" content=\"Tiempo de lectura\" \/>\n\t<meta name=\"twitter:data2\" content=\"2 minutos\" \/>\n<script type=\"application\/ld+json\" class=\"yoast-schema-graph\">{\"@context\":\"https:\/\/schema.org\",\"@graph\":[{\"@type\":\"WebPage\",\"@id\":\"https:\/\/www.diario21.tv\/noticias\/descubre-cuales-son-las-cadenas-de-supermercados-mejor-valoradas-por-la-ocu\/\",\"url\":\"https:\/\/www.diario21.tv\/noticias\/descubre-cuales-son-las-cadenas-de-supermercados-mejor-valoradas-por-la-ocu\/\",\"name\":\"Descubre cu\u00e1les son las cadenas de supermercados mejor valoradas por la OCU - Diario 21\",\"isPartOf\":{\"@id\":\"https:\/\/www.diario21.tv\/noticias\/#website\"},\"primaryImageOfPage\":{\"@id\":\"https:\/\/www.diario21.tv\/noticias\/descubre-cuales-son-las-cadenas-de-supermercados-mejor-valoradas-por-la-ocu\/#primaryimage\"},\"image\":{\"@id\":\"https:\/\/www.diario21.tv\/noticias\/descubre-cuales-son-las-cadenas-de-supermercados-mejor-valoradas-por-la-ocu\/#primaryimage\"},\"thumbnailUrl\":\"https:\/\/www.diario21.tv\/noticias\/wp-content\/uploads\/2025\/01\/Descubre-cuales-son-las-cadenas-de-supermercados-mejor-valoradas-por.jpg\",\"datePublished\":\"2025-01-31T16:50:13+00:00\",\"dateModified\":\"2025-01-31T16:50:14+00:00\",\"author\":{\"@id\":\"https:\/\/www.diario21.tv\/noticias\/#\/schema\/person\/dfb778f73814d8f09f302618446a526b\"},\"breadcrumb\":{\"@id\":\"https:\/\/www.diario21.tv\/noticias\/descubre-cuales-son-las-cadenas-de-supermercados-mejor-valoradas-por-la-ocu\/#breadcrumb\"},\"inLanguage\":\"es-AR\",\"potentialAction\":[{\"@type\":\"ReadAction\",\"target\":[\"https:\/\/www.diario21.tv\/noticias\/descubre-cuales-son-las-cadenas-de-supermercados-mejor-valoradas-por-la-ocu\/\"]}]},{\"@type\":\"ImageObject\",\"inLanguage\":\"es-AR\",\"@id\":\"https:\/\/www.diario21.tv\/noticias\/descubre-cuales-son-las-cadenas-de-supermercados-mejor-valoradas-por-la-ocu\/#primaryimage\",\"url\":\"https:\/\/www.diario21.tv\/noticias\/wp-content\/uploads\/2025\/01\/Descubre-cuales-son-las-cadenas-de-supermercados-mejor-valoradas-por.jpg\",\"contentUrl\":\"https:\/\/www.diario21.tv\/noticias\/wp-content\/uploads\/2025\/01\/Descubre-cuales-son-las-cadenas-de-supermercados-mejor-valoradas-por.jpg\",\"width\":1920,\"height\":1080,\"caption\":\"Las cadenas regionales de supermercados, entre las mejor valoradas seg\u00fan la OCU\"},{\"@type\":\"BreadcrumbList\",\"@id\":\"https:\/\/www.diario21.tv\/noticias\/descubre-cuales-son-las-cadenas-de-supermercados-mejor-valoradas-por-la-ocu\/#breadcrumb\",\"itemListElement\":[{\"@type\":\"ListItem\",\"position\":1,\"name\":\"Accueil\",\"item\":\"https:\/\/www.diario21.tv\/noticias\/\"},{\"@type\":\"ListItem\",\"position\":2,\"name\":\"Descubre cu\u00e1les son las cadenas de supermercados mejor valoradas por la OCU\"}]},{\"@type\":\"WebSite\",\"@id\":\"https:\/\/www.diario21.tv\/noticias\/#website\",\"url\":\"https:\/\/www.diario21.tv\/noticias\/\",\"name\":\"Diario 21\",\"description\":\"\",\"potentialAction\":[{\"@type\":\"SearchAction\",\"target\":{\"@type\":\"EntryPoint\",\"urlTemplate\":\"https:\/\/www.diario21.tv\/noticias\/?s={search_term_string}\"},\"query-input\":{\"@type\":\"PropertyValueSpecification\",\"valueRequired\":true,\"valueName\":\"search_term_string\"}}],\"inLanguage\":\"es-AR\"},{\"@type\":\"Person\",\"@id\":\"https:\/\/www.diario21.tv\/noticias\/#\/schema\/person\/dfb778f73814d8f09f302618446a526b\",\"name\":\"Juan P\u00e9rez\",\"image\":{\"@type\":\"ImageObject\",\"inLanguage\":\"es-AR\",\"@id\":\"https:\/\/www.diario21.tv\/noticias\/#\/schema\/person\/image\/\",\"url\":\"https:\/\/secure.gravatar.com\/avatar\/c478a405bd10621167f4c3167cc770f5?s=96&d=mm&r=g\",\"contentUrl\":\"https:\/\/secure.gravatar.com\/avatar\/c478a405bd10621167f4c3167cc770f5?s=96&d=mm&r=g\",\"caption\":\"Juan P\u00e9rez\"},\"description\":\"Juan P\u00e9rez es el redactor en jefe de Diario 21. Con m\u00e1s de 10 a\u00f1os de experiencia en el periodismo, se especializa en pol\u00edtica nacional y an\u00e1lisis socioecon\u00f3mico. Su enfoque cr\u00edtico y riguroso aporta una perspectiva \u00fanica a cada art\u00edculo.\",\"sameAs\":[\"https:\/\/www.diario21.tv\/noticias\/\"],\"url\":\"https:\/\/www.diario21.tv\/noticias\/author\/juan-perez\/\"}]}<\/script>\n<!-- \/ Yoast SEO plugin. -->","yoast_head_json":{"title":"Descubre cu\u00e1les son las cadenas de supermercados mejor valoradas por la OCU - Diario 21","robots":{"index":"index","follow":"follow","max-snippet":"max-snippet:-1","max-image-preview":"max-image-preview:large","max-video-preview":"max-video-preview:-1"},"canonical":"https:\/\/www.diario21.tv\/noticias\/descubre-cuales-son-las-cadenas-de-supermercados-mejor-valoradas-por-la-ocu\/","og_locale":"es_ES","og_type":"article","og_title":"Descubre cu\u00e1les son las cadenas de supermercados mejor valoradas por la OCU - Diario 21","og_description":"C\u00f3mo se clasifican los supermercados regionales seg\u00fan la OCU Las cadenas de supermercados de \u00e1mbito regional han recibido altas valoraciones por parte de los consumidores, de ... Seguir leyendo &rarr;","og_url":"https:\/\/www.diario21.tv\/noticias\/descubre-cuales-son-las-cadenas-de-supermercados-mejor-valoradas-por-la-ocu\/","og_site_name":"Diario 21","article_published_time":"2025-01-31T16:50:13+00:00","article_modified_time":"2025-01-31T16:50:14+00:00","og_image":[{"width":1920,"height":1080,"url":"https:\/\/www.diario21.tv\/noticias\/wp-content\/uploads\/2025\/01\/Descubre-cuales-son-las-cadenas-de-supermercados-mejor-valoradas-por.jpg","type":"image\/jpeg"}],"author":"Juan P\u00e9rez","twitter_card":"summary_large_image","twitter_misc":{"Escrito por":"Juan P\u00e9rez","Tiempo de lectura":"2 minutos"},"schema":{"@context":"https:\/\/schema.org","@graph":[{"@type":"WebPage","@id":"https:\/\/www.diario21.tv\/noticias\/descubre-cuales-son-las-cadenas-de-supermercados-mejor-valoradas-por-la-ocu\/","url":"https:\/\/www.diario21.tv\/noticias\/descubre-cuales-son-las-cadenas-de-supermercados-mejor-valoradas-por-la-ocu\/","name":"Descubre cu\u00e1les son las cadenas de supermercados mejor valoradas por la OCU - Diario 21","isPartOf":{"@id":"https:\/\/www.diario21.tv\/noticias\/#website"},"primaryImageOfPage":{"@id":"https:\/\/www.diario21.tv\/noticias\/descubre-cuales-son-las-cadenas-de-supermercados-mejor-valoradas-por-la-ocu\/#primaryimage"},"image":{"@id":"https:\/\/www.diario21.tv\/noticias\/descubre-cuales-son-las-cadenas-de-supermercados-mejor-valoradas-por-la-ocu\/#primaryimage"},"thumbnailUrl":"https:\/\/www.diario21.tv\/noticias\/wp-content\/uploads\/2025\/01\/Descubre-cuales-son-las-cadenas-de-supermercados-mejor-valoradas-por.jpg","datePublished":"2025-01-31T16:50:13+00:00","dateModified":"2025-01-31T16:50:14+00:00","author":{"@id":"https:\/\/www.diario21.tv\/noticias\/#\/schema\/person\/dfb778f73814d8f09f302618446a526b"},"breadcrumb":{"@id":"https:\/\/www.diario21.tv\/noticias\/descubre-cuales-son-las-cadenas-de-supermercados-mejor-valoradas-por-la-ocu\/#breadcrumb"},"inLanguage":"es-AR","potentialAction":[{"@type":"ReadAction","target":["https:\/\/www.diario21.tv\/noticias\/descubre-cuales-son-las-cadenas-de-supermercados-mejor-valoradas-por-la-ocu\/"]}]},{"@type":"ImageObject","inLanguage":"es-AR","@id":"https:\/\/www.diario21.tv\/noticias\/descubre-cuales-son-las-cadenas-de-supermercados-mejor-valoradas-por-la-ocu\/#primaryimage","url":"https:\/\/www.diario21.tv\/noticias\/wp-content\/uploads\/2025\/01\/Descubre-cuales-son-las-cadenas-de-supermercados-mejor-valoradas-por.jpg","contentUrl":"https:\/\/www.diario21.tv\/noticias\/wp-content\/uploads\/2025\/01\/Descubre-cuales-son-las-cadenas-de-supermercados-mejor-valoradas-por.jpg","width":1920,"height":1080,"caption":"Las cadenas regionales de supermercados, entre las mejor valoradas seg\u00fan la OCU"},{"@type":"BreadcrumbList","@id":"https:\/\/www.diario21.tv\/noticias\/descubre-cuales-son-las-cadenas-de-supermercados-mejor-valoradas-por-la-ocu\/#breadcrumb","itemListElement":[{"@type":"ListItem","position":1,"name":"Accueil","item":"https:\/\/www.diario21.tv\/noticias\/"},{"@type":"ListItem","position":2,"name":"Descubre cu\u00e1les son las cadenas de supermercados mejor valoradas por la OCU"}]},{"@type":"WebSite","@id":"https:\/\/www.diario21.tv\/noticias\/#website","url":"https:\/\/www.diario21.tv\/noticias\/","name":"Diario 21","description":"","potentialAction":[{"@type":"SearchAction","target":{"@type":"EntryPoint","urlTemplate":"https:\/\/www.diario21.tv\/noticias\/?s={search_term_string}"},"query-input":{"@type":"PropertyValueSpecification","valueRequired":true,"valueName":"search_term_string"}}],"inLanguage":"es-AR"},{"@type":"Person","@id":"https:\/\/www.diario21.tv\/noticias\/#\/schema\/person\/dfb778f73814d8f09f302618446a526b","name":"Juan P\u00e9rez","image":{"@type":"ImageObject","inLanguage":"es-AR","@id":"https:\/\/www.diario21.tv\/noticias\/#\/schema\/person\/image\/","url":"https:\/\/secure.gravatar.com\/avatar\/c478a405bd10621167f4c3167cc770f5?s=96&d=mm&r=g","contentUrl":"https:\/\/secure.gravatar.com\/avatar\/c478a405bd10621167f4c3167cc770f5?s=96&d=mm&r=g","caption":"Juan P\u00e9rez"},"description":"Juan P\u00e9rez es el redactor en jefe de Diario 21. Con m\u00e1s de 10 a\u00f1os de experiencia en el periodismo, se especializa en pol\u00edtica nacional y an\u00e1lisis socioecon\u00f3mico. Su enfoque cr\u00edtico y riguroso aporta una perspectiva \u00fanica a cada art\u00edculo.","sameAs":["https:\/\/www.diario21.tv\/noticias\/"],"url":"https:\/\/www.diario21.tv\/noticias\/author\/juan-perez\/"}]}},"_links":{"self":[{"href":"https:\/\/www.diario21.tv\/noticias\/wp-json\/wp\/v2\/posts\/1998"}],"collection":[{"href":"https:\/\/www.diario21.tv\/noticias\/wp-json\/wp\/v2\/posts"}],"about":[{"href":"https:\/\/www.diario21.tv\/noticias\/wp-json\/wp\/v2\/types\/post"}],"author":[{"embeddable":true,"href":"https:\/\/www.diario21.tv\/noticias\/wp-json\/wp\/v2\/users\/20"}],"replies":[{"embeddable":true,"href":"https:\/\/www.diario21.tv\/noticias\/wp-json\/wp\/v2\/comments?post=1998"}],"version-history":[{"count":1,"href":"https:\/\/www.diario21.tv\/noticias\/wp-json\/wp\/v2\/posts\/1998\/revisions"}],"predecessor-version":[{"id":2000,"href":"https:\/\/www.diario21.tv\/noticias\/wp-json\/wp\/v2\/posts\/1998\/revisions\/2000"}],"wp:featuredmedia":[{"embeddable":true,"href":"https:\/\/www.diario21.tv\/noticias\/wp-json\/wp\/v2\/media\/1999"}],"wp:attachment":[{"href":"https:\/\/www.diario21.tv\/noticias\/wp-json\/wp\/v2\/media?parent=1998"}],"wp:term":[{"taxonomy":"category","embeddable":true,"href":"https:\/\/www.diario21.tv\/noticias\/wp-json\/wp\/v2\/categories?post=1998"},{"taxonomy":"post_tag","embeddable":true,"href":"https:\/\/www.diario21.tv\/noticias\/wp-json\/wp\/v2\/tags?post=1998"}],"curies":[{"name":"wp","href":"https:\/\/api.w.org\/{rel}","templated":true}]}}