{"id":1986,"date":"2025-01-30T10:15:35","date_gmt":"2025-01-30T10:15:35","guid":{"rendered":"https:\/\/www.diario21.tv\/noticias\/escandalo-en-revistas-cientificas-espanolas-pierden-prestigio-por-cobrar-a-autores\/"},"modified":"2025-01-30T10:15:37","modified_gmt":"2025-01-30T10:15:37","slug":"escandalo-en-revistas-cientificas-espanolas-pierden-prestigio-por-cobrar-a-autores","status":"publish","type":"post","link":"https:\/\/www.diario21.tv\/noticias\/escandalo-en-revistas-cientificas-espanolas-pierden-prestigio-por-cobrar-a-autores\/","title":{"rendered":"\u00a1Esc\u00e1ndalo en revistas cient\u00edficas espa\u00f1olas! Pierden prestigio por cobrar a autores"},"content":{"rendered":"<h2>La Controversia en las Publicaciones Cient\u00edficas de Espa\u00f1a<\/h2>\n<p>En el \u00e1mbito acad\u00e9mico espa\u00f1ol, ha surgido una pol\u00e9mica considerable debido a que varias revistas cient\u00edficas han comenzado a solicitar pagos por la publicaci\u00f3n de trabajos de investigaci\u00f3n. Este modelo, conocido como &#8220;pago por publicar&#8221;, est\u00e1 causando una merma en la credibilidad y el prestigio de estas publicaciones en el panorama internacional.<\/p>\n<h3>Impacto en la Reputaci\u00f3n Acad\u00e9mica<\/h3>\n<p>Historicamente, las revistas cient\u00edficas se han financiado a trav\u00e9s de suscripciones y apoyo institucional, permitiendo que el proceso de revisi\u00f3n por pares y la publicaci\u00f3n de art\u00edculos sean libres de costos para los autores. No obstante, el nuevo modelo de financiaci\u00f3n que algunas revistas espa\u00f1olas est\u00e1n adoptando implica que los investigadores deben pagar cuotas significativas para ver sus trabajos publicados. Este cambio ha levantado preocupaciones sobre la posible influencia del dinero en la integridad del proceso cient\u00edfico, donde te\u00f3ricamente la calidad y la innovaci\u00f3n deber\u00edan ser los \u00fanicos criterios de publicaci\u00f3n.<\/p>\n<h3>Consecuencias de la Comercializaci\u00f3n<\/h3>\n<p>La adopci\u00f3n de este sistema de pago por publicaci\u00f3n no solo afecta la percepci\u00f3n de la objetividad y calidad de las investigaciones, sino que tambi\u00e9n puede poner en desventaja a los investigadores que no disponen de los recursos necesarios para financiar la publicaci\u00f3n de sus estudios. Esto podr\u00eda llevar a una situaci\u00f3n donde solo las investigaciones de quienes pueden pagar sean difundidas, limitando el acceso a una plataforma de visibilidad igualitaria.<\/p>\n<h3>Respuestas del Sector Acad\u00e9mico<\/h3>\n<p>Ante esta situaci\u00f3n, muchos acad\u00e9micos y cient\u00edficos han expresado su disconformidad y preocupaci\u00f3n. Argumentan que la ciencia debe ser un campo regido por el m\u00e9rito y la relevancia acad\u00e9mica, no por la capacidad econ\u00f3mica del investigador. Adem\u00e1s, se\u00f1alan que este tipo de pr\u00e1cticas podr\u00eda desincentivar a los nuevos investigadores o a aquellos pertenecientes a instituciones con menos recursos.<\/p>\n<h3>Buscando Alternativas<\/h3>\n<p>En respuesta a las cr\u00edticas, algunas revistas y entidades acad\u00e9micas en Espa\u00f1a est\u00e1n explorando alternativas para financiar sus operaciones sin comprometer la equidad y la integridad del proceso de publicaci\u00f3n cient\u00edfica. Una de las soluciones propuestas es aumentar la financiaci\u00f3n institucional y buscar apoyos a trav\u00e9s de subvenciones que permitan cubrir los costos de operaci\u00f3n sin recurrir a los pagos por parte de los autores.<\/p>\n<p>La controversia en torno a las revistas cient\u00edficas en Espa\u00f1a subraya la necesidad de encontrar un equilibrio entre la sostenibilidad financiera de las publicaciones y el mantenimiento de altos est\u00e1ndares \u00e9ticos y acad\u00e9micos. La comunidad cient\u00edfica sigue debatiendo y buscando soluciones que permitan preservar la integridad y accesibilidad de la investigaci\u00f3n cient\u00edfica.<\/p>\n\n\n<div class=\"kk-star-ratings kksr-auto kksr-align-left kksr-valign-bottom\"\n    data-payload='{&quot;align&quot;:&quot;left&quot;,&quot;id&quot;:&quot;1986&quot;,&quot;slug&quot;:&quot;default&quot;,&quot;valign&quot;:&quot;bottom&quot;,&quot;ignore&quot;:&quot;&quot;,&quot;reference&quot;:&quot;auto&quot;,&quot;class&quot;:&quot;&quot;,&quot;count&quot;:&quot;0&quot;,&quot;legendonly&quot;:&quot;&quot;,&quot;readonly&quot;:&quot;&quot;,&quot;score&quot;:&quot;0&quot;,&quot;starsonly&quot;:&quot;&quot;,&quot;best&quot;:&quot;5&quot;,&quot;gap&quot;:&quot;5&quot;,&quot;greet&quot;:&quot;Valora este post&quot;,&quot;legend&quot;:&quot;0\\\/5 - (0 votes)&quot;,&quot;size&quot;:&quot;22&quot;,&quot;title&quot;:&quot;\u00a1Esc\u00e1ndalo en revistas cient\u00edficas espa\u00f1olas! Pierden prestigio por cobrar a autores&quot;,&quot;width&quot;:&quot;0&quot;,&quot;_legend&quot;:&quot;{score}\\\/{best} - ({count} {votes})&quot;,&quot;font_factor&quot;:&quot;1.25&quot;}'>\n            \n<div class=\"kksr-stars\">\n    \n<div class=\"kksr-stars-inactive\">\n            <div class=\"kksr-star\" data-star=\"1\" style=\"padding-right: 5px\">\n            \n\n<div class=\"kksr-icon\" style=\"width: 22px; height: 22px;\"><\/div>\n        <\/div>\n            <div class=\"kksr-star\" data-star=\"2\" style=\"padding-right: 5px\">\n            \n\n<div class=\"kksr-icon\" style=\"width: 22px; height: 22px;\"><\/div>\n        <\/div>\n            <div class=\"kksr-star\" data-star=\"3\" style=\"padding-right: 5px\">\n            \n\n<div class=\"kksr-icon\" style=\"width: 22px; height: 22px;\"><\/div>\n        <\/div>\n            <div class=\"kksr-star\" data-star=\"4\" style=\"padding-right: 5px\">\n            \n\n<div class=\"kksr-icon\" style=\"width: 22px; height: 22px;\"><\/div>\n        <\/div>\n            <div class=\"kksr-star\" data-star=\"5\" style=\"padding-right: 5px\">\n            \n\n<div class=\"kksr-icon\" style=\"width: 22px; height: 22px;\"><\/div>\n        <\/div>\n    <\/div>\n    \n<div class=\"kksr-stars-active\" style=\"width: 0px;\">\n            <div class=\"kksr-star\" style=\"padding-right: 5px\">\n            \n\n<div class=\"kksr-icon\" style=\"width: 22px; height: 22px;\"><\/div>\n        <\/div>\n            <div class=\"kksr-star\" style=\"padding-right: 5px\">\n            \n\n<div class=\"kksr-icon\" style=\"width: 22px; height: 22px;\"><\/div>\n        <\/div>\n            <div class=\"kksr-star\" style=\"padding-right: 5px\">\n            \n\n<div class=\"kksr-icon\" style=\"width: 22px; height: 22px;\"><\/div>\n        <\/div>\n            <div class=\"kksr-star\" style=\"padding-right: 5px\">\n            \n\n<div class=\"kksr-icon\" style=\"width: 22px; height: 22px;\"><\/div>\n        <\/div>\n            <div class=\"kksr-star\" style=\"padding-right: 5px\">\n            \n\n<div class=\"kksr-icon\" style=\"width: 22px; height: 22px;\"><\/div>\n        <\/div>\n    <\/div>\n<\/div>\n                \n\n<div class=\"kksr-legend\" style=\"font-size: 17.6px;\">\n            <span class=\"kksr-muted\">Valora este post<\/span>\n    <\/div>\n    <\/div>\n","protected":false},"excerpt":{"rendered":"<p>La Controversia en las Publicaciones Cient\u00edficas de Espa\u00f1a En el \u00e1mbito acad\u00e9mico espa\u00f1ol, ha surgido una pol\u00e9mica considerable debido a que varias revistas cient\u00edficas han comenzado &#8230; <a title=\"\u00a1Esc\u00e1ndalo en revistas cient\u00edficas espa\u00f1olas! Pierden prestigio por cobrar a autores\" class=\"read-more\" href=\"https:\/\/www.diario21.tv\/noticias\/escandalo-en-revistas-cientificas-espanolas-pierden-prestigio-por-cobrar-a-autores\/\" aria-label=\"Leer m\u00e1s sobre \u00a1Esc\u00e1ndalo en revistas cient\u00edficas espa\u00f1olas! Pierden prestigio por cobrar a autores\">Seguir leyendo &rarr;<\/a><\/p>\n","protected":false},"author":20,"featured_media":1987,"comment_status":"open","ping_status":"open","sticky":false,"template":"","format":"standard","meta":{"footnotes":""},"categories":[13],"tags":[],"class_list":["post-1986","post","type-post","status-publish","format-standard","has-post-thumbnail","hentry","category-portada"],"yoast_head":"<!-- This site is optimized with the Yoast SEO plugin v25.6 - https:\/\/yoast.com\/wordpress\/plugins\/seo\/ -->\n<title>\u00a1Esc\u00e1ndalo en revistas cient\u00edficas espa\u00f1olas! Pierden prestigio por cobrar a autores - Diario 21<\/title>\n<meta name=\"robots\" content=\"index, follow, max-snippet:-1, max-image-preview:large, max-video-preview:-1\" \/>\n<link rel=\"canonical\" href=\"https:\/\/www.diario21.tv\/noticias\/escandalo-en-revistas-cientificas-espanolas-pierden-prestigio-por-cobrar-a-autores\/\" \/>\n<meta property=\"og:locale\" content=\"es_ES\" \/>\n<meta property=\"og:type\" content=\"article\" \/>\n<meta property=\"og:title\" content=\"\u00a1Esc\u00e1ndalo en revistas cient\u00edficas espa\u00f1olas! Pierden prestigio por cobrar a autores - Diario 21\" \/>\n<meta property=\"og:description\" content=\"La Controversia en las Publicaciones Cient\u00edficas de Espa\u00f1a En el \u00e1mbito acad\u00e9mico espa\u00f1ol, ha surgido una pol\u00e9mica considerable debido a que varias revistas cient\u00edficas han comenzado ... Seguir leyendo &rarr;\" \/>\n<meta property=\"og:url\" content=\"https:\/\/www.diario21.tv\/noticias\/escandalo-en-revistas-cientificas-espanolas-pierden-prestigio-por-cobrar-a-autores\/\" \/>\n<meta property=\"og:site_name\" content=\"Diario 21\" \/>\n<meta property=\"article:published_time\" content=\"2025-01-30T10:15:35+00:00\" \/>\n<meta property=\"article:modified_time\" content=\"2025-01-30T10:15:37+00:00\" \/>\n<meta property=\"og:image\" content=\"https:\/\/www.diario21.tv\/noticias\/wp-content\/uploads\/2025\/01\/\u00a1Escandalo-en-revistas-cientificas-espanolas-Pierden-prestigio-por-cobrar-a.jpg\" \/>\n\t<meta property=\"og:image:width\" content=\"1920\" \/>\n\t<meta property=\"og:image:height\" content=\"1080\" \/>\n\t<meta property=\"og:image:type\" content=\"image\/jpeg\" \/>\n<meta name=\"author\" content=\"Juan P\u00e9rez\" \/>\n<meta name=\"twitter:card\" content=\"summary_large_image\" \/>\n<meta name=\"twitter:label1\" content=\"Escrito por\" \/>\n\t<meta name=\"twitter:data1\" content=\"Juan P\u00e9rez\" \/>\n\t<meta name=\"twitter:label2\" content=\"Tiempo de lectura\" \/>\n\t<meta name=\"twitter:data2\" content=\"2 minutos\" \/>\n<script type=\"application\/ld+json\" class=\"yoast-schema-graph\">{\"@context\":\"https:\/\/schema.org\",\"@graph\":[{\"@type\":\"WebPage\",\"@id\":\"https:\/\/www.diario21.tv\/noticias\/escandalo-en-revistas-cientificas-espanolas-pierden-prestigio-por-cobrar-a-autores\/\",\"url\":\"https:\/\/www.diario21.tv\/noticias\/escandalo-en-revistas-cientificas-espanolas-pierden-prestigio-por-cobrar-a-autores\/\",\"name\":\"\u00a1Esc\u00e1ndalo en revistas cient\u00edficas espa\u00f1olas! Pierden prestigio por cobrar a autores - Diario 21\",\"isPartOf\":{\"@id\":\"https:\/\/www.diario21.tv\/noticias\/#website\"},\"primaryImageOfPage\":{\"@id\":\"https:\/\/www.diario21.tv\/noticias\/escandalo-en-revistas-cientificas-espanolas-pierden-prestigio-por-cobrar-a-autores\/#primaryimage\"},\"image\":{\"@id\":\"https:\/\/www.diario21.tv\/noticias\/escandalo-en-revistas-cientificas-espanolas-pierden-prestigio-por-cobrar-a-autores\/#primaryimage\"},\"thumbnailUrl\":\"https:\/\/www.diario21.tv\/noticias\/wp-content\/uploads\/2025\/01\/\u00a1Escandalo-en-revistas-cientificas-espanolas-Pierden-prestigio-por-cobrar-a.jpg\",\"datePublished\":\"2025-01-30T10:15:35+00:00\",\"dateModified\":\"2025-01-30T10:15:37+00:00\",\"author\":{\"@id\":\"https:\/\/www.diario21.tv\/noticias\/#\/schema\/person\/dfb778f73814d8f09f302618446a526b\"},\"breadcrumb\":{\"@id\":\"https:\/\/www.diario21.tv\/noticias\/escandalo-en-revistas-cientificas-espanolas-pierden-prestigio-por-cobrar-a-autores\/#breadcrumb\"},\"inLanguage\":\"es-AR\",\"potentialAction\":[{\"@type\":\"ReadAction\",\"target\":[\"https:\/\/www.diario21.tv\/noticias\/escandalo-en-revistas-cientificas-espanolas-pierden-prestigio-por-cobrar-a-autores\/\"]}]},{\"@type\":\"ImageObject\",\"inLanguage\":\"es-AR\",\"@id\":\"https:\/\/www.diario21.tv\/noticias\/escandalo-en-revistas-cientificas-espanolas-pierden-prestigio-por-cobrar-a-autores\/#primaryimage\",\"url\":\"https:\/\/www.diario21.tv\/noticias\/wp-content\/uploads\/2025\/01\/\u00a1Escandalo-en-revistas-cientificas-espanolas-Pierden-prestigio-por-cobrar-a.jpg\",\"contentUrl\":\"https:\/\/www.diario21.tv\/noticias\/wp-content\/uploads\/2025\/01\/\u00a1Escandalo-en-revistas-cientificas-espanolas-Pierden-prestigio-por-cobrar-a.jpg\",\"width\":1920,\"height\":1080,\"caption\":\"El esc\u00e1ndalo de las revistas cient\u00edficas espa\u00f1olas, que pierden reputaci\u00f3n al cobrar por publicar\"},{\"@type\":\"BreadcrumbList\",\"@id\":\"https:\/\/www.diario21.tv\/noticias\/escandalo-en-revistas-cientificas-espanolas-pierden-prestigio-por-cobrar-a-autores\/#breadcrumb\",\"itemListElement\":[{\"@type\":\"ListItem\",\"position\":1,\"name\":\"Accueil\",\"item\":\"https:\/\/www.diario21.tv\/noticias\/\"},{\"@type\":\"ListItem\",\"position\":2,\"name\":\"\u00a1Esc\u00e1ndalo en revistas cient\u00edficas espa\u00f1olas! Pierden prestigio por cobrar a autores\"}]},{\"@type\":\"WebSite\",\"@id\":\"https:\/\/www.diario21.tv\/noticias\/#website\",\"url\":\"https:\/\/www.diario21.tv\/noticias\/\",\"name\":\"Diario 21\",\"description\":\"\",\"potentialAction\":[{\"@type\":\"SearchAction\",\"target\":{\"@type\":\"EntryPoint\",\"urlTemplate\":\"https:\/\/www.diario21.tv\/noticias\/?s={search_term_string}\"},\"query-input\":{\"@type\":\"PropertyValueSpecification\",\"valueRequired\":true,\"valueName\":\"search_term_string\"}}],\"inLanguage\":\"es-AR\"},{\"@type\":\"Person\",\"@id\":\"https:\/\/www.diario21.tv\/noticias\/#\/schema\/person\/dfb778f73814d8f09f302618446a526b\",\"name\":\"Juan P\u00e9rez\",\"image\":{\"@type\":\"ImageObject\",\"inLanguage\":\"es-AR\",\"@id\":\"https:\/\/www.diario21.tv\/noticias\/#\/schema\/person\/image\/\",\"url\":\"https:\/\/secure.gravatar.com\/avatar\/c478a405bd10621167f4c3167cc770f5?s=96&d=mm&r=g\",\"contentUrl\":\"https:\/\/secure.gravatar.com\/avatar\/c478a405bd10621167f4c3167cc770f5?s=96&d=mm&r=g\",\"caption\":\"Juan P\u00e9rez\"},\"description\":\"Juan P\u00e9rez es el redactor en jefe de Diario 21. Con m\u00e1s de 10 a\u00f1os de experiencia en el periodismo, se especializa en pol\u00edtica nacional y an\u00e1lisis socioecon\u00f3mico. Su enfoque cr\u00edtico y riguroso aporta una perspectiva \u00fanica a cada art\u00edculo.\",\"sameAs\":[\"https:\/\/www.diario21.tv\/noticias\/\"],\"url\":\"https:\/\/www.diario21.tv\/noticias\/author\/juan-perez\/\"}]}<\/script>\n<!-- \/ Yoast SEO plugin. -->","yoast_head_json":{"title":"\u00a1Esc\u00e1ndalo en revistas cient\u00edficas espa\u00f1olas! Pierden prestigio por cobrar a autores - Diario 21","robots":{"index":"index","follow":"follow","max-snippet":"max-snippet:-1","max-image-preview":"max-image-preview:large","max-video-preview":"max-video-preview:-1"},"canonical":"https:\/\/www.diario21.tv\/noticias\/escandalo-en-revistas-cientificas-espanolas-pierden-prestigio-por-cobrar-a-autores\/","og_locale":"es_ES","og_type":"article","og_title":"\u00a1Esc\u00e1ndalo en revistas cient\u00edficas espa\u00f1olas! Pierden prestigio por cobrar a autores - Diario 21","og_description":"La Controversia en las Publicaciones Cient\u00edficas de Espa\u00f1a En el \u00e1mbito acad\u00e9mico espa\u00f1ol, ha surgido una pol\u00e9mica considerable debido a que varias revistas cient\u00edficas han comenzado ... Seguir leyendo &rarr;","og_url":"https:\/\/www.diario21.tv\/noticias\/escandalo-en-revistas-cientificas-espanolas-pierden-prestigio-por-cobrar-a-autores\/","og_site_name":"Diario 21","article_published_time":"2025-01-30T10:15:35+00:00","article_modified_time":"2025-01-30T10:15:37+00:00","og_image":[{"width":1920,"height":1080,"url":"https:\/\/www.diario21.tv\/noticias\/wp-content\/uploads\/2025\/01\/\u00a1Escandalo-en-revistas-cientificas-espanolas-Pierden-prestigio-por-cobrar-a.jpg","type":"image\/jpeg"}],"author":"Juan P\u00e9rez","twitter_card":"summary_large_image","twitter_misc":{"Escrito por":"Juan P\u00e9rez","Tiempo de lectura":"2 minutos"},"schema":{"@context":"https:\/\/schema.org","@graph":[{"@type":"WebPage","@id":"https:\/\/www.diario21.tv\/noticias\/escandalo-en-revistas-cientificas-espanolas-pierden-prestigio-por-cobrar-a-autores\/","url":"https:\/\/www.diario21.tv\/noticias\/escandalo-en-revistas-cientificas-espanolas-pierden-prestigio-por-cobrar-a-autores\/","name":"\u00a1Esc\u00e1ndalo en revistas cient\u00edficas espa\u00f1olas! Pierden prestigio por cobrar a autores - Diario 21","isPartOf":{"@id":"https:\/\/www.diario21.tv\/noticias\/#website"},"primaryImageOfPage":{"@id":"https:\/\/www.diario21.tv\/noticias\/escandalo-en-revistas-cientificas-espanolas-pierden-prestigio-por-cobrar-a-autores\/#primaryimage"},"image":{"@id":"https:\/\/www.diario21.tv\/noticias\/escandalo-en-revistas-cientificas-espanolas-pierden-prestigio-por-cobrar-a-autores\/#primaryimage"},"thumbnailUrl":"https:\/\/www.diario21.tv\/noticias\/wp-content\/uploads\/2025\/01\/\u00a1Escandalo-en-revistas-cientificas-espanolas-Pierden-prestigio-por-cobrar-a.jpg","datePublished":"2025-01-30T10:15:35+00:00","dateModified":"2025-01-30T10:15:37+00:00","author":{"@id":"https:\/\/www.diario21.tv\/noticias\/#\/schema\/person\/dfb778f73814d8f09f302618446a526b"},"breadcrumb":{"@id":"https:\/\/www.diario21.tv\/noticias\/escandalo-en-revistas-cientificas-espanolas-pierden-prestigio-por-cobrar-a-autores\/#breadcrumb"},"inLanguage":"es-AR","potentialAction":[{"@type":"ReadAction","target":["https:\/\/www.diario21.tv\/noticias\/escandalo-en-revistas-cientificas-espanolas-pierden-prestigio-por-cobrar-a-autores\/"]}]},{"@type":"ImageObject","inLanguage":"es-AR","@id":"https:\/\/www.diario21.tv\/noticias\/escandalo-en-revistas-cientificas-espanolas-pierden-prestigio-por-cobrar-a-autores\/#primaryimage","url":"https:\/\/www.diario21.tv\/noticias\/wp-content\/uploads\/2025\/01\/\u00a1Escandalo-en-revistas-cientificas-espanolas-Pierden-prestigio-por-cobrar-a.jpg","contentUrl":"https:\/\/www.diario21.tv\/noticias\/wp-content\/uploads\/2025\/01\/\u00a1Escandalo-en-revistas-cientificas-espanolas-Pierden-prestigio-por-cobrar-a.jpg","width":1920,"height":1080,"caption":"El esc\u00e1ndalo de las revistas cient\u00edficas espa\u00f1olas, que pierden reputaci\u00f3n al cobrar por publicar"},{"@type":"BreadcrumbList","@id":"https:\/\/www.diario21.tv\/noticias\/escandalo-en-revistas-cientificas-espanolas-pierden-prestigio-por-cobrar-a-autores\/#breadcrumb","itemListElement":[{"@type":"ListItem","position":1,"name":"Accueil","item":"https:\/\/www.diario21.tv\/noticias\/"},{"@type":"ListItem","position":2,"name":"\u00a1Esc\u00e1ndalo en revistas cient\u00edficas espa\u00f1olas! Pierden prestigio por cobrar a autores"}]},{"@type":"WebSite","@id":"https:\/\/www.diario21.tv\/noticias\/#website","url":"https:\/\/www.diario21.tv\/noticias\/","name":"Diario 21","description":"","potentialAction":[{"@type":"SearchAction","target":{"@type":"EntryPoint","urlTemplate":"https:\/\/www.diario21.tv\/noticias\/?s={search_term_string}"},"query-input":{"@type":"PropertyValueSpecification","valueRequired":true,"valueName":"search_term_string"}}],"inLanguage":"es-AR"},{"@type":"Person","@id":"https:\/\/www.diario21.tv\/noticias\/#\/schema\/person\/dfb778f73814d8f09f302618446a526b","name":"Juan P\u00e9rez","image":{"@type":"ImageObject","inLanguage":"es-AR","@id":"https:\/\/www.diario21.tv\/noticias\/#\/schema\/person\/image\/","url":"https:\/\/secure.gravatar.com\/avatar\/c478a405bd10621167f4c3167cc770f5?s=96&d=mm&r=g","contentUrl":"https:\/\/secure.gravatar.com\/avatar\/c478a405bd10621167f4c3167cc770f5?s=96&d=mm&r=g","caption":"Juan P\u00e9rez"},"description":"Juan P\u00e9rez es el redactor en jefe de Diario 21. Con m\u00e1s de 10 a\u00f1os de experiencia en el periodismo, se especializa en pol\u00edtica nacional y an\u00e1lisis socioecon\u00f3mico. Su enfoque cr\u00edtico y riguroso aporta una perspectiva \u00fanica a cada art\u00edculo.","sameAs":["https:\/\/www.diario21.tv\/noticias\/"],"url":"https:\/\/www.diario21.tv\/noticias\/author\/juan-perez\/"}]}},"_links":{"self":[{"href":"https:\/\/www.diario21.tv\/noticias\/wp-json\/wp\/v2\/posts\/1986"}],"collection":[{"href":"https:\/\/www.diario21.tv\/noticias\/wp-json\/wp\/v2\/posts"}],"about":[{"href":"https:\/\/www.diario21.tv\/noticias\/wp-json\/wp\/v2\/types\/post"}],"author":[{"embeddable":true,"href":"https:\/\/www.diario21.tv\/noticias\/wp-json\/wp\/v2\/users\/20"}],"replies":[{"embeddable":true,"href":"https:\/\/www.diario21.tv\/noticias\/wp-json\/wp\/v2\/comments?post=1986"}],"version-history":[{"count":1,"href":"https:\/\/www.diario21.tv\/noticias\/wp-json\/wp\/v2\/posts\/1986\/revisions"}],"predecessor-version":[{"id":1988,"href":"https:\/\/www.diario21.tv\/noticias\/wp-json\/wp\/v2\/posts\/1986\/revisions\/1988"}],"wp:featuredmedia":[{"embeddable":true,"href":"https:\/\/www.diario21.tv\/noticias\/wp-json\/wp\/v2\/media\/1987"}],"wp:attachment":[{"href":"https:\/\/www.diario21.tv\/noticias\/wp-json\/wp\/v2\/media?parent=1986"}],"wp:term":[{"taxonomy":"category","embeddable":true,"href":"https:\/\/www.diario21.tv\/noticias\/wp-json\/wp\/v2\/categories?post=1986"},{"taxonomy":"post_tag","embeddable":true,"href":"https:\/\/www.diario21.tv\/noticias\/wp-json\/wp\/v2\/tags?post=1986"}],"curies":[{"name":"wp","href":"https:\/\/api.w.org\/{rel}","templated":true}]}}