{"id":1977,"date":"2025-01-29T16:06:02","date_gmt":"2025-01-29T16:06:02","guid":{"rendered":"https:\/\/www.diario21.tv\/noticias\/descubre-ya-5-razones-impactantes-para-poner-pimienta-en-tus-ventanas\/"},"modified":"2025-01-29T16:06:03","modified_gmt":"2025-01-29T16:06:03","slug":"descubre-ya-5-razones-impactantes-para-poner-pimienta-en-tus-ventanas","status":"publish","type":"post","link":"https:\/\/www.diario21.tv\/noticias\/descubre-ya-5-razones-impactantes-para-poner-pimienta-en-tus-ventanas\/","title":{"rendered":"\u00a1Descubre ya! 5 razones impactantes para poner pimienta en tus ventanas"},"content":{"rendered":"<h2>\u00bfPor qu\u00e9 deber\u00edas a\u00f1adir pimienta a tus ventanas inmediatamente?<\/h2>\n<p>La pimienta, m\u00e1s all\u00e1 de ser un condimento esencial en la cocina, puede tener usos sorprendentes que van m\u00e1s all\u00e1 de la gastronom\u00eda. Uno de estos usos poco conocidos pero incre\u00edblemente \u00fatil es su aplicaci\u00f3n en las ventanas de tu hogar. A continuaci\u00f3n, te presentamos cinco motivos convincentes por los cuales es una excelente idea empezar a usar pimienta en tus ventanas sin demora.<\/p>\n<h3>1. Repelente Natural de Insectos<\/h3>\n<p>Los insectos son una molestia com\u00fan en muchos hogares, especialmente durante los meses m\u00e1s c\u00e1lidos. La pimienta, especialmente la negra, contiene piperina, un compuesto que es efectivo para repeler insectos. Al esparcir una peque\u00f1a cantidad de pimienta en polvo alrededor de las ventanas, puedes crear una barrera natural que disuade a los insectos de entrar. Esta es una soluci\u00f3n excelente y natural, perfecta para aquellos que prefieren evitar los qu\u00edmicos en sus hogares.<\/p>\n<h3>2. Disuasivo para Roedores<\/h3>\n<p>No solo los insectos, sino tambi\u00e9n los roedores pueden ser disuadidos con el uso de pimienta. Los ratones y otras peque\u00f1as plagas detestan el olor intenso de la pimienta. Espolvorear pimienta en y alrededor de las ventanas puede evitar que estos animales vean tu hogar como un lugar acogedor. Es un m\u00e9todo sencillo y no t\u00f3xico para mantener tu casa libre de roedores.<\/p>\n<h3>3. Reducci\u00f3n de Entradas de Polvo<\/h3>\n<p>La pimienta puede actuar como una barrera no solo para los animales y los insectos, sino tambi\u00e9n para el polvo. Al aplicar pimienta en las \u00e1reas de las ventanas, especialmente si vives en una zona propensa a vientos fuertes o polvorientos, puedes minimizar la cantidad de polvo que entra en tu casa. Esto es particularmente \u00fatil para personas con alergias o que simplemente desean mantener su espacio m\u00e1s limpio.<\/p>\n<h3>4. Mejora de la Privacidad<\/h3>\n<p>Si bien la pimienta no proporcionar\u00e1 una soluci\u00f3n completa para los problemas de privacidad, esparcir pimienta en las repisas de las ventanas puede oscurecer parcialmente las vistas desde el exterior si se usa en combinaci\u00f3n con otros m\u00e9todos, como cortinas o persianas. Esto puede disuadir a curiosos y a\u00f1adir un extra de privacidad a tu hogar.<\/p>\n<h3>5. Aroma Agradable<\/h3>\n<p>Aunque el aroma de la pimienta puede ser fuerte, muchas personas encuentran que es un olor agradable y reconfortante. Usar pimienta en las ventanas no solo servir\u00e1 para los prop\u00f3sitos pr\u00e1cticos mencionados, sino que tambi\u00e9n puede mejorar el ambiente de tu hogar con un toque especiado y fresco.<\/p>\n<p>En conclusi\u00f3n, agregar pimienta a las ventanas de tu casa es una soluci\u00f3n multifac\u00e9tica que ofrece beneficios que van desde el control de plagas hasta mejoras en la limpieza y la privacidad. Con estos cinco motivos, esperamos que te sientas inspirado para probar este truco simple pero efectivo y hacer de tu hogar un lugar a\u00fan m\u00e1s c\u00f3modo y acogedor.<\/p>\n\n\n<div class=\"kk-star-ratings kksr-auto kksr-align-left kksr-valign-bottom\"\n    data-payload='{&quot;align&quot;:&quot;left&quot;,&quot;id&quot;:&quot;1977&quot;,&quot;slug&quot;:&quot;default&quot;,&quot;valign&quot;:&quot;bottom&quot;,&quot;ignore&quot;:&quot;&quot;,&quot;reference&quot;:&quot;auto&quot;,&quot;class&quot;:&quot;&quot;,&quot;count&quot;:&quot;0&quot;,&quot;legendonly&quot;:&quot;&quot;,&quot;readonly&quot;:&quot;&quot;,&quot;score&quot;:&quot;0&quot;,&quot;starsonly&quot;:&quot;&quot;,&quot;best&quot;:&quot;5&quot;,&quot;gap&quot;:&quot;5&quot;,&quot;greet&quot;:&quot;Valora este post&quot;,&quot;legend&quot;:&quot;0\\\/5 - (0 votes)&quot;,&quot;size&quot;:&quot;22&quot;,&quot;title&quot;:&quot;\u00a1Descubre ya! 5 razones impactantes para poner pimienta en tus ventanas&quot;,&quot;width&quot;:&quot;0&quot;,&quot;_legend&quot;:&quot;{score}\\\/{best} - ({count} {votes})&quot;,&quot;font_factor&quot;:&quot;1.25&quot;}'>\n            \n<div class=\"kksr-stars\">\n    \n<div class=\"kksr-stars-inactive\">\n            <div class=\"kksr-star\" data-star=\"1\" style=\"padding-right: 5px\">\n            \n\n<div class=\"kksr-icon\" style=\"width: 22px; height: 22px;\"><\/div>\n        <\/div>\n            <div class=\"kksr-star\" data-star=\"2\" style=\"padding-right: 5px\">\n            \n\n<div class=\"kksr-icon\" style=\"width: 22px; height: 22px;\"><\/div>\n        <\/div>\n            <div class=\"kksr-star\" data-star=\"3\" style=\"padding-right: 5px\">\n            \n\n<div class=\"kksr-icon\" style=\"width: 22px; height: 22px;\"><\/div>\n        <\/div>\n            <div class=\"kksr-star\" data-star=\"4\" style=\"padding-right: 5px\">\n            \n\n<div class=\"kksr-icon\" style=\"width: 22px; height: 22px;\"><\/div>\n        <\/div>\n            <div class=\"kksr-star\" data-star=\"5\" style=\"padding-right: 5px\">\n            \n\n<div class=\"kksr-icon\" style=\"width: 22px; height: 22px;\"><\/div>\n        <\/div>\n    <\/div>\n    \n<div class=\"kksr-stars-active\" style=\"width: 0px;\">\n            <div class=\"kksr-star\" style=\"padding-right: 5px\">\n            \n\n<div class=\"kksr-icon\" style=\"width: 22px; height: 22px;\"><\/div>\n        <\/div>\n            <div class=\"kksr-star\" style=\"padding-right: 5px\">\n            \n\n<div class=\"kksr-icon\" style=\"width: 22px; height: 22px;\"><\/div>\n        <\/div>\n            <div class=\"kksr-star\" style=\"padding-right: 5px\">\n            \n\n<div class=\"kksr-icon\" style=\"width: 22px; height: 22px;\"><\/div>\n        <\/div>\n            <div class=\"kksr-star\" style=\"padding-right: 5px\">\n            \n\n<div class=\"kksr-icon\" style=\"width: 22px; height: 22px;\"><\/div>\n        <\/div>\n            <div class=\"kksr-star\" style=\"padding-right: 5px\">\n            \n\n<div class=\"kksr-icon\" style=\"width: 22px; height: 22px;\"><\/div>\n        <\/div>\n    <\/div>\n<\/div>\n                \n\n<div class=\"kksr-legend\" style=\"font-size: 17.6px;\">\n            <span class=\"kksr-muted\">Valora este post<\/span>\n    <\/div>\n    <\/div>\n","protected":false},"excerpt":{"rendered":"<p>\u00bfPor qu\u00e9 deber\u00edas a\u00f1adir pimienta a tus ventanas inmediatamente? La pimienta, m\u00e1s all\u00e1 de ser un condimento esencial en la cocina, puede tener usos sorprendentes que &#8230; <a title=\"\u00a1Descubre ya! 5 razones impactantes para poner pimienta en tus ventanas\" class=\"read-more\" href=\"https:\/\/www.diario21.tv\/noticias\/descubre-ya-5-razones-impactantes-para-poner-pimienta-en-tus-ventanas\/\" aria-label=\"Leer m\u00e1s sobre \u00a1Descubre ya! 5 razones impactantes para poner pimienta en tus ventanas\">Seguir leyendo &rarr;<\/a><\/p>\n","protected":false},"author":20,"featured_media":1978,"comment_status":"open","ping_status":"open","sticky":false,"template":"","format":"standard","meta":{"footnotes":""},"categories":[13],"tags":[],"class_list":["post-1977","post","type-post","status-publish","format-standard","has-post-thumbnail","hentry","category-portada"],"yoast_head":"<!-- This site is optimized with the Yoast SEO plugin v25.6 - https:\/\/yoast.com\/wordpress\/plugins\/seo\/ -->\n<title>\u00a1Descubre ya! 5 razones impactantes para poner pimienta en tus ventanas - Diario 21<\/title>\n<meta name=\"robots\" content=\"index, follow, max-snippet:-1, max-image-preview:large, max-video-preview:-1\" \/>\n<link rel=\"canonical\" href=\"https:\/\/www.diario21.tv\/noticias\/descubre-ya-5-razones-impactantes-para-poner-pimienta-en-tus-ventanas\/\" \/>\n<meta property=\"og:locale\" content=\"es_ES\" \/>\n<meta property=\"og:type\" content=\"article\" \/>\n<meta property=\"og:title\" content=\"\u00a1Descubre ya! 5 razones impactantes para poner pimienta en tus ventanas - Diario 21\" \/>\n<meta property=\"og:description\" content=\"\u00bfPor qu\u00e9 deber\u00edas a\u00f1adir pimienta a tus ventanas inmediatamente? La pimienta, m\u00e1s all\u00e1 de ser un condimento esencial en la cocina, puede tener usos sorprendentes que ... Seguir leyendo &rarr;\" \/>\n<meta property=\"og:url\" content=\"https:\/\/www.diario21.tv\/noticias\/descubre-ya-5-razones-impactantes-para-poner-pimienta-en-tus-ventanas\/\" \/>\n<meta property=\"og:site_name\" content=\"Diario 21\" \/>\n<meta property=\"article:published_time\" content=\"2025-01-29T16:06:02+00:00\" \/>\n<meta property=\"article:modified_time\" content=\"2025-01-29T16:06:03+00:00\" \/>\n<meta property=\"og:image\" content=\"https:\/\/www.diario21.tv\/noticias\/wp-content\/uploads\/2025\/01\/\u00a1Descubre-ya-5-razones-impactantes-para-poner-pimienta-en-tus.jpg\" \/>\n\t<meta property=\"og:image:width\" content=\"1916\" \/>\n\t<meta property=\"og:image:height\" content=\"1080\" \/>\n\t<meta property=\"og:image:type\" content=\"image\/jpeg\" \/>\n<meta name=\"author\" content=\"Juan P\u00e9rez\" \/>\n<meta name=\"twitter:card\" content=\"summary_large_image\" \/>\n<meta name=\"twitter:label1\" content=\"Escrito por\" \/>\n\t<meta name=\"twitter:data1\" content=\"Juan P\u00e9rez\" \/>\n\t<meta name=\"twitter:label2\" content=\"Tiempo de lectura\" \/>\n\t<meta name=\"twitter:data2\" content=\"2 minutos\" \/>\n<script type=\"application\/ld+json\" class=\"yoast-schema-graph\">{\"@context\":\"https:\/\/schema.org\",\"@graph\":[{\"@type\":\"WebPage\",\"@id\":\"https:\/\/www.diario21.tv\/noticias\/descubre-ya-5-razones-impactantes-para-poner-pimienta-en-tus-ventanas\/\",\"url\":\"https:\/\/www.diario21.tv\/noticias\/descubre-ya-5-razones-impactantes-para-poner-pimienta-en-tus-ventanas\/\",\"name\":\"\u00a1Descubre ya! 5 razones impactantes para poner pimienta en tus ventanas - Diario 21\",\"isPartOf\":{\"@id\":\"https:\/\/www.diario21.tv\/noticias\/#website\"},\"primaryImageOfPage\":{\"@id\":\"https:\/\/www.diario21.tv\/noticias\/descubre-ya-5-razones-impactantes-para-poner-pimienta-en-tus-ventanas\/#primaryimage\"},\"image\":{\"@id\":\"https:\/\/www.diario21.tv\/noticias\/descubre-ya-5-razones-impactantes-para-poner-pimienta-en-tus-ventanas\/#primaryimage\"},\"thumbnailUrl\":\"https:\/\/www.diario21.tv\/noticias\/wp-content\/uploads\/2025\/01\/\u00a1Descubre-ya-5-razones-impactantes-para-poner-pimienta-en-tus.jpg\",\"datePublished\":\"2025-01-29T16:06:02+00:00\",\"dateModified\":\"2025-01-29T16:06:03+00:00\",\"author\":{\"@id\":\"https:\/\/www.diario21.tv\/noticias\/#\/schema\/person\/dfb778f73814d8f09f302618446a526b\"},\"breadcrumb\":{\"@id\":\"https:\/\/www.diario21.tv\/noticias\/descubre-ya-5-razones-impactantes-para-poner-pimienta-en-tus-ventanas\/#breadcrumb\"},\"inLanguage\":\"es-AR\",\"potentialAction\":[{\"@type\":\"ReadAction\",\"target\":[\"https:\/\/www.diario21.tv\/noticias\/descubre-ya-5-razones-impactantes-para-poner-pimienta-en-tus-ventanas\/\"]}]},{\"@type\":\"ImageObject\",\"inLanguage\":\"es-AR\",\"@id\":\"https:\/\/www.diario21.tv\/noticias\/descubre-ya-5-razones-impactantes-para-poner-pimienta-en-tus-ventanas\/#primaryimage\",\"url\":\"https:\/\/www.diario21.tv\/noticias\/wp-content\/uploads\/2025\/01\/\u00a1Descubre-ya-5-razones-impactantes-para-poner-pimienta-en-tus.jpg\",\"contentUrl\":\"https:\/\/www.diario21.tv\/noticias\/wp-content\/uploads\/2025\/01\/\u00a1Descubre-ya-5-razones-impactantes-para-poner-pimienta-en-tus.jpg\",\"width\":1916,\"height\":1080,\"caption\":\"Cinco razones para poner pimienta en las ventanas hoy mismo\"},{\"@type\":\"BreadcrumbList\",\"@id\":\"https:\/\/www.diario21.tv\/noticias\/descubre-ya-5-razones-impactantes-para-poner-pimienta-en-tus-ventanas\/#breadcrumb\",\"itemListElement\":[{\"@type\":\"ListItem\",\"position\":1,\"name\":\"Accueil\",\"item\":\"https:\/\/www.diario21.tv\/noticias\/\"},{\"@type\":\"ListItem\",\"position\":2,\"name\":\"\u00a1Descubre ya! 5 razones impactantes para poner pimienta en tus ventanas\"}]},{\"@type\":\"WebSite\",\"@id\":\"https:\/\/www.diario21.tv\/noticias\/#website\",\"url\":\"https:\/\/www.diario21.tv\/noticias\/\",\"name\":\"Diario 21\",\"description\":\"\",\"potentialAction\":[{\"@type\":\"SearchAction\",\"target\":{\"@type\":\"EntryPoint\",\"urlTemplate\":\"https:\/\/www.diario21.tv\/noticias\/?s={search_term_string}\"},\"query-input\":{\"@type\":\"PropertyValueSpecification\",\"valueRequired\":true,\"valueName\":\"search_term_string\"}}],\"inLanguage\":\"es-AR\"},{\"@type\":\"Person\",\"@id\":\"https:\/\/www.diario21.tv\/noticias\/#\/schema\/person\/dfb778f73814d8f09f302618446a526b\",\"name\":\"Juan P\u00e9rez\",\"image\":{\"@type\":\"ImageObject\",\"inLanguage\":\"es-AR\",\"@id\":\"https:\/\/www.diario21.tv\/noticias\/#\/schema\/person\/image\/\",\"url\":\"https:\/\/secure.gravatar.com\/avatar\/c478a405bd10621167f4c3167cc770f5?s=96&d=mm&r=g\",\"contentUrl\":\"https:\/\/secure.gravatar.com\/avatar\/c478a405bd10621167f4c3167cc770f5?s=96&d=mm&r=g\",\"caption\":\"Juan P\u00e9rez\"},\"description\":\"Juan P\u00e9rez es el redactor en jefe de Diario 21. Con m\u00e1s de 10 a\u00f1os de experiencia en el periodismo, se especializa en pol\u00edtica nacional y an\u00e1lisis socioecon\u00f3mico. Su enfoque cr\u00edtico y riguroso aporta una perspectiva \u00fanica a cada art\u00edculo.\",\"sameAs\":[\"https:\/\/www.diario21.tv\/noticias\/\"],\"url\":\"https:\/\/www.diario21.tv\/noticias\/author\/juan-perez\/\"}]}<\/script>\n<!-- \/ Yoast SEO plugin. -->","yoast_head_json":{"title":"\u00a1Descubre ya! 5 razones impactantes para poner pimienta en tus ventanas - Diario 21","robots":{"index":"index","follow":"follow","max-snippet":"max-snippet:-1","max-image-preview":"max-image-preview:large","max-video-preview":"max-video-preview:-1"},"canonical":"https:\/\/www.diario21.tv\/noticias\/descubre-ya-5-razones-impactantes-para-poner-pimienta-en-tus-ventanas\/","og_locale":"es_ES","og_type":"article","og_title":"\u00a1Descubre ya! 5 razones impactantes para poner pimienta en tus ventanas - Diario 21","og_description":"\u00bfPor qu\u00e9 deber\u00edas a\u00f1adir pimienta a tus ventanas inmediatamente? La pimienta, m\u00e1s all\u00e1 de ser un condimento esencial en la cocina, puede tener usos sorprendentes que ... Seguir leyendo &rarr;","og_url":"https:\/\/www.diario21.tv\/noticias\/descubre-ya-5-razones-impactantes-para-poner-pimienta-en-tus-ventanas\/","og_site_name":"Diario 21","article_published_time":"2025-01-29T16:06:02+00:00","article_modified_time":"2025-01-29T16:06:03+00:00","og_image":[{"width":1916,"height":1080,"url":"https:\/\/www.diario21.tv\/noticias\/wp-content\/uploads\/2025\/01\/\u00a1Descubre-ya-5-razones-impactantes-para-poner-pimienta-en-tus.jpg","type":"image\/jpeg"}],"author":"Juan P\u00e9rez","twitter_card":"summary_large_image","twitter_misc":{"Escrito por":"Juan P\u00e9rez","Tiempo de lectura":"2 minutos"},"schema":{"@context":"https:\/\/schema.org","@graph":[{"@type":"WebPage","@id":"https:\/\/www.diario21.tv\/noticias\/descubre-ya-5-razones-impactantes-para-poner-pimienta-en-tus-ventanas\/","url":"https:\/\/www.diario21.tv\/noticias\/descubre-ya-5-razones-impactantes-para-poner-pimienta-en-tus-ventanas\/","name":"\u00a1Descubre ya! 5 razones impactantes para poner pimienta en tus ventanas - Diario 21","isPartOf":{"@id":"https:\/\/www.diario21.tv\/noticias\/#website"},"primaryImageOfPage":{"@id":"https:\/\/www.diario21.tv\/noticias\/descubre-ya-5-razones-impactantes-para-poner-pimienta-en-tus-ventanas\/#primaryimage"},"image":{"@id":"https:\/\/www.diario21.tv\/noticias\/descubre-ya-5-razones-impactantes-para-poner-pimienta-en-tus-ventanas\/#primaryimage"},"thumbnailUrl":"https:\/\/www.diario21.tv\/noticias\/wp-content\/uploads\/2025\/01\/\u00a1Descubre-ya-5-razones-impactantes-para-poner-pimienta-en-tus.jpg","datePublished":"2025-01-29T16:06:02+00:00","dateModified":"2025-01-29T16:06:03+00:00","author":{"@id":"https:\/\/www.diario21.tv\/noticias\/#\/schema\/person\/dfb778f73814d8f09f302618446a526b"},"breadcrumb":{"@id":"https:\/\/www.diario21.tv\/noticias\/descubre-ya-5-razones-impactantes-para-poner-pimienta-en-tus-ventanas\/#breadcrumb"},"inLanguage":"es-AR","potentialAction":[{"@type":"ReadAction","target":["https:\/\/www.diario21.tv\/noticias\/descubre-ya-5-razones-impactantes-para-poner-pimienta-en-tus-ventanas\/"]}]},{"@type":"ImageObject","inLanguage":"es-AR","@id":"https:\/\/www.diario21.tv\/noticias\/descubre-ya-5-razones-impactantes-para-poner-pimienta-en-tus-ventanas\/#primaryimage","url":"https:\/\/www.diario21.tv\/noticias\/wp-content\/uploads\/2025\/01\/\u00a1Descubre-ya-5-razones-impactantes-para-poner-pimienta-en-tus.jpg","contentUrl":"https:\/\/www.diario21.tv\/noticias\/wp-content\/uploads\/2025\/01\/\u00a1Descubre-ya-5-razones-impactantes-para-poner-pimienta-en-tus.jpg","width":1916,"height":1080,"caption":"Cinco razones para poner pimienta en las ventanas hoy mismo"},{"@type":"BreadcrumbList","@id":"https:\/\/www.diario21.tv\/noticias\/descubre-ya-5-razones-impactantes-para-poner-pimienta-en-tus-ventanas\/#breadcrumb","itemListElement":[{"@type":"ListItem","position":1,"name":"Accueil","item":"https:\/\/www.diario21.tv\/noticias\/"},{"@type":"ListItem","position":2,"name":"\u00a1Descubre ya! 5 razones impactantes para poner pimienta en tus ventanas"}]},{"@type":"WebSite","@id":"https:\/\/www.diario21.tv\/noticias\/#website","url":"https:\/\/www.diario21.tv\/noticias\/","name":"Diario 21","description":"","potentialAction":[{"@type":"SearchAction","target":{"@type":"EntryPoint","urlTemplate":"https:\/\/www.diario21.tv\/noticias\/?s={search_term_string}"},"query-input":{"@type":"PropertyValueSpecification","valueRequired":true,"valueName":"search_term_string"}}],"inLanguage":"es-AR"},{"@type":"Person","@id":"https:\/\/www.diario21.tv\/noticias\/#\/schema\/person\/dfb778f73814d8f09f302618446a526b","name":"Juan P\u00e9rez","image":{"@type":"ImageObject","inLanguage":"es-AR","@id":"https:\/\/www.diario21.tv\/noticias\/#\/schema\/person\/image\/","url":"https:\/\/secure.gravatar.com\/avatar\/c478a405bd10621167f4c3167cc770f5?s=96&d=mm&r=g","contentUrl":"https:\/\/secure.gravatar.com\/avatar\/c478a405bd10621167f4c3167cc770f5?s=96&d=mm&r=g","caption":"Juan P\u00e9rez"},"description":"Juan P\u00e9rez es el redactor en jefe de Diario 21. Con m\u00e1s de 10 a\u00f1os de experiencia en el periodismo, se especializa en pol\u00edtica nacional y an\u00e1lisis socioecon\u00f3mico. Su enfoque cr\u00edtico y riguroso aporta una perspectiva \u00fanica a cada art\u00edculo.","sameAs":["https:\/\/www.diario21.tv\/noticias\/"],"url":"https:\/\/www.diario21.tv\/noticias\/author\/juan-perez\/"}]}},"_links":{"self":[{"href":"https:\/\/www.diario21.tv\/noticias\/wp-json\/wp\/v2\/posts\/1977"}],"collection":[{"href":"https:\/\/www.diario21.tv\/noticias\/wp-json\/wp\/v2\/posts"}],"about":[{"href":"https:\/\/www.diario21.tv\/noticias\/wp-json\/wp\/v2\/types\/post"}],"author":[{"embeddable":true,"href":"https:\/\/www.diario21.tv\/noticias\/wp-json\/wp\/v2\/users\/20"}],"replies":[{"embeddable":true,"href":"https:\/\/www.diario21.tv\/noticias\/wp-json\/wp\/v2\/comments?post=1977"}],"version-history":[{"count":1,"href":"https:\/\/www.diario21.tv\/noticias\/wp-json\/wp\/v2\/posts\/1977\/revisions"}],"predecessor-version":[{"id":1979,"href":"https:\/\/www.diario21.tv\/noticias\/wp-json\/wp\/v2\/posts\/1977\/revisions\/1979"}],"wp:featuredmedia":[{"embeddable":true,"href":"https:\/\/www.diario21.tv\/noticias\/wp-json\/wp\/v2\/media\/1978"}],"wp:attachment":[{"href":"https:\/\/www.diario21.tv\/noticias\/wp-json\/wp\/v2\/media?parent=1977"}],"wp:term":[{"taxonomy":"category","embeddable":true,"href":"https:\/\/www.diario21.tv\/noticias\/wp-json\/wp\/v2\/categories?post=1977"},{"taxonomy":"post_tag","embeddable":true,"href":"https:\/\/www.diario21.tv\/noticias\/wp-json\/wp\/v2\/tags?post=1977"}],"curies":[{"name":"wp","href":"https:\/\/api.w.org\/{rel}","templated":true}]}}