{"id":1974,"date":"2025-01-29T10:00:31","date_gmt":"2025-01-29T10:00:31","guid":{"rendered":"https:\/\/www.diario21.tv\/noticias\/urgente-buscan-perra-perdida-en-macrofiesta-ilegal-de-ciudad-real\/"},"modified":"2025-01-29T10:00:32","modified_gmt":"2025-01-29T10:00:32","slug":"urgente-buscan-perra-perdida-en-macrofiesta-ilegal-de-ciudad-real","status":"publish","type":"post","link":"https:\/\/www.diario21.tv\/noticias\/urgente-buscan-perra-perdida-en-macrofiesta-ilegal-de-ciudad-real\/","title":{"rendered":"\u00a1Urgente! Buscan perra perdida en macrofiesta ilegal de Ciudad Real"},"content":{"rendered":"<h2>Intensa B\u00fasqueda de una Perrita Extraviada Durante una Gran Fiesta Ilegal en Ciudad Real<\/h2>\n<p>En un reciente evento que ha capturado la atenci\u00f3n de la comunidad de Ciudad Real, se ha iniciado una operaci\u00f3n de b\u00fasqueda para localizar a una perrita que se perdi\u00f3 en medio de una vasta fiesta ilegal. Este suceso ha generado gran preocupaci\u00f3n tanto entre los asistentes como en la poblaci\u00f3n local, desencadenando una movilizaci\u00f3n comunitaria para encontrar al animal desaparecido.<\/p>\n<h3>Detalles del Incidente<\/h3>\n<p>La fiesta, que tuvo lugar en una zona apartada de Ciudad Real, atrajo a un gran n\u00famero de j\u00f3venes y se extendi\u00f3 durante varias horas. Sin embargo, lo que deber\u00eda haber sido una noche de diversi\u00f3n se torn\u00f3 en angustia cuando los due\u00f1os de la perrita, que hab\u00eda sido llevada al evento, descubrieron que su mascota hab\u00eda desaparecido entre la multitud. La perrita, conocida por su peque\u00f1o tama\u00f1o y pelaje distintivo, se vio abrumada por el ruido y la cantidad de gente, lo que presumiblemente la llev\u00f3 a huir del lugar en un momento de p\u00e1nico.<\/p>\n<h3>Respuesta de la Comunidad<\/h3>\n<p>Inmediatamente despu\u00e9s de notar la ausencia de la perrita, los due\u00f1os comenzaron a solicitar ayuda a los otros asistentes de la fiesta para buscar al animal. La noticia de la perrita perdida se esparci\u00f3 r\u00e1pidamente, y muchos de los j\u00f3venes que participaban en la fiesta se unieron a la b\u00fasqueda, iluminando la zona con las linternas de sus tel\u00e9fonos m\u00f3viles.<\/p>\n<p>Adem\u00e1s, la historia gan\u00f3 tracci\u00f3n en las redes sociales, donde se multiplicaron los mensajes de apoyo y las ofertas para ayudar a buscar a la perrita. Grupos de voluntarios se organizaron para ampliar el rango de b\u00fasqueda m\u00e1s all\u00e1 del lugar de la fiesta, movi\u00e9ndose hacia las \u00e1reas adyacentes y preguntando a los residentes locales si hab\u00edan visto al animal.<\/p>\n<h3>Consecuencias y Llamados a la Acci\u00f3n<\/h3>\n<p>El incidente ha servido para resaltar los problemas asociados con la realizaci\u00f3n de eventos ilegales, especialmente en lo que respecta a la seguridad de los asistentes y sus mascotas. Las autoridades locales han reiterado las advertencias sobre las consecuencias legales de organizar y participar en fiestas ilegales, y han instado a los ciudadanos a reportar cualquier actividad sospechosa.<\/p>\n<p>Mientras tanto, la b\u00fasqueda de la perrita contin\u00faa, con la esperanza de que pueda ser encontrada sana y salva. Los due\u00f1os han expresado su agradecimiento por el apoyo recibido y han pedido a cualquier persona que tenga informaci\u00f3n sobre el paradero de la perrita que se comunique con ellos o con las autoridades locales.<\/p>\n<p>Este evento desafortunado ha unido a la comunidad de Ciudad Real en un esfuerzo com\u00fan para remediar una situaci\u00f3n triste y ha demostrado el poder de la solidaridad en tiempos de necesidad.<\/p>\n\n\n<div class=\"kk-star-ratings kksr-auto kksr-align-left kksr-valign-bottom\"\n    data-payload='{&quot;align&quot;:&quot;left&quot;,&quot;id&quot;:&quot;1974&quot;,&quot;slug&quot;:&quot;default&quot;,&quot;valign&quot;:&quot;bottom&quot;,&quot;ignore&quot;:&quot;&quot;,&quot;reference&quot;:&quot;auto&quot;,&quot;class&quot;:&quot;&quot;,&quot;count&quot;:&quot;0&quot;,&quot;legendonly&quot;:&quot;&quot;,&quot;readonly&quot;:&quot;&quot;,&quot;score&quot;:&quot;0&quot;,&quot;starsonly&quot;:&quot;&quot;,&quot;best&quot;:&quot;5&quot;,&quot;gap&quot;:&quot;5&quot;,&quot;greet&quot;:&quot;Valora este post&quot;,&quot;legend&quot;:&quot;0\\\/5 - (0 votes)&quot;,&quot;size&quot;:&quot;22&quot;,&quot;title&quot;:&quot;\u00a1Urgente! Buscan perra perdida en macrofiesta ilegal de Ciudad Real&quot;,&quot;width&quot;:&quot;0&quot;,&quot;_legend&quot;:&quot;{score}\\\/{best} - ({count} {votes})&quot;,&quot;font_factor&quot;:&quot;1.25&quot;}'>\n            \n<div class=\"kksr-stars\">\n    \n<div class=\"kksr-stars-inactive\">\n            <div class=\"kksr-star\" data-star=\"1\" style=\"padding-right: 5px\">\n            \n\n<div class=\"kksr-icon\" style=\"width: 22px; height: 22px;\"><\/div>\n        <\/div>\n            <div class=\"kksr-star\" data-star=\"2\" style=\"padding-right: 5px\">\n            \n\n<div class=\"kksr-icon\" style=\"width: 22px; height: 22px;\"><\/div>\n        <\/div>\n            <div class=\"kksr-star\" data-star=\"3\" style=\"padding-right: 5px\">\n            \n\n<div class=\"kksr-icon\" style=\"width: 22px; height: 22px;\"><\/div>\n        <\/div>\n            <div class=\"kksr-star\" data-star=\"4\" style=\"padding-right: 5px\">\n            \n\n<div class=\"kksr-icon\" style=\"width: 22px; height: 22px;\"><\/div>\n        <\/div>\n            <div class=\"kksr-star\" data-star=\"5\" style=\"padding-right: 5px\">\n            \n\n<div class=\"kksr-icon\" style=\"width: 22px; height: 22px;\"><\/div>\n        <\/div>\n    <\/div>\n    \n<div class=\"kksr-stars-active\" style=\"width: 0px;\">\n            <div class=\"kksr-star\" style=\"padding-right: 5px\">\n            \n\n<div class=\"kksr-icon\" style=\"width: 22px; height: 22px;\"><\/div>\n        <\/div>\n            <div class=\"kksr-star\" style=\"padding-right: 5px\">\n            \n\n<div class=\"kksr-icon\" style=\"width: 22px; height: 22px;\"><\/div>\n        <\/div>\n            <div class=\"kksr-star\" style=\"padding-right: 5px\">\n            \n\n<div class=\"kksr-icon\" style=\"width: 22px; height: 22px;\"><\/div>\n        <\/div>\n            <div class=\"kksr-star\" style=\"padding-right: 5px\">\n            \n\n<div class=\"kksr-icon\" style=\"width: 22px; height: 22px;\"><\/div>\n        <\/div>\n            <div class=\"kksr-star\" style=\"padding-right: 5px\">\n            \n\n<div class=\"kksr-icon\" style=\"width: 22px; height: 22px;\"><\/div>\n        <\/div>\n    <\/div>\n<\/div>\n                \n\n<div class=\"kksr-legend\" style=\"font-size: 17.6px;\">\n            <span class=\"kksr-muted\">Valora este post<\/span>\n    <\/div>\n    <\/div>\n","protected":false},"excerpt":{"rendered":"<p>Intensa B\u00fasqueda de una Perrita Extraviada Durante una Gran Fiesta Ilegal en Ciudad Real En un reciente evento que ha capturado la atenci\u00f3n de la comunidad &#8230; <a title=\"\u00a1Urgente! Buscan perra perdida en macrofiesta ilegal de Ciudad Real\" class=\"read-more\" href=\"https:\/\/www.diario21.tv\/noticias\/urgente-buscan-perra-perdida-en-macrofiesta-ilegal-de-ciudad-real\/\" aria-label=\"Leer m\u00e1s sobre \u00a1Urgente! Buscan perra perdida en macrofiesta ilegal de Ciudad Real\">Seguir leyendo &rarr;<\/a><\/p>\n","protected":false},"author":20,"featured_media":1975,"comment_status":"open","ping_status":"open","sticky":false,"template":"","format":"standard","meta":{"footnotes":""},"categories":[13],"tags":[],"class_list":["post-1974","post","type-post","status-publish","format-standard","has-post-thumbnail","hentry","category-portada"],"yoast_head":"<!-- This site is optimized with the Yoast SEO plugin v25.6 - https:\/\/yoast.com\/wordpress\/plugins\/seo\/ -->\n<title>\u00a1Urgente! Buscan perra perdida en macrofiesta ilegal de Ciudad Real - Diario 21<\/title>\n<meta name=\"robots\" content=\"index, follow, max-snippet:-1, max-image-preview:large, max-video-preview:-1\" \/>\n<link rel=\"canonical\" href=\"https:\/\/www.diario21.tv\/noticias\/urgente-buscan-perra-perdida-en-macrofiesta-ilegal-de-ciudad-real\/\" \/>\n<meta property=\"og:locale\" content=\"es_ES\" \/>\n<meta property=\"og:type\" content=\"article\" \/>\n<meta property=\"og:title\" content=\"\u00a1Urgente! Buscan perra perdida en macrofiesta ilegal de Ciudad Real - Diario 21\" \/>\n<meta property=\"og:description\" content=\"Intensa B\u00fasqueda de una Perrita Extraviada Durante una Gran Fiesta Ilegal en Ciudad Real En un reciente evento que ha capturado la atenci\u00f3n de la comunidad ... Seguir leyendo &rarr;\" \/>\n<meta property=\"og:url\" content=\"https:\/\/www.diario21.tv\/noticias\/urgente-buscan-perra-perdida-en-macrofiesta-ilegal-de-ciudad-real\/\" \/>\n<meta property=\"og:site_name\" content=\"Diario 21\" \/>\n<meta property=\"article:published_time\" content=\"2025-01-29T10:00:31+00:00\" \/>\n<meta property=\"article:modified_time\" content=\"2025-01-29T10:00:32+00:00\" \/>\n<meta property=\"og:image\" content=\"https:\/\/www.diario21.tv\/noticias\/wp-content\/uploads\/2025\/01\/\u00a1Urgente-Buscan-perra-perdida-en-macrofiesta-ilegal-de-Ciudad-Real.jpg\" \/>\n\t<meta property=\"og:image:width\" content=\"1920\" \/>\n\t<meta property=\"og:image:height\" content=\"1080\" \/>\n\t<meta property=\"og:image:type\" content=\"image\/jpeg\" \/>\n<meta name=\"author\" content=\"Juan P\u00e9rez\" \/>\n<meta name=\"twitter:card\" content=\"summary_large_image\" \/>\n<meta name=\"twitter:label1\" content=\"Escrito por\" \/>\n\t<meta name=\"twitter:data1\" content=\"Juan P\u00e9rez\" \/>\n\t<meta name=\"twitter:label2\" content=\"Tiempo de lectura\" \/>\n\t<meta name=\"twitter:data2\" content=\"2 minutos\" \/>\n<script type=\"application\/ld+json\" class=\"yoast-schema-graph\">{\"@context\":\"https:\/\/schema.org\",\"@graph\":[{\"@type\":\"WebPage\",\"@id\":\"https:\/\/www.diario21.tv\/noticias\/urgente-buscan-perra-perdida-en-macrofiesta-ilegal-de-ciudad-real\/\",\"url\":\"https:\/\/www.diario21.tv\/noticias\/urgente-buscan-perra-perdida-en-macrofiesta-ilegal-de-ciudad-real\/\",\"name\":\"\u00a1Urgente! Buscan perra perdida en macrofiesta ilegal de Ciudad Real - Diario 21\",\"isPartOf\":{\"@id\":\"https:\/\/www.diario21.tv\/noticias\/#website\"},\"primaryImageOfPage\":{\"@id\":\"https:\/\/www.diario21.tv\/noticias\/urgente-buscan-perra-perdida-en-macrofiesta-ilegal-de-ciudad-real\/#primaryimage\"},\"image\":{\"@id\":\"https:\/\/www.diario21.tv\/noticias\/urgente-buscan-perra-perdida-en-macrofiesta-ilegal-de-ciudad-real\/#primaryimage\"},\"thumbnailUrl\":\"https:\/\/www.diario21.tv\/noticias\/wp-content\/uploads\/2025\/01\/\u00a1Urgente-Buscan-perra-perdida-en-macrofiesta-ilegal-de-Ciudad-Real.jpg\",\"datePublished\":\"2025-01-29T10:00:31+00:00\",\"dateModified\":\"2025-01-29T10:00:32+00:00\",\"author\":{\"@id\":\"https:\/\/www.diario21.tv\/noticias\/#\/schema\/person\/dfb778f73814d8f09f302618446a526b\"},\"breadcrumb\":{\"@id\":\"https:\/\/www.diario21.tv\/noticias\/urgente-buscan-perra-perdida-en-macrofiesta-ilegal-de-ciudad-real\/#breadcrumb\"},\"inLanguage\":\"es-AR\",\"potentialAction\":[{\"@type\":\"ReadAction\",\"target\":[\"https:\/\/www.diario21.tv\/noticias\/urgente-buscan-perra-perdida-en-macrofiesta-ilegal-de-ciudad-real\/\"]}]},{\"@type\":\"ImageObject\",\"inLanguage\":\"es-AR\",\"@id\":\"https:\/\/www.diario21.tv\/noticias\/urgente-buscan-perra-perdida-en-macrofiesta-ilegal-de-ciudad-real\/#primaryimage\",\"url\":\"https:\/\/www.diario21.tv\/noticias\/wp-content\/uploads\/2025\/01\/\u00a1Urgente-Buscan-perra-perdida-en-macrofiesta-ilegal-de-Ciudad-Real.jpg\",\"contentUrl\":\"https:\/\/www.diario21.tv\/noticias\/wp-content\/uploads\/2025\/01\/\u00a1Urgente-Buscan-perra-perdida-en-macrofiesta-ilegal-de-Ciudad-Real.jpg\",\"width\":1920,\"height\":1080,\"caption\":\"Buscan una perra perdida en la macro fiesta ilegal de Ciudad Real\"},{\"@type\":\"BreadcrumbList\",\"@id\":\"https:\/\/www.diario21.tv\/noticias\/urgente-buscan-perra-perdida-en-macrofiesta-ilegal-de-ciudad-real\/#breadcrumb\",\"itemListElement\":[{\"@type\":\"ListItem\",\"position\":1,\"name\":\"Accueil\",\"item\":\"https:\/\/www.diario21.tv\/noticias\/\"},{\"@type\":\"ListItem\",\"position\":2,\"name\":\"\u00a1Urgente! Buscan perra perdida en macrofiesta ilegal de Ciudad Real\"}]},{\"@type\":\"WebSite\",\"@id\":\"https:\/\/www.diario21.tv\/noticias\/#website\",\"url\":\"https:\/\/www.diario21.tv\/noticias\/\",\"name\":\"Diario 21\",\"description\":\"\",\"potentialAction\":[{\"@type\":\"SearchAction\",\"target\":{\"@type\":\"EntryPoint\",\"urlTemplate\":\"https:\/\/www.diario21.tv\/noticias\/?s={search_term_string}\"},\"query-input\":{\"@type\":\"PropertyValueSpecification\",\"valueRequired\":true,\"valueName\":\"search_term_string\"}}],\"inLanguage\":\"es-AR\"},{\"@type\":\"Person\",\"@id\":\"https:\/\/www.diario21.tv\/noticias\/#\/schema\/person\/dfb778f73814d8f09f302618446a526b\",\"name\":\"Juan P\u00e9rez\",\"image\":{\"@type\":\"ImageObject\",\"inLanguage\":\"es-AR\",\"@id\":\"https:\/\/www.diario21.tv\/noticias\/#\/schema\/person\/image\/\",\"url\":\"https:\/\/secure.gravatar.com\/avatar\/c478a405bd10621167f4c3167cc770f5?s=96&d=mm&r=g\",\"contentUrl\":\"https:\/\/secure.gravatar.com\/avatar\/c478a405bd10621167f4c3167cc770f5?s=96&d=mm&r=g\",\"caption\":\"Juan P\u00e9rez\"},\"description\":\"Juan P\u00e9rez es el redactor en jefe de Diario 21. Con m\u00e1s de 10 a\u00f1os de experiencia en el periodismo, se especializa en pol\u00edtica nacional y an\u00e1lisis socioecon\u00f3mico. Su enfoque cr\u00edtico y riguroso aporta una perspectiva \u00fanica a cada art\u00edculo.\",\"sameAs\":[\"https:\/\/www.diario21.tv\/noticias\/\"],\"url\":\"https:\/\/www.diario21.tv\/noticias\/author\/juan-perez\/\"}]}<\/script>\n<!-- \/ Yoast SEO plugin. -->","yoast_head_json":{"title":"\u00a1Urgente! Buscan perra perdida en macrofiesta ilegal de Ciudad Real - Diario 21","robots":{"index":"index","follow":"follow","max-snippet":"max-snippet:-1","max-image-preview":"max-image-preview:large","max-video-preview":"max-video-preview:-1"},"canonical":"https:\/\/www.diario21.tv\/noticias\/urgente-buscan-perra-perdida-en-macrofiesta-ilegal-de-ciudad-real\/","og_locale":"es_ES","og_type":"article","og_title":"\u00a1Urgente! Buscan perra perdida en macrofiesta ilegal de Ciudad Real - Diario 21","og_description":"Intensa B\u00fasqueda de una Perrita Extraviada Durante una Gran Fiesta Ilegal en Ciudad Real En un reciente evento que ha capturado la atenci\u00f3n de la comunidad ... Seguir leyendo &rarr;","og_url":"https:\/\/www.diario21.tv\/noticias\/urgente-buscan-perra-perdida-en-macrofiesta-ilegal-de-ciudad-real\/","og_site_name":"Diario 21","article_published_time":"2025-01-29T10:00:31+00:00","article_modified_time":"2025-01-29T10:00:32+00:00","og_image":[{"width":1920,"height":1080,"url":"https:\/\/www.diario21.tv\/noticias\/wp-content\/uploads\/2025\/01\/\u00a1Urgente-Buscan-perra-perdida-en-macrofiesta-ilegal-de-Ciudad-Real.jpg","type":"image\/jpeg"}],"author":"Juan P\u00e9rez","twitter_card":"summary_large_image","twitter_misc":{"Escrito por":"Juan P\u00e9rez","Tiempo de lectura":"2 minutos"},"schema":{"@context":"https:\/\/schema.org","@graph":[{"@type":"WebPage","@id":"https:\/\/www.diario21.tv\/noticias\/urgente-buscan-perra-perdida-en-macrofiesta-ilegal-de-ciudad-real\/","url":"https:\/\/www.diario21.tv\/noticias\/urgente-buscan-perra-perdida-en-macrofiesta-ilegal-de-ciudad-real\/","name":"\u00a1Urgente! Buscan perra perdida en macrofiesta ilegal de Ciudad Real - Diario 21","isPartOf":{"@id":"https:\/\/www.diario21.tv\/noticias\/#website"},"primaryImageOfPage":{"@id":"https:\/\/www.diario21.tv\/noticias\/urgente-buscan-perra-perdida-en-macrofiesta-ilegal-de-ciudad-real\/#primaryimage"},"image":{"@id":"https:\/\/www.diario21.tv\/noticias\/urgente-buscan-perra-perdida-en-macrofiesta-ilegal-de-ciudad-real\/#primaryimage"},"thumbnailUrl":"https:\/\/www.diario21.tv\/noticias\/wp-content\/uploads\/2025\/01\/\u00a1Urgente-Buscan-perra-perdida-en-macrofiesta-ilegal-de-Ciudad-Real.jpg","datePublished":"2025-01-29T10:00:31+00:00","dateModified":"2025-01-29T10:00:32+00:00","author":{"@id":"https:\/\/www.diario21.tv\/noticias\/#\/schema\/person\/dfb778f73814d8f09f302618446a526b"},"breadcrumb":{"@id":"https:\/\/www.diario21.tv\/noticias\/urgente-buscan-perra-perdida-en-macrofiesta-ilegal-de-ciudad-real\/#breadcrumb"},"inLanguage":"es-AR","potentialAction":[{"@type":"ReadAction","target":["https:\/\/www.diario21.tv\/noticias\/urgente-buscan-perra-perdida-en-macrofiesta-ilegal-de-ciudad-real\/"]}]},{"@type":"ImageObject","inLanguage":"es-AR","@id":"https:\/\/www.diario21.tv\/noticias\/urgente-buscan-perra-perdida-en-macrofiesta-ilegal-de-ciudad-real\/#primaryimage","url":"https:\/\/www.diario21.tv\/noticias\/wp-content\/uploads\/2025\/01\/\u00a1Urgente-Buscan-perra-perdida-en-macrofiesta-ilegal-de-Ciudad-Real.jpg","contentUrl":"https:\/\/www.diario21.tv\/noticias\/wp-content\/uploads\/2025\/01\/\u00a1Urgente-Buscan-perra-perdida-en-macrofiesta-ilegal-de-Ciudad-Real.jpg","width":1920,"height":1080,"caption":"Buscan una perra perdida en la macro fiesta ilegal de Ciudad Real"},{"@type":"BreadcrumbList","@id":"https:\/\/www.diario21.tv\/noticias\/urgente-buscan-perra-perdida-en-macrofiesta-ilegal-de-ciudad-real\/#breadcrumb","itemListElement":[{"@type":"ListItem","position":1,"name":"Accueil","item":"https:\/\/www.diario21.tv\/noticias\/"},{"@type":"ListItem","position":2,"name":"\u00a1Urgente! Buscan perra perdida en macrofiesta ilegal de Ciudad Real"}]},{"@type":"WebSite","@id":"https:\/\/www.diario21.tv\/noticias\/#website","url":"https:\/\/www.diario21.tv\/noticias\/","name":"Diario 21","description":"","potentialAction":[{"@type":"SearchAction","target":{"@type":"EntryPoint","urlTemplate":"https:\/\/www.diario21.tv\/noticias\/?s={search_term_string}"},"query-input":{"@type":"PropertyValueSpecification","valueRequired":true,"valueName":"search_term_string"}}],"inLanguage":"es-AR"},{"@type":"Person","@id":"https:\/\/www.diario21.tv\/noticias\/#\/schema\/person\/dfb778f73814d8f09f302618446a526b","name":"Juan P\u00e9rez","image":{"@type":"ImageObject","inLanguage":"es-AR","@id":"https:\/\/www.diario21.tv\/noticias\/#\/schema\/person\/image\/","url":"https:\/\/secure.gravatar.com\/avatar\/c478a405bd10621167f4c3167cc770f5?s=96&d=mm&r=g","contentUrl":"https:\/\/secure.gravatar.com\/avatar\/c478a405bd10621167f4c3167cc770f5?s=96&d=mm&r=g","caption":"Juan P\u00e9rez"},"description":"Juan P\u00e9rez es el redactor en jefe de Diario 21. Con m\u00e1s de 10 a\u00f1os de experiencia en el periodismo, se especializa en pol\u00edtica nacional y an\u00e1lisis socioecon\u00f3mico. Su enfoque cr\u00edtico y riguroso aporta una perspectiva \u00fanica a cada art\u00edculo.","sameAs":["https:\/\/www.diario21.tv\/noticias\/"],"url":"https:\/\/www.diario21.tv\/noticias\/author\/juan-perez\/"}]}},"_links":{"self":[{"href":"https:\/\/www.diario21.tv\/noticias\/wp-json\/wp\/v2\/posts\/1974"}],"collection":[{"href":"https:\/\/www.diario21.tv\/noticias\/wp-json\/wp\/v2\/posts"}],"about":[{"href":"https:\/\/www.diario21.tv\/noticias\/wp-json\/wp\/v2\/types\/post"}],"author":[{"embeddable":true,"href":"https:\/\/www.diario21.tv\/noticias\/wp-json\/wp\/v2\/users\/20"}],"replies":[{"embeddable":true,"href":"https:\/\/www.diario21.tv\/noticias\/wp-json\/wp\/v2\/comments?post=1974"}],"version-history":[{"count":1,"href":"https:\/\/www.diario21.tv\/noticias\/wp-json\/wp\/v2\/posts\/1974\/revisions"}],"predecessor-version":[{"id":1976,"href":"https:\/\/www.diario21.tv\/noticias\/wp-json\/wp\/v2\/posts\/1974\/revisions\/1976"}],"wp:featuredmedia":[{"embeddable":true,"href":"https:\/\/www.diario21.tv\/noticias\/wp-json\/wp\/v2\/media\/1975"}],"wp:attachment":[{"href":"https:\/\/www.diario21.tv\/noticias\/wp-json\/wp\/v2\/media?parent=1974"}],"wp:term":[{"taxonomy":"category","embeddable":true,"href":"https:\/\/www.diario21.tv\/noticias\/wp-json\/wp\/v2\/categories?post=1974"},{"taxonomy":"post_tag","embeddable":true,"href":"https:\/\/www.diario21.tv\/noticias\/wp-json\/wp\/v2\/tags?post=1974"}],"curies":[{"name":"wp","href":"https:\/\/api.w.org\/{rel}","templated":true}]}}