{"id":1971,"date":"2025-01-29T03:57:17","date_gmt":"2025-01-29T03:57:17","guid":{"rendered":"https:\/\/www.diario21.tv\/noticias\/tragico-accidente-en-potes-dos-jovenes-de-17-anos-pierden-la-vida\/"},"modified":"2025-01-29T03:57:18","modified_gmt":"2025-01-29T03:57:18","slug":"tragico-accidente-en-potes-dos-jovenes-de-17-anos-pierden-la-vida","status":"publish","type":"post","link":"https:\/\/www.diario21.tv\/noticias\/tragico-accidente-en-potes-dos-jovenes-de-17-anos-pierden-la-vida\/","title":{"rendered":"Tr\u00e1gico accidente en Potes: dos j\u00f3venes de 17 a\u00f1os pierden la vida"},"content":{"rendered":"<h2>Fallecimiento de dos adolescentes en un accidente vial cerca de Potes<\/h2>\n<p>En un tr\u00e1gico suceso que tuvo lugar cerca de la localidad de Potes, dos j\u00f3venes de 17 a\u00f1os perdieron la vida a consecuencia de un grave accidente de tr\u00e1fico. El incidente ocurri\u00f3 en la tarde del jueves, aproximadamente a las 15:30 horas, en una carretera cercana a esta \u00e1rea del norte de Espa\u00f1a, conocida por su belleza natural y atractivo tur\u00edstico.<\/p>\n<h3>Detalles del accidente<\/h3>\n<p>Seg\u00fan los informes preliminares de las autoridades locales, las v\u00edctimas viajaban en un veh\u00edculo que, por razones a\u00fan bajo investigaci\u00f3n, sali\u00f3 de la carretera y se estrell\u00f3 contra un \u00e1rbol. Las j\u00f3venes, ambas residentes de un pueblo cercano, no sobrevivieron al impacto. A pesar de los esfuerzos de los servicios de emergencia, que llegaron r\u00e1pidamente al lugar, nada se pudo hacer para salvar sus vidas.<\/p>\n<h3>Investigaci\u00f3n en curso<\/h3>\n<p>La Guardia Civil ha iniciado una investigaci\u00f3n para determinar las causas exactas que llevaron al fatal desenlace. Entre las hip\u00f3tesis que se manejan se incluye la posibilidad de un fallo mec\u00e1nico, una distracci\u00f3n al volante o condiciones adversas en la carretera. No obstante, las autoridades han hecho un llamado a no especular y esperar los resultados oficiales de la investigaci\u00f3n.<\/p>\n<h3>Reacciones de la comunidad<\/h3>\n<p>La noticia de la muerte de las dos adolescentes ha causado una profunda conmoci\u00f3n en la comunidad local, donde ambas eran conocidas y queridas. El alcalde de Potes expres\u00f3 su dolor y el de toda la comunidad, extendiendo sus condolencias a las familias de las j\u00f3venes. Adem\u00e1s, se ha anunciado que se realizar\u00e1n varios actos en memoria de las v\u00edctimas, y se est\u00e1 organizando apoyo psicol\u00f3gico para amigos y familiares afectados por esta tragedia.<\/p>\n<p>Este lamentable evento ha reavivado el debate sobre la seguridad vial en la regi\u00f3n, con voces locales pidiendo mejoras en la se\u00f1alizaci\u00f3n y mantenimiento de las carreteras, as\u00ed como campa\u00f1as de concienciaci\u00f3n sobre los riesgos del tr\u00e1fico para prevenir futuros accidentes.<\/p>\n<p>La comunidad, a\u00fan en shock, se une en el duelo y busca encontrar consuelo en medio de esta tragedia, recordando la vida de las dos j\u00f3venes y haciendo un llamado a la reflexi\u00f3n sobre la importancia de la seguridad en las carreteras.<\/p>\n\n\n<div class=\"kk-star-ratings kksr-auto kksr-align-left kksr-valign-bottom\"\n    data-payload='{&quot;align&quot;:&quot;left&quot;,&quot;id&quot;:&quot;1971&quot;,&quot;slug&quot;:&quot;default&quot;,&quot;valign&quot;:&quot;bottom&quot;,&quot;ignore&quot;:&quot;&quot;,&quot;reference&quot;:&quot;auto&quot;,&quot;class&quot;:&quot;&quot;,&quot;count&quot;:&quot;0&quot;,&quot;legendonly&quot;:&quot;&quot;,&quot;readonly&quot;:&quot;&quot;,&quot;score&quot;:&quot;0&quot;,&quot;starsonly&quot;:&quot;&quot;,&quot;best&quot;:&quot;5&quot;,&quot;gap&quot;:&quot;5&quot;,&quot;greet&quot;:&quot;Valora este post&quot;,&quot;legend&quot;:&quot;0\\\/5 - (0 votes)&quot;,&quot;size&quot;:&quot;22&quot;,&quot;title&quot;:&quot;Tr\u00e1gico accidente en Potes: dos j\u00f3venes de 17 a\u00f1os pierden la vida&quot;,&quot;width&quot;:&quot;0&quot;,&quot;_legend&quot;:&quot;{score}\\\/{best} - ({count} {votes})&quot;,&quot;font_factor&quot;:&quot;1.25&quot;}'>\n            \n<div class=\"kksr-stars\">\n    \n<div class=\"kksr-stars-inactive\">\n            <div class=\"kksr-star\" data-star=\"1\" style=\"padding-right: 5px\">\n            \n\n<div class=\"kksr-icon\" style=\"width: 22px; height: 22px;\"><\/div>\n        <\/div>\n            <div class=\"kksr-star\" data-star=\"2\" style=\"padding-right: 5px\">\n            \n\n<div class=\"kksr-icon\" style=\"width: 22px; height: 22px;\"><\/div>\n        <\/div>\n            <div class=\"kksr-star\" data-star=\"3\" style=\"padding-right: 5px\">\n            \n\n<div class=\"kksr-icon\" style=\"width: 22px; height: 22px;\"><\/div>\n        <\/div>\n            <div class=\"kksr-star\" data-star=\"4\" style=\"padding-right: 5px\">\n            \n\n<div class=\"kksr-icon\" style=\"width: 22px; height: 22px;\"><\/div>\n        <\/div>\n            <div class=\"kksr-star\" data-star=\"5\" style=\"padding-right: 5px\">\n            \n\n<div class=\"kksr-icon\" style=\"width: 22px; height: 22px;\"><\/div>\n        <\/div>\n    <\/div>\n    \n<div class=\"kksr-stars-active\" style=\"width: 0px;\">\n            <div class=\"kksr-star\" style=\"padding-right: 5px\">\n            \n\n<div class=\"kksr-icon\" style=\"width: 22px; height: 22px;\"><\/div>\n        <\/div>\n            <div class=\"kksr-star\" style=\"padding-right: 5px\">\n            \n\n<div class=\"kksr-icon\" style=\"width: 22px; height: 22px;\"><\/div>\n        <\/div>\n            <div class=\"kksr-star\" style=\"padding-right: 5px\">\n            \n\n<div class=\"kksr-icon\" style=\"width: 22px; height: 22px;\"><\/div>\n        <\/div>\n            <div class=\"kksr-star\" style=\"padding-right: 5px\">\n            \n\n<div class=\"kksr-icon\" style=\"width: 22px; height: 22px;\"><\/div>\n        <\/div>\n            <div class=\"kksr-star\" style=\"padding-right: 5px\">\n            \n\n<div class=\"kksr-icon\" style=\"width: 22px; height: 22px;\"><\/div>\n        <\/div>\n    <\/div>\n<\/div>\n                \n\n<div class=\"kksr-legend\" style=\"font-size: 17.6px;\">\n            <span class=\"kksr-muted\">Valora este post<\/span>\n    <\/div>\n    <\/div>\n","protected":false},"excerpt":{"rendered":"<p>Fallecimiento de dos adolescentes en un accidente vial cerca de Potes En un tr\u00e1gico suceso que tuvo lugar cerca de la localidad de Potes, dos j\u00f3venes &#8230; <a title=\"Tr\u00e1gico accidente en Potes: dos j\u00f3venes de 17 a\u00f1os pierden la vida\" class=\"read-more\" href=\"https:\/\/www.diario21.tv\/noticias\/tragico-accidente-en-potes-dos-jovenes-de-17-anos-pierden-la-vida\/\" aria-label=\"Leer m\u00e1s sobre Tr\u00e1gico accidente en Potes: dos j\u00f3venes de 17 a\u00f1os pierden la vida\">Seguir leyendo &rarr;<\/a><\/p>\n","protected":false},"author":20,"featured_media":1972,"comment_status":"open","ping_status":"open","sticky":false,"template":"","format":"standard","meta":{"footnotes":""},"categories":[13],"tags":[],"class_list":["post-1971","post","type-post","status-publish","format-standard","has-post-thumbnail","hentry","category-portada"],"yoast_head":"<!-- This site is optimized with the Yoast SEO plugin v25.6 - https:\/\/yoast.com\/wordpress\/plugins\/seo\/ -->\n<title>Tr\u00e1gico accidente en Potes: dos j\u00f3venes de 17 a\u00f1os pierden la vida - Diario 21<\/title>\n<meta name=\"robots\" content=\"index, follow, max-snippet:-1, max-image-preview:large, max-video-preview:-1\" \/>\n<link rel=\"canonical\" href=\"https:\/\/www.diario21.tv\/noticias\/tragico-accidente-en-potes-dos-jovenes-de-17-anos-pierden-la-vida\/\" \/>\n<meta property=\"og:locale\" content=\"es_ES\" \/>\n<meta property=\"og:type\" content=\"article\" \/>\n<meta property=\"og:title\" content=\"Tr\u00e1gico accidente en Potes: dos j\u00f3venes de 17 a\u00f1os pierden la vida - Diario 21\" \/>\n<meta property=\"og:description\" content=\"Fallecimiento de dos adolescentes en un accidente vial cerca de Potes En un tr\u00e1gico suceso que tuvo lugar cerca de la localidad de Potes, dos j\u00f3venes ... Seguir leyendo &rarr;\" \/>\n<meta property=\"og:url\" content=\"https:\/\/www.diario21.tv\/noticias\/tragico-accidente-en-potes-dos-jovenes-de-17-anos-pierden-la-vida\/\" \/>\n<meta property=\"og:site_name\" content=\"Diario 21\" \/>\n<meta property=\"article:published_time\" content=\"2025-01-29T03:57:17+00:00\" \/>\n<meta property=\"article:modified_time\" content=\"2025-01-29T03:57:18+00:00\" \/>\n<meta property=\"og:image\" content=\"https:\/\/www.diario21.tv\/noticias\/wp-content\/uploads\/2025\/01\/Tragico-accidente-en-Potes-dos-jovenes-de-17-anos-pierden.jpg\" \/>\n\t<meta property=\"og:image:width\" content=\"1920\" \/>\n\t<meta property=\"og:image:height\" content=\"1080\" \/>\n\t<meta property=\"og:image:type\" content=\"image\/jpeg\" \/>\n<meta name=\"author\" content=\"Juan P\u00e9rez\" \/>\n<meta name=\"twitter:card\" content=\"summary_large_image\" \/>\n<meta name=\"twitter:label1\" content=\"Escrito por\" \/>\n\t<meta name=\"twitter:data1\" content=\"Juan P\u00e9rez\" \/>\n\t<meta name=\"twitter:label2\" content=\"Tiempo de lectura\" \/>\n\t<meta name=\"twitter:data2\" content=\"2 minutos\" \/>\n<script type=\"application\/ld+json\" class=\"yoast-schema-graph\">{\"@context\":\"https:\/\/schema.org\",\"@graph\":[{\"@type\":\"WebPage\",\"@id\":\"https:\/\/www.diario21.tv\/noticias\/tragico-accidente-en-potes-dos-jovenes-de-17-anos-pierden-la-vida\/\",\"url\":\"https:\/\/www.diario21.tv\/noticias\/tragico-accidente-en-potes-dos-jovenes-de-17-anos-pierden-la-vida\/\",\"name\":\"Tr\u00e1gico accidente en Potes: dos j\u00f3venes de 17 a\u00f1os pierden la vida - Diario 21\",\"isPartOf\":{\"@id\":\"https:\/\/www.diario21.tv\/noticias\/#website\"},\"primaryImageOfPage\":{\"@id\":\"https:\/\/www.diario21.tv\/noticias\/tragico-accidente-en-potes-dos-jovenes-de-17-anos-pierden-la-vida\/#primaryimage\"},\"image\":{\"@id\":\"https:\/\/www.diario21.tv\/noticias\/tragico-accidente-en-potes-dos-jovenes-de-17-anos-pierden-la-vida\/#primaryimage\"},\"thumbnailUrl\":\"https:\/\/www.diario21.tv\/noticias\/wp-content\/uploads\/2025\/01\/Tragico-accidente-en-Potes-dos-jovenes-de-17-anos-pierden.jpg\",\"datePublished\":\"2025-01-29T03:57:17+00:00\",\"dateModified\":\"2025-01-29T03:57:18+00:00\",\"author\":{\"@id\":\"https:\/\/www.diario21.tv\/noticias\/#\/schema\/person\/dfb778f73814d8f09f302618446a526b\"},\"breadcrumb\":{\"@id\":\"https:\/\/www.diario21.tv\/noticias\/tragico-accidente-en-potes-dos-jovenes-de-17-anos-pierden-la-vida\/#breadcrumb\"},\"inLanguage\":\"es-AR\",\"potentialAction\":[{\"@type\":\"ReadAction\",\"target\":[\"https:\/\/www.diario21.tv\/noticias\/tragico-accidente-en-potes-dos-jovenes-de-17-anos-pierden-la-vida\/\"]}]},{\"@type\":\"ImageObject\",\"inLanguage\":\"es-AR\",\"@id\":\"https:\/\/www.diario21.tv\/noticias\/tragico-accidente-en-potes-dos-jovenes-de-17-anos-pierden-la-vida\/#primaryimage\",\"url\":\"https:\/\/www.diario21.tv\/noticias\/wp-content\/uploads\/2025\/01\/Tragico-accidente-en-Potes-dos-jovenes-de-17-anos-pierden.jpg\",\"contentUrl\":\"https:\/\/www.diario21.tv\/noticias\/wp-content\/uploads\/2025\/01\/Tragico-accidente-en-Potes-dos-jovenes-de-17-anos-pierden.jpg\",\"width\":1920,\"height\":1080,\"caption\":\"Dos chicas de 17 a\u00f1os mueren en un accidente de tr\u00e1fico cerca de Potes\"},{\"@type\":\"BreadcrumbList\",\"@id\":\"https:\/\/www.diario21.tv\/noticias\/tragico-accidente-en-potes-dos-jovenes-de-17-anos-pierden-la-vida\/#breadcrumb\",\"itemListElement\":[{\"@type\":\"ListItem\",\"position\":1,\"name\":\"Accueil\",\"item\":\"https:\/\/www.diario21.tv\/noticias\/\"},{\"@type\":\"ListItem\",\"position\":2,\"name\":\"Tr\u00e1gico accidente en Potes: dos j\u00f3venes de 17 a\u00f1os pierden la vida\"}]},{\"@type\":\"WebSite\",\"@id\":\"https:\/\/www.diario21.tv\/noticias\/#website\",\"url\":\"https:\/\/www.diario21.tv\/noticias\/\",\"name\":\"Diario 21\",\"description\":\"\",\"potentialAction\":[{\"@type\":\"SearchAction\",\"target\":{\"@type\":\"EntryPoint\",\"urlTemplate\":\"https:\/\/www.diario21.tv\/noticias\/?s={search_term_string}\"},\"query-input\":{\"@type\":\"PropertyValueSpecification\",\"valueRequired\":true,\"valueName\":\"search_term_string\"}}],\"inLanguage\":\"es-AR\"},{\"@type\":\"Person\",\"@id\":\"https:\/\/www.diario21.tv\/noticias\/#\/schema\/person\/dfb778f73814d8f09f302618446a526b\",\"name\":\"Juan P\u00e9rez\",\"image\":{\"@type\":\"ImageObject\",\"inLanguage\":\"es-AR\",\"@id\":\"https:\/\/www.diario21.tv\/noticias\/#\/schema\/person\/image\/\",\"url\":\"https:\/\/secure.gravatar.com\/avatar\/c478a405bd10621167f4c3167cc770f5?s=96&d=mm&r=g\",\"contentUrl\":\"https:\/\/secure.gravatar.com\/avatar\/c478a405bd10621167f4c3167cc770f5?s=96&d=mm&r=g\",\"caption\":\"Juan P\u00e9rez\"},\"description\":\"Juan P\u00e9rez es el redactor en jefe de Diario 21. Con m\u00e1s de 10 a\u00f1os de experiencia en el periodismo, se especializa en pol\u00edtica nacional y an\u00e1lisis socioecon\u00f3mico. Su enfoque cr\u00edtico y riguroso aporta una perspectiva \u00fanica a cada art\u00edculo.\",\"sameAs\":[\"https:\/\/www.diario21.tv\/noticias\/\"],\"url\":\"https:\/\/www.diario21.tv\/noticias\/author\/juan-perez\/\"}]}<\/script>\n<!-- \/ Yoast SEO plugin. -->","yoast_head_json":{"title":"Tr\u00e1gico accidente en Potes: dos j\u00f3venes de 17 a\u00f1os pierden la vida - Diario 21","robots":{"index":"index","follow":"follow","max-snippet":"max-snippet:-1","max-image-preview":"max-image-preview:large","max-video-preview":"max-video-preview:-1"},"canonical":"https:\/\/www.diario21.tv\/noticias\/tragico-accidente-en-potes-dos-jovenes-de-17-anos-pierden-la-vida\/","og_locale":"es_ES","og_type":"article","og_title":"Tr\u00e1gico accidente en Potes: dos j\u00f3venes de 17 a\u00f1os pierden la vida - Diario 21","og_description":"Fallecimiento de dos adolescentes en un accidente vial cerca de Potes En un tr\u00e1gico suceso que tuvo lugar cerca de la localidad de Potes, dos j\u00f3venes ... Seguir leyendo &rarr;","og_url":"https:\/\/www.diario21.tv\/noticias\/tragico-accidente-en-potes-dos-jovenes-de-17-anos-pierden-la-vida\/","og_site_name":"Diario 21","article_published_time":"2025-01-29T03:57:17+00:00","article_modified_time":"2025-01-29T03:57:18+00:00","og_image":[{"width":1920,"height":1080,"url":"https:\/\/www.diario21.tv\/noticias\/wp-content\/uploads\/2025\/01\/Tragico-accidente-en-Potes-dos-jovenes-de-17-anos-pierden.jpg","type":"image\/jpeg"}],"author":"Juan P\u00e9rez","twitter_card":"summary_large_image","twitter_misc":{"Escrito por":"Juan P\u00e9rez","Tiempo de lectura":"2 minutos"},"schema":{"@context":"https:\/\/schema.org","@graph":[{"@type":"WebPage","@id":"https:\/\/www.diario21.tv\/noticias\/tragico-accidente-en-potes-dos-jovenes-de-17-anos-pierden-la-vida\/","url":"https:\/\/www.diario21.tv\/noticias\/tragico-accidente-en-potes-dos-jovenes-de-17-anos-pierden-la-vida\/","name":"Tr\u00e1gico accidente en Potes: dos j\u00f3venes de 17 a\u00f1os pierden la vida - Diario 21","isPartOf":{"@id":"https:\/\/www.diario21.tv\/noticias\/#website"},"primaryImageOfPage":{"@id":"https:\/\/www.diario21.tv\/noticias\/tragico-accidente-en-potes-dos-jovenes-de-17-anos-pierden-la-vida\/#primaryimage"},"image":{"@id":"https:\/\/www.diario21.tv\/noticias\/tragico-accidente-en-potes-dos-jovenes-de-17-anos-pierden-la-vida\/#primaryimage"},"thumbnailUrl":"https:\/\/www.diario21.tv\/noticias\/wp-content\/uploads\/2025\/01\/Tragico-accidente-en-Potes-dos-jovenes-de-17-anos-pierden.jpg","datePublished":"2025-01-29T03:57:17+00:00","dateModified":"2025-01-29T03:57:18+00:00","author":{"@id":"https:\/\/www.diario21.tv\/noticias\/#\/schema\/person\/dfb778f73814d8f09f302618446a526b"},"breadcrumb":{"@id":"https:\/\/www.diario21.tv\/noticias\/tragico-accidente-en-potes-dos-jovenes-de-17-anos-pierden-la-vida\/#breadcrumb"},"inLanguage":"es-AR","potentialAction":[{"@type":"ReadAction","target":["https:\/\/www.diario21.tv\/noticias\/tragico-accidente-en-potes-dos-jovenes-de-17-anos-pierden-la-vida\/"]}]},{"@type":"ImageObject","inLanguage":"es-AR","@id":"https:\/\/www.diario21.tv\/noticias\/tragico-accidente-en-potes-dos-jovenes-de-17-anos-pierden-la-vida\/#primaryimage","url":"https:\/\/www.diario21.tv\/noticias\/wp-content\/uploads\/2025\/01\/Tragico-accidente-en-Potes-dos-jovenes-de-17-anos-pierden.jpg","contentUrl":"https:\/\/www.diario21.tv\/noticias\/wp-content\/uploads\/2025\/01\/Tragico-accidente-en-Potes-dos-jovenes-de-17-anos-pierden.jpg","width":1920,"height":1080,"caption":"Dos chicas de 17 a\u00f1os mueren en un accidente de tr\u00e1fico cerca de Potes"},{"@type":"BreadcrumbList","@id":"https:\/\/www.diario21.tv\/noticias\/tragico-accidente-en-potes-dos-jovenes-de-17-anos-pierden-la-vida\/#breadcrumb","itemListElement":[{"@type":"ListItem","position":1,"name":"Accueil","item":"https:\/\/www.diario21.tv\/noticias\/"},{"@type":"ListItem","position":2,"name":"Tr\u00e1gico accidente en Potes: dos j\u00f3venes de 17 a\u00f1os pierden la vida"}]},{"@type":"WebSite","@id":"https:\/\/www.diario21.tv\/noticias\/#website","url":"https:\/\/www.diario21.tv\/noticias\/","name":"Diario 21","description":"","potentialAction":[{"@type":"SearchAction","target":{"@type":"EntryPoint","urlTemplate":"https:\/\/www.diario21.tv\/noticias\/?s={search_term_string}"},"query-input":{"@type":"PropertyValueSpecification","valueRequired":true,"valueName":"search_term_string"}}],"inLanguage":"es-AR"},{"@type":"Person","@id":"https:\/\/www.diario21.tv\/noticias\/#\/schema\/person\/dfb778f73814d8f09f302618446a526b","name":"Juan P\u00e9rez","image":{"@type":"ImageObject","inLanguage":"es-AR","@id":"https:\/\/www.diario21.tv\/noticias\/#\/schema\/person\/image\/","url":"https:\/\/secure.gravatar.com\/avatar\/c478a405bd10621167f4c3167cc770f5?s=96&d=mm&r=g","contentUrl":"https:\/\/secure.gravatar.com\/avatar\/c478a405bd10621167f4c3167cc770f5?s=96&d=mm&r=g","caption":"Juan P\u00e9rez"},"description":"Juan P\u00e9rez es el redactor en jefe de Diario 21. Con m\u00e1s de 10 a\u00f1os de experiencia en el periodismo, se especializa en pol\u00edtica nacional y an\u00e1lisis socioecon\u00f3mico. Su enfoque cr\u00edtico y riguroso aporta una perspectiva \u00fanica a cada art\u00edculo.","sameAs":["https:\/\/www.diario21.tv\/noticias\/"],"url":"https:\/\/www.diario21.tv\/noticias\/author\/juan-perez\/"}]}},"_links":{"self":[{"href":"https:\/\/www.diario21.tv\/noticias\/wp-json\/wp\/v2\/posts\/1971"}],"collection":[{"href":"https:\/\/www.diario21.tv\/noticias\/wp-json\/wp\/v2\/posts"}],"about":[{"href":"https:\/\/www.diario21.tv\/noticias\/wp-json\/wp\/v2\/types\/post"}],"author":[{"embeddable":true,"href":"https:\/\/www.diario21.tv\/noticias\/wp-json\/wp\/v2\/users\/20"}],"replies":[{"embeddable":true,"href":"https:\/\/www.diario21.tv\/noticias\/wp-json\/wp\/v2\/comments?post=1971"}],"version-history":[{"count":1,"href":"https:\/\/www.diario21.tv\/noticias\/wp-json\/wp\/v2\/posts\/1971\/revisions"}],"predecessor-version":[{"id":1973,"href":"https:\/\/www.diario21.tv\/noticias\/wp-json\/wp\/v2\/posts\/1971\/revisions\/1973"}],"wp:featuredmedia":[{"embeddable":true,"href":"https:\/\/www.diario21.tv\/noticias\/wp-json\/wp\/v2\/media\/1972"}],"wp:attachment":[{"href":"https:\/\/www.diario21.tv\/noticias\/wp-json\/wp\/v2\/media?parent=1971"}],"wp:term":[{"taxonomy":"category","embeddable":true,"href":"https:\/\/www.diario21.tv\/noticias\/wp-json\/wp\/v2\/categories?post=1971"},{"taxonomy":"post_tag","embeddable":true,"href":"https:\/\/www.diario21.tv\/noticias\/wp-json\/wp\/v2\/tags?post=1971"}],"curies":[{"name":"wp","href":"https:\/\/api.w.org\/{rel}","templated":true}]}}