{"id":1968,"date":"2025-01-28T21:56:25","date_gmt":"2025-01-28T21:56:25","guid":{"rendered":"https:\/\/www.diario21.tv\/noticias\/tragedia-en-madrid-muere-adolescente-de-15-anos-en-brutal-accidente-en-la-a2\/"},"modified":"2025-01-28T21:56:26","modified_gmt":"2025-01-28T21:56:26","slug":"tragedia-en-madrid-muere-adolescente-de-15-anos-en-brutal-accidente-en-la-a2","status":"publish","type":"post","link":"https:\/\/www.diario21.tv\/noticias\/tragedia-en-madrid-muere-adolescente-de-15-anos-en-brutal-accidente-en-la-a2\/","title":{"rendered":"Tragedia en Madrid: Muere adolescente de 15 a\u00f1os en brutal accidente en la A2"},"content":{"rendered":"<h2>Tr\u00e1gico Accidente en la A2 se Cobra la Vida de una Adolescente de 15 A\u00f1os<\/h2>\n<p>Un lamentable suceso tuvo lugar en la autov\u00eda A2, cerca de Madrid, cuando un veh\u00edculo en el que viajaba una joven de 15 a\u00f1os se sali\u00f3 de la v\u00eda, resultando en la tr\u00e1gica muerte de la adolescente. Este incidente ha conmocionado a la comunidad local y pone de relieve los riesgos constantes en las carreteras.<\/p>\n<h3>Detalles del Accidente<\/h3>\n<p>Seg\u00fan los informes preliminares de la polic\u00eda, el accidente ocurri\u00f3 en las primeras horas de la ma\u00f1ana cuando el coche, por razones a\u00fan bajo investigaci\u00f3n, perdi\u00f3 el control y se desvi\u00f3 abruptamente de la carretera. La v\u00edctima, que viajaba como pasajera en el veh\u00edculo, sufri\u00f3 heridas cr\u00edticas que llevaron a su muerte.<\/p>\n<p>Los servicios de emergencia llegaron prontamente al lugar del siniestro, pero a pesar de los esfuerzos realizados, la joven fue declarada fallecida en el sitio debido a la gravedad de sus lesiones. Las autoridades han iniciado una investigaci\u00f3n exhaustiva para determinar las causas exactas del desv\u00edo del veh\u00edculo y si hubo otros factores externos que contribuyeron al tr\u00e1gico evento.<\/p>\n<h3>Reacciones y Consecuencias<\/h3>\n<p>El accidente ha provocado una profunda tristeza y numerosas muestras de condolencias hacia la familia de la fallecida. La comunidad est\u00e1 en shock y muchos han expresado su preocupaci\u00f3n sobre la seguridad en esta concurrida autov\u00eda, que es una de las principales rutas de acceso a la capital espa\u00f1ola.<\/p>\n<p>Las autoridades, por su parte, han reiterado la importancia de mantener la prudencia al volante y de respetar todas las normativas de tr\u00e1fico para evitar incidentes de esta naturaleza. Se ha hecho un llamado especial a los j\u00f3venes conductores para que sean especialmente cuidadosos y responsables al manejar.<\/p>\n<p>Este tr\u00e1gico evento sirve como un doloroso recordatorio de la fragilidad de la vida y la necesidad de adherir a las medidas de seguridad vial en todo momento. La investigaci\u00f3n sigue en curso y se espera que sus resultados proporcionen respuestas claras que ayuden a prevenir futuros accidentes en esta y otras carreteras del pa\u00eds.<\/p>\n\n\n<div class=\"kk-star-ratings kksr-auto kksr-align-left kksr-valign-bottom\"\n    data-payload='{&quot;align&quot;:&quot;left&quot;,&quot;id&quot;:&quot;1968&quot;,&quot;slug&quot;:&quot;default&quot;,&quot;valign&quot;:&quot;bottom&quot;,&quot;ignore&quot;:&quot;&quot;,&quot;reference&quot;:&quot;auto&quot;,&quot;class&quot;:&quot;&quot;,&quot;count&quot;:&quot;0&quot;,&quot;legendonly&quot;:&quot;&quot;,&quot;readonly&quot;:&quot;&quot;,&quot;score&quot;:&quot;0&quot;,&quot;starsonly&quot;:&quot;&quot;,&quot;best&quot;:&quot;5&quot;,&quot;gap&quot;:&quot;5&quot;,&quot;greet&quot;:&quot;Valora este post&quot;,&quot;legend&quot;:&quot;0\\\/5 - (0 votes)&quot;,&quot;size&quot;:&quot;22&quot;,&quot;title&quot;:&quot;Tragedia en Madrid: Muere adolescente de 15 a\u00f1os en brutal accidente en la A2&quot;,&quot;width&quot;:&quot;0&quot;,&quot;_legend&quot;:&quot;{score}\\\/{best} - ({count} {votes})&quot;,&quot;font_factor&quot;:&quot;1.25&quot;}'>\n            \n<div class=\"kksr-stars\">\n    \n<div class=\"kksr-stars-inactive\">\n            <div class=\"kksr-star\" data-star=\"1\" style=\"padding-right: 5px\">\n            \n\n<div class=\"kksr-icon\" style=\"width: 22px; height: 22px;\"><\/div>\n        <\/div>\n            <div class=\"kksr-star\" data-star=\"2\" style=\"padding-right: 5px\">\n            \n\n<div class=\"kksr-icon\" style=\"width: 22px; height: 22px;\"><\/div>\n        <\/div>\n            <div class=\"kksr-star\" data-star=\"3\" style=\"padding-right: 5px\">\n            \n\n<div class=\"kksr-icon\" style=\"width: 22px; height: 22px;\"><\/div>\n        <\/div>\n            <div class=\"kksr-star\" data-star=\"4\" style=\"padding-right: 5px\">\n            \n\n<div class=\"kksr-icon\" style=\"width: 22px; height: 22px;\"><\/div>\n        <\/div>\n            <div class=\"kksr-star\" data-star=\"5\" style=\"padding-right: 5px\">\n            \n\n<div class=\"kksr-icon\" style=\"width: 22px; height: 22px;\"><\/div>\n        <\/div>\n    <\/div>\n    \n<div class=\"kksr-stars-active\" style=\"width: 0px;\">\n            <div class=\"kksr-star\" style=\"padding-right: 5px\">\n            \n\n<div class=\"kksr-icon\" style=\"width: 22px; height: 22px;\"><\/div>\n        <\/div>\n            <div class=\"kksr-star\" style=\"padding-right: 5px\">\n            \n\n<div class=\"kksr-icon\" style=\"width: 22px; height: 22px;\"><\/div>\n        <\/div>\n            <div class=\"kksr-star\" style=\"padding-right: 5px\">\n            \n\n<div class=\"kksr-icon\" style=\"width: 22px; height: 22px;\"><\/div>\n        <\/div>\n            <div class=\"kksr-star\" style=\"padding-right: 5px\">\n            \n\n<div class=\"kksr-icon\" style=\"width: 22px; height: 22px;\"><\/div>\n        <\/div>\n            <div class=\"kksr-star\" style=\"padding-right: 5px\">\n            \n\n<div class=\"kksr-icon\" style=\"width: 22px; height: 22px;\"><\/div>\n        <\/div>\n    <\/div>\n<\/div>\n                \n\n<div class=\"kksr-legend\" style=\"font-size: 17.6px;\">\n            <span class=\"kksr-muted\">Valora este post<\/span>\n    <\/div>\n    <\/div>\n","protected":false},"excerpt":{"rendered":"<p>Tr\u00e1gico Accidente en la A2 se Cobra la Vida de una Adolescente de 15 A\u00f1os Un lamentable suceso tuvo lugar en la autov\u00eda A2, cerca de &#8230; <a title=\"Tragedia en Madrid: Muere adolescente de 15 a\u00f1os en brutal accidente en la A2\" class=\"read-more\" href=\"https:\/\/www.diario21.tv\/noticias\/tragedia-en-madrid-muere-adolescente-de-15-anos-en-brutal-accidente-en-la-a2\/\" aria-label=\"Leer m\u00e1s sobre Tragedia en Madrid: Muere adolescente de 15 a\u00f1os en brutal accidente en la A2\">Seguir leyendo &rarr;<\/a><\/p>\n","protected":false},"author":20,"featured_media":1969,"comment_status":"open","ping_status":"open","sticky":false,"template":"","format":"standard","meta":{"footnotes":""},"categories":[13],"tags":[],"class_list":["post-1968","post","type-post","status-publish","format-standard","has-post-thumbnail","hentry","category-portada"],"yoast_head":"<!-- This site is optimized with the Yoast SEO plugin v25.6 - https:\/\/yoast.com\/wordpress\/plugins\/seo\/ -->\n<title>Tragedia en Madrid: Muere adolescente de 15 a\u00f1os en brutal accidente en la A2 - Diario 21<\/title>\n<meta name=\"robots\" content=\"index, follow, max-snippet:-1, max-image-preview:large, max-video-preview:-1\" \/>\n<link rel=\"canonical\" href=\"https:\/\/www.diario21.tv\/noticias\/tragedia-en-madrid-muere-adolescente-de-15-anos-en-brutal-accidente-en-la-a2\/\" \/>\n<meta property=\"og:locale\" content=\"es_ES\" \/>\n<meta property=\"og:type\" content=\"article\" \/>\n<meta property=\"og:title\" content=\"Tragedia en Madrid: Muere adolescente de 15 a\u00f1os en brutal accidente en la A2 - Diario 21\" \/>\n<meta property=\"og:description\" content=\"Tr\u00e1gico Accidente en la A2 se Cobra la Vida de una Adolescente de 15 A\u00f1os Un lamentable suceso tuvo lugar en la autov\u00eda A2, cerca de ... Seguir leyendo &rarr;\" \/>\n<meta property=\"og:url\" content=\"https:\/\/www.diario21.tv\/noticias\/tragedia-en-madrid-muere-adolescente-de-15-anos-en-brutal-accidente-en-la-a2\/\" \/>\n<meta property=\"og:site_name\" content=\"Diario 21\" \/>\n<meta property=\"article:published_time\" content=\"2025-01-28T21:56:25+00:00\" \/>\n<meta property=\"article:modified_time\" content=\"2025-01-28T21:56:26+00:00\" \/>\n<meta property=\"og:image\" content=\"https:\/\/www.diario21.tv\/noticias\/wp-content\/uploads\/2025\/01\/Tragedia-en-Madrid-Muere-adolescente-de-15-anos-en-brutal.jpg\" \/>\n\t<meta property=\"og:image:width\" content=\"1920\" \/>\n\t<meta property=\"og:image:height\" content=\"1080\" \/>\n\t<meta property=\"og:image:type\" content=\"image\/jpeg\" \/>\n<meta name=\"author\" content=\"Juan P\u00e9rez\" \/>\n<meta name=\"twitter:card\" content=\"summary_large_image\" \/>\n<meta name=\"twitter:label1\" content=\"Escrito por\" \/>\n\t<meta name=\"twitter:data1\" content=\"Juan P\u00e9rez\" \/>\n\t<meta name=\"twitter:label2\" content=\"Tiempo de lectura\" \/>\n\t<meta name=\"twitter:data2\" content=\"2 minutos\" \/>\n<script type=\"application\/ld+json\" class=\"yoast-schema-graph\">{\"@context\":\"https:\/\/schema.org\",\"@graph\":[{\"@type\":\"WebPage\",\"@id\":\"https:\/\/www.diario21.tv\/noticias\/tragedia-en-madrid-muere-adolescente-de-15-anos-en-brutal-accidente-en-la-a2\/\",\"url\":\"https:\/\/www.diario21.tv\/noticias\/tragedia-en-madrid-muere-adolescente-de-15-anos-en-brutal-accidente-en-la-a2\/\",\"name\":\"Tragedia en Madrid: Muere adolescente de 15 a\u00f1os en brutal accidente en la A2 - Diario 21\",\"isPartOf\":{\"@id\":\"https:\/\/www.diario21.tv\/noticias\/#website\"},\"primaryImageOfPage\":{\"@id\":\"https:\/\/www.diario21.tv\/noticias\/tragedia-en-madrid-muere-adolescente-de-15-anos-en-brutal-accidente-en-la-a2\/#primaryimage\"},\"image\":{\"@id\":\"https:\/\/www.diario21.tv\/noticias\/tragedia-en-madrid-muere-adolescente-de-15-anos-en-brutal-accidente-en-la-a2\/#primaryimage\"},\"thumbnailUrl\":\"https:\/\/www.diario21.tv\/noticias\/wp-content\/uploads\/2025\/01\/Tragedia-en-Madrid-Muere-adolescente-de-15-anos-en-brutal.jpg\",\"datePublished\":\"2025-01-28T21:56:25+00:00\",\"dateModified\":\"2025-01-28T21:56:26+00:00\",\"author\":{\"@id\":\"https:\/\/www.diario21.tv\/noticias\/#\/schema\/person\/dfb778f73814d8f09f302618446a526b\"},\"breadcrumb\":{\"@id\":\"https:\/\/www.diario21.tv\/noticias\/tragedia-en-madrid-muere-adolescente-de-15-anos-en-brutal-accidente-en-la-a2\/#breadcrumb\"},\"inLanguage\":\"es-AR\",\"potentialAction\":[{\"@type\":\"ReadAction\",\"target\":[\"https:\/\/www.diario21.tv\/noticias\/tragedia-en-madrid-muere-adolescente-de-15-anos-en-brutal-accidente-en-la-a2\/\"]}]},{\"@type\":\"ImageObject\",\"inLanguage\":\"es-AR\",\"@id\":\"https:\/\/www.diario21.tv\/noticias\/tragedia-en-madrid-muere-adolescente-de-15-anos-en-brutal-accidente-en-la-a2\/#primaryimage\",\"url\":\"https:\/\/www.diario21.tv\/noticias\/wp-content\/uploads\/2025\/01\/Tragedia-en-Madrid-Muere-adolescente-de-15-anos-en-brutal.jpg\",\"contentUrl\":\"https:\/\/www.diario21.tv\/noticias\/wp-content\/uploads\/2025\/01\/Tragedia-en-Madrid-Muere-adolescente-de-15-anos-en-brutal.jpg\",\"width\":1920,\"height\":1080,\"caption\":\"Muere una joven de 15 a\u00f1os al salirse de la carretera el coche en el que viajaba en la A2 en Madrid\"},{\"@type\":\"BreadcrumbList\",\"@id\":\"https:\/\/www.diario21.tv\/noticias\/tragedia-en-madrid-muere-adolescente-de-15-anos-en-brutal-accidente-en-la-a2\/#breadcrumb\",\"itemListElement\":[{\"@type\":\"ListItem\",\"position\":1,\"name\":\"Accueil\",\"item\":\"https:\/\/www.diario21.tv\/noticias\/\"},{\"@type\":\"ListItem\",\"position\":2,\"name\":\"Tragedia en Madrid: Muere adolescente de 15 a\u00f1os en brutal accidente en la A2\"}]},{\"@type\":\"WebSite\",\"@id\":\"https:\/\/www.diario21.tv\/noticias\/#website\",\"url\":\"https:\/\/www.diario21.tv\/noticias\/\",\"name\":\"Diario 21\",\"description\":\"\",\"potentialAction\":[{\"@type\":\"SearchAction\",\"target\":{\"@type\":\"EntryPoint\",\"urlTemplate\":\"https:\/\/www.diario21.tv\/noticias\/?s={search_term_string}\"},\"query-input\":{\"@type\":\"PropertyValueSpecification\",\"valueRequired\":true,\"valueName\":\"search_term_string\"}}],\"inLanguage\":\"es-AR\"},{\"@type\":\"Person\",\"@id\":\"https:\/\/www.diario21.tv\/noticias\/#\/schema\/person\/dfb778f73814d8f09f302618446a526b\",\"name\":\"Juan P\u00e9rez\",\"image\":{\"@type\":\"ImageObject\",\"inLanguage\":\"es-AR\",\"@id\":\"https:\/\/www.diario21.tv\/noticias\/#\/schema\/person\/image\/\",\"url\":\"https:\/\/secure.gravatar.com\/avatar\/c478a405bd10621167f4c3167cc770f5?s=96&d=mm&r=g\",\"contentUrl\":\"https:\/\/secure.gravatar.com\/avatar\/c478a405bd10621167f4c3167cc770f5?s=96&d=mm&r=g\",\"caption\":\"Juan P\u00e9rez\"},\"description\":\"Juan P\u00e9rez es el redactor en jefe de Diario 21. Con m\u00e1s de 10 a\u00f1os de experiencia en el periodismo, se especializa en pol\u00edtica nacional y an\u00e1lisis socioecon\u00f3mico. Su enfoque cr\u00edtico y riguroso aporta una perspectiva \u00fanica a cada art\u00edculo.\",\"sameAs\":[\"https:\/\/www.diario21.tv\/noticias\/\"],\"url\":\"https:\/\/www.diario21.tv\/noticias\/author\/juan-perez\/\"}]}<\/script>\n<!-- \/ Yoast SEO plugin. -->","yoast_head_json":{"title":"Tragedia en Madrid: Muere adolescente de 15 a\u00f1os en brutal accidente en la A2 - Diario 21","robots":{"index":"index","follow":"follow","max-snippet":"max-snippet:-1","max-image-preview":"max-image-preview:large","max-video-preview":"max-video-preview:-1"},"canonical":"https:\/\/www.diario21.tv\/noticias\/tragedia-en-madrid-muere-adolescente-de-15-anos-en-brutal-accidente-en-la-a2\/","og_locale":"es_ES","og_type":"article","og_title":"Tragedia en Madrid: Muere adolescente de 15 a\u00f1os en brutal accidente en la A2 - Diario 21","og_description":"Tr\u00e1gico Accidente en la A2 se Cobra la Vida de una Adolescente de 15 A\u00f1os Un lamentable suceso tuvo lugar en la autov\u00eda A2, cerca de ... Seguir leyendo &rarr;","og_url":"https:\/\/www.diario21.tv\/noticias\/tragedia-en-madrid-muere-adolescente-de-15-anos-en-brutal-accidente-en-la-a2\/","og_site_name":"Diario 21","article_published_time":"2025-01-28T21:56:25+00:00","article_modified_time":"2025-01-28T21:56:26+00:00","og_image":[{"width":1920,"height":1080,"url":"https:\/\/www.diario21.tv\/noticias\/wp-content\/uploads\/2025\/01\/Tragedia-en-Madrid-Muere-adolescente-de-15-anos-en-brutal.jpg","type":"image\/jpeg"}],"author":"Juan P\u00e9rez","twitter_card":"summary_large_image","twitter_misc":{"Escrito por":"Juan P\u00e9rez","Tiempo de lectura":"2 minutos"},"schema":{"@context":"https:\/\/schema.org","@graph":[{"@type":"WebPage","@id":"https:\/\/www.diario21.tv\/noticias\/tragedia-en-madrid-muere-adolescente-de-15-anos-en-brutal-accidente-en-la-a2\/","url":"https:\/\/www.diario21.tv\/noticias\/tragedia-en-madrid-muere-adolescente-de-15-anos-en-brutal-accidente-en-la-a2\/","name":"Tragedia en Madrid: Muere adolescente de 15 a\u00f1os en brutal accidente en la A2 - Diario 21","isPartOf":{"@id":"https:\/\/www.diario21.tv\/noticias\/#website"},"primaryImageOfPage":{"@id":"https:\/\/www.diario21.tv\/noticias\/tragedia-en-madrid-muere-adolescente-de-15-anos-en-brutal-accidente-en-la-a2\/#primaryimage"},"image":{"@id":"https:\/\/www.diario21.tv\/noticias\/tragedia-en-madrid-muere-adolescente-de-15-anos-en-brutal-accidente-en-la-a2\/#primaryimage"},"thumbnailUrl":"https:\/\/www.diario21.tv\/noticias\/wp-content\/uploads\/2025\/01\/Tragedia-en-Madrid-Muere-adolescente-de-15-anos-en-brutal.jpg","datePublished":"2025-01-28T21:56:25+00:00","dateModified":"2025-01-28T21:56:26+00:00","author":{"@id":"https:\/\/www.diario21.tv\/noticias\/#\/schema\/person\/dfb778f73814d8f09f302618446a526b"},"breadcrumb":{"@id":"https:\/\/www.diario21.tv\/noticias\/tragedia-en-madrid-muere-adolescente-de-15-anos-en-brutal-accidente-en-la-a2\/#breadcrumb"},"inLanguage":"es-AR","potentialAction":[{"@type":"ReadAction","target":["https:\/\/www.diario21.tv\/noticias\/tragedia-en-madrid-muere-adolescente-de-15-anos-en-brutal-accidente-en-la-a2\/"]}]},{"@type":"ImageObject","inLanguage":"es-AR","@id":"https:\/\/www.diario21.tv\/noticias\/tragedia-en-madrid-muere-adolescente-de-15-anos-en-brutal-accidente-en-la-a2\/#primaryimage","url":"https:\/\/www.diario21.tv\/noticias\/wp-content\/uploads\/2025\/01\/Tragedia-en-Madrid-Muere-adolescente-de-15-anos-en-brutal.jpg","contentUrl":"https:\/\/www.diario21.tv\/noticias\/wp-content\/uploads\/2025\/01\/Tragedia-en-Madrid-Muere-adolescente-de-15-anos-en-brutal.jpg","width":1920,"height":1080,"caption":"Muere una joven de 15 a\u00f1os al salirse de la carretera el coche en el que viajaba en la A2 en Madrid"},{"@type":"BreadcrumbList","@id":"https:\/\/www.diario21.tv\/noticias\/tragedia-en-madrid-muere-adolescente-de-15-anos-en-brutal-accidente-en-la-a2\/#breadcrumb","itemListElement":[{"@type":"ListItem","position":1,"name":"Accueil","item":"https:\/\/www.diario21.tv\/noticias\/"},{"@type":"ListItem","position":2,"name":"Tragedia en Madrid: Muere adolescente de 15 a\u00f1os en brutal accidente en la A2"}]},{"@type":"WebSite","@id":"https:\/\/www.diario21.tv\/noticias\/#website","url":"https:\/\/www.diario21.tv\/noticias\/","name":"Diario 21","description":"","potentialAction":[{"@type":"SearchAction","target":{"@type":"EntryPoint","urlTemplate":"https:\/\/www.diario21.tv\/noticias\/?s={search_term_string}"},"query-input":{"@type":"PropertyValueSpecification","valueRequired":true,"valueName":"search_term_string"}}],"inLanguage":"es-AR"},{"@type":"Person","@id":"https:\/\/www.diario21.tv\/noticias\/#\/schema\/person\/dfb778f73814d8f09f302618446a526b","name":"Juan P\u00e9rez","image":{"@type":"ImageObject","inLanguage":"es-AR","@id":"https:\/\/www.diario21.tv\/noticias\/#\/schema\/person\/image\/","url":"https:\/\/secure.gravatar.com\/avatar\/c478a405bd10621167f4c3167cc770f5?s=96&d=mm&r=g","contentUrl":"https:\/\/secure.gravatar.com\/avatar\/c478a405bd10621167f4c3167cc770f5?s=96&d=mm&r=g","caption":"Juan P\u00e9rez"},"description":"Juan P\u00e9rez es el redactor en jefe de Diario 21. Con m\u00e1s de 10 a\u00f1os de experiencia en el periodismo, se especializa en pol\u00edtica nacional y an\u00e1lisis socioecon\u00f3mico. Su enfoque cr\u00edtico y riguroso aporta una perspectiva \u00fanica a cada art\u00edculo.","sameAs":["https:\/\/www.diario21.tv\/noticias\/"],"url":"https:\/\/www.diario21.tv\/noticias\/author\/juan-perez\/"}]}},"_links":{"self":[{"href":"https:\/\/www.diario21.tv\/noticias\/wp-json\/wp\/v2\/posts\/1968"}],"collection":[{"href":"https:\/\/www.diario21.tv\/noticias\/wp-json\/wp\/v2\/posts"}],"about":[{"href":"https:\/\/www.diario21.tv\/noticias\/wp-json\/wp\/v2\/types\/post"}],"author":[{"embeddable":true,"href":"https:\/\/www.diario21.tv\/noticias\/wp-json\/wp\/v2\/users\/20"}],"replies":[{"embeddable":true,"href":"https:\/\/www.diario21.tv\/noticias\/wp-json\/wp\/v2\/comments?post=1968"}],"version-history":[{"count":1,"href":"https:\/\/www.diario21.tv\/noticias\/wp-json\/wp\/v2\/posts\/1968\/revisions"}],"predecessor-version":[{"id":1970,"href":"https:\/\/www.diario21.tv\/noticias\/wp-json\/wp\/v2\/posts\/1968\/revisions\/1970"}],"wp:featuredmedia":[{"embeddable":true,"href":"https:\/\/www.diario21.tv\/noticias\/wp-json\/wp\/v2\/media\/1969"}],"wp:attachment":[{"href":"https:\/\/www.diario21.tv\/noticias\/wp-json\/wp\/v2\/media?parent=1968"}],"wp:term":[{"taxonomy":"category","embeddable":true,"href":"https:\/\/www.diario21.tv\/noticias\/wp-json\/wp\/v2\/categories?post=1968"},{"taxonomy":"post_tag","embeddable":true,"href":"https:\/\/www.diario21.tv\/noticias\/wp-json\/wp\/v2\/tags?post=1968"}],"curies":[{"name":"wp","href":"https:\/\/api.w.org\/{rel}","templated":true}]}}