{"id":1962,"date":"2025-01-28T09:48:39","date_gmt":"2025-01-28T09:48:39","guid":{"rendered":"https:\/\/www.diario21.tv\/noticias\/crisis-en-el-cnio-dimisiones-y-denuncias-sacuden-al-centro-en-medio-de-deficit\/"},"modified":"2025-01-28T09:48:41","modified_gmt":"2025-01-28T09:48:41","slug":"crisis-en-el-cnio-dimisiones-y-denuncias-sacuden-al-centro-en-medio-de-deficit","status":"publish","type":"post","link":"https:\/\/www.diario21.tv\/noticias\/crisis-en-el-cnio-dimisiones-y-denuncias-sacuden-al-centro-en-medio-de-deficit\/","title":{"rendered":"\u00a1Crisis en el CNIO! Dimisiones y denuncias sacuden al centro en medio de d\u00e9ficit"},"content":{"rendered":"<h2>Renuncias, Acusaciones y D\u00e9ficit: El CNIO Intenta Superar su Profunda Crisis de Reputaci\u00f3n<\/h2>\n<p>El Centro Nacional de Investigaciones Oncol\u00f3gicas (CNIO), uno de los institutos de investigaci\u00f3n m\u00e1s prestigiosos de Espa\u00f1a, se encuentra en un momento cr\u00edtico. Tras enfrentar una serie de renuncias y acusaciones que han da\u00f1ado su imagen, el centro busca maneras de recuperar la confianza perdida y solucionar su situaci\u00f3n financiera.<\/p>\n<h3>Crisis de Liderazgo y Financiera<\/h3>\n<p>En los \u00faltimos meses, el CNIO ha sido escenario de m\u00faltiples dimisiones en sus niveles m\u00e1s altos. Estas renuncias han estado acompa\u00f1adas de acusaciones que cuestionan la gesti\u00f3n y direcci\u00f3n del instituto. Adem\u00e1s, el centro se enfrenta a un d\u00e9ficit significativo que amenaza su estabilidad financiera y su capacidad de continuar llevando a cabo investigaciones de vanguardia en el campo del c\u00e1ncer.<\/p>\n<p>La crisis de liderazgo ha sido especialmente perjudicial. Las renuncias de figuras clave en la direcci\u00f3n han creado un vac\u00edo dif\u00edcil de llenar, afectando el funcionamiento general del centro. Esto ha llevado a una disminuci\u00f3n de la moral entre el personal y ha sembrado dudas sobre la direcci\u00f3n futura del CNIO.<\/p>\n<h3>Acusaciones y Transparencia<\/h3>\n<p>Las acusaciones contra la administraci\u00f3n del CNIO han sido variadas, incluyendo desde la mala gesti\u00f3n financiera hasta la falta de transparencia. Estos se\u00f1alamientos han salido a la luz en un momento en que la instituci\u00f3n ya enfrentaba desaf\u00edos financieros significativos, complicando a\u00fan m\u00e1s la situaci\u00f3n.<\/p>\n<p>Para enfrentar estas cr\u00edticas, el CNIO ha anunciado una serie de medidas destinadas a mejorar la transparencia y la rendici\u00f3n de cuentas. Esto incluye la revisi\u00f3n de sus procedimientos financieros y administrativos, as\u00ed como la implementaci\u00f3n de nuevas pol\u00edticas para garantizar una gesti\u00f3n m\u00e1s eficaz y abierta.<\/p>\n<h3>Buscando el Camino a la Recuperaci\u00f3n<\/h3>\n<p>Ante esta tormenta de desaf\u00edos, el CNIO est\u00e1 determinado a restaurar su reputaci\u00f3n y asegurar su futuro. El instituto ha comenzado a buscar nuevos l\u00edderes que puedan guiar la organizaci\u00f3n hacia una era de renovaci\u00f3n y \u00e9xito. Adem\u00e1s, est\u00e1 reforzando su compromiso con la investigaci\u00f3n de excelencia, intentando asegurar fondos adicionales y colaboraciones que puedan apoyar su misi\u00f3n cient\u00edfica.<\/p>\n<p>La recuperaci\u00f3n del CNIO ser\u00e1 un proceso largo y complejo. Requerir\u00e1 no solo una gesti\u00f3n financiera s\u00f3lida y una direcci\u00f3n clara, sino tambi\u00e9n la reconstrucci\u00f3n de la confianza dentro de la comunidad cient\u00edfica y el p\u00fablico general. Con estas acciones, el CNIO espera cerrar un cap\u00edtulo dif\u00edcil en su historia y avanzar hacia un futuro m\u00e1s estable y prometedor en la investigaci\u00f3n del c\u00e1ncer.<\/p>\n\n\n<div class=\"kk-star-ratings kksr-auto kksr-align-left kksr-valign-bottom\"\n    data-payload='{&quot;align&quot;:&quot;left&quot;,&quot;id&quot;:&quot;1962&quot;,&quot;slug&quot;:&quot;default&quot;,&quot;valign&quot;:&quot;bottom&quot;,&quot;ignore&quot;:&quot;&quot;,&quot;reference&quot;:&quot;auto&quot;,&quot;class&quot;:&quot;&quot;,&quot;count&quot;:&quot;0&quot;,&quot;legendonly&quot;:&quot;&quot;,&quot;readonly&quot;:&quot;&quot;,&quot;score&quot;:&quot;0&quot;,&quot;starsonly&quot;:&quot;&quot;,&quot;best&quot;:&quot;5&quot;,&quot;gap&quot;:&quot;5&quot;,&quot;greet&quot;:&quot;Valora este post&quot;,&quot;legend&quot;:&quot;0\\\/5 - (0 votes)&quot;,&quot;size&quot;:&quot;22&quot;,&quot;title&quot;:&quot;\u00a1Crisis en el CNIO! Dimisiones y denuncias sacuden al centro en medio de d\u00e9ficit&quot;,&quot;width&quot;:&quot;0&quot;,&quot;_legend&quot;:&quot;{score}\\\/{best} - ({count} {votes})&quot;,&quot;font_factor&quot;:&quot;1.25&quot;}'>\n            \n<div class=\"kksr-stars\">\n    \n<div class=\"kksr-stars-inactive\">\n            <div class=\"kksr-star\" data-star=\"1\" style=\"padding-right: 5px\">\n            \n\n<div class=\"kksr-icon\" style=\"width: 22px; height: 22px;\"><\/div>\n        <\/div>\n            <div class=\"kksr-star\" data-star=\"2\" style=\"padding-right: 5px\">\n            \n\n<div class=\"kksr-icon\" style=\"width: 22px; height: 22px;\"><\/div>\n        <\/div>\n            <div class=\"kksr-star\" data-star=\"3\" style=\"padding-right: 5px\">\n            \n\n<div class=\"kksr-icon\" style=\"width: 22px; height: 22px;\"><\/div>\n        <\/div>\n            <div class=\"kksr-star\" data-star=\"4\" style=\"padding-right: 5px\">\n            \n\n<div class=\"kksr-icon\" style=\"width: 22px; height: 22px;\"><\/div>\n        <\/div>\n            <div class=\"kksr-star\" data-star=\"5\" style=\"padding-right: 5px\">\n            \n\n<div class=\"kksr-icon\" style=\"width: 22px; height: 22px;\"><\/div>\n        <\/div>\n    <\/div>\n    \n<div class=\"kksr-stars-active\" style=\"width: 0px;\">\n            <div class=\"kksr-star\" style=\"padding-right: 5px\">\n            \n\n<div class=\"kksr-icon\" style=\"width: 22px; height: 22px;\"><\/div>\n        <\/div>\n            <div class=\"kksr-star\" style=\"padding-right: 5px\">\n            \n\n<div class=\"kksr-icon\" style=\"width: 22px; height: 22px;\"><\/div>\n        <\/div>\n            <div class=\"kksr-star\" style=\"padding-right: 5px\">\n            \n\n<div class=\"kksr-icon\" style=\"width: 22px; height: 22px;\"><\/div>\n        <\/div>\n            <div class=\"kksr-star\" style=\"padding-right: 5px\">\n            \n\n<div class=\"kksr-icon\" style=\"width: 22px; height: 22px;\"><\/div>\n        <\/div>\n            <div class=\"kksr-star\" style=\"padding-right: 5px\">\n            \n\n<div class=\"kksr-icon\" style=\"width: 22px; height: 22px;\"><\/div>\n        <\/div>\n    <\/div>\n<\/div>\n                \n\n<div class=\"kksr-legend\" style=\"font-size: 17.6px;\">\n            <span class=\"kksr-muted\">Valora este post<\/span>\n    <\/div>\n    <\/div>\n","protected":false},"excerpt":{"rendered":"<p>Renuncias, Acusaciones y D\u00e9ficit: El CNIO Intenta Superar su Profunda Crisis de Reputaci\u00f3n El Centro Nacional de Investigaciones Oncol\u00f3gicas (CNIO), uno de los institutos de investigaci\u00f3n &#8230; <a title=\"\u00a1Crisis en el CNIO! Dimisiones y denuncias sacuden al centro en medio de d\u00e9ficit\" class=\"read-more\" href=\"https:\/\/www.diario21.tv\/noticias\/crisis-en-el-cnio-dimisiones-y-denuncias-sacuden-al-centro-en-medio-de-deficit\/\" aria-label=\"Leer m\u00e1s sobre \u00a1Crisis en el CNIO! Dimisiones y denuncias sacuden al centro en medio de d\u00e9ficit\">Seguir leyendo &rarr;<\/a><\/p>\n","protected":false},"author":20,"featured_media":1963,"comment_status":"open","ping_status":"open","sticky":false,"template":"","format":"standard","meta":{"footnotes":""},"categories":[13],"tags":[],"class_list":["post-1962","post","type-post","status-publish","format-standard","has-post-thumbnail","hentry","category-portada"],"yoast_head":"<!-- This site is optimized with the Yoast SEO plugin v25.6 - https:\/\/yoast.com\/wordpress\/plugins\/seo\/ -->\n<title>\u00a1Crisis en el CNIO! Dimisiones y denuncias sacuden al centro en medio de d\u00e9ficit - Diario 21<\/title>\n<meta name=\"robots\" content=\"index, follow, max-snippet:-1, max-image-preview:large, max-video-preview:-1\" \/>\n<link rel=\"canonical\" href=\"https:\/\/www.diario21.tv\/noticias\/crisis-en-el-cnio-dimisiones-y-denuncias-sacuden-al-centro-en-medio-de-deficit\/\" \/>\n<meta property=\"og:locale\" content=\"es_ES\" \/>\n<meta property=\"og:type\" content=\"article\" \/>\n<meta property=\"og:title\" content=\"\u00a1Crisis en el CNIO! Dimisiones y denuncias sacuden al centro en medio de d\u00e9ficit - Diario 21\" \/>\n<meta property=\"og:description\" content=\"Renuncias, Acusaciones y D\u00e9ficit: El CNIO Intenta Superar su Profunda Crisis de Reputaci\u00f3n El Centro Nacional de Investigaciones Oncol\u00f3gicas (CNIO), uno de los institutos de investigaci\u00f3n ... Seguir leyendo &rarr;\" \/>\n<meta property=\"og:url\" content=\"https:\/\/www.diario21.tv\/noticias\/crisis-en-el-cnio-dimisiones-y-denuncias-sacuden-al-centro-en-medio-de-deficit\/\" \/>\n<meta property=\"og:site_name\" content=\"Diario 21\" \/>\n<meta property=\"article:published_time\" content=\"2025-01-28T09:48:39+00:00\" \/>\n<meta property=\"article:modified_time\" content=\"2025-01-28T09:48:41+00:00\" \/>\n<meta property=\"og:image\" content=\"https:\/\/www.diario21.tv\/noticias\/wp-content\/uploads\/2025\/01\/\u00a1Crisis-en-el-CNIO-Dimisiones-y-denuncias-sacuden-al-centro.jpg\" \/>\n\t<meta property=\"og:image:width\" content=\"1200\" \/>\n\t<meta property=\"og:image:height\" content=\"675\" \/>\n\t<meta property=\"og:image:type\" content=\"image\/jpeg\" \/>\n<meta name=\"author\" content=\"Juan P\u00e9rez\" \/>\n<meta name=\"twitter:card\" content=\"summary_large_image\" \/>\n<meta name=\"twitter:label1\" content=\"Escrito por\" \/>\n\t<meta name=\"twitter:data1\" content=\"Juan P\u00e9rez\" \/>\n\t<meta name=\"twitter:label2\" content=\"Tiempo de lectura\" \/>\n\t<meta name=\"twitter:data2\" content=\"2 minutos\" \/>\n<script type=\"application\/ld+json\" class=\"yoast-schema-graph\">{\"@context\":\"https:\/\/schema.org\",\"@graph\":[{\"@type\":\"WebPage\",\"@id\":\"https:\/\/www.diario21.tv\/noticias\/crisis-en-el-cnio-dimisiones-y-denuncias-sacuden-al-centro-en-medio-de-deficit\/\",\"url\":\"https:\/\/www.diario21.tv\/noticias\/crisis-en-el-cnio-dimisiones-y-denuncias-sacuden-al-centro-en-medio-de-deficit\/\",\"name\":\"\u00a1Crisis en el CNIO! Dimisiones y denuncias sacuden al centro en medio de d\u00e9ficit - Diario 21\",\"isPartOf\":{\"@id\":\"https:\/\/www.diario21.tv\/noticias\/#website\"},\"primaryImageOfPage\":{\"@id\":\"https:\/\/www.diario21.tv\/noticias\/crisis-en-el-cnio-dimisiones-y-denuncias-sacuden-al-centro-en-medio-de-deficit\/#primaryimage\"},\"image\":{\"@id\":\"https:\/\/www.diario21.tv\/noticias\/crisis-en-el-cnio-dimisiones-y-denuncias-sacuden-al-centro-en-medio-de-deficit\/#primaryimage\"},\"thumbnailUrl\":\"https:\/\/www.diario21.tv\/noticias\/wp-content\/uploads\/2025\/01\/\u00a1Crisis-en-el-CNIO-Dimisiones-y-denuncias-sacuden-al-centro.jpg\",\"datePublished\":\"2025-01-28T09:48:39+00:00\",\"dateModified\":\"2025-01-28T09:48:41+00:00\",\"author\":{\"@id\":\"https:\/\/www.diario21.tv\/noticias\/#\/schema\/person\/dfb778f73814d8f09f302618446a526b\"},\"breadcrumb\":{\"@id\":\"https:\/\/www.diario21.tv\/noticias\/crisis-en-el-cnio-dimisiones-y-denuncias-sacuden-al-centro-en-medio-de-deficit\/#breadcrumb\"},\"inLanguage\":\"es-AR\",\"potentialAction\":[{\"@type\":\"ReadAction\",\"target\":[\"https:\/\/www.diario21.tv\/noticias\/crisis-en-el-cnio-dimisiones-y-denuncias-sacuden-al-centro-en-medio-de-deficit\/\"]}]},{\"@type\":\"ImageObject\",\"inLanguage\":\"es-AR\",\"@id\":\"https:\/\/www.diario21.tv\/noticias\/crisis-en-el-cnio-dimisiones-y-denuncias-sacuden-al-centro-en-medio-de-deficit\/#primaryimage\",\"url\":\"https:\/\/www.diario21.tv\/noticias\/wp-content\/uploads\/2025\/01\/\u00a1Crisis-en-el-CNIO-Dimisiones-y-denuncias-sacuden-al-centro.jpg\",\"contentUrl\":\"https:\/\/www.diario21.tv\/noticias\/wp-content\/uploads\/2025\/01\/\u00a1Crisis-en-el-CNIO-Dimisiones-y-denuncias-sacuden-al-centro.jpg\",\"width\":1200,\"height\":675,\"caption\":\"Dimisiones, denuncias y d\u00e9ficit: el CNIO busca cerrar su grave crisis de reputaci\u00f3n\"},{\"@type\":\"BreadcrumbList\",\"@id\":\"https:\/\/www.diario21.tv\/noticias\/crisis-en-el-cnio-dimisiones-y-denuncias-sacuden-al-centro-en-medio-de-deficit\/#breadcrumb\",\"itemListElement\":[{\"@type\":\"ListItem\",\"position\":1,\"name\":\"Accueil\",\"item\":\"https:\/\/www.diario21.tv\/noticias\/\"},{\"@type\":\"ListItem\",\"position\":2,\"name\":\"\u00a1Crisis en el CNIO! Dimisiones y denuncias sacuden al centro en medio de d\u00e9ficit\"}]},{\"@type\":\"WebSite\",\"@id\":\"https:\/\/www.diario21.tv\/noticias\/#website\",\"url\":\"https:\/\/www.diario21.tv\/noticias\/\",\"name\":\"Diario 21\",\"description\":\"\",\"potentialAction\":[{\"@type\":\"SearchAction\",\"target\":{\"@type\":\"EntryPoint\",\"urlTemplate\":\"https:\/\/www.diario21.tv\/noticias\/?s={search_term_string}\"},\"query-input\":{\"@type\":\"PropertyValueSpecification\",\"valueRequired\":true,\"valueName\":\"search_term_string\"}}],\"inLanguage\":\"es-AR\"},{\"@type\":\"Person\",\"@id\":\"https:\/\/www.diario21.tv\/noticias\/#\/schema\/person\/dfb778f73814d8f09f302618446a526b\",\"name\":\"Juan P\u00e9rez\",\"image\":{\"@type\":\"ImageObject\",\"inLanguage\":\"es-AR\",\"@id\":\"https:\/\/www.diario21.tv\/noticias\/#\/schema\/person\/image\/\",\"url\":\"https:\/\/secure.gravatar.com\/avatar\/c478a405bd10621167f4c3167cc770f5?s=96&d=mm&r=g\",\"contentUrl\":\"https:\/\/secure.gravatar.com\/avatar\/c478a405bd10621167f4c3167cc770f5?s=96&d=mm&r=g\",\"caption\":\"Juan P\u00e9rez\"},\"description\":\"Juan P\u00e9rez es el redactor en jefe de Diario 21. Con m\u00e1s de 10 a\u00f1os de experiencia en el periodismo, se especializa en pol\u00edtica nacional y an\u00e1lisis socioecon\u00f3mico. Su enfoque cr\u00edtico y riguroso aporta una perspectiva \u00fanica a cada art\u00edculo.\",\"sameAs\":[\"https:\/\/www.diario21.tv\/noticias\/\"],\"url\":\"https:\/\/www.diario21.tv\/noticias\/author\/juan-perez\/\"}]}<\/script>\n<!-- \/ Yoast SEO plugin. -->","yoast_head_json":{"title":"\u00a1Crisis en el CNIO! Dimisiones y denuncias sacuden al centro en medio de d\u00e9ficit - Diario 21","robots":{"index":"index","follow":"follow","max-snippet":"max-snippet:-1","max-image-preview":"max-image-preview:large","max-video-preview":"max-video-preview:-1"},"canonical":"https:\/\/www.diario21.tv\/noticias\/crisis-en-el-cnio-dimisiones-y-denuncias-sacuden-al-centro-en-medio-de-deficit\/","og_locale":"es_ES","og_type":"article","og_title":"\u00a1Crisis en el CNIO! Dimisiones y denuncias sacuden al centro en medio de d\u00e9ficit - Diario 21","og_description":"Renuncias, Acusaciones y D\u00e9ficit: El CNIO Intenta Superar su Profunda Crisis de Reputaci\u00f3n El Centro Nacional de Investigaciones Oncol\u00f3gicas (CNIO), uno de los institutos de investigaci\u00f3n ... Seguir leyendo &rarr;","og_url":"https:\/\/www.diario21.tv\/noticias\/crisis-en-el-cnio-dimisiones-y-denuncias-sacuden-al-centro-en-medio-de-deficit\/","og_site_name":"Diario 21","article_published_time":"2025-01-28T09:48:39+00:00","article_modified_time":"2025-01-28T09:48:41+00:00","og_image":[{"width":1200,"height":675,"url":"https:\/\/www.diario21.tv\/noticias\/wp-content\/uploads\/2025\/01\/\u00a1Crisis-en-el-CNIO-Dimisiones-y-denuncias-sacuden-al-centro.jpg","type":"image\/jpeg"}],"author":"Juan P\u00e9rez","twitter_card":"summary_large_image","twitter_misc":{"Escrito por":"Juan P\u00e9rez","Tiempo de lectura":"2 minutos"},"schema":{"@context":"https:\/\/schema.org","@graph":[{"@type":"WebPage","@id":"https:\/\/www.diario21.tv\/noticias\/crisis-en-el-cnio-dimisiones-y-denuncias-sacuden-al-centro-en-medio-de-deficit\/","url":"https:\/\/www.diario21.tv\/noticias\/crisis-en-el-cnio-dimisiones-y-denuncias-sacuden-al-centro-en-medio-de-deficit\/","name":"\u00a1Crisis en el CNIO! Dimisiones y denuncias sacuden al centro en medio de d\u00e9ficit - Diario 21","isPartOf":{"@id":"https:\/\/www.diario21.tv\/noticias\/#website"},"primaryImageOfPage":{"@id":"https:\/\/www.diario21.tv\/noticias\/crisis-en-el-cnio-dimisiones-y-denuncias-sacuden-al-centro-en-medio-de-deficit\/#primaryimage"},"image":{"@id":"https:\/\/www.diario21.tv\/noticias\/crisis-en-el-cnio-dimisiones-y-denuncias-sacuden-al-centro-en-medio-de-deficit\/#primaryimage"},"thumbnailUrl":"https:\/\/www.diario21.tv\/noticias\/wp-content\/uploads\/2025\/01\/\u00a1Crisis-en-el-CNIO-Dimisiones-y-denuncias-sacuden-al-centro.jpg","datePublished":"2025-01-28T09:48:39+00:00","dateModified":"2025-01-28T09:48:41+00:00","author":{"@id":"https:\/\/www.diario21.tv\/noticias\/#\/schema\/person\/dfb778f73814d8f09f302618446a526b"},"breadcrumb":{"@id":"https:\/\/www.diario21.tv\/noticias\/crisis-en-el-cnio-dimisiones-y-denuncias-sacuden-al-centro-en-medio-de-deficit\/#breadcrumb"},"inLanguage":"es-AR","potentialAction":[{"@type":"ReadAction","target":["https:\/\/www.diario21.tv\/noticias\/crisis-en-el-cnio-dimisiones-y-denuncias-sacuden-al-centro-en-medio-de-deficit\/"]}]},{"@type":"ImageObject","inLanguage":"es-AR","@id":"https:\/\/www.diario21.tv\/noticias\/crisis-en-el-cnio-dimisiones-y-denuncias-sacuden-al-centro-en-medio-de-deficit\/#primaryimage","url":"https:\/\/www.diario21.tv\/noticias\/wp-content\/uploads\/2025\/01\/\u00a1Crisis-en-el-CNIO-Dimisiones-y-denuncias-sacuden-al-centro.jpg","contentUrl":"https:\/\/www.diario21.tv\/noticias\/wp-content\/uploads\/2025\/01\/\u00a1Crisis-en-el-CNIO-Dimisiones-y-denuncias-sacuden-al-centro.jpg","width":1200,"height":675,"caption":"Dimisiones, denuncias y d\u00e9ficit: el CNIO busca cerrar su grave crisis de reputaci\u00f3n"},{"@type":"BreadcrumbList","@id":"https:\/\/www.diario21.tv\/noticias\/crisis-en-el-cnio-dimisiones-y-denuncias-sacuden-al-centro-en-medio-de-deficit\/#breadcrumb","itemListElement":[{"@type":"ListItem","position":1,"name":"Accueil","item":"https:\/\/www.diario21.tv\/noticias\/"},{"@type":"ListItem","position":2,"name":"\u00a1Crisis en el CNIO! Dimisiones y denuncias sacuden al centro en medio de d\u00e9ficit"}]},{"@type":"WebSite","@id":"https:\/\/www.diario21.tv\/noticias\/#website","url":"https:\/\/www.diario21.tv\/noticias\/","name":"Diario 21","description":"","potentialAction":[{"@type":"SearchAction","target":{"@type":"EntryPoint","urlTemplate":"https:\/\/www.diario21.tv\/noticias\/?s={search_term_string}"},"query-input":{"@type":"PropertyValueSpecification","valueRequired":true,"valueName":"search_term_string"}}],"inLanguage":"es-AR"},{"@type":"Person","@id":"https:\/\/www.diario21.tv\/noticias\/#\/schema\/person\/dfb778f73814d8f09f302618446a526b","name":"Juan P\u00e9rez","image":{"@type":"ImageObject","inLanguage":"es-AR","@id":"https:\/\/www.diario21.tv\/noticias\/#\/schema\/person\/image\/","url":"https:\/\/secure.gravatar.com\/avatar\/c478a405bd10621167f4c3167cc770f5?s=96&d=mm&r=g","contentUrl":"https:\/\/secure.gravatar.com\/avatar\/c478a405bd10621167f4c3167cc770f5?s=96&d=mm&r=g","caption":"Juan P\u00e9rez"},"description":"Juan P\u00e9rez es el redactor en jefe de Diario 21. Con m\u00e1s de 10 a\u00f1os de experiencia en el periodismo, se especializa en pol\u00edtica nacional y an\u00e1lisis socioecon\u00f3mico. Su enfoque cr\u00edtico y riguroso aporta una perspectiva \u00fanica a cada art\u00edculo.","sameAs":["https:\/\/www.diario21.tv\/noticias\/"],"url":"https:\/\/www.diario21.tv\/noticias\/author\/juan-perez\/"}]}},"_links":{"self":[{"href":"https:\/\/www.diario21.tv\/noticias\/wp-json\/wp\/v2\/posts\/1962"}],"collection":[{"href":"https:\/\/www.diario21.tv\/noticias\/wp-json\/wp\/v2\/posts"}],"about":[{"href":"https:\/\/www.diario21.tv\/noticias\/wp-json\/wp\/v2\/types\/post"}],"author":[{"embeddable":true,"href":"https:\/\/www.diario21.tv\/noticias\/wp-json\/wp\/v2\/users\/20"}],"replies":[{"embeddable":true,"href":"https:\/\/www.diario21.tv\/noticias\/wp-json\/wp\/v2\/comments?post=1962"}],"version-history":[{"count":1,"href":"https:\/\/www.diario21.tv\/noticias\/wp-json\/wp\/v2\/posts\/1962\/revisions"}],"predecessor-version":[{"id":1964,"href":"https:\/\/www.diario21.tv\/noticias\/wp-json\/wp\/v2\/posts\/1962\/revisions\/1964"}],"wp:featuredmedia":[{"embeddable":true,"href":"https:\/\/www.diario21.tv\/noticias\/wp-json\/wp\/v2\/media\/1963"}],"wp:attachment":[{"href":"https:\/\/www.diario21.tv\/noticias\/wp-json\/wp\/v2\/media?parent=1962"}],"wp:term":[{"taxonomy":"category","embeddable":true,"href":"https:\/\/www.diario21.tv\/noticias\/wp-json\/wp\/v2\/categories?post=1962"},{"taxonomy":"post_tag","embeddable":true,"href":"https:\/\/www.diario21.tv\/noticias\/wp-json\/wp\/v2\/tags?post=1962"}],"curies":[{"name":"wp","href":"https:\/\/api.w.org\/{rel}","templated":true}]}}