{"id":1950,"date":"2025-01-27T09:13:22","date_gmt":"2025-01-27T09:13:22","guid":{"rendered":"https:\/\/www.diario21.tv\/noticias\/tragedia-en-cantabria-mujer-de-70-anos-muere-atropellada-tras-granizada-en-accidente-multiple\/"},"modified":"2025-01-27T09:13:23","modified_gmt":"2025-01-27T09:13:23","slug":"tragedia-en-cantabria-mujer-de-70-anos-muere-atropellada-tras-granizada-en-accidente-multiple","status":"publish","type":"post","link":"https:\/\/www.diario21.tv\/noticias\/tragedia-en-cantabria-mujer-de-70-anos-muere-atropellada-tras-granizada-en-accidente-multiple\/","title":{"rendered":"Tragedia en Cantabria: Mujer de 70 a\u00f1os muere atropellada tras granizada en accidente m\u00faltiple"},"content":{"rendered":"<h2>Tr\u00e1gico Desenlace en Cantabria: Muere una Mujer de 70 A\u00f1os en un Accidente M\u00faltiple Causado por una Fuerte Granizada<\/h2>\n<p>En un lamentable suceso ocurrido recientemente en Cantabria, una mujer de 70 a\u00f1os ha perdido la vida como consecuencia de un grave accidente de tr\u00e1fico. El incidente, que involucr\u00f3 a varios veh\u00edculos, fue provocado por una intensa granizada que afect\u00f3 la visibilidad y las condiciones de la carretera.<\/p>\n<h3>Detalles del Accidente<\/h3>\n<p>El tr\u00e1gico evento tuvo lugar en una de las principales v\u00edas de la regi\u00f3n, donde, de acuerdo con los informes de las autoridades locales, una repentina y severa granizada sorprendi\u00f3 a los conductores, causando que varios de ellos perdieran el control de sus veh\u00edculos. Este descontrol result\u00f3 en una colisi\u00f3n m\u00faltiple en la que estuvieron involucrados varios coches.<\/p>\n<p>La v\u00edctima, una mujer de 70 a\u00f1os, fue atropellada durante el caos que sigui\u00f3 al inicio del incidente. Seg\u00fan los servicios de emergencia que acudieron al lugar, la mujer sufri\u00f3 heridas cr\u00edticas y, a pesar de los esfuerzos por salvarla, fue declarada fallecida en el sitio del accidente.<\/p>\n<h3>Respuesta de los Servicios de Emergencia<\/h3>\n<p>Los servicios de emergencia respondieron prontamente al llamado de auxilio. Varios equipos de rescate, incluyendo ambulancias y polic\u00eda, llegaron r\u00e1pidamente al lugar para asistir a los afectados y gestionar la situaci\u00f3n. La carretera fue cerrada temporalmente para facilitar las labores de rescate y para permitir la realizaci\u00f3n de las investigaciones necesarias para esclarecer las circunstancias exactas del m\u00faltiple choque.<\/p>\n<h3>Investigaciones en Curso<\/h3>\n<p>Las autoridades han iniciado una investigaci\u00f3n para determinar las causas detalladas del accidente y para establecer responsabilidades. Preliminarmente, se cree que la mala condici\u00f3n meteorol\u00f3gica fue un factor determinante en el incidente. Sin embargo, se est\u00e1n considerando todos los aspectos, incluyendo el estado de la carretera y las condiciones de los veh\u00edculos involucrados.<\/p>\n<h3>Llamados a la Precauci\u00f3n<\/h3>\n<p>Este tr\u00e1gico accidente ha servido como un duro recordatorio de los peligros que pueden presentar las inclemencias del tiempo, especialmente la granizada, que es particularmente peligrosa debido a c\u00f3mo puede alterar repentinamente las condiciones de conducci\u00f3n. Las autoridades han hecho un llamado a todos los conductores para que ejerzan una mayor precauci\u00f3n durante condiciones meteorol\u00f3gicas adversas y que siempre est\u00e9n atentos a las alertas del tiempo para evitar futuros incidentes.<\/p>\n<p>La comunidad local ha expresado su tristeza y consternaci\u00f3n por el fallecimiento de la mujer y ha enviado sus condolencias a la familia afectada. Este evento ha subrayado la importancia de la seguridad vial y de la toma de decisiones prudentes al volante, especialmente durante condiciones clim\u00e1ticas imprevisibles.<\/p>\n\n\n<div class=\"kk-star-ratings kksr-auto kksr-align-left kksr-valign-bottom\"\n    data-payload='{&quot;align&quot;:&quot;left&quot;,&quot;id&quot;:&quot;1950&quot;,&quot;slug&quot;:&quot;default&quot;,&quot;valign&quot;:&quot;bottom&quot;,&quot;ignore&quot;:&quot;&quot;,&quot;reference&quot;:&quot;auto&quot;,&quot;class&quot;:&quot;&quot;,&quot;count&quot;:&quot;0&quot;,&quot;legendonly&quot;:&quot;&quot;,&quot;readonly&quot;:&quot;&quot;,&quot;score&quot;:&quot;0&quot;,&quot;starsonly&quot;:&quot;&quot;,&quot;best&quot;:&quot;5&quot;,&quot;gap&quot;:&quot;5&quot;,&quot;greet&quot;:&quot;Valora este post&quot;,&quot;legend&quot;:&quot;0\\\/5 - (0 votes)&quot;,&quot;size&quot;:&quot;22&quot;,&quot;title&quot;:&quot;Tragedia en Cantabria: Mujer de 70 a\u00f1os muere atropellada tras granizada en accidente m\u00faltiple&quot;,&quot;width&quot;:&quot;0&quot;,&quot;_legend&quot;:&quot;{score}\\\/{best} - ({count} {votes})&quot;,&quot;font_factor&quot;:&quot;1.25&quot;}'>\n            \n<div class=\"kksr-stars\">\n    \n<div class=\"kksr-stars-inactive\">\n            <div class=\"kksr-star\" data-star=\"1\" style=\"padding-right: 5px\">\n            \n\n<div class=\"kksr-icon\" style=\"width: 22px; height: 22px;\"><\/div>\n        <\/div>\n            <div class=\"kksr-star\" data-star=\"2\" style=\"padding-right: 5px\">\n            \n\n<div class=\"kksr-icon\" style=\"width: 22px; height: 22px;\"><\/div>\n        <\/div>\n            <div class=\"kksr-star\" data-star=\"3\" style=\"padding-right: 5px\">\n            \n\n<div class=\"kksr-icon\" style=\"width: 22px; height: 22px;\"><\/div>\n        <\/div>\n            <div class=\"kksr-star\" data-star=\"4\" style=\"padding-right: 5px\">\n            \n\n<div class=\"kksr-icon\" style=\"width: 22px; height: 22px;\"><\/div>\n        <\/div>\n            <div class=\"kksr-star\" data-star=\"5\" style=\"padding-right: 5px\">\n            \n\n<div class=\"kksr-icon\" style=\"width: 22px; height: 22px;\"><\/div>\n        <\/div>\n    <\/div>\n    \n<div class=\"kksr-stars-active\" style=\"width: 0px;\">\n            <div class=\"kksr-star\" style=\"padding-right: 5px\">\n            \n\n<div class=\"kksr-icon\" style=\"width: 22px; height: 22px;\"><\/div>\n        <\/div>\n            <div class=\"kksr-star\" style=\"padding-right: 5px\">\n            \n\n<div class=\"kksr-icon\" style=\"width: 22px; height: 22px;\"><\/div>\n        <\/div>\n            <div class=\"kksr-star\" style=\"padding-right: 5px\">\n            \n\n<div class=\"kksr-icon\" style=\"width: 22px; height: 22px;\"><\/div>\n        <\/div>\n            <div class=\"kksr-star\" style=\"padding-right: 5px\">\n            \n\n<div class=\"kksr-icon\" style=\"width: 22px; height: 22px;\"><\/div>\n        <\/div>\n            <div class=\"kksr-star\" style=\"padding-right: 5px\">\n            \n\n<div class=\"kksr-icon\" style=\"width: 22px; height: 22px;\"><\/div>\n        <\/div>\n    <\/div>\n<\/div>\n                \n\n<div class=\"kksr-legend\" style=\"font-size: 17.6px;\">\n            <span class=\"kksr-muted\">Valora este post<\/span>\n    <\/div>\n    <\/div>\n","protected":false},"excerpt":{"rendered":"<p>Tr\u00e1gico Desenlace en Cantabria: Muere una Mujer de 70 A\u00f1os en un Accidente M\u00faltiple Causado por una Fuerte Granizada En un lamentable suceso ocurrido recientemente en &#8230; <a title=\"Tragedia en Cantabria: Mujer de 70 a\u00f1os muere atropellada tras granizada en accidente m\u00faltiple\" class=\"read-more\" href=\"https:\/\/www.diario21.tv\/noticias\/tragedia-en-cantabria-mujer-de-70-anos-muere-atropellada-tras-granizada-en-accidente-multiple\/\" aria-label=\"Leer m\u00e1s sobre Tragedia en Cantabria: Mujer de 70 a\u00f1os muere atropellada tras granizada en accidente m\u00faltiple\">Seguir leyendo &rarr;<\/a><\/p>\n","protected":false},"author":20,"featured_media":1951,"comment_status":"open","ping_status":"open","sticky":false,"template":"","format":"standard","meta":{"footnotes":""},"categories":[13],"tags":[],"class_list":["post-1950","post","type-post","status-publish","format-standard","has-post-thumbnail","hentry","category-portada"],"yoast_head":"<!-- This site is optimized with the Yoast SEO plugin v25.6 - https:\/\/yoast.com\/wordpress\/plugins\/seo\/ -->\n<title>Tragedia en Cantabria: Mujer de 70 a\u00f1os muere atropellada tras granizada en accidente m\u00faltiple - Diario 21<\/title>\n<meta name=\"robots\" content=\"index, follow, max-snippet:-1, max-image-preview:large, max-video-preview:-1\" \/>\n<link rel=\"canonical\" href=\"https:\/\/www.diario21.tv\/noticias\/tragedia-en-cantabria-mujer-de-70-anos-muere-atropellada-tras-granizada-en-accidente-multiple\/\" \/>\n<meta property=\"og:locale\" content=\"es_ES\" \/>\n<meta property=\"og:type\" content=\"article\" \/>\n<meta property=\"og:title\" content=\"Tragedia en Cantabria: Mujer de 70 a\u00f1os muere atropellada tras granizada en accidente m\u00faltiple - Diario 21\" \/>\n<meta property=\"og:description\" content=\"Tr\u00e1gico Desenlace en Cantabria: Muere una Mujer de 70 A\u00f1os en un Accidente M\u00faltiple Causado por una Fuerte Granizada En un lamentable suceso ocurrido recientemente en ... Seguir leyendo &rarr;\" \/>\n<meta property=\"og:url\" content=\"https:\/\/www.diario21.tv\/noticias\/tragedia-en-cantabria-mujer-de-70-anos-muere-atropellada-tras-granizada-en-accidente-multiple\/\" \/>\n<meta property=\"og:site_name\" content=\"Diario 21\" \/>\n<meta property=\"article:published_time\" content=\"2025-01-27T09:13:22+00:00\" \/>\n<meta property=\"article:modified_time\" content=\"2025-01-27T09:13:23+00:00\" \/>\n<meta property=\"og:image\" content=\"https:\/\/www.diario21.tv\/noticias\/wp-content\/uploads\/2025\/01\/Tragedia-en-Cantabria-Mujer-de-70-anos-muere-atropellada-tras.jpg\" \/>\n\t<meta property=\"og:image:width\" content=\"1913\" \/>\n\t<meta property=\"og:image:height\" content=\"1080\" \/>\n\t<meta property=\"og:image:type\" content=\"image\/jpeg\" \/>\n<meta name=\"author\" content=\"Juan P\u00e9rez\" \/>\n<meta name=\"twitter:card\" content=\"summary_large_image\" \/>\n<meta name=\"twitter:label1\" content=\"Escrito por\" \/>\n\t<meta name=\"twitter:data1\" content=\"Juan P\u00e9rez\" \/>\n\t<meta name=\"twitter:label2\" content=\"Tiempo de lectura\" \/>\n\t<meta name=\"twitter:data2\" content=\"2 minutos\" \/>\n<script type=\"application\/ld+json\" class=\"yoast-schema-graph\">{\"@context\":\"https:\/\/schema.org\",\"@graph\":[{\"@type\":\"WebPage\",\"@id\":\"https:\/\/www.diario21.tv\/noticias\/tragedia-en-cantabria-mujer-de-70-anos-muere-atropellada-tras-granizada-en-accidente-multiple\/\",\"url\":\"https:\/\/www.diario21.tv\/noticias\/tragedia-en-cantabria-mujer-de-70-anos-muere-atropellada-tras-granizada-en-accidente-multiple\/\",\"name\":\"Tragedia en Cantabria: Mujer de 70 a\u00f1os muere atropellada tras granizada en accidente m\u00faltiple - Diario 21\",\"isPartOf\":{\"@id\":\"https:\/\/www.diario21.tv\/noticias\/#website\"},\"primaryImageOfPage\":{\"@id\":\"https:\/\/www.diario21.tv\/noticias\/tragedia-en-cantabria-mujer-de-70-anos-muere-atropellada-tras-granizada-en-accidente-multiple\/#primaryimage\"},\"image\":{\"@id\":\"https:\/\/www.diario21.tv\/noticias\/tragedia-en-cantabria-mujer-de-70-anos-muere-atropellada-tras-granizada-en-accidente-multiple\/#primaryimage\"},\"thumbnailUrl\":\"https:\/\/www.diario21.tv\/noticias\/wp-content\/uploads\/2025\/01\/Tragedia-en-Cantabria-Mujer-de-70-anos-muere-atropellada-tras.jpg\",\"datePublished\":\"2025-01-27T09:13:22+00:00\",\"dateModified\":\"2025-01-27T09:13:23+00:00\",\"author\":{\"@id\":\"https:\/\/www.diario21.tv\/noticias\/#\/schema\/person\/dfb778f73814d8f09f302618446a526b\"},\"breadcrumb\":{\"@id\":\"https:\/\/www.diario21.tv\/noticias\/tragedia-en-cantabria-mujer-de-70-anos-muere-atropellada-tras-granizada-en-accidente-multiple\/#breadcrumb\"},\"inLanguage\":\"es-AR\",\"potentialAction\":[{\"@type\":\"ReadAction\",\"target\":[\"https:\/\/www.diario21.tv\/noticias\/tragedia-en-cantabria-mujer-de-70-anos-muere-atropellada-tras-granizada-en-accidente-multiple\/\"]}]},{\"@type\":\"ImageObject\",\"inLanguage\":\"es-AR\",\"@id\":\"https:\/\/www.diario21.tv\/noticias\/tragedia-en-cantabria-mujer-de-70-anos-muere-atropellada-tras-granizada-en-accidente-multiple\/#primaryimage\",\"url\":\"https:\/\/www.diario21.tv\/noticias\/wp-content\/uploads\/2025\/01\/Tragedia-en-Cantabria-Mujer-de-70-anos-muere-atropellada-tras.jpg\",\"contentUrl\":\"https:\/\/www.diario21.tv\/noticias\/wp-content\/uploads\/2025\/01\/Tragedia-en-Cantabria-Mujer-de-70-anos-muere-atropellada-tras.jpg\",\"width\":1913,\"height\":1080,\"caption\":\"Fallece una mujer de 70 a\u00f1os atropellada tras un accidente m\u00faltiple por una granizada en Cantabria\"},{\"@type\":\"BreadcrumbList\",\"@id\":\"https:\/\/www.diario21.tv\/noticias\/tragedia-en-cantabria-mujer-de-70-anos-muere-atropellada-tras-granizada-en-accidente-multiple\/#breadcrumb\",\"itemListElement\":[{\"@type\":\"ListItem\",\"position\":1,\"name\":\"Accueil\",\"item\":\"https:\/\/www.diario21.tv\/noticias\/\"},{\"@type\":\"ListItem\",\"position\":2,\"name\":\"Tragedia en Cantabria: Mujer de 70 a\u00f1os muere atropellada tras granizada en accidente m\u00faltiple\"}]},{\"@type\":\"WebSite\",\"@id\":\"https:\/\/www.diario21.tv\/noticias\/#website\",\"url\":\"https:\/\/www.diario21.tv\/noticias\/\",\"name\":\"Diario 21\",\"description\":\"\",\"potentialAction\":[{\"@type\":\"SearchAction\",\"target\":{\"@type\":\"EntryPoint\",\"urlTemplate\":\"https:\/\/www.diario21.tv\/noticias\/?s={search_term_string}\"},\"query-input\":{\"@type\":\"PropertyValueSpecification\",\"valueRequired\":true,\"valueName\":\"search_term_string\"}}],\"inLanguage\":\"es-AR\"},{\"@type\":\"Person\",\"@id\":\"https:\/\/www.diario21.tv\/noticias\/#\/schema\/person\/dfb778f73814d8f09f302618446a526b\",\"name\":\"Juan P\u00e9rez\",\"image\":{\"@type\":\"ImageObject\",\"inLanguage\":\"es-AR\",\"@id\":\"https:\/\/www.diario21.tv\/noticias\/#\/schema\/person\/image\/\",\"url\":\"https:\/\/secure.gravatar.com\/avatar\/c478a405bd10621167f4c3167cc770f5?s=96&d=mm&r=g\",\"contentUrl\":\"https:\/\/secure.gravatar.com\/avatar\/c478a405bd10621167f4c3167cc770f5?s=96&d=mm&r=g\",\"caption\":\"Juan P\u00e9rez\"},\"description\":\"Juan P\u00e9rez es el redactor en jefe de Diario 21. Con m\u00e1s de 10 a\u00f1os de experiencia en el periodismo, se especializa en pol\u00edtica nacional y an\u00e1lisis socioecon\u00f3mico. Su enfoque cr\u00edtico y riguroso aporta una perspectiva \u00fanica a cada art\u00edculo.\",\"sameAs\":[\"https:\/\/www.diario21.tv\/noticias\/\"],\"url\":\"https:\/\/www.diario21.tv\/noticias\/author\/juan-perez\/\"}]}<\/script>\n<!-- \/ Yoast SEO plugin. -->","yoast_head_json":{"title":"Tragedia en Cantabria: Mujer de 70 a\u00f1os muere atropellada tras granizada en accidente m\u00faltiple - Diario 21","robots":{"index":"index","follow":"follow","max-snippet":"max-snippet:-1","max-image-preview":"max-image-preview:large","max-video-preview":"max-video-preview:-1"},"canonical":"https:\/\/www.diario21.tv\/noticias\/tragedia-en-cantabria-mujer-de-70-anos-muere-atropellada-tras-granizada-en-accidente-multiple\/","og_locale":"es_ES","og_type":"article","og_title":"Tragedia en Cantabria: Mujer de 70 a\u00f1os muere atropellada tras granizada en accidente m\u00faltiple - Diario 21","og_description":"Tr\u00e1gico Desenlace en Cantabria: Muere una Mujer de 70 A\u00f1os en un Accidente M\u00faltiple Causado por una Fuerte Granizada En un lamentable suceso ocurrido recientemente en ... Seguir leyendo &rarr;","og_url":"https:\/\/www.diario21.tv\/noticias\/tragedia-en-cantabria-mujer-de-70-anos-muere-atropellada-tras-granizada-en-accidente-multiple\/","og_site_name":"Diario 21","article_published_time":"2025-01-27T09:13:22+00:00","article_modified_time":"2025-01-27T09:13:23+00:00","og_image":[{"width":1913,"height":1080,"url":"https:\/\/www.diario21.tv\/noticias\/wp-content\/uploads\/2025\/01\/Tragedia-en-Cantabria-Mujer-de-70-anos-muere-atropellada-tras.jpg","type":"image\/jpeg"}],"author":"Juan P\u00e9rez","twitter_card":"summary_large_image","twitter_misc":{"Escrito por":"Juan P\u00e9rez","Tiempo de lectura":"2 minutos"},"schema":{"@context":"https:\/\/schema.org","@graph":[{"@type":"WebPage","@id":"https:\/\/www.diario21.tv\/noticias\/tragedia-en-cantabria-mujer-de-70-anos-muere-atropellada-tras-granizada-en-accidente-multiple\/","url":"https:\/\/www.diario21.tv\/noticias\/tragedia-en-cantabria-mujer-de-70-anos-muere-atropellada-tras-granizada-en-accidente-multiple\/","name":"Tragedia en Cantabria: Mujer de 70 a\u00f1os muere atropellada tras granizada en accidente m\u00faltiple - Diario 21","isPartOf":{"@id":"https:\/\/www.diario21.tv\/noticias\/#website"},"primaryImageOfPage":{"@id":"https:\/\/www.diario21.tv\/noticias\/tragedia-en-cantabria-mujer-de-70-anos-muere-atropellada-tras-granizada-en-accidente-multiple\/#primaryimage"},"image":{"@id":"https:\/\/www.diario21.tv\/noticias\/tragedia-en-cantabria-mujer-de-70-anos-muere-atropellada-tras-granizada-en-accidente-multiple\/#primaryimage"},"thumbnailUrl":"https:\/\/www.diario21.tv\/noticias\/wp-content\/uploads\/2025\/01\/Tragedia-en-Cantabria-Mujer-de-70-anos-muere-atropellada-tras.jpg","datePublished":"2025-01-27T09:13:22+00:00","dateModified":"2025-01-27T09:13:23+00:00","author":{"@id":"https:\/\/www.diario21.tv\/noticias\/#\/schema\/person\/dfb778f73814d8f09f302618446a526b"},"breadcrumb":{"@id":"https:\/\/www.diario21.tv\/noticias\/tragedia-en-cantabria-mujer-de-70-anos-muere-atropellada-tras-granizada-en-accidente-multiple\/#breadcrumb"},"inLanguage":"es-AR","potentialAction":[{"@type":"ReadAction","target":["https:\/\/www.diario21.tv\/noticias\/tragedia-en-cantabria-mujer-de-70-anos-muere-atropellada-tras-granizada-en-accidente-multiple\/"]}]},{"@type":"ImageObject","inLanguage":"es-AR","@id":"https:\/\/www.diario21.tv\/noticias\/tragedia-en-cantabria-mujer-de-70-anos-muere-atropellada-tras-granizada-en-accidente-multiple\/#primaryimage","url":"https:\/\/www.diario21.tv\/noticias\/wp-content\/uploads\/2025\/01\/Tragedia-en-Cantabria-Mujer-de-70-anos-muere-atropellada-tras.jpg","contentUrl":"https:\/\/www.diario21.tv\/noticias\/wp-content\/uploads\/2025\/01\/Tragedia-en-Cantabria-Mujer-de-70-anos-muere-atropellada-tras.jpg","width":1913,"height":1080,"caption":"Fallece una mujer de 70 a\u00f1os atropellada tras un accidente m\u00faltiple por una granizada en Cantabria"},{"@type":"BreadcrumbList","@id":"https:\/\/www.diario21.tv\/noticias\/tragedia-en-cantabria-mujer-de-70-anos-muere-atropellada-tras-granizada-en-accidente-multiple\/#breadcrumb","itemListElement":[{"@type":"ListItem","position":1,"name":"Accueil","item":"https:\/\/www.diario21.tv\/noticias\/"},{"@type":"ListItem","position":2,"name":"Tragedia en Cantabria: Mujer de 70 a\u00f1os muere atropellada tras granizada en accidente m\u00faltiple"}]},{"@type":"WebSite","@id":"https:\/\/www.diario21.tv\/noticias\/#website","url":"https:\/\/www.diario21.tv\/noticias\/","name":"Diario 21","description":"","potentialAction":[{"@type":"SearchAction","target":{"@type":"EntryPoint","urlTemplate":"https:\/\/www.diario21.tv\/noticias\/?s={search_term_string}"},"query-input":{"@type":"PropertyValueSpecification","valueRequired":true,"valueName":"search_term_string"}}],"inLanguage":"es-AR"},{"@type":"Person","@id":"https:\/\/www.diario21.tv\/noticias\/#\/schema\/person\/dfb778f73814d8f09f302618446a526b","name":"Juan P\u00e9rez","image":{"@type":"ImageObject","inLanguage":"es-AR","@id":"https:\/\/www.diario21.tv\/noticias\/#\/schema\/person\/image\/","url":"https:\/\/secure.gravatar.com\/avatar\/c478a405bd10621167f4c3167cc770f5?s=96&d=mm&r=g","contentUrl":"https:\/\/secure.gravatar.com\/avatar\/c478a405bd10621167f4c3167cc770f5?s=96&d=mm&r=g","caption":"Juan P\u00e9rez"},"description":"Juan P\u00e9rez es el redactor en jefe de Diario 21. Con m\u00e1s de 10 a\u00f1os de experiencia en el periodismo, se especializa en pol\u00edtica nacional y an\u00e1lisis socioecon\u00f3mico. Su enfoque cr\u00edtico y riguroso aporta una perspectiva \u00fanica a cada art\u00edculo.","sameAs":["https:\/\/www.diario21.tv\/noticias\/"],"url":"https:\/\/www.diario21.tv\/noticias\/author\/juan-perez\/"}]}},"_links":{"self":[{"href":"https:\/\/www.diario21.tv\/noticias\/wp-json\/wp\/v2\/posts\/1950"}],"collection":[{"href":"https:\/\/www.diario21.tv\/noticias\/wp-json\/wp\/v2\/posts"}],"about":[{"href":"https:\/\/www.diario21.tv\/noticias\/wp-json\/wp\/v2\/types\/post"}],"author":[{"embeddable":true,"href":"https:\/\/www.diario21.tv\/noticias\/wp-json\/wp\/v2\/users\/20"}],"replies":[{"embeddable":true,"href":"https:\/\/www.diario21.tv\/noticias\/wp-json\/wp\/v2\/comments?post=1950"}],"version-history":[{"count":1,"href":"https:\/\/www.diario21.tv\/noticias\/wp-json\/wp\/v2\/posts\/1950\/revisions"}],"predecessor-version":[{"id":1952,"href":"https:\/\/www.diario21.tv\/noticias\/wp-json\/wp\/v2\/posts\/1950\/revisions\/1952"}],"wp:featuredmedia":[{"embeddable":true,"href":"https:\/\/www.diario21.tv\/noticias\/wp-json\/wp\/v2\/media\/1951"}],"wp:attachment":[{"href":"https:\/\/www.diario21.tv\/noticias\/wp-json\/wp\/v2\/media?parent=1950"}],"wp:term":[{"taxonomy":"category","embeddable":true,"href":"https:\/\/www.diario21.tv\/noticias\/wp-json\/wp\/v2\/categories?post=1950"},{"taxonomy":"post_tag","embeddable":true,"href":"https:\/\/www.diario21.tv\/noticias\/wp-json\/wp\/v2\/tags?post=1950"}],"curies":[{"name":"wp","href":"https:\/\/api.w.org\/{rel}","templated":true}]}}