{"id":1947,"date":"2025-01-27T03:06:50","date_gmt":"2025-01-27T03:06:50","guid":{"rendered":"https:\/\/www.diario21.tv\/noticias\/impactante-hallazgo-cadaver-de-joven-descubierto-en-finca-de-ciudad-rodrigo\/"},"modified":"2025-01-27T03:06:51","modified_gmt":"2025-01-27T03:06:51","slug":"impactante-hallazgo-cadaver-de-joven-descubierto-en-finca-de-ciudad-rodrigo","status":"publish","type":"post","link":"https:\/\/www.diario21.tv\/noticias\/impactante-hallazgo-cadaver-de-joven-descubierto-en-finca-de-ciudad-rodrigo\/","title":{"rendered":"\u00a1Impactante hallazgo! Cad\u00e1ver de joven descubierto en finca de Ciudad Rodrigo"},"content":{"rendered":"<h2>Descubrimiento Tr\u00e1gico en una Finca de Ciudad Rodrigo<\/h2>\n<p>En un reciente y lamentable suceso, se ha encontrado el cuerpo sin vida de un joven en una propiedad rural situada en Ciudad Rodrigo. Este hallazgo ha conmocionado a la comunidad local y ha desencadenado una investigaci\u00f3n por parte de las autoridades competentes.<\/p>\n<h3>Detalles del Hallazgo<\/h3>\n<p>El descubrimiento del cad\u00e1ver se produjo en la ma\u00f1ana del martes, cuando un vecino de la zona, que paseaba por las inmediaciones de la finca, not\u00f3 algo inusual y decidi\u00f3 investigar m\u00e1s a fondo. Al acercarse, se encontr\u00f3 con la tr\u00e1gica escena y r\u00e1pidamente contact\u00f3 a las fuerzas de seguridad para reportar el incidente.<\/p>\n<p>Las autoridades llegaron al lugar para confirmar la presencia del cuerpo del joven, cuya identidad no ha sido divulgada de inmediato a la espera de notificar a los familiares. El \u00e1rea fue acordonada para preservar la escena y facilitar la labor de los investigadores.<\/p>\n<h3>Investigaci\u00f3n en Curso<\/h3>\n<p>La polic\u00eda inici\u00f3 una exhaustiva investigaci\u00f3n para esclarecer las circunstancias que rodearon la muerte del joven. Se est\u00e1n llevando a cabo entrevistas con posibles testigos y se est\u00e1 revisando cualquier c\u00e1mara de seguridad en las proximidades que pudiera haber captado eventos relevantes para el caso.<\/p>\n<p>Aunque los detalles espec\u00edficos sobre la causa de la muerte a\u00fan no se han revelado, se espera que la autopsia, programada para los pr\u00f3ximos d\u00edas, proporcione informaci\u00f3n crucial para determinar si se trat\u00f3 de un acto criminal o de un tr\u00e1gico accidente.<\/p>\n<h3>Reacci\u00f3n de la Comunidad<\/h3>\n<p>La noticia ha generado una profunda tristeza y preocupaci\u00f3n entre los residentes de Ciudad Rodrigo. Muchos expresaron su shock y consternaci\u00f3n por el suceso, esperando que las investigaciones arrojen luz sobre lo ocurrido y que se haga justicia si fuera necesario.<\/p>\n<p>La comunidad ha mostrado solidaridad con la familia del fallecido, ofreciendo apoyo en estos momentos dif\u00edciles. Asimismo, han surgido llamados a incrementar las medidas de seguridad en la zona para prevenir incidentes similares en el futuro.<\/p>\n<h3>Seguimiento del Caso<\/h3>\n<p>Las autoridades han prometido mantener al p\u00fablico informado a medida que avance la investigaci\u00f3n. La polic\u00eda ha solicitado a cualquier persona que tenga informaci\u00f3n que podr\u00eda ser relevante para el caso que se acerque y colabore con ellos.<\/p>\n<p>Este tr\u00e1gico evento ha dejado una marca en la comunidad de Ciudad Rodrigo, recordando a todos la importancia de la vigilancia y la cooperaci\u00f3n ciudadana en la prevenci\u00f3n y resoluci\u00f3n de cr\u00edmenes.<\/p>\n\n\n<div class=\"kk-star-ratings kksr-auto kksr-align-left kksr-valign-bottom\"\n    data-payload='{&quot;align&quot;:&quot;left&quot;,&quot;id&quot;:&quot;1947&quot;,&quot;slug&quot;:&quot;default&quot;,&quot;valign&quot;:&quot;bottom&quot;,&quot;ignore&quot;:&quot;&quot;,&quot;reference&quot;:&quot;auto&quot;,&quot;class&quot;:&quot;&quot;,&quot;count&quot;:&quot;0&quot;,&quot;legendonly&quot;:&quot;&quot;,&quot;readonly&quot;:&quot;&quot;,&quot;score&quot;:&quot;0&quot;,&quot;starsonly&quot;:&quot;&quot;,&quot;best&quot;:&quot;5&quot;,&quot;gap&quot;:&quot;5&quot;,&quot;greet&quot;:&quot;Valora este post&quot;,&quot;legend&quot;:&quot;0\\\/5 - (0 votes)&quot;,&quot;size&quot;:&quot;22&quot;,&quot;title&quot;:&quot;\u00a1Impactante hallazgo! Cad\u00e1ver de joven descubierto en finca de Ciudad Rodrigo&quot;,&quot;width&quot;:&quot;0&quot;,&quot;_legend&quot;:&quot;{score}\\\/{best} - ({count} {votes})&quot;,&quot;font_factor&quot;:&quot;1.25&quot;}'>\n            \n<div class=\"kksr-stars\">\n    \n<div class=\"kksr-stars-inactive\">\n            <div class=\"kksr-star\" data-star=\"1\" style=\"padding-right: 5px\">\n            \n\n<div class=\"kksr-icon\" style=\"width: 22px; height: 22px;\"><\/div>\n        <\/div>\n            <div class=\"kksr-star\" data-star=\"2\" style=\"padding-right: 5px\">\n            \n\n<div class=\"kksr-icon\" style=\"width: 22px; height: 22px;\"><\/div>\n        <\/div>\n            <div class=\"kksr-star\" data-star=\"3\" style=\"padding-right: 5px\">\n            \n\n<div class=\"kksr-icon\" style=\"width: 22px; height: 22px;\"><\/div>\n        <\/div>\n            <div class=\"kksr-star\" data-star=\"4\" style=\"padding-right: 5px\">\n            \n\n<div class=\"kksr-icon\" style=\"width: 22px; height: 22px;\"><\/div>\n        <\/div>\n            <div class=\"kksr-star\" data-star=\"5\" style=\"padding-right: 5px\">\n            \n\n<div class=\"kksr-icon\" style=\"width: 22px; height: 22px;\"><\/div>\n        <\/div>\n    <\/div>\n    \n<div class=\"kksr-stars-active\" style=\"width: 0px;\">\n            <div class=\"kksr-star\" style=\"padding-right: 5px\">\n            \n\n<div class=\"kksr-icon\" style=\"width: 22px; height: 22px;\"><\/div>\n        <\/div>\n            <div class=\"kksr-star\" style=\"padding-right: 5px\">\n            \n\n<div class=\"kksr-icon\" style=\"width: 22px; height: 22px;\"><\/div>\n        <\/div>\n            <div class=\"kksr-star\" style=\"padding-right: 5px\">\n            \n\n<div class=\"kksr-icon\" style=\"width: 22px; height: 22px;\"><\/div>\n        <\/div>\n            <div class=\"kksr-star\" style=\"padding-right: 5px\">\n            \n\n<div class=\"kksr-icon\" style=\"width: 22px; height: 22px;\"><\/div>\n        <\/div>\n            <div class=\"kksr-star\" style=\"padding-right: 5px\">\n            \n\n<div class=\"kksr-icon\" style=\"width: 22px; height: 22px;\"><\/div>\n        <\/div>\n    <\/div>\n<\/div>\n                \n\n<div class=\"kksr-legend\" style=\"font-size: 17.6px;\">\n            <span class=\"kksr-muted\">Valora este post<\/span>\n    <\/div>\n    <\/div>\n","protected":false},"excerpt":{"rendered":"<p>Descubrimiento Tr\u00e1gico en una Finca de Ciudad Rodrigo En un reciente y lamentable suceso, se ha encontrado el cuerpo sin vida de un joven en una &#8230; <a title=\"\u00a1Impactante hallazgo! Cad\u00e1ver de joven descubierto en finca de Ciudad Rodrigo\" class=\"read-more\" href=\"https:\/\/www.diario21.tv\/noticias\/impactante-hallazgo-cadaver-de-joven-descubierto-en-finca-de-ciudad-rodrigo\/\" aria-label=\"Leer m\u00e1s sobre \u00a1Impactante hallazgo! Cad\u00e1ver de joven descubierto en finca de Ciudad Rodrigo\">Seguir leyendo &rarr;<\/a><\/p>\n","protected":false},"author":20,"featured_media":1948,"comment_status":"open","ping_status":"open","sticky":false,"template":"","format":"standard","meta":{"footnotes":""},"categories":[13],"tags":[],"class_list":["post-1947","post","type-post","status-publish","format-standard","has-post-thumbnail","hentry","category-portada"],"yoast_head":"<!-- This site is optimized with the Yoast SEO plugin v25.6 - https:\/\/yoast.com\/wordpress\/plugins\/seo\/ -->\n<title>\u00a1Impactante hallazgo! Cad\u00e1ver de joven descubierto en finca de Ciudad Rodrigo - Diario 21<\/title>\n<meta name=\"robots\" content=\"index, follow, max-snippet:-1, max-image-preview:large, max-video-preview:-1\" \/>\n<link rel=\"canonical\" href=\"https:\/\/www.diario21.tv\/noticias\/impactante-hallazgo-cadaver-de-joven-descubierto-en-finca-de-ciudad-rodrigo\/\" \/>\n<meta property=\"og:locale\" content=\"es_ES\" \/>\n<meta property=\"og:type\" content=\"article\" \/>\n<meta property=\"og:title\" content=\"\u00a1Impactante hallazgo! Cad\u00e1ver de joven descubierto en finca de Ciudad Rodrigo - Diario 21\" \/>\n<meta property=\"og:description\" content=\"Descubrimiento Tr\u00e1gico en una Finca de Ciudad Rodrigo En un reciente y lamentable suceso, se ha encontrado el cuerpo sin vida de un joven en una ... Seguir leyendo &rarr;\" \/>\n<meta property=\"og:url\" content=\"https:\/\/www.diario21.tv\/noticias\/impactante-hallazgo-cadaver-de-joven-descubierto-en-finca-de-ciudad-rodrigo\/\" \/>\n<meta property=\"og:site_name\" content=\"Diario 21\" \/>\n<meta property=\"article:published_time\" content=\"2025-01-27T03:06:50+00:00\" \/>\n<meta property=\"article:modified_time\" content=\"2025-01-27T03:06:51+00:00\" \/>\n<meta property=\"og:image\" content=\"https:\/\/www.diario21.tv\/noticias\/wp-content\/uploads\/2025\/01\/\u00a1Impactante-hallazgo-Cadaver-de-joven-descubierto-en-finca-de-Ciudad.jpg\" \/>\n\t<meta property=\"og:image:width\" content=\"1920\" \/>\n\t<meta property=\"og:image:height\" content=\"1080\" \/>\n\t<meta property=\"og:image:type\" content=\"image\/jpeg\" \/>\n<meta name=\"author\" content=\"Juan P\u00e9rez\" \/>\n<meta name=\"twitter:card\" content=\"summary_large_image\" \/>\n<meta name=\"twitter:label1\" content=\"Escrito por\" \/>\n\t<meta name=\"twitter:data1\" content=\"Juan P\u00e9rez\" \/>\n\t<meta name=\"twitter:label2\" content=\"Tiempo de lectura\" \/>\n\t<meta name=\"twitter:data2\" content=\"2 minutos\" \/>\n<script type=\"application\/ld+json\" class=\"yoast-schema-graph\">{\"@context\":\"https:\/\/schema.org\",\"@graph\":[{\"@type\":\"WebPage\",\"@id\":\"https:\/\/www.diario21.tv\/noticias\/impactante-hallazgo-cadaver-de-joven-descubierto-en-finca-de-ciudad-rodrigo\/\",\"url\":\"https:\/\/www.diario21.tv\/noticias\/impactante-hallazgo-cadaver-de-joven-descubierto-en-finca-de-ciudad-rodrigo\/\",\"name\":\"\u00a1Impactante hallazgo! Cad\u00e1ver de joven descubierto en finca de Ciudad Rodrigo - Diario 21\",\"isPartOf\":{\"@id\":\"https:\/\/www.diario21.tv\/noticias\/#website\"},\"primaryImageOfPage\":{\"@id\":\"https:\/\/www.diario21.tv\/noticias\/impactante-hallazgo-cadaver-de-joven-descubierto-en-finca-de-ciudad-rodrigo\/#primaryimage\"},\"image\":{\"@id\":\"https:\/\/www.diario21.tv\/noticias\/impactante-hallazgo-cadaver-de-joven-descubierto-en-finca-de-ciudad-rodrigo\/#primaryimage\"},\"thumbnailUrl\":\"https:\/\/www.diario21.tv\/noticias\/wp-content\/uploads\/2025\/01\/\u00a1Impactante-hallazgo-Cadaver-de-joven-descubierto-en-finca-de-Ciudad.jpg\",\"datePublished\":\"2025-01-27T03:06:50+00:00\",\"dateModified\":\"2025-01-27T03:06:51+00:00\",\"author\":{\"@id\":\"https:\/\/www.diario21.tv\/noticias\/#\/schema\/person\/dfb778f73814d8f09f302618446a526b\"},\"breadcrumb\":{\"@id\":\"https:\/\/www.diario21.tv\/noticias\/impactante-hallazgo-cadaver-de-joven-descubierto-en-finca-de-ciudad-rodrigo\/#breadcrumb\"},\"inLanguage\":\"es-AR\",\"potentialAction\":[{\"@type\":\"ReadAction\",\"target\":[\"https:\/\/www.diario21.tv\/noticias\/impactante-hallazgo-cadaver-de-joven-descubierto-en-finca-de-ciudad-rodrigo\/\"]}]},{\"@type\":\"ImageObject\",\"inLanguage\":\"es-AR\",\"@id\":\"https:\/\/www.diario21.tv\/noticias\/impactante-hallazgo-cadaver-de-joven-descubierto-en-finca-de-ciudad-rodrigo\/#primaryimage\",\"url\":\"https:\/\/www.diario21.tv\/noticias\/wp-content\/uploads\/2025\/01\/\u00a1Impactante-hallazgo-Cadaver-de-joven-descubierto-en-finca-de-Ciudad.jpg\",\"contentUrl\":\"https:\/\/www.diario21.tv\/noticias\/wp-content\/uploads\/2025\/01\/\u00a1Impactante-hallazgo-Cadaver-de-joven-descubierto-en-finca-de-Ciudad.jpg\",\"width\":1920,\"height\":1080,\"caption\":\"Hallan el cad\u00e1ver de un joven en una finca de Ciudad Rodrigo\"},{\"@type\":\"BreadcrumbList\",\"@id\":\"https:\/\/www.diario21.tv\/noticias\/impactante-hallazgo-cadaver-de-joven-descubierto-en-finca-de-ciudad-rodrigo\/#breadcrumb\",\"itemListElement\":[{\"@type\":\"ListItem\",\"position\":1,\"name\":\"Accueil\",\"item\":\"https:\/\/www.diario21.tv\/noticias\/\"},{\"@type\":\"ListItem\",\"position\":2,\"name\":\"\u00a1Impactante hallazgo! Cad\u00e1ver de joven descubierto en finca de Ciudad Rodrigo\"}]},{\"@type\":\"WebSite\",\"@id\":\"https:\/\/www.diario21.tv\/noticias\/#website\",\"url\":\"https:\/\/www.diario21.tv\/noticias\/\",\"name\":\"Diario 21\",\"description\":\"\",\"potentialAction\":[{\"@type\":\"SearchAction\",\"target\":{\"@type\":\"EntryPoint\",\"urlTemplate\":\"https:\/\/www.diario21.tv\/noticias\/?s={search_term_string}\"},\"query-input\":{\"@type\":\"PropertyValueSpecification\",\"valueRequired\":true,\"valueName\":\"search_term_string\"}}],\"inLanguage\":\"es-AR\"},{\"@type\":\"Person\",\"@id\":\"https:\/\/www.diario21.tv\/noticias\/#\/schema\/person\/dfb778f73814d8f09f302618446a526b\",\"name\":\"Juan P\u00e9rez\",\"image\":{\"@type\":\"ImageObject\",\"inLanguage\":\"es-AR\",\"@id\":\"https:\/\/www.diario21.tv\/noticias\/#\/schema\/person\/image\/\",\"url\":\"https:\/\/secure.gravatar.com\/avatar\/c478a405bd10621167f4c3167cc770f5?s=96&d=mm&r=g\",\"contentUrl\":\"https:\/\/secure.gravatar.com\/avatar\/c478a405bd10621167f4c3167cc770f5?s=96&d=mm&r=g\",\"caption\":\"Juan P\u00e9rez\"},\"description\":\"Juan P\u00e9rez es el redactor en jefe de Diario 21. Con m\u00e1s de 10 a\u00f1os de experiencia en el periodismo, se especializa en pol\u00edtica nacional y an\u00e1lisis socioecon\u00f3mico. Su enfoque cr\u00edtico y riguroso aporta una perspectiva \u00fanica a cada art\u00edculo.\",\"sameAs\":[\"https:\/\/www.diario21.tv\/noticias\/\"],\"url\":\"https:\/\/www.diario21.tv\/noticias\/author\/juan-perez\/\"}]}<\/script>\n<!-- \/ Yoast SEO plugin. -->","yoast_head_json":{"title":"\u00a1Impactante hallazgo! Cad\u00e1ver de joven descubierto en finca de Ciudad Rodrigo - Diario 21","robots":{"index":"index","follow":"follow","max-snippet":"max-snippet:-1","max-image-preview":"max-image-preview:large","max-video-preview":"max-video-preview:-1"},"canonical":"https:\/\/www.diario21.tv\/noticias\/impactante-hallazgo-cadaver-de-joven-descubierto-en-finca-de-ciudad-rodrigo\/","og_locale":"es_ES","og_type":"article","og_title":"\u00a1Impactante hallazgo! Cad\u00e1ver de joven descubierto en finca de Ciudad Rodrigo - Diario 21","og_description":"Descubrimiento Tr\u00e1gico en una Finca de Ciudad Rodrigo En un reciente y lamentable suceso, se ha encontrado el cuerpo sin vida de un joven en una ... Seguir leyendo &rarr;","og_url":"https:\/\/www.diario21.tv\/noticias\/impactante-hallazgo-cadaver-de-joven-descubierto-en-finca-de-ciudad-rodrigo\/","og_site_name":"Diario 21","article_published_time":"2025-01-27T03:06:50+00:00","article_modified_time":"2025-01-27T03:06:51+00:00","og_image":[{"width":1920,"height":1080,"url":"https:\/\/www.diario21.tv\/noticias\/wp-content\/uploads\/2025\/01\/\u00a1Impactante-hallazgo-Cadaver-de-joven-descubierto-en-finca-de-Ciudad.jpg","type":"image\/jpeg"}],"author":"Juan P\u00e9rez","twitter_card":"summary_large_image","twitter_misc":{"Escrito por":"Juan P\u00e9rez","Tiempo de lectura":"2 minutos"},"schema":{"@context":"https:\/\/schema.org","@graph":[{"@type":"WebPage","@id":"https:\/\/www.diario21.tv\/noticias\/impactante-hallazgo-cadaver-de-joven-descubierto-en-finca-de-ciudad-rodrigo\/","url":"https:\/\/www.diario21.tv\/noticias\/impactante-hallazgo-cadaver-de-joven-descubierto-en-finca-de-ciudad-rodrigo\/","name":"\u00a1Impactante hallazgo! Cad\u00e1ver de joven descubierto en finca de Ciudad Rodrigo - Diario 21","isPartOf":{"@id":"https:\/\/www.diario21.tv\/noticias\/#website"},"primaryImageOfPage":{"@id":"https:\/\/www.diario21.tv\/noticias\/impactante-hallazgo-cadaver-de-joven-descubierto-en-finca-de-ciudad-rodrigo\/#primaryimage"},"image":{"@id":"https:\/\/www.diario21.tv\/noticias\/impactante-hallazgo-cadaver-de-joven-descubierto-en-finca-de-ciudad-rodrigo\/#primaryimage"},"thumbnailUrl":"https:\/\/www.diario21.tv\/noticias\/wp-content\/uploads\/2025\/01\/\u00a1Impactante-hallazgo-Cadaver-de-joven-descubierto-en-finca-de-Ciudad.jpg","datePublished":"2025-01-27T03:06:50+00:00","dateModified":"2025-01-27T03:06:51+00:00","author":{"@id":"https:\/\/www.diario21.tv\/noticias\/#\/schema\/person\/dfb778f73814d8f09f302618446a526b"},"breadcrumb":{"@id":"https:\/\/www.diario21.tv\/noticias\/impactante-hallazgo-cadaver-de-joven-descubierto-en-finca-de-ciudad-rodrigo\/#breadcrumb"},"inLanguage":"es-AR","potentialAction":[{"@type":"ReadAction","target":["https:\/\/www.diario21.tv\/noticias\/impactante-hallazgo-cadaver-de-joven-descubierto-en-finca-de-ciudad-rodrigo\/"]}]},{"@type":"ImageObject","inLanguage":"es-AR","@id":"https:\/\/www.diario21.tv\/noticias\/impactante-hallazgo-cadaver-de-joven-descubierto-en-finca-de-ciudad-rodrigo\/#primaryimage","url":"https:\/\/www.diario21.tv\/noticias\/wp-content\/uploads\/2025\/01\/\u00a1Impactante-hallazgo-Cadaver-de-joven-descubierto-en-finca-de-Ciudad.jpg","contentUrl":"https:\/\/www.diario21.tv\/noticias\/wp-content\/uploads\/2025\/01\/\u00a1Impactante-hallazgo-Cadaver-de-joven-descubierto-en-finca-de-Ciudad.jpg","width":1920,"height":1080,"caption":"Hallan el cad\u00e1ver de un joven en una finca de Ciudad Rodrigo"},{"@type":"BreadcrumbList","@id":"https:\/\/www.diario21.tv\/noticias\/impactante-hallazgo-cadaver-de-joven-descubierto-en-finca-de-ciudad-rodrigo\/#breadcrumb","itemListElement":[{"@type":"ListItem","position":1,"name":"Accueil","item":"https:\/\/www.diario21.tv\/noticias\/"},{"@type":"ListItem","position":2,"name":"\u00a1Impactante hallazgo! Cad\u00e1ver de joven descubierto en finca de Ciudad Rodrigo"}]},{"@type":"WebSite","@id":"https:\/\/www.diario21.tv\/noticias\/#website","url":"https:\/\/www.diario21.tv\/noticias\/","name":"Diario 21","description":"","potentialAction":[{"@type":"SearchAction","target":{"@type":"EntryPoint","urlTemplate":"https:\/\/www.diario21.tv\/noticias\/?s={search_term_string}"},"query-input":{"@type":"PropertyValueSpecification","valueRequired":true,"valueName":"search_term_string"}}],"inLanguage":"es-AR"},{"@type":"Person","@id":"https:\/\/www.diario21.tv\/noticias\/#\/schema\/person\/dfb778f73814d8f09f302618446a526b","name":"Juan P\u00e9rez","image":{"@type":"ImageObject","inLanguage":"es-AR","@id":"https:\/\/www.diario21.tv\/noticias\/#\/schema\/person\/image\/","url":"https:\/\/secure.gravatar.com\/avatar\/c478a405bd10621167f4c3167cc770f5?s=96&d=mm&r=g","contentUrl":"https:\/\/secure.gravatar.com\/avatar\/c478a405bd10621167f4c3167cc770f5?s=96&d=mm&r=g","caption":"Juan P\u00e9rez"},"description":"Juan P\u00e9rez es el redactor en jefe de Diario 21. Con m\u00e1s de 10 a\u00f1os de experiencia en el periodismo, se especializa en pol\u00edtica nacional y an\u00e1lisis socioecon\u00f3mico. Su enfoque cr\u00edtico y riguroso aporta una perspectiva \u00fanica a cada art\u00edculo.","sameAs":["https:\/\/www.diario21.tv\/noticias\/"],"url":"https:\/\/www.diario21.tv\/noticias\/author\/juan-perez\/"}]}},"_links":{"self":[{"href":"https:\/\/www.diario21.tv\/noticias\/wp-json\/wp\/v2\/posts\/1947"}],"collection":[{"href":"https:\/\/www.diario21.tv\/noticias\/wp-json\/wp\/v2\/posts"}],"about":[{"href":"https:\/\/www.diario21.tv\/noticias\/wp-json\/wp\/v2\/types\/post"}],"author":[{"embeddable":true,"href":"https:\/\/www.diario21.tv\/noticias\/wp-json\/wp\/v2\/users\/20"}],"replies":[{"embeddable":true,"href":"https:\/\/www.diario21.tv\/noticias\/wp-json\/wp\/v2\/comments?post=1947"}],"version-history":[{"count":1,"href":"https:\/\/www.diario21.tv\/noticias\/wp-json\/wp\/v2\/posts\/1947\/revisions"}],"predecessor-version":[{"id":1949,"href":"https:\/\/www.diario21.tv\/noticias\/wp-json\/wp\/v2\/posts\/1947\/revisions\/1949"}],"wp:featuredmedia":[{"embeddable":true,"href":"https:\/\/www.diario21.tv\/noticias\/wp-json\/wp\/v2\/media\/1948"}],"wp:attachment":[{"href":"https:\/\/www.diario21.tv\/noticias\/wp-json\/wp\/v2\/media?parent=1947"}],"wp:term":[{"taxonomy":"category","embeddable":true,"href":"https:\/\/www.diario21.tv\/noticias\/wp-json\/wp\/v2\/categories?post=1947"},{"taxonomy":"post_tag","embeddable":true,"href":"https:\/\/www.diario21.tv\/noticias\/wp-json\/wp\/v2\/tags?post=1947"}],"curies":[{"name":"wp","href":"https:\/\/api.w.org\/{rel}","templated":true}]}}