{"id":1944,"date":"2025-01-26T14:50:09","date_gmt":"2025-01-26T14:50:09","guid":{"rendered":"https:\/\/www.diario21.tv\/noticias\/exclusividad-para-jefes-de-servicio-sanidad-propone-un-complemento-especifico\/"},"modified":"2025-01-26T14:50:10","modified_gmt":"2025-01-26T14:50:10","slug":"exclusividad-para-jefes-de-servicio-sanidad-propone-un-complemento-especifico","status":"publish","type":"post","link":"https:\/\/www.diario21.tv\/noticias\/exclusividad-para-jefes-de-servicio-sanidad-propone-un-complemento-especifico\/","title":{"rendered":"\u00a1Exclusividad para jefes de servicio! Sanidad propone un complemento espec\u00edfico"},"content":{"rendered":"<h2>Propuesta de Complemento Espec\u00edfico para Lograr la Exclusividad de los Directivos de Servicio<\/h2>\n<p>En un reciente planteamiento, el Ministerio de Sanidad ha sugerido la implementaci\u00f3n de un complemento espec\u00edfico destinado a garantizar la exclusividad de los jefes de servicio en las instituciones sanitarias. Esta medida busca incentivar que estos profesionales dediquen todo su tiempo y esfuerzo al sistema p\u00fablico de salud, evitando que dividan su atenci\u00f3n con el sector privado.<\/p>\n<h3>Objetivos y Beneficios de la Nueva Propuesta<\/h3>\n<p>El principal objetivo de esta iniciativa es mejorar la calidad del servicio en los hospitales y centros de salud p\u00fablicos, asegurando que los l\u00edderes de cada departamento puedan concentrarse plenamente en sus responsabilidades sin las distracciones que puede suponer el trabajo en m\u00faltiples frentes. Adem\u00e1s, se espera que esta medida ayude a atraer y retener a los profesionales m\u00e1s cualificados en el sector p\u00fablico, ofreci\u00e9ndoles un incentivo econ\u00f3mico que compense la p\u00e9rdida de ingresos potenciales del sector privado.<\/p>\n<h3>Detalles del Complemento<\/h3>\n<p>Aunque los detalles espec\u00edficos del complemento a\u00fan est\u00e1n siendo discutidos, se anticipa que la cantidad ser\u00e1 significativa, reflejando la importancia del rol de los jefes de servicio en el mantenimiento y mejora de la calidad asistencial. El complemento se ajustar\u00e1 a los diferentes niveles de responsabilidad y las variadas cargas de trabajo, dependiendo del tama\u00f1o y la complejidad del servicio que dirijan.<\/p>\n<h3>Reacciones y Opiniones<\/h3>\n<p>La propuesta ha sido recibida con opiniones mixtas. Algunos expertos en salud y econom\u00eda aplauden la iniciativa, argumentando que es esencial para fortalecer el sistema de salud p\u00fablica y asegurar un servicio de alta calidad para los ciudadanos. Sin embargo, otros critican que la medida podr\u00eda no ser suficiente para convencer a todos los profesionales de abandonar su pr\u00e1ctica privada, especialmente aquellos que ya est\u00e1n bien establecidos y cuentan con una clientela fiel.<\/p>\n<h3>Pr\u00f3ximos Pasos<\/h3>\n<p>El Ministerio de Sanidad ha anunciado que continuar\u00e1 trabajando en el desarrollo de esta propuesta, buscando el equilibrio adecuado para que sea atractiva para los jefes de servicio y, al mismo tiempo, viable desde el punto de vista financiero para el sistema de salud. Se llevar\u00e1n a cabo m\u00e1s discusiones y consultas con expertos y stakeholders en las pr\u00f3ximas semanas para afinar los detalles y asegurar que el complemento cumpla con su objetivo de mejorar la sanidad p\u00fablica en Espa\u00f1a.<\/p>\n<p>Este enfoque progresista hacia la gesti\u00f3n de recursos humanos en el sector de la salud p\u00fablica podr\u00eda marcar un antes y un despu\u00e9s en c\u00f3mo se valoran y compensan los roles de liderazgo dentro del sistema de salud de Espa\u00f1a.<\/p>\n\n\n<div class=\"kk-star-ratings kksr-auto kksr-align-left kksr-valign-bottom\"\n    data-payload='{&quot;align&quot;:&quot;left&quot;,&quot;id&quot;:&quot;1944&quot;,&quot;slug&quot;:&quot;default&quot;,&quot;valign&quot;:&quot;bottom&quot;,&quot;ignore&quot;:&quot;&quot;,&quot;reference&quot;:&quot;auto&quot;,&quot;class&quot;:&quot;&quot;,&quot;count&quot;:&quot;0&quot;,&quot;legendonly&quot;:&quot;&quot;,&quot;readonly&quot;:&quot;&quot;,&quot;score&quot;:&quot;0&quot;,&quot;starsonly&quot;:&quot;&quot;,&quot;best&quot;:&quot;5&quot;,&quot;gap&quot;:&quot;5&quot;,&quot;greet&quot;:&quot;Valora este post&quot;,&quot;legend&quot;:&quot;0\\\/5 - (0 votes)&quot;,&quot;size&quot;:&quot;22&quot;,&quot;title&quot;:&quot;\u00a1Exclusividad para jefes de servicio! Sanidad propone un complemento espec\u00edfico&quot;,&quot;width&quot;:&quot;0&quot;,&quot;_legend&quot;:&quot;{score}\\\/{best} - ({count} {votes})&quot;,&quot;font_factor&quot;:&quot;1.25&quot;}'>\n            \n<div class=\"kksr-stars\">\n    \n<div class=\"kksr-stars-inactive\">\n            <div class=\"kksr-star\" data-star=\"1\" style=\"padding-right: 5px\">\n            \n\n<div class=\"kksr-icon\" style=\"width: 22px; height: 22px;\"><\/div>\n        <\/div>\n            <div class=\"kksr-star\" data-star=\"2\" style=\"padding-right: 5px\">\n            \n\n<div class=\"kksr-icon\" style=\"width: 22px; height: 22px;\"><\/div>\n        <\/div>\n            <div class=\"kksr-star\" data-star=\"3\" style=\"padding-right: 5px\">\n            \n\n<div class=\"kksr-icon\" style=\"width: 22px; height: 22px;\"><\/div>\n        <\/div>\n            <div class=\"kksr-star\" data-star=\"4\" style=\"padding-right: 5px\">\n            \n\n<div class=\"kksr-icon\" style=\"width: 22px; height: 22px;\"><\/div>\n        <\/div>\n            <div class=\"kksr-star\" data-star=\"5\" style=\"padding-right: 5px\">\n            \n\n<div class=\"kksr-icon\" style=\"width: 22px; height: 22px;\"><\/div>\n        <\/div>\n    <\/div>\n    \n<div class=\"kksr-stars-active\" style=\"width: 0px;\">\n            <div class=\"kksr-star\" style=\"padding-right: 5px\">\n            \n\n<div class=\"kksr-icon\" style=\"width: 22px; height: 22px;\"><\/div>\n        <\/div>\n            <div class=\"kksr-star\" style=\"padding-right: 5px\">\n            \n\n<div class=\"kksr-icon\" style=\"width: 22px; height: 22px;\"><\/div>\n        <\/div>\n            <div class=\"kksr-star\" style=\"padding-right: 5px\">\n            \n\n<div class=\"kksr-icon\" style=\"width: 22px; height: 22px;\"><\/div>\n        <\/div>\n            <div class=\"kksr-star\" style=\"padding-right: 5px\">\n            \n\n<div class=\"kksr-icon\" style=\"width: 22px; height: 22px;\"><\/div>\n        <\/div>\n            <div class=\"kksr-star\" style=\"padding-right: 5px\">\n            \n\n<div class=\"kksr-icon\" style=\"width: 22px; height: 22px;\"><\/div>\n        <\/div>\n    <\/div>\n<\/div>\n                \n\n<div class=\"kksr-legend\" style=\"font-size: 17.6px;\">\n            <span class=\"kksr-muted\">Valora este post<\/span>\n    <\/div>\n    <\/div>\n","protected":false},"excerpt":{"rendered":"<p>Propuesta de Complemento Espec\u00edfico para Lograr la Exclusividad de los Directivos de Servicio En un reciente planteamiento, el Ministerio de Sanidad ha sugerido la implementaci\u00f3n de &#8230; <a title=\"\u00a1Exclusividad para jefes de servicio! Sanidad propone un complemento espec\u00edfico\" class=\"read-more\" href=\"https:\/\/www.diario21.tv\/noticias\/exclusividad-para-jefes-de-servicio-sanidad-propone-un-complemento-especifico\/\" aria-label=\"Leer m\u00e1s sobre \u00a1Exclusividad para jefes de servicio! Sanidad propone un complemento espec\u00edfico\">Seguir leyendo &rarr;<\/a><\/p>\n","protected":false},"author":20,"featured_media":1945,"comment_status":"open","ping_status":"open","sticky":false,"template":"","format":"standard","meta":{"footnotes":""},"categories":[13],"tags":[],"class_list":["post-1944","post","type-post","status-publish","format-standard","has-post-thumbnail","hentry","category-portada"],"yoast_head":"<!-- This site is optimized with the Yoast SEO plugin v25.6 - https:\/\/yoast.com\/wordpress\/plugins\/seo\/ -->\n<title>\u00a1Exclusividad para jefes de servicio! Sanidad propone un complemento espec\u00edfico - Diario 21<\/title>\n<meta name=\"robots\" content=\"index, follow, max-snippet:-1, max-image-preview:large, max-video-preview:-1\" \/>\n<link rel=\"canonical\" href=\"https:\/\/www.diario21.tv\/noticias\/exclusividad-para-jefes-de-servicio-sanidad-propone-un-complemento-especifico\/\" \/>\n<meta property=\"og:locale\" content=\"es_ES\" \/>\n<meta property=\"og:type\" content=\"article\" \/>\n<meta property=\"og:title\" content=\"\u00a1Exclusividad para jefes de servicio! Sanidad propone un complemento espec\u00edfico - Diario 21\" \/>\n<meta property=\"og:description\" content=\"Propuesta de Complemento Espec\u00edfico para Lograr la Exclusividad de los Directivos de Servicio En un reciente planteamiento, el Ministerio de Sanidad ha sugerido la implementaci\u00f3n de ... Seguir leyendo &rarr;\" \/>\n<meta property=\"og:url\" content=\"https:\/\/www.diario21.tv\/noticias\/exclusividad-para-jefes-de-servicio-sanidad-propone-un-complemento-especifico\/\" \/>\n<meta property=\"og:site_name\" content=\"Diario 21\" \/>\n<meta property=\"article:published_time\" content=\"2025-01-26T14:50:09+00:00\" \/>\n<meta property=\"article:modified_time\" content=\"2025-01-26T14:50:10+00:00\" \/>\n<meta property=\"og:image\" content=\"https:\/\/www.diario21.tv\/noticias\/wp-content\/uploads\/2025\/01\/\u00a1Exclusividad-para-jefes-de-servicio-Sanidad-propone-un-complemento-especifico.jpg\" \/>\n\t<meta property=\"og:image:width\" content=\"1920\" \/>\n\t<meta property=\"og:image:height\" content=\"1080\" \/>\n\t<meta property=\"og:image:type\" content=\"image\/jpeg\" \/>\n<meta name=\"author\" content=\"Juan P\u00e9rez\" \/>\n<meta name=\"twitter:card\" content=\"summary_large_image\" \/>\n<meta name=\"twitter:label1\" content=\"Escrito por\" \/>\n\t<meta name=\"twitter:data1\" content=\"Juan P\u00e9rez\" \/>\n\t<meta name=\"twitter:label2\" content=\"Tiempo de lectura\" \/>\n\t<meta name=\"twitter:data2\" content=\"2 minutos\" \/>\n<script type=\"application\/ld+json\" class=\"yoast-schema-graph\">{\"@context\":\"https:\/\/schema.org\",\"@graph\":[{\"@type\":\"WebPage\",\"@id\":\"https:\/\/www.diario21.tv\/noticias\/exclusividad-para-jefes-de-servicio-sanidad-propone-un-complemento-especifico\/\",\"url\":\"https:\/\/www.diario21.tv\/noticias\/exclusividad-para-jefes-de-servicio-sanidad-propone-un-complemento-especifico\/\",\"name\":\"\u00a1Exclusividad para jefes de servicio! Sanidad propone un complemento espec\u00edfico - Diario 21\",\"isPartOf\":{\"@id\":\"https:\/\/www.diario21.tv\/noticias\/#website\"},\"primaryImageOfPage\":{\"@id\":\"https:\/\/www.diario21.tv\/noticias\/exclusividad-para-jefes-de-servicio-sanidad-propone-un-complemento-especifico\/#primaryimage\"},\"image\":{\"@id\":\"https:\/\/www.diario21.tv\/noticias\/exclusividad-para-jefes-de-servicio-sanidad-propone-un-complemento-especifico\/#primaryimage\"},\"thumbnailUrl\":\"https:\/\/www.diario21.tv\/noticias\/wp-content\/uploads\/2025\/01\/\u00a1Exclusividad-para-jefes-de-servicio-Sanidad-propone-un-complemento-especifico.jpg\",\"datePublished\":\"2025-01-26T14:50:09+00:00\",\"dateModified\":\"2025-01-26T14:50:10+00:00\",\"author\":{\"@id\":\"https:\/\/www.diario21.tv\/noticias\/#\/schema\/person\/dfb778f73814d8f09f302618446a526b\"},\"breadcrumb\":{\"@id\":\"https:\/\/www.diario21.tv\/noticias\/exclusividad-para-jefes-de-servicio-sanidad-propone-un-complemento-especifico\/#breadcrumb\"},\"inLanguage\":\"es-AR\",\"potentialAction\":[{\"@type\":\"ReadAction\",\"target\":[\"https:\/\/www.diario21.tv\/noticias\/exclusividad-para-jefes-de-servicio-sanidad-propone-un-complemento-especifico\/\"]}]},{\"@type\":\"ImageObject\",\"inLanguage\":\"es-AR\",\"@id\":\"https:\/\/www.diario21.tv\/noticias\/exclusividad-para-jefes-de-servicio-sanidad-propone-un-complemento-especifico\/#primaryimage\",\"url\":\"https:\/\/www.diario21.tv\/noticias\/wp-content\/uploads\/2025\/01\/\u00a1Exclusividad-para-jefes-de-servicio-Sanidad-propone-un-complemento-especifico.jpg\",\"contentUrl\":\"https:\/\/www.diario21.tv\/noticias\/wp-content\/uploads\/2025\/01\/\u00a1Exclusividad-para-jefes-de-servicio-Sanidad-propone-un-complemento-especifico.jpg\",\"width\":1920,\"height\":1080,\"caption\":\"Sanidad propone un complemento espec\u00edfico para conseguir la exclusividad de los jefes de servicio\"},{\"@type\":\"BreadcrumbList\",\"@id\":\"https:\/\/www.diario21.tv\/noticias\/exclusividad-para-jefes-de-servicio-sanidad-propone-un-complemento-especifico\/#breadcrumb\",\"itemListElement\":[{\"@type\":\"ListItem\",\"position\":1,\"name\":\"Accueil\",\"item\":\"https:\/\/www.diario21.tv\/noticias\/\"},{\"@type\":\"ListItem\",\"position\":2,\"name\":\"\u00a1Exclusividad para jefes de servicio! Sanidad propone un complemento espec\u00edfico\"}]},{\"@type\":\"WebSite\",\"@id\":\"https:\/\/www.diario21.tv\/noticias\/#website\",\"url\":\"https:\/\/www.diario21.tv\/noticias\/\",\"name\":\"Diario 21\",\"description\":\"\",\"potentialAction\":[{\"@type\":\"SearchAction\",\"target\":{\"@type\":\"EntryPoint\",\"urlTemplate\":\"https:\/\/www.diario21.tv\/noticias\/?s={search_term_string}\"},\"query-input\":{\"@type\":\"PropertyValueSpecification\",\"valueRequired\":true,\"valueName\":\"search_term_string\"}}],\"inLanguage\":\"es-AR\"},{\"@type\":\"Person\",\"@id\":\"https:\/\/www.diario21.tv\/noticias\/#\/schema\/person\/dfb778f73814d8f09f302618446a526b\",\"name\":\"Juan P\u00e9rez\",\"image\":{\"@type\":\"ImageObject\",\"inLanguage\":\"es-AR\",\"@id\":\"https:\/\/www.diario21.tv\/noticias\/#\/schema\/person\/image\/\",\"url\":\"https:\/\/secure.gravatar.com\/avatar\/c478a405bd10621167f4c3167cc770f5?s=96&d=mm&r=g\",\"contentUrl\":\"https:\/\/secure.gravatar.com\/avatar\/c478a405bd10621167f4c3167cc770f5?s=96&d=mm&r=g\",\"caption\":\"Juan P\u00e9rez\"},\"description\":\"Juan P\u00e9rez es el redactor en jefe de Diario 21. Con m\u00e1s de 10 a\u00f1os de experiencia en el periodismo, se especializa en pol\u00edtica nacional y an\u00e1lisis socioecon\u00f3mico. Su enfoque cr\u00edtico y riguroso aporta una perspectiva \u00fanica a cada art\u00edculo.\",\"sameAs\":[\"https:\/\/www.diario21.tv\/noticias\/\"],\"url\":\"https:\/\/www.diario21.tv\/noticias\/author\/juan-perez\/\"}]}<\/script>\n<!-- \/ Yoast SEO plugin. -->","yoast_head_json":{"title":"\u00a1Exclusividad para jefes de servicio! Sanidad propone un complemento espec\u00edfico - Diario 21","robots":{"index":"index","follow":"follow","max-snippet":"max-snippet:-1","max-image-preview":"max-image-preview:large","max-video-preview":"max-video-preview:-1"},"canonical":"https:\/\/www.diario21.tv\/noticias\/exclusividad-para-jefes-de-servicio-sanidad-propone-un-complemento-especifico\/","og_locale":"es_ES","og_type":"article","og_title":"\u00a1Exclusividad para jefes de servicio! Sanidad propone un complemento espec\u00edfico - Diario 21","og_description":"Propuesta de Complemento Espec\u00edfico para Lograr la Exclusividad de los Directivos de Servicio En un reciente planteamiento, el Ministerio de Sanidad ha sugerido la implementaci\u00f3n de ... Seguir leyendo &rarr;","og_url":"https:\/\/www.diario21.tv\/noticias\/exclusividad-para-jefes-de-servicio-sanidad-propone-un-complemento-especifico\/","og_site_name":"Diario 21","article_published_time":"2025-01-26T14:50:09+00:00","article_modified_time":"2025-01-26T14:50:10+00:00","og_image":[{"width":1920,"height":1080,"url":"https:\/\/www.diario21.tv\/noticias\/wp-content\/uploads\/2025\/01\/\u00a1Exclusividad-para-jefes-de-servicio-Sanidad-propone-un-complemento-especifico.jpg","type":"image\/jpeg"}],"author":"Juan P\u00e9rez","twitter_card":"summary_large_image","twitter_misc":{"Escrito por":"Juan P\u00e9rez","Tiempo de lectura":"2 minutos"},"schema":{"@context":"https:\/\/schema.org","@graph":[{"@type":"WebPage","@id":"https:\/\/www.diario21.tv\/noticias\/exclusividad-para-jefes-de-servicio-sanidad-propone-un-complemento-especifico\/","url":"https:\/\/www.diario21.tv\/noticias\/exclusividad-para-jefes-de-servicio-sanidad-propone-un-complemento-especifico\/","name":"\u00a1Exclusividad para jefes de servicio! Sanidad propone un complemento espec\u00edfico - Diario 21","isPartOf":{"@id":"https:\/\/www.diario21.tv\/noticias\/#website"},"primaryImageOfPage":{"@id":"https:\/\/www.diario21.tv\/noticias\/exclusividad-para-jefes-de-servicio-sanidad-propone-un-complemento-especifico\/#primaryimage"},"image":{"@id":"https:\/\/www.diario21.tv\/noticias\/exclusividad-para-jefes-de-servicio-sanidad-propone-un-complemento-especifico\/#primaryimage"},"thumbnailUrl":"https:\/\/www.diario21.tv\/noticias\/wp-content\/uploads\/2025\/01\/\u00a1Exclusividad-para-jefes-de-servicio-Sanidad-propone-un-complemento-especifico.jpg","datePublished":"2025-01-26T14:50:09+00:00","dateModified":"2025-01-26T14:50:10+00:00","author":{"@id":"https:\/\/www.diario21.tv\/noticias\/#\/schema\/person\/dfb778f73814d8f09f302618446a526b"},"breadcrumb":{"@id":"https:\/\/www.diario21.tv\/noticias\/exclusividad-para-jefes-de-servicio-sanidad-propone-un-complemento-especifico\/#breadcrumb"},"inLanguage":"es-AR","potentialAction":[{"@type":"ReadAction","target":["https:\/\/www.diario21.tv\/noticias\/exclusividad-para-jefes-de-servicio-sanidad-propone-un-complemento-especifico\/"]}]},{"@type":"ImageObject","inLanguage":"es-AR","@id":"https:\/\/www.diario21.tv\/noticias\/exclusividad-para-jefes-de-servicio-sanidad-propone-un-complemento-especifico\/#primaryimage","url":"https:\/\/www.diario21.tv\/noticias\/wp-content\/uploads\/2025\/01\/\u00a1Exclusividad-para-jefes-de-servicio-Sanidad-propone-un-complemento-especifico.jpg","contentUrl":"https:\/\/www.diario21.tv\/noticias\/wp-content\/uploads\/2025\/01\/\u00a1Exclusividad-para-jefes-de-servicio-Sanidad-propone-un-complemento-especifico.jpg","width":1920,"height":1080,"caption":"Sanidad propone un complemento espec\u00edfico para conseguir la exclusividad de los jefes de servicio"},{"@type":"BreadcrumbList","@id":"https:\/\/www.diario21.tv\/noticias\/exclusividad-para-jefes-de-servicio-sanidad-propone-un-complemento-especifico\/#breadcrumb","itemListElement":[{"@type":"ListItem","position":1,"name":"Accueil","item":"https:\/\/www.diario21.tv\/noticias\/"},{"@type":"ListItem","position":2,"name":"\u00a1Exclusividad para jefes de servicio! Sanidad propone un complemento espec\u00edfico"}]},{"@type":"WebSite","@id":"https:\/\/www.diario21.tv\/noticias\/#website","url":"https:\/\/www.diario21.tv\/noticias\/","name":"Diario 21","description":"","potentialAction":[{"@type":"SearchAction","target":{"@type":"EntryPoint","urlTemplate":"https:\/\/www.diario21.tv\/noticias\/?s={search_term_string}"},"query-input":{"@type":"PropertyValueSpecification","valueRequired":true,"valueName":"search_term_string"}}],"inLanguage":"es-AR"},{"@type":"Person","@id":"https:\/\/www.diario21.tv\/noticias\/#\/schema\/person\/dfb778f73814d8f09f302618446a526b","name":"Juan P\u00e9rez","image":{"@type":"ImageObject","inLanguage":"es-AR","@id":"https:\/\/www.diario21.tv\/noticias\/#\/schema\/person\/image\/","url":"https:\/\/secure.gravatar.com\/avatar\/c478a405bd10621167f4c3167cc770f5?s=96&d=mm&r=g","contentUrl":"https:\/\/secure.gravatar.com\/avatar\/c478a405bd10621167f4c3167cc770f5?s=96&d=mm&r=g","caption":"Juan P\u00e9rez"},"description":"Juan P\u00e9rez es el redactor en jefe de Diario 21. Con m\u00e1s de 10 a\u00f1os de experiencia en el periodismo, se especializa en pol\u00edtica nacional y an\u00e1lisis socioecon\u00f3mico. Su enfoque cr\u00edtico y riguroso aporta una perspectiva \u00fanica a cada art\u00edculo.","sameAs":["https:\/\/www.diario21.tv\/noticias\/"],"url":"https:\/\/www.diario21.tv\/noticias\/author\/juan-perez\/"}]}},"_links":{"self":[{"href":"https:\/\/www.diario21.tv\/noticias\/wp-json\/wp\/v2\/posts\/1944"}],"collection":[{"href":"https:\/\/www.diario21.tv\/noticias\/wp-json\/wp\/v2\/posts"}],"about":[{"href":"https:\/\/www.diario21.tv\/noticias\/wp-json\/wp\/v2\/types\/post"}],"author":[{"embeddable":true,"href":"https:\/\/www.diario21.tv\/noticias\/wp-json\/wp\/v2\/users\/20"}],"replies":[{"embeddable":true,"href":"https:\/\/www.diario21.tv\/noticias\/wp-json\/wp\/v2\/comments?post=1944"}],"version-history":[{"count":1,"href":"https:\/\/www.diario21.tv\/noticias\/wp-json\/wp\/v2\/posts\/1944\/revisions"}],"predecessor-version":[{"id":1946,"href":"https:\/\/www.diario21.tv\/noticias\/wp-json\/wp\/v2\/posts\/1944\/revisions\/1946"}],"wp:featuredmedia":[{"embeddable":true,"href":"https:\/\/www.diario21.tv\/noticias\/wp-json\/wp\/v2\/media\/1945"}],"wp:attachment":[{"href":"https:\/\/www.diario21.tv\/noticias\/wp-json\/wp\/v2\/media?parent=1944"}],"wp:term":[{"taxonomy":"category","embeddable":true,"href":"https:\/\/www.diario21.tv\/noticias\/wp-json\/wp\/v2\/categories?post=1944"},{"taxonomy":"post_tag","embeddable":true,"href":"https:\/\/www.diario21.tv\/noticias\/wp-json\/wp\/v2\/tags?post=1944"}],"curies":[{"name":"wp","href":"https:\/\/api.w.org\/{rel}","templated":true}]}}