{"id":1920,"date":"2025-01-24T06:00:22","date_gmt":"2025-01-24T06:00:22","guid":{"rendered":"https:\/\/www.diario21.tv\/noticias\/atencion-fumadores-cambio-en-precios-del-tabaco-impacta-a-marcas-como-ducados\/"},"modified":"2025-01-24T06:00:24","modified_gmt":"2025-01-24T06:00:24","slug":"atencion-fumadores-cambio-en-precios-del-tabaco-impacta-a-marcas-como-ducados","status":"publish","type":"post","link":"https:\/\/www.diario21.tv\/noticias\/atencion-fumadores-cambio-en-precios-del-tabaco-impacta-a-marcas-como-ducados\/","title":{"rendered":"\u00a1Atenci\u00f3n fumadores! Cambio en precios del tabaco impacta a marcas como Ducados"},"content":{"rendered":"<h2>Modificaciones en los Costos de los Cigarrillos Impactan Marcas Conocidas como Ducados<\/h2>\n<p>En un giro reciente del mercado, los precios del tabaco han experimentado cambios significativos, lo que ha influenciado directamente a varias de las marcas m\u00e1s emblem\u00e1ticas, incluyendo a Ducados. Este ajuste en los precios es resultado de una serie de factores que van desde regulaciones gubernamentales hasta fluctuaciones en el mercado global.<\/p>\n<h3>Factores Detr\u00e1s del Cambio de Precios<\/h3>\n<p>La industria tabacalera est\u00e1 sujeta a numerosas regulaciones que pueden alterar los costos de producci\u00f3n y distribuci\u00f3n. Impuestos reci\u00e9n implementados, junto con leyes m\u00e1s estrictas sobre la publicidad y la venta de productos de tabaco, han contribuido al ajuste de precios. Adem\u00e1s, el costo de las materias primas necesarias para la fabricaci\u00f3n de cigarrillos tambi\u00e9n ha visto un incremento, lo cual se refleja en el precio final al consumidor.<\/p>\n<h3>Impacto en el Consumidor y en el Mercado<\/h3>\n<p>Los fumadores de marcas populares como Ducados sentir\u00e1n el impacto de estos cambios en sus bolsillos. El aumento de precios podr\u00eda llevar a una reducci\u00f3n en el consumo de cigarrillos, como ha sucedido en ocasiones anteriores donde el incremento de costos ha incentivado a los consumidores a disminuir su consumo o buscar alternativas m\u00e1s econ\u00f3micas.<\/p>\n<p>Por otro lado, este cambio en los precios tambi\u00e9n podr\u00eda favorecer el mercado de cigarrillos electr\u00f3nicos y otros productos alternativos al tabaco, que generalmente ofrecen opciones m\u00e1s baratas y, en algunos casos, opciones consideradas como menos nocivas para la salud.<\/p>\n<h3>Reacciones de las Marcas Afectadas<\/h3>\n<p>Las empresas detr\u00e1s de marcas como Ducados est\u00e1n adapt\u00e1ndose a estos cambios mediante estrategias que incluyen la reformulaci\u00f3n de productos, mejoras en la eficiencia de producci\u00f3n y ajustes en sus campa\u00f1as de marketing para mantener su base de clientes. Estas marcas tienen el desaf\u00edo de equilibrar la necesidad de cubrir costos m\u00e1s altos mientras se mantiene competitivas en un mercado que es cada vez m\u00e1s consciente del precio y la calidad.<\/p>\n<p>En conclusi\u00f3n, el reciente cambio en el precio del tabaco est\u00e1 teniendo un impacto considerable en marcas conocidas como Ducados y en el comportamiento de los consumidores. Mientras que algunas personas pueden optar por reducir su consumo, otras podr\u00edan migrar hacia alternativas m\u00e1s asequibles o diferentes. Las marcas y los consumidores por igual deber\u00e1n adaptarse a este nuevo entorno econ\u00f3mico y regulatorio que est\u00e1 moldeando el futuro de la industria tabacalera.<\/p>\n\n\n<div class=\"kk-star-ratings kksr-auto kksr-align-left kksr-valign-bottom\"\n    data-payload='{&quot;align&quot;:&quot;left&quot;,&quot;id&quot;:&quot;1920&quot;,&quot;slug&quot;:&quot;default&quot;,&quot;valign&quot;:&quot;bottom&quot;,&quot;ignore&quot;:&quot;&quot;,&quot;reference&quot;:&quot;auto&quot;,&quot;class&quot;:&quot;&quot;,&quot;count&quot;:&quot;0&quot;,&quot;legendonly&quot;:&quot;&quot;,&quot;readonly&quot;:&quot;&quot;,&quot;score&quot;:&quot;0&quot;,&quot;starsonly&quot;:&quot;&quot;,&quot;best&quot;:&quot;5&quot;,&quot;gap&quot;:&quot;5&quot;,&quot;greet&quot;:&quot;Valora este post&quot;,&quot;legend&quot;:&quot;0\\\/5 - (0 votes)&quot;,&quot;size&quot;:&quot;22&quot;,&quot;title&quot;:&quot;\u00a1Atenci\u00f3n fumadores! Cambio en precios del tabaco impacta a marcas como Ducados&quot;,&quot;width&quot;:&quot;0&quot;,&quot;_legend&quot;:&quot;{score}\\\/{best} - ({count} {votes})&quot;,&quot;font_factor&quot;:&quot;1.25&quot;}'>\n            \n<div class=\"kksr-stars\">\n    \n<div class=\"kksr-stars-inactive\">\n            <div class=\"kksr-star\" data-star=\"1\" style=\"padding-right: 5px\">\n            \n\n<div class=\"kksr-icon\" style=\"width: 22px; height: 22px;\"><\/div>\n        <\/div>\n            <div class=\"kksr-star\" data-star=\"2\" style=\"padding-right: 5px\">\n            \n\n<div class=\"kksr-icon\" style=\"width: 22px; height: 22px;\"><\/div>\n        <\/div>\n            <div class=\"kksr-star\" data-star=\"3\" style=\"padding-right: 5px\">\n            \n\n<div class=\"kksr-icon\" style=\"width: 22px; height: 22px;\"><\/div>\n        <\/div>\n            <div class=\"kksr-star\" data-star=\"4\" style=\"padding-right: 5px\">\n            \n\n<div class=\"kksr-icon\" style=\"width: 22px; height: 22px;\"><\/div>\n        <\/div>\n            <div class=\"kksr-star\" data-star=\"5\" style=\"padding-right: 5px\">\n            \n\n<div class=\"kksr-icon\" style=\"width: 22px; height: 22px;\"><\/div>\n        <\/div>\n    <\/div>\n    \n<div class=\"kksr-stars-active\" style=\"width: 0px;\">\n            <div class=\"kksr-star\" style=\"padding-right: 5px\">\n            \n\n<div class=\"kksr-icon\" style=\"width: 22px; height: 22px;\"><\/div>\n        <\/div>\n            <div class=\"kksr-star\" style=\"padding-right: 5px\">\n            \n\n<div class=\"kksr-icon\" style=\"width: 22px; height: 22px;\"><\/div>\n        <\/div>\n            <div class=\"kksr-star\" style=\"padding-right: 5px\">\n            \n\n<div class=\"kksr-icon\" style=\"width: 22px; height: 22px;\"><\/div>\n        <\/div>\n            <div class=\"kksr-star\" style=\"padding-right: 5px\">\n            \n\n<div class=\"kksr-icon\" style=\"width: 22px; height: 22px;\"><\/div>\n        <\/div>\n            <div class=\"kksr-star\" style=\"padding-right: 5px\">\n            \n\n<div class=\"kksr-icon\" style=\"width: 22px; height: 22px;\"><\/div>\n        <\/div>\n    <\/div>\n<\/div>\n                \n\n<div class=\"kksr-legend\" style=\"font-size: 17.6px;\">\n            <span class=\"kksr-muted\">Valora este post<\/span>\n    <\/div>\n    <\/div>\n","protected":false},"excerpt":{"rendered":"<p>Modificaciones en los Costos de los Cigarrillos Impactan Marcas Conocidas como Ducados En un giro reciente del mercado, los precios del tabaco han experimentado cambios significativos, &#8230; <a title=\"\u00a1Atenci\u00f3n fumadores! Cambio en precios del tabaco impacta a marcas como Ducados\" class=\"read-more\" href=\"https:\/\/www.diario21.tv\/noticias\/atencion-fumadores-cambio-en-precios-del-tabaco-impacta-a-marcas-como-ducados\/\" aria-label=\"Leer m\u00e1s sobre \u00a1Atenci\u00f3n fumadores! Cambio en precios del tabaco impacta a marcas como Ducados\">Seguir leyendo &rarr;<\/a><\/p>\n","protected":false},"author":20,"featured_media":1921,"comment_status":"open","ping_status":"open","sticky":false,"template":"","format":"standard","meta":{"footnotes":""},"categories":[13],"tags":[],"class_list":["post-1920","post","type-post","status-publish","format-standard","has-post-thumbnail","hentry","category-portada"],"yoast_head":"<!-- This site is optimized with the Yoast SEO plugin v25.6 - https:\/\/yoast.com\/wordpress\/plugins\/seo\/ -->\n<title>\u00a1Atenci\u00f3n fumadores! Cambio en precios del tabaco impacta a marcas como Ducados - Diario 21<\/title>\n<meta name=\"robots\" content=\"index, follow, max-snippet:-1, max-image-preview:large, max-video-preview:-1\" \/>\n<link rel=\"canonical\" href=\"https:\/\/www.diario21.tv\/noticias\/atencion-fumadores-cambio-en-precios-del-tabaco-impacta-a-marcas-como-ducados\/\" \/>\n<meta property=\"og:locale\" content=\"es_ES\" \/>\n<meta property=\"og:type\" content=\"article\" \/>\n<meta property=\"og:title\" content=\"\u00a1Atenci\u00f3n fumadores! Cambio en precios del tabaco impacta a marcas como Ducados - Diario 21\" \/>\n<meta property=\"og:description\" content=\"Modificaciones en los Costos de los Cigarrillos Impactan Marcas Conocidas como Ducados En un giro reciente del mercado, los precios del tabaco han experimentado cambios significativos, ... Seguir leyendo &rarr;\" \/>\n<meta property=\"og:url\" content=\"https:\/\/www.diario21.tv\/noticias\/atencion-fumadores-cambio-en-precios-del-tabaco-impacta-a-marcas-como-ducados\/\" \/>\n<meta property=\"og:site_name\" content=\"Diario 21\" \/>\n<meta property=\"article:published_time\" content=\"2025-01-24T06:00:22+00:00\" \/>\n<meta property=\"article:modified_time\" content=\"2025-01-24T06:00:24+00:00\" \/>\n<meta property=\"og:image\" content=\"https:\/\/www.diario21.tv\/noticias\/wp-content\/uploads\/2025\/01\/\u00a1Atencion-fumadores-Cambio-en-precios-del-tabaco-impacta-a-marcas.jpg\" \/>\n\t<meta property=\"og:image:width\" content=\"1920\" \/>\n\t<meta property=\"og:image:height\" content=\"1080\" \/>\n\t<meta property=\"og:image:type\" content=\"image\/jpeg\" \/>\n<meta name=\"author\" content=\"Juan P\u00e9rez\" \/>\n<meta name=\"twitter:card\" content=\"summary_large_image\" \/>\n<meta name=\"twitter:label1\" content=\"Escrito por\" \/>\n\t<meta name=\"twitter:data1\" content=\"Juan P\u00e9rez\" \/>\n\t<meta name=\"twitter:label2\" content=\"Tiempo de lectura\" \/>\n\t<meta name=\"twitter:data2\" content=\"2 minutos\" \/>\n<script type=\"application\/ld+json\" class=\"yoast-schema-graph\">{\"@context\":\"https:\/\/schema.org\",\"@graph\":[{\"@type\":\"WebPage\",\"@id\":\"https:\/\/www.diario21.tv\/noticias\/atencion-fumadores-cambio-en-precios-del-tabaco-impacta-a-marcas-como-ducados\/\",\"url\":\"https:\/\/www.diario21.tv\/noticias\/atencion-fumadores-cambio-en-precios-del-tabaco-impacta-a-marcas-como-ducados\/\",\"name\":\"\u00a1Atenci\u00f3n fumadores! Cambio en precios del tabaco impacta a marcas como Ducados - Diario 21\",\"isPartOf\":{\"@id\":\"https:\/\/www.diario21.tv\/noticias\/#website\"},\"primaryImageOfPage\":{\"@id\":\"https:\/\/www.diario21.tv\/noticias\/atencion-fumadores-cambio-en-precios-del-tabaco-impacta-a-marcas-como-ducados\/#primaryimage\"},\"image\":{\"@id\":\"https:\/\/www.diario21.tv\/noticias\/atencion-fumadores-cambio-en-precios-del-tabaco-impacta-a-marcas-como-ducados\/#primaryimage\"},\"thumbnailUrl\":\"https:\/\/www.diario21.tv\/noticias\/wp-content\/uploads\/2025\/01\/\u00a1Atencion-fumadores-Cambio-en-precios-del-tabaco-impacta-a-marcas.jpg\",\"datePublished\":\"2025-01-24T06:00:22+00:00\",\"dateModified\":\"2025-01-24T06:00:24+00:00\",\"author\":{\"@id\":\"https:\/\/www.diario21.tv\/noticias\/#\/schema\/person\/dfb778f73814d8f09f302618446a526b\"},\"breadcrumb\":{\"@id\":\"https:\/\/www.diario21.tv\/noticias\/atencion-fumadores-cambio-en-precios-del-tabaco-impacta-a-marcas-como-ducados\/#breadcrumb\"},\"inLanguage\":\"es-AR\",\"potentialAction\":[{\"@type\":\"ReadAction\",\"target\":[\"https:\/\/www.diario21.tv\/noticias\/atencion-fumadores-cambio-en-precios-del-tabaco-impacta-a-marcas-como-ducados\/\"]}]},{\"@type\":\"ImageObject\",\"inLanguage\":\"es-AR\",\"@id\":\"https:\/\/www.diario21.tv\/noticias\/atencion-fumadores-cambio-en-precios-del-tabaco-impacta-a-marcas-como-ducados\/#primaryimage\",\"url\":\"https:\/\/www.diario21.tv\/noticias\/wp-content\/uploads\/2025\/01\/\u00a1Atencion-fumadores-Cambio-en-precios-del-tabaco-impacta-a-marcas.jpg\",\"contentUrl\":\"https:\/\/www.diario21.tv\/noticias\/wp-content\/uploads\/2025\/01\/\u00a1Atencion-fumadores-Cambio-en-precios-del-tabaco-impacta-a-marcas.jpg\",\"width\":1920,\"height\":1080,\"caption\":\"Cambia el precio del tabaco, afectando a marcas tan populares como Ducados\"},{\"@type\":\"BreadcrumbList\",\"@id\":\"https:\/\/www.diario21.tv\/noticias\/atencion-fumadores-cambio-en-precios-del-tabaco-impacta-a-marcas-como-ducados\/#breadcrumb\",\"itemListElement\":[{\"@type\":\"ListItem\",\"position\":1,\"name\":\"Accueil\",\"item\":\"https:\/\/www.diario21.tv\/noticias\/\"},{\"@type\":\"ListItem\",\"position\":2,\"name\":\"\u00a1Atenci\u00f3n fumadores! Cambio en precios del tabaco impacta a marcas como Ducados\"}]},{\"@type\":\"WebSite\",\"@id\":\"https:\/\/www.diario21.tv\/noticias\/#website\",\"url\":\"https:\/\/www.diario21.tv\/noticias\/\",\"name\":\"Diario 21\",\"description\":\"\",\"potentialAction\":[{\"@type\":\"SearchAction\",\"target\":{\"@type\":\"EntryPoint\",\"urlTemplate\":\"https:\/\/www.diario21.tv\/noticias\/?s={search_term_string}\"},\"query-input\":{\"@type\":\"PropertyValueSpecification\",\"valueRequired\":true,\"valueName\":\"search_term_string\"}}],\"inLanguage\":\"es-AR\"},{\"@type\":\"Person\",\"@id\":\"https:\/\/www.diario21.tv\/noticias\/#\/schema\/person\/dfb778f73814d8f09f302618446a526b\",\"name\":\"Juan P\u00e9rez\",\"image\":{\"@type\":\"ImageObject\",\"inLanguage\":\"es-AR\",\"@id\":\"https:\/\/www.diario21.tv\/noticias\/#\/schema\/person\/image\/\",\"url\":\"https:\/\/secure.gravatar.com\/avatar\/c478a405bd10621167f4c3167cc770f5?s=96&d=mm&r=g\",\"contentUrl\":\"https:\/\/secure.gravatar.com\/avatar\/c478a405bd10621167f4c3167cc770f5?s=96&d=mm&r=g\",\"caption\":\"Juan P\u00e9rez\"},\"description\":\"Juan P\u00e9rez es el redactor en jefe de Diario 21. Con m\u00e1s de 10 a\u00f1os de experiencia en el periodismo, se especializa en pol\u00edtica nacional y an\u00e1lisis socioecon\u00f3mico. Su enfoque cr\u00edtico y riguroso aporta una perspectiva \u00fanica a cada art\u00edculo.\",\"sameAs\":[\"https:\/\/www.diario21.tv\/noticias\/\"],\"url\":\"https:\/\/www.diario21.tv\/noticias\/author\/juan-perez\/\"}]}<\/script>\n<!-- \/ Yoast SEO plugin. -->","yoast_head_json":{"title":"\u00a1Atenci\u00f3n fumadores! Cambio en precios del tabaco impacta a marcas como Ducados - Diario 21","robots":{"index":"index","follow":"follow","max-snippet":"max-snippet:-1","max-image-preview":"max-image-preview:large","max-video-preview":"max-video-preview:-1"},"canonical":"https:\/\/www.diario21.tv\/noticias\/atencion-fumadores-cambio-en-precios-del-tabaco-impacta-a-marcas-como-ducados\/","og_locale":"es_ES","og_type":"article","og_title":"\u00a1Atenci\u00f3n fumadores! Cambio en precios del tabaco impacta a marcas como Ducados - Diario 21","og_description":"Modificaciones en los Costos de los Cigarrillos Impactan Marcas Conocidas como Ducados En un giro reciente del mercado, los precios del tabaco han experimentado cambios significativos, ... Seguir leyendo &rarr;","og_url":"https:\/\/www.diario21.tv\/noticias\/atencion-fumadores-cambio-en-precios-del-tabaco-impacta-a-marcas-como-ducados\/","og_site_name":"Diario 21","article_published_time":"2025-01-24T06:00:22+00:00","article_modified_time":"2025-01-24T06:00:24+00:00","og_image":[{"width":1920,"height":1080,"url":"https:\/\/www.diario21.tv\/noticias\/wp-content\/uploads\/2025\/01\/\u00a1Atencion-fumadores-Cambio-en-precios-del-tabaco-impacta-a-marcas.jpg","type":"image\/jpeg"}],"author":"Juan P\u00e9rez","twitter_card":"summary_large_image","twitter_misc":{"Escrito por":"Juan P\u00e9rez","Tiempo de lectura":"2 minutos"},"schema":{"@context":"https:\/\/schema.org","@graph":[{"@type":"WebPage","@id":"https:\/\/www.diario21.tv\/noticias\/atencion-fumadores-cambio-en-precios-del-tabaco-impacta-a-marcas-como-ducados\/","url":"https:\/\/www.diario21.tv\/noticias\/atencion-fumadores-cambio-en-precios-del-tabaco-impacta-a-marcas-como-ducados\/","name":"\u00a1Atenci\u00f3n fumadores! Cambio en precios del tabaco impacta a marcas como Ducados - Diario 21","isPartOf":{"@id":"https:\/\/www.diario21.tv\/noticias\/#website"},"primaryImageOfPage":{"@id":"https:\/\/www.diario21.tv\/noticias\/atencion-fumadores-cambio-en-precios-del-tabaco-impacta-a-marcas-como-ducados\/#primaryimage"},"image":{"@id":"https:\/\/www.diario21.tv\/noticias\/atencion-fumadores-cambio-en-precios-del-tabaco-impacta-a-marcas-como-ducados\/#primaryimage"},"thumbnailUrl":"https:\/\/www.diario21.tv\/noticias\/wp-content\/uploads\/2025\/01\/\u00a1Atencion-fumadores-Cambio-en-precios-del-tabaco-impacta-a-marcas.jpg","datePublished":"2025-01-24T06:00:22+00:00","dateModified":"2025-01-24T06:00:24+00:00","author":{"@id":"https:\/\/www.diario21.tv\/noticias\/#\/schema\/person\/dfb778f73814d8f09f302618446a526b"},"breadcrumb":{"@id":"https:\/\/www.diario21.tv\/noticias\/atencion-fumadores-cambio-en-precios-del-tabaco-impacta-a-marcas-como-ducados\/#breadcrumb"},"inLanguage":"es-AR","potentialAction":[{"@type":"ReadAction","target":["https:\/\/www.diario21.tv\/noticias\/atencion-fumadores-cambio-en-precios-del-tabaco-impacta-a-marcas-como-ducados\/"]}]},{"@type":"ImageObject","inLanguage":"es-AR","@id":"https:\/\/www.diario21.tv\/noticias\/atencion-fumadores-cambio-en-precios-del-tabaco-impacta-a-marcas-como-ducados\/#primaryimage","url":"https:\/\/www.diario21.tv\/noticias\/wp-content\/uploads\/2025\/01\/\u00a1Atencion-fumadores-Cambio-en-precios-del-tabaco-impacta-a-marcas.jpg","contentUrl":"https:\/\/www.diario21.tv\/noticias\/wp-content\/uploads\/2025\/01\/\u00a1Atencion-fumadores-Cambio-en-precios-del-tabaco-impacta-a-marcas.jpg","width":1920,"height":1080,"caption":"Cambia el precio del tabaco, afectando a marcas tan populares como Ducados"},{"@type":"BreadcrumbList","@id":"https:\/\/www.diario21.tv\/noticias\/atencion-fumadores-cambio-en-precios-del-tabaco-impacta-a-marcas-como-ducados\/#breadcrumb","itemListElement":[{"@type":"ListItem","position":1,"name":"Accueil","item":"https:\/\/www.diario21.tv\/noticias\/"},{"@type":"ListItem","position":2,"name":"\u00a1Atenci\u00f3n fumadores! Cambio en precios del tabaco impacta a marcas como Ducados"}]},{"@type":"WebSite","@id":"https:\/\/www.diario21.tv\/noticias\/#website","url":"https:\/\/www.diario21.tv\/noticias\/","name":"Diario 21","description":"","potentialAction":[{"@type":"SearchAction","target":{"@type":"EntryPoint","urlTemplate":"https:\/\/www.diario21.tv\/noticias\/?s={search_term_string}"},"query-input":{"@type":"PropertyValueSpecification","valueRequired":true,"valueName":"search_term_string"}}],"inLanguage":"es-AR"},{"@type":"Person","@id":"https:\/\/www.diario21.tv\/noticias\/#\/schema\/person\/dfb778f73814d8f09f302618446a526b","name":"Juan P\u00e9rez","image":{"@type":"ImageObject","inLanguage":"es-AR","@id":"https:\/\/www.diario21.tv\/noticias\/#\/schema\/person\/image\/","url":"https:\/\/secure.gravatar.com\/avatar\/c478a405bd10621167f4c3167cc770f5?s=96&d=mm&r=g","contentUrl":"https:\/\/secure.gravatar.com\/avatar\/c478a405bd10621167f4c3167cc770f5?s=96&d=mm&r=g","caption":"Juan P\u00e9rez"},"description":"Juan P\u00e9rez es el redactor en jefe de Diario 21. Con m\u00e1s de 10 a\u00f1os de experiencia en el periodismo, se especializa en pol\u00edtica nacional y an\u00e1lisis socioecon\u00f3mico. Su enfoque cr\u00edtico y riguroso aporta una perspectiva \u00fanica a cada art\u00edculo.","sameAs":["https:\/\/www.diario21.tv\/noticias\/"],"url":"https:\/\/www.diario21.tv\/noticias\/author\/juan-perez\/"}]}},"_links":{"self":[{"href":"https:\/\/www.diario21.tv\/noticias\/wp-json\/wp\/v2\/posts\/1920"}],"collection":[{"href":"https:\/\/www.diario21.tv\/noticias\/wp-json\/wp\/v2\/posts"}],"about":[{"href":"https:\/\/www.diario21.tv\/noticias\/wp-json\/wp\/v2\/types\/post"}],"author":[{"embeddable":true,"href":"https:\/\/www.diario21.tv\/noticias\/wp-json\/wp\/v2\/users\/20"}],"replies":[{"embeddable":true,"href":"https:\/\/www.diario21.tv\/noticias\/wp-json\/wp\/v2\/comments?post=1920"}],"version-history":[{"count":1,"href":"https:\/\/www.diario21.tv\/noticias\/wp-json\/wp\/v2\/posts\/1920\/revisions"}],"predecessor-version":[{"id":1922,"href":"https:\/\/www.diario21.tv\/noticias\/wp-json\/wp\/v2\/posts\/1920\/revisions\/1922"}],"wp:featuredmedia":[{"embeddable":true,"href":"https:\/\/www.diario21.tv\/noticias\/wp-json\/wp\/v2\/media\/1921"}],"wp:attachment":[{"href":"https:\/\/www.diario21.tv\/noticias\/wp-json\/wp\/v2\/media?parent=1920"}],"wp:term":[{"taxonomy":"category","embeddable":true,"href":"https:\/\/www.diario21.tv\/noticias\/wp-json\/wp\/v2\/categories?post=1920"},{"taxonomy":"post_tag","embeddable":true,"href":"https:\/\/www.diario21.tv\/noticias\/wp-json\/wp\/v2\/tags?post=1920"}],"curies":[{"name":"wp","href":"https:\/\/api.w.org\/{rel}","templated":true}]}}