{"id":1908,"date":"2025-01-23T04:46:18","date_gmt":"2025-01-23T04:46:18","guid":{"rendered":"https:\/\/www.diario21.tv\/noticias\/criticas-al-cnio-y-su-directora-maria-blasco-aumentan-enterate-por-que\/"},"modified":"2025-01-23T04:46:19","modified_gmt":"2025-01-23T04:46:19","slug":"criticas-al-cnio-y-su-directora-maria-blasco-aumentan-enterate-por-que","status":"publish","type":"post","link":"https:\/\/www.diario21.tv\/noticias\/criticas-al-cnio-y-su-directora-maria-blasco-aumentan-enterate-por-que\/","title":{"rendered":"Cr\u00edticas al CNIO y su directora Mar\u00eda Blasco aumentan \u00a1Ent\u00e9rate por qu\u00e9!"},"content":{"rendered":"<h2>Incremento de Descontento en el Consejo del CNIO Frente a la Direcci\u00f3n de Mar\u00eda Blasco<\/h2>\n<p>En los \u00faltimos tiempos, el Centro Nacional de Investigaciones Oncol\u00f3gicas (CNIO), uno de los institutos de investigaci\u00f3n m\u00e1s prestigiosos de Espa\u00f1a, se ha visto envuelto en una serie de cr\u00edticas relacionadas con la gesti\u00f3n de su actual directora, Mar\u00eda Blasco. Estas cr\u00edticas no solo provienen de fuera de la organizaci\u00f3n, sino que, de manera significativa, se han intensificado dentro del propio consejo del CNIO.<\/p>\n<h3>Preocupaciones Internas<\/h3>\n<p>Miembros del consejo han expresado su preocupaci\u00f3n respecto a varios aspectos de la direcci\u00f3n de Blasco. Seg\u00fan fuentes internas, existe una creciente inquietud sobre las decisiones administrativas y la estrategia de liderazgo adoptada, las cuales, seg\u00fan los cr\u00edticos, podr\u00edan estar afectando negativamente la eficacia y la reputaci\u00f3n del centro. <\/p>\n<p>El CNIO, reconocido por su papel crucial en la investigaci\u00f3n del c\u00e1ncer, ha experimentado bajo la direcci\u00f3n de Blasco un per\u00edodo de notable visibilidad y progreso cient\u00edfico. Sin embargo, las disputas internas y las cr\u00edticas hacia su gesti\u00f3n plantean interrogantes sobre la sostenibilidad de este \u00e9xito.<\/p>\n<h3>Aspectos Controvertidos de la Gesti\u00f3n<\/h3>\n<p>Uno de los principales puntos de fricci\u00f3n tiene que ver con el enfoque de Blasco hacia la expansi\u00f3n y financiamiento del CNIO. Mientras algunos aplauden su capacidad para asegurar fondos y colaboraciones internacionales, otros argumentan que estas acciones podr\u00edan estar desviando la atenci\u00f3n de los objetivos cient\u00edficos fundamentales del centro. Adem\u00e1s, se ha mencionado la preocupaci\u00f3n por la posible centralizaci\u00f3n del poder y la toma de decisiones, lo que podr\u00eda estar limitando la participaci\u00f3n de otros investigadores y profesionales destacados en los procesos decisivos.<\/p>\n<h3>Respuestas y Futuro del CNIO<\/h3>\n<p>Ante estas cr\u00edticas, ha habido respuestas variadas. Algunos miembros del consejo defienden la gesti\u00f3n de Blasco, destacando los avances que el centro ha logrado en t\u00e9rminos de investigaci\u00f3n y colaboraci\u00f3n internacional. Por otro lado, hay quienes sugieren la necesidad de revisar las pol\u00edticas y la estructura organizativa del CNIO para asegurar un ambiente m\u00e1s inclusivo y democr\u00e1tico en la toma de decisiones.<\/p>\n<p>El futuro del CNIO, bajo la sombra de estas cr\u00edticas, parece depender de c\u00f3mo se manejen estos desaf\u00edos internos y si se encuentran soluciones que satisfagan tanto a los cr\u00edticos como a los defensores de la actual direcci\u00f3n. La comunidad cient\u00edfica y los observadores del \u00e1mbito de la investigaci\u00f3n oncol\u00f3gica estar\u00e1n atentos a los desarrollos futuros, esperando que el centro pueda continuar su importante misi\u00f3n sin verse obstaculizado por conflictos internos.<\/p>\n<p>En conclusi\u00f3n, el CNIO se encuentra en un momento crucial. La capacidad de su liderazgo para abordar y resolver estas cr\u00edticas ser\u00e1 determinante en la trayectoria futura del centro y en su contribuci\u00f3n continua a la lucha contra el c\u00e1ncer.<\/p>\n\n\n<div class=\"kk-star-ratings kksr-auto kksr-align-left kksr-valign-bottom\"\n    data-payload='{&quot;align&quot;:&quot;left&quot;,&quot;id&quot;:&quot;1908&quot;,&quot;slug&quot;:&quot;default&quot;,&quot;valign&quot;:&quot;bottom&quot;,&quot;ignore&quot;:&quot;&quot;,&quot;reference&quot;:&quot;auto&quot;,&quot;class&quot;:&quot;&quot;,&quot;count&quot;:&quot;0&quot;,&quot;legendonly&quot;:&quot;&quot;,&quot;readonly&quot;:&quot;&quot;,&quot;score&quot;:&quot;0&quot;,&quot;starsonly&quot;:&quot;&quot;,&quot;best&quot;:&quot;5&quot;,&quot;gap&quot;:&quot;5&quot;,&quot;greet&quot;:&quot;Valora este post&quot;,&quot;legend&quot;:&quot;0\\\/5 - (0 votes)&quot;,&quot;size&quot;:&quot;22&quot;,&quot;title&quot;:&quot;Cr\u00edticas al CNIO y su directora Mar\u00eda Blasco aumentan \u00a1Ent\u00e9rate por qu\u00e9!&quot;,&quot;width&quot;:&quot;0&quot;,&quot;_legend&quot;:&quot;{score}\\\/{best} - ({count} {votes})&quot;,&quot;font_factor&quot;:&quot;1.25&quot;}'>\n            \n<div class=\"kksr-stars\">\n    \n<div class=\"kksr-stars-inactive\">\n            <div class=\"kksr-star\" data-star=\"1\" style=\"padding-right: 5px\">\n            \n\n<div class=\"kksr-icon\" style=\"width: 22px; height: 22px;\"><\/div>\n        <\/div>\n            <div class=\"kksr-star\" data-star=\"2\" style=\"padding-right: 5px\">\n            \n\n<div class=\"kksr-icon\" style=\"width: 22px; height: 22px;\"><\/div>\n        <\/div>\n            <div class=\"kksr-star\" data-star=\"3\" style=\"padding-right: 5px\">\n            \n\n<div class=\"kksr-icon\" style=\"width: 22px; height: 22px;\"><\/div>\n        <\/div>\n            <div class=\"kksr-star\" data-star=\"4\" style=\"padding-right: 5px\">\n            \n\n<div class=\"kksr-icon\" style=\"width: 22px; height: 22px;\"><\/div>\n        <\/div>\n            <div class=\"kksr-star\" data-star=\"5\" style=\"padding-right: 5px\">\n            \n\n<div class=\"kksr-icon\" style=\"width: 22px; height: 22px;\"><\/div>\n        <\/div>\n    <\/div>\n    \n<div class=\"kksr-stars-active\" style=\"width: 0px;\">\n            <div class=\"kksr-star\" style=\"padding-right: 5px\">\n            \n\n<div class=\"kksr-icon\" style=\"width: 22px; height: 22px;\"><\/div>\n        <\/div>\n            <div class=\"kksr-star\" style=\"padding-right: 5px\">\n            \n\n<div class=\"kksr-icon\" style=\"width: 22px; height: 22px;\"><\/div>\n        <\/div>\n            <div class=\"kksr-star\" style=\"padding-right: 5px\">\n            \n\n<div class=\"kksr-icon\" style=\"width: 22px; height: 22px;\"><\/div>\n        <\/div>\n            <div class=\"kksr-star\" style=\"padding-right: 5px\">\n            \n\n<div class=\"kksr-icon\" style=\"width: 22px; height: 22px;\"><\/div>\n        <\/div>\n            <div class=\"kksr-star\" style=\"padding-right: 5px\">\n            \n\n<div class=\"kksr-icon\" style=\"width: 22px; height: 22px;\"><\/div>\n        <\/div>\n    <\/div>\n<\/div>\n                \n\n<div class=\"kksr-legend\" style=\"font-size: 17.6px;\">\n            <span class=\"kksr-muted\">Valora este post<\/span>\n    <\/div>\n    <\/div>\n","protected":false},"excerpt":{"rendered":"<p>Incremento de Descontento en el Consejo del CNIO Frente a la Direcci\u00f3n de Mar\u00eda Blasco En los \u00faltimos tiempos, el Centro Nacional de Investigaciones Oncol\u00f3gicas (CNIO), &#8230; <a title=\"Cr\u00edticas al CNIO y su directora Mar\u00eda Blasco aumentan \u00a1Ent\u00e9rate por qu\u00e9!\" class=\"read-more\" href=\"https:\/\/www.diario21.tv\/noticias\/criticas-al-cnio-y-su-directora-maria-blasco-aumentan-enterate-por-que\/\" aria-label=\"Leer m\u00e1s sobre Cr\u00edticas al CNIO y su directora Mar\u00eda Blasco aumentan \u00a1Ent\u00e9rate por qu\u00e9!\">Seguir leyendo &rarr;<\/a><\/p>\n","protected":false},"author":20,"featured_media":1909,"comment_status":"open","ping_status":"open","sticky":false,"template":"","format":"standard","meta":{"footnotes":""},"categories":[13],"tags":[],"class_list":["post-1908","post","type-post","status-publish","format-standard","has-post-thumbnail","hentry","category-portada"],"yoast_head":"<!-- This site is optimized with the Yoast SEO plugin v25.6 - https:\/\/yoast.com\/wordpress\/plugins\/seo\/ -->\n<title>Cr\u00edticas al CNIO y su directora Mar\u00eda Blasco aumentan \u00a1Ent\u00e9rate por qu\u00e9! - Diario 21<\/title>\n<meta name=\"robots\" content=\"index, follow, max-snippet:-1, max-image-preview:large, max-video-preview:-1\" \/>\n<link rel=\"canonical\" href=\"https:\/\/www.diario21.tv\/noticias\/criticas-al-cnio-y-su-directora-maria-blasco-aumentan-enterate-por-que\/\" \/>\n<meta property=\"og:locale\" content=\"es_ES\" \/>\n<meta property=\"og:type\" content=\"article\" \/>\n<meta property=\"og:title\" content=\"Cr\u00edticas al CNIO y su directora Mar\u00eda Blasco aumentan \u00a1Ent\u00e9rate por qu\u00e9! - Diario 21\" \/>\n<meta property=\"og:description\" content=\"Incremento de Descontento en el Consejo del CNIO Frente a la Direcci\u00f3n de Mar\u00eda Blasco En los \u00faltimos tiempos, el Centro Nacional de Investigaciones Oncol\u00f3gicas (CNIO), ... Seguir leyendo &rarr;\" \/>\n<meta property=\"og:url\" content=\"https:\/\/www.diario21.tv\/noticias\/criticas-al-cnio-y-su-directora-maria-blasco-aumentan-enterate-por-que\/\" \/>\n<meta property=\"og:site_name\" content=\"Diario 21\" \/>\n<meta property=\"article:published_time\" content=\"2025-01-23T04:46:18+00:00\" \/>\n<meta property=\"article:modified_time\" content=\"2025-01-23T04:46:19+00:00\" \/>\n<meta property=\"og:image\" content=\"https:\/\/www.diario21.tv\/noticias\/wp-content\/uploads\/2025\/01\/Criticas-al-CNIO-y-su-directora-Maria-Blasco-aumentan-\u00a1Enterate.jpg\" \/>\n\t<meta property=\"og:image:width\" content=\"1140\" \/>\n\t<meta property=\"og:image:height\" content=\"500\" \/>\n\t<meta property=\"og:image:type\" content=\"image\/jpeg\" \/>\n<meta name=\"author\" content=\"Juan P\u00e9rez\" \/>\n<meta name=\"twitter:card\" content=\"summary_large_image\" \/>\n<meta name=\"twitter:label1\" content=\"Escrito por\" \/>\n\t<meta name=\"twitter:data1\" content=\"Juan P\u00e9rez\" \/>\n\t<meta name=\"twitter:label2\" content=\"Tiempo de lectura\" \/>\n\t<meta name=\"twitter:data2\" content=\"3 minutos\" \/>\n<script type=\"application\/ld+json\" class=\"yoast-schema-graph\">{\"@context\":\"https:\/\/schema.org\",\"@graph\":[{\"@type\":\"WebPage\",\"@id\":\"https:\/\/www.diario21.tv\/noticias\/criticas-al-cnio-y-su-directora-maria-blasco-aumentan-enterate-por-que\/\",\"url\":\"https:\/\/www.diario21.tv\/noticias\/criticas-al-cnio-y-su-directora-maria-blasco-aumentan-enterate-por-que\/\",\"name\":\"Cr\u00edticas al CNIO y su directora Mar\u00eda Blasco aumentan \u00a1Ent\u00e9rate por qu\u00e9! - Diario 21\",\"isPartOf\":{\"@id\":\"https:\/\/www.diario21.tv\/noticias\/#website\"},\"primaryImageOfPage\":{\"@id\":\"https:\/\/www.diario21.tv\/noticias\/criticas-al-cnio-y-su-directora-maria-blasco-aumentan-enterate-por-que\/#primaryimage\"},\"image\":{\"@id\":\"https:\/\/www.diario21.tv\/noticias\/criticas-al-cnio-y-su-directora-maria-blasco-aumentan-enterate-por-que\/#primaryimage\"},\"thumbnailUrl\":\"https:\/\/www.diario21.tv\/noticias\/wp-content\/uploads\/2025\/01\/Criticas-al-CNIO-y-su-directora-Maria-Blasco-aumentan-\u00a1Enterate.jpg\",\"datePublished\":\"2025-01-23T04:46:18+00:00\",\"dateModified\":\"2025-01-23T04:46:19+00:00\",\"author\":{\"@id\":\"https:\/\/www.diario21.tv\/noticias\/#\/schema\/person\/dfb778f73814d8f09f302618446a526b\"},\"breadcrumb\":{\"@id\":\"https:\/\/www.diario21.tv\/noticias\/criticas-al-cnio-y-su-directora-maria-blasco-aumentan-enterate-por-que\/#breadcrumb\"},\"inLanguage\":\"es-AR\",\"potentialAction\":[{\"@type\":\"ReadAction\",\"target\":[\"https:\/\/www.diario21.tv\/noticias\/criticas-al-cnio-y-su-directora-maria-blasco-aumentan-enterate-por-que\/\"]}]},{\"@type\":\"ImageObject\",\"inLanguage\":\"es-AR\",\"@id\":\"https:\/\/www.diario21.tv\/noticias\/criticas-al-cnio-y-su-directora-maria-blasco-aumentan-enterate-por-que\/#primaryimage\",\"url\":\"https:\/\/www.diario21.tv\/noticias\/wp-content\/uploads\/2025\/01\/Criticas-al-CNIO-y-su-directora-Maria-Blasco-aumentan-\u00a1Enterate.jpg\",\"contentUrl\":\"https:\/\/www.diario21.tv\/noticias\/wp-content\/uploads\/2025\/01\/Criticas-al-CNIO-y-su-directora-Maria-Blasco-aumentan-\u00a1Enterate.jpg\",\"width\":1140,\"height\":500,\"caption\":\"Crecen las cr\u00edticas en el patronato del CNIO por la gesti\u00f3n de su directora Mar\u00eda Blasco\"},{\"@type\":\"BreadcrumbList\",\"@id\":\"https:\/\/www.diario21.tv\/noticias\/criticas-al-cnio-y-su-directora-maria-blasco-aumentan-enterate-por-que\/#breadcrumb\",\"itemListElement\":[{\"@type\":\"ListItem\",\"position\":1,\"name\":\"Accueil\",\"item\":\"https:\/\/www.diario21.tv\/noticias\/\"},{\"@type\":\"ListItem\",\"position\":2,\"name\":\"Cr\u00edticas al CNIO y su directora Mar\u00eda Blasco aumentan \u00a1Ent\u00e9rate por qu\u00e9!\"}]},{\"@type\":\"WebSite\",\"@id\":\"https:\/\/www.diario21.tv\/noticias\/#website\",\"url\":\"https:\/\/www.diario21.tv\/noticias\/\",\"name\":\"Diario 21\",\"description\":\"\",\"potentialAction\":[{\"@type\":\"SearchAction\",\"target\":{\"@type\":\"EntryPoint\",\"urlTemplate\":\"https:\/\/www.diario21.tv\/noticias\/?s={search_term_string}\"},\"query-input\":{\"@type\":\"PropertyValueSpecification\",\"valueRequired\":true,\"valueName\":\"search_term_string\"}}],\"inLanguage\":\"es-AR\"},{\"@type\":\"Person\",\"@id\":\"https:\/\/www.diario21.tv\/noticias\/#\/schema\/person\/dfb778f73814d8f09f302618446a526b\",\"name\":\"Juan P\u00e9rez\",\"image\":{\"@type\":\"ImageObject\",\"inLanguage\":\"es-AR\",\"@id\":\"https:\/\/www.diario21.tv\/noticias\/#\/schema\/person\/image\/\",\"url\":\"https:\/\/secure.gravatar.com\/avatar\/c478a405bd10621167f4c3167cc770f5?s=96&d=mm&r=g\",\"contentUrl\":\"https:\/\/secure.gravatar.com\/avatar\/c478a405bd10621167f4c3167cc770f5?s=96&d=mm&r=g\",\"caption\":\"Juan P\u00e9rez\"},\"description\":\"Juan P\u00e9rez es el redactor en jefe de Diario 21. Con m\u00e1s de 10 a\u00f1os de experiencia en el periodismo, se especializa en pol\u00edtica nacional y an\u00e1lisis socioecon\u00f3mico. Su enfoque cr\u00edtico y riguroso aporta una perspectiva \u00fanica a cada art\u00edculo.\",\"sameAs\":[\"https:\/\/www.diario21.tv\/noticias\/\"],\"url\":\"https:\/\/www.diario21.tv\/noticias\/author\/juan-perez\/\"}]}<\/script>\n<!-- \/ Yoast SEO plugin. -->","yoast_head_json":{"title":"Cr\u00edticas al CNIO y su directora Mar\u00eda Blasco aumentan \u00a1Ent\u00e9rate por qu\u00e9! - Diario 21","robots":{"index":"index","follow":"follow","max-snippet":"max-snippet:-1","max-image-preview":"max-image-preview:large","max-video-preview":"max-video-preview:-1"},"canonical":"https:\/\/www.diario21.tv\/noticias\/criticas-al-cnio-y-su-directora-maria-blasco-aumentan-enterate-por-que\/","og_locale":"es_ES","og_type":"article","og_title":"Cr\u00edticas al CNIO y su directora Mar\u00eda Blasco aumentan \u00a1Ent\u00e9rate por qu\u00e9! - Diario 21","og_description":"Incremento de Descontento en el Consejo del CNIO Frente a la Direcci\u00f3n de Mar\u00eda Blasco En los \u00faltimos tiempos, el Centro Nacional de Investigaciones Oncol\u00f3gicas (CNIO), ... Seguir leyendo &rarr;","og_url":"https:\/\/www.diario21.tv\/noticias\/criticas-al-cnio-y-su-directora-maria-blasco-aumentan-enterate-por-que\/","og_site_name":"Diario 21","article_published_time":"2025-01-23T04:46:18+00:00","article_modified_time":"2025-01-23T04:46:19+00:00","og_image":[{"width":1140,"height":500,"url":"https:\/\/www.diario21.tv\/noticias\/wp-content\/uploads\/2025\/01\/Criticas-al-CNIO-y-su-directora-Maria-Blasco-aumentan-\u00a1Enterate.jpg","type":"image\/jpeg"}],"author":"Juan P\u00e9rez","twitter_card":"summary_large_image","twitter_misc":{"Escrito por":"Juan P\u00e9rez","Tiempo de lectura":"3 minutos"},"schema":{"@context":"https:\/\/schema.org","@graph":[{"@type":"WebPage","@id":"https:\/\/www.diario21.tv\/noticias\/criticas-al-cnio-y-su-directora-maria-blasco-aumentan-enterate-por-que\/","url":"https:\/\/www.diario21.tv\/noticias\/criticas-al-cnio-y-su-directora-maria-blasco-aumentan-enterate-por-que\/","name":"Cr\u00edticas al CNIO y su directora Mar\u00eda Blasco aumentan \u00a1Ent\u00e9rate por qu\u00e9! - Diario 21","isPartOf":{"@id":"https:\/\/www.diario21.tv\/noticias\/#website"},"primaryImageOfPage":{"@id":"https:\/\/www.diario21.tv\/noticias\/criticas-al-cnio-y-su-directora-maria-blasco-aumentan-enterate-por-que\/#primaryimage"},"image":{"@id":"https:\/\/www.diario21.tv\/noticias\/criticas-al-cnio-y-su-directora-maria-blasco-aumentan-enterate-por-que\/#primaryimage"},"thumbnailUrl":"https:\/\/www.diario21.tv\/noticias\/wp-content\/uploads\/2025\/01\/Criticas-al-CNIO-y-su-directora-Maria-Blasco-aumentan-\u00a1Enterate.jpg","datePublished":"2025-01-23T04:46:18+00:00","dateModified":"2025-01-23T04:46:19+00:00","author":{"@id":"https:\/\/www.diario21.tv\/noticias\/#\/schema\/person\/dfb778f73814d8f09f302618446a526b"},"breadcrumb":{"@id":"https:\/\/www.diario21.tv\/noticias\/criticas-al-cnio-y-su-directora-maria-blasco-aumentan-enterate-por-que\/#breadcrumb"},"inLanguage":"es-AR","potentialAction":[{"@type":"ReadAction","target":["https:\/\/www.diario21.tv\/noticias\/criticas-al-cnio-y-su-directora-maria-blasco-aumentan-enterate-por-que\/"]}]},{"@type":"ImageObject","inLanguage":"es-AR","@id":"https:\/\/www.diario21.tv\/noticias\/criticas-al-cnio-y-su-directora-maria-blasco-aumentan-enterate-por-que\/#primaryimage","url":"https:\/\/www.diario21.tv\/noticias\/wp-content\/uploads\/2025\/01\/Criticas-al-CNIO-y-su-directora-Maria-Blasco-aumentan-\u00a1Enterate.jpg","contentUrl":"https:\/\/www.diario21.tv\/noticias\/wp-content\/uploads\/2025\/01\/Criticas-al-CNIO-y-su-directora-Maria-Blasco-aumentan-\u00a1Enterate.jpg","width":1140,"height":500,"caption":"Crecen las cr\u00edticas en el patronato del CNIO por la gesti\u00f3n de su directora Mar\u00eda Blasco"},{"@type":"BreadcrumbList","@id":"https:\/\/www.diario21.tv\/noticias\/criticas-al-cnio-y-su-directora-maria-blasco-aumentan-enterate-por-que\/#breadcrumb","itemListElement":[{"@type":"ListItem","position":1,"name":"Accueil","item":"https:\/\/www.diario21.tv\/noticias\/"},{"@type":"ListItem","position":2,"name":"Cr\u00edticas al CNIO y su directora Mar\u00eda Blasco aumentan \u00a1Ent\u00e9rate por qu\u00e9!"}]},{"@type":"WebSite","@id":"https:\/\/www.diario21.tv\/noticias\/#website","url":"https:\/\/www.diario21.tv\/noticias\/","name":"Diario 21","description":"","potentialAction":[{"@type":"SearchAction","target":{"@type":"EntryPoint","urlTemplate":"https:\/\/www.diario21.tv\/noticias\/?s={search_term_string}"},"query-input":{"@type":"PropertyValueSpecification","valueRequired":true,"valueName":"search_term_string"}}],"inLanguage":"es-AR"},{"@type":"Person","@id":"https:\/\/www.diario21.tv\/noticias\/#\/schema\/person\/dfb778f73814d8f09f302618446a526b","name":"Juan P\u00e9rez","image":{"@type":"ImageObject","inLanguage":"es-AR","@id":"https:\/\/www.diario21.tv\/noticias\/#\/schema\/person\/image\/","url":"https:\/\/secure.gravatar.com\/avatar\/c478a405bd10621167f4c3167cc770f5?s=96&d=mm&r=g","contentUrl":"https:\/\/secure.gravatar.com\/avatar\/c478a405bd10621167f4c3167cc770f5?s=96&d=mm&r=g","caption":"Juan P\u00e9rez"},"description":"Juan P\u00e9rez es el redactor en jefe de Diario 21. Con m\u00e1s de 10 a\u00f1os de experiencia en el periodismo, se especializa en pol\u00edtica nacional y an\u00e1lisis socioecon\u00f3mico. Su enfoque cr\u00edtico y riguroso aporta una perspectiva \u00fanica a cada art\u00edculo.","sameAs":["https:\/\/www.diario21.tv\/noticias\/"],"url":"https:\/\/www.diario21.tv\/noticias\/author\/juan-perez\/"}]}},"_links":{"self":[{"href":"https:\/\/www.diario21.tv\/noticias\/wp-json\/wp\/v2\/posts\/1908"}],"collection":[{"href":"https:\/\/www.diario21.tv\/noticias\/wp-json\/wp\/v2\/posts"}],"about":[{"href":"https:\/\/www.diario21.tv\/noticias\/wp-json\/wp\/v2\/types\/post"}],"author":[{"embeddable":true,"href":"https:\/\/www.diario21.tv\/noticias\/wp-json\/wp\/v2\/users\/20"}],"replies":[{"embeddable":true,"href":"https:\/\/www.diario21.tv\/noticias\/wp-json\/wp\/v2\/comments?post=1908"}],"version-history":[{"count":1,"href":"https:\/\/www.diario21.tv\/noticias\/wp-json\/wp\/v2\/posts\/1908\/revisions"}],"predecessor-version":[{"id":1910,"href":"https:\/\/www.diario21.tv\/noticias\/wp-json\/wp\/v2\/posts\/1908\/revisions\/1910"}],"wp:featuredmedia":[{"embeddable":true,"href":"https:\/\/www.diario21.tv\/noticias\/wp-json\/wp\/v2\/media\/1909"}],"wp:attachment":[{"href":"https:\/\/www.diario21.tv\/noticias\/wp-json\/wp\/v2\/media?parent=1908"}],"wp:term":[{"taxonomy":"category","embeddable":true,"href":"https:\/\/www.diario21.tv\/noticias\/wp-json\/wp\/v2\/categories?post=1908"},{"taxonomy":"post_tag","embeddable":true,"href":"https:\/\/www.diario21.tv\/noticias\/wp-json\/wp\/v2\/tags?post=1908"}],"curies":[{"name":"wp","href":"https:\/\/api.w.org\/{rel}","templated":true}]}}