{"id":1899,"date":"2025-01-22T03:51:34","date_gmt":"2025-01-22T03:51:34","guid":{"rendered":"https:\/\/www.diario21.tv\/noticias\/alerta-en-astun-accidente-de-telesilla-con-30-heridos-17-graves\/"},"modified":"2025-01-22T03:51:35","modified_gmt":"2025-01-22T03:51:35","slug":"alerta-en-astun-accidente-de-telesilla-con-30-heridos-17-graves","status":"publish","type":"post","link":"https:\/\/www.diario21.tv\/noticias\/alerta-en-astun-accidente-de-telesilla-con-30-heridos-17-graves\/","title":{"rendered":"\u00a1Alerta en Ast\u00fan! Accidente de telesilla con 30 heridos, 17 graves."},"content":{"rendered":"<h2>Incidente en Telesilla de Ast\u00fan Resulta en M\u00faltiples Heridos<\/h2>\n<p>En un lamentable suceso registrado recientemente en la estaci\u00f3n de esqu\u00ed de Ast\u00fan, al menos 30 personas sufrieron heridas debido a un accidente en uno de los telesillas del complejo. De los afectados, se reporta que 17 presentan lesiones de gravedad.<\/p>\n<h3>Detalles del Accidente<\/h3>\n<p>El incidente ocurri\u00f3 en horas de la ma\u00f1ana, cuando un fallo mec\u00e1nico provoc\u00f3 que uno de los telesillas de la estaci\u00f3n se detuviera abruptamente, causando que varios de los usuarios del servicio sufrieran ca\u00eddas y colisiones. Las autoridades pertinentes y los equipos de rescate acudieron prontamente al lugar para asistir a los heridos y evaluar la situaci\u00f3n.<\/p>\n<h3>Respuesta Inmediata y Asistencia M\u00e9dica<\/h3>\n<p>Los servicios de emergencia, incluyendo equipos de param\u00e9dicos y ambulancias, fueron desplegados r\u00e1pidamente para atender a las v\u00edctimas. Los heridos fueron trasladados a hospitales cercanos donde reciben la atenci\u00f3n m\u00e9dica necesaria. La gravedad de las lesiones var\u00eda, pero se ha confirmado que 17 personas est\u00e1n en estado grave y est\u00e1n siendo sometidas a tratamientos intensivos.<\/p>\n<h3>Investigaciones en Curso<\/h3>\n<p>Las autoridades han iniciado una investigaci\u00f3n exhaustiva para determinar la causa exacta del fallo mec\u00e1nico que llev\u00f3 al accidente. La estaci\u00f3n de esqu\u00ed ha sido temporalmente cerrada al p\u00fablico mientras se realizan las inspecciones de seguridad necesarias en todos los equipos y facilidades del complejo.<\/p>\n<h3>Reacciones y Declaraciones<\/h3>\n<p>El gerente de la estaci\u00f3n de esqu\u00ed de Ast\u00fan ha expresado su profunda preocupaci\u00f3n y tristeza por el accidente, asegurando que la seguridad de los visitantes y trabajadores es la m\u00e1xima prioridad. Tambi\u00e9n ha prometido colaborar estrechamente con las autoridades para esclarecer los hechos y tomar las medidas adecuadas para evitar que incidentes similares se repitan en el futuro.<\/p>\n<h3>Impacto en la Comunidad y Medidas de Seguridad<\/h3>\n<p>Este accidente ha causado una gran conmoci\u00f3n en la comunidad de Ast\u00fan y entre los aficionados al esqu\u00ed en general. Muchos se preguntan sobre las medidas de seguridad existentes y si este incidente podr\u00eda haberse evitado. La estaci\u00f3n se compromete a revisar y reforzar sus protocolos de seguridad, en colaboraci\u00f3n con expertos en la materia, para garantizar que la seguridad de todos los usuarios del complejo sea la prioridad.<\/p>\n<p>Este tr\u00e1gico evento ha recordado a todos la importancia de mantener y revisar constantemente los equipos utilizados en instalaciones recreativas, especialmente en deportes que implican un alto riesgo como el esqu\u00ed.<\/p>\n\n\n<div class=\"kk-star-ratings kksr-auto kksr-align-left kksr-valign-bottom\"\n    data-payload='{&quot;align&quot;:&quot;left&quot;,&quot;id&quot;:&quot;1899&quot;,&quot;slug&quot;:&quot;default&quot;,&quot;valign&quot;:&quot;bottom&quot;,&quot;ignore&quot;:&quot;&quot;,&quot;reference&quot;:&quot;auto&quot;,&quot;class&quot;:&quot;&quot;,&quot;count&quot;:&quot;0&quot;,&quot;legendonly&quot;:&quot;&quot;,&quot;readonly&quot;:&quot;&quot;,&quot;score&quot;:&quot;0&quot;,&quot;starsonly&quot;:&quot;&quot;,&quot;best&quot;:&quot;5&quot;,&quot;gap&quot;:&quot;5&quot;,&quot;greet&quot;:&quot;Valora este post&quot;,&quot;legend&quot;:&quot;0\\\/5 - (0 votes)&quot;,&quot;size&quot;:&quot;22&quot;,&quot;title&quot;:&quot;\u00a1Alerta en Ast\u00fan! Accidente de telesilla con 30 heridos, 17 graves.&quot;,&quot;width&quot;:&quot;0&quot;,&quot;_legend&quot;:&quot;{score}\\\/{best} - ({count} {votes})&quot;,&quot;font_factor&quot;:&quot;1.25&quot;}'>\n            \n<div class=\"kksr-stars\">\n    \n<div class=\"kksr-stars-inactive\">\n            <div class=\"kksr-star\" data-star=\"1\" style=\"padding-right: 5px\">\n            \n\n<div class=\"kksr-icon\" style=\"width: 22px; height: 22px;\"><\/div>\n        <\/div>\n            <div class=\"kksr-star\" data-star=\"2\" style=\"padding-right: 5px\">\n            \n\n<div class=\"kksr-icon\" style=\"width: 22px; height: 22px;\"><\/div>\n        <\/div>\n            <div class=\"kksr-star\" data-star=\"3\" style=\"padding-right: 5px\">\n            \n\n<div class=\"kksr-icon\" style=\"width: 22px; height: 22px;\"><\/div>\n        <\/div>\n            <div class=\"kksr-star\" data-star=\"4\" style=\"padding-right: 5px\">\n            \n\n<div class=\"kksr-icon\" style=\"width: 22px; height: 22px;\"><\/div>\n        <\/div>\n            <div class=\"kksr-star\" data-star=\"5\" style=\"padding-right: 5px\">\n            \n\n<div class=\"kksr-icon\" style=\"width: 22px; height: 22px;\"><\/div>\n        <\/div>\n    <\/div>\n    \n<div class=\"kksr-stars-active\" style=\"width: 0px;\">\n            <div class=\"kksr-star\" style=\"padding-right: 5px\">\n            \n\n<div class=\"kksr-icon\" style=\"width: 22px; height: 22px;\"><\/div>\n        <\/div>\n            <div class=\"kksr-star\" style=\"padding-right: 5px\">\n            \n\n<div class=\"kksr-icon\" style=\"width: 22px; height: 22px;\"><\/div>\n        <\/div>\n            <div class=\"kksr-star\" style=\"padding-right: 5px\">\n            \n\n<div class=\"kksr-icon\" style=\"width: 22px; height: 22px;\"><\/div>\n        <\/div>\n            <div class=\"kksr-star\" style=\"padding-right: 5px\">\n            \n\n<div class=\"kksr-icon\" style=\"width: 22px; height: 22px;\"><\/div>\n        <\/div>\n            <div class=\"kksr-star\" style=\"padding-right: 5px\">\n            \n\n<div class=\"kksr-icon\" style=\"width: 22px; height: 22px;\"><\/div>\n        <\/div>\n    <\/div>\n<\/div>\n                \n\n<div class=\"kksr-legend\" style=\"font-size: 17.6px;\">\n            <span class=\"kksr-muted\">Valora este post<\/span>\n    <\/div>\n    <\/div>\n","protected":false},"excerpt":{"rendered":"<p>Incidente en Telesilla de Ast\u00fan Resulta en M\u00faltiples Heridos En un lamentable suceso registrado recientemente en la estaci\u00f3n de esqu\u00ed de Ast\u00fan, al menos 30 personas &#8230; <a title=\"\u00a1Alerta en Ast\u00fan! Accidente de telesilla con 30 heridos, 17 graves.\" class=\"read-more\" href=\"https:\/\/www.diario21.tv\/noticias\/alerta-en-astun-accidente-de-telesilla-con-30-heridos-17-graves\/\" aria-label=\"Leer m\u00e1s sobre \u00a1Alerta en Ast\u00fan! Accidente de telesilla con 30 heridos, 17 graves.\">Seguir leyendo &rarr;<\/a><\/p>\n","protected":false},"author":20,"featured_media":1900,"comment_status":"open","ping_status":"open","sticky":false,"template":"","format":"standard","meta":{"footnotes":""},"categories":[13],"tags":[],"class_list":["post-1899","post","type-post","status-publish","format-standard","has-post-thumbnail","hentry","category-portada"],"yoast_head":"<!-- This site is optimized with the Yoast SEO plugin v25.6 - https:\/\/yoast.com\/wordpress\/plugins\/seo\/ -->\n<title>\u00a1Alerta en Ast\u00fan! Accidente de telesilla con 30 heridos, 17 graves. - Diario 21<\/title>\n<meta name=\"robots\" content=\"index, follow, max-snippet:-1, max-image-preview:large, max-video-preview:-1\" \/>\n<link rel=\"canonical\" href=\"https:\/\/www.diario21.tv\/noticias\/alerta-en-astun-accidente-de-telesilla-con-30-heridos-17-graves\/\" \/>\n<meta property=\"og:locale\" content=\"es_ES\" \/>\n<meta property=\"og:type\" content=\"article\" \/>\n<meta property=\"og:title\" content=\"\u00a1Alerta en Ast\u00fan! Accidente de telesilla con 30 heridos, 17 graves. - Diario 21\" \/>\n<meta property=\"og:description\" content=\"Incidente en Telesilla de Ast\u00fan Resulta en M\u00faltiples Heridos En un lamentable suceso registrado recientemente en la estaci\u00f3n de esqu\u00ed de Ast\u00fan, al menos 30 personas ... Seguir leyendo &rarr;\" \/>\n<meta property=\"og:url\" content=\"https:\/\/www.diario21.tv\/noticias\/alerta-en-astun-accidente-de-telesilla-con-30-heridos-17-graves\/\" \/>\n<meta property=\"og:site_name\" content=\"Diario 21\" \/>\n<meta property=\"article:published_time\" content=\"2025-01-22T03:51:34+00:00\" \/>\n<meta property=\"article:modified_time\" content=\"2025-01-22T03:51:35+00:00\" \/>\n<meta property=\"og:image\" content=\"https:\/\/www.diario21.tv\/noticias\/wp-content\/uploads\/2025\/01\/\u00a1Alerta-en-Astun-Accidente-de-telesilla-con-30-heridos-17.jpg\" \/>\n\t<meta property=\"og:image:width\" content=\"1920\" \/>\n\t<meta property=\"og:image:height\" content=\"1080\" \/>\n\t<meta property=\"og:image:type\" content=\"image\/jpeg\" \/>\n<meta name=\"author\" content=\"Juan P\u00e9rez\" \/>\n<meta name=\"twitter:card\" content=\"summary_large_image\" \/>\n<meta name=\"twitter:label1\" content=\"Escrito por\" \/>\n\t<meta name=\"twitter:data1\" content=\"Juan P\u00e9rez\" \/>\n\t<meta name=\"twitter:label2\" content=\"Tiempo de lectura\" \/>\n\t<meta name=\"twitter:data2\" content=\"2 minutos\" \/>\n<script type=\"application\/ld+json\" class=\"yoast-schema-graph\">{\"@context\":\"https:\/\/schema.org\",\"@graph\":[{\"@type\":\"WebPage\",\"@id\":\"https:\/\/www.diario21.tv\/noticias\/alerta-en-astun-accidente-de-telesilla-con-30-heridos-17-graves\/\",\"url\":\"https:\/\/www.diario21.tv\/noticias\/alerta-en-astun-accidente-de-telesilla-con-30-heridos-17-graves\/\",\"name\":\"\u00a1Alerta en Ast\u00fan! Accidente de telesilla con 30 heridos, 17 graves. - Diario 21\",\"isPartOf\":{\"@id\":\"https:\/\/www.diario21.tv\/noticias\/#website\"},\"primaryImageOfPage\":{\"@id\":\"https:\/\/www.diario21.tv\/noticias\/alerta-en-astun-accidente-de-telesilla-con-30-heridos-17-graves\/#primaryimage\"},\"image\":{\"@id\":\"https:\/\/www.diario21.tv\/noticias\/alerta-en-astun-accidente-de-telesilla-con-30-heridos-17-graves\/#primaryimage\"},\"thumbnailUrl\":\"https:\/\/www.diario21.tv\/noticias\/wp-content\/uploads\/2025\/01\/\u00a1Alerta-en-Astun-Accidente-de-telesilla-con-30-heridos-17.jpg\",\"datePublished\":\"2025-01-22T03:51:34+00:00\",\"dateModified\":\"2025-01-22T03:51:35+00:00\",\"author\":{\"@id\":\"https:\/\/www.diario21.tv\/noticias\/#\/schema\/person\/dfb778f73814d8f09f302618446a526b\"},\"breadcrumb\":{\"@id\":\"https:\/\/www.diario21.tv\/noticias\/alerta-en-astun-accidente-de-telesilla-con-30-heridos-17-graves\/#breadcrumb\"},\"inLanguage\":\"es-AR\",\"potentialAction\":[{\"@type\":\"ReadAction\",\"target\":[\"https:\/\/www.diario21.tv\/noticias\/alerta-en-astun-accidente-de-telesilla-con-30-heridos-17-graves\/\"]}]},{\"@type\":\"ImageObject\",\"inLanguage\":\"es-AR\",\"@id\":\"https:\/\/www.diario21.tv\/noticias\/alerta-en-astun-accidente-de-telesilla-con-30-heridos-17-graves\/#primaryimage\",\"url\":\"https:\/\/www.diario21.tv\/noticias\/wp-content\/uploads\/2025\/01\/\u00a1Alerta-en-Astun-Accidente-de-telesilla-con-30-heridos-17.jpg\",\"contentUrl\":\"https:\/\/www.diario21.tv\/noticias\/wp-content\/uploads\/2025\/01\/\u00a1Alerta-en-Astun-Accidente-de-telesilla-con-30-heridos-17.jpg\",\"width\":1920,\"height\":1080,\"caption\":\"Un accidente en un telesilla en la estaci\u00f3n en Ast\u00fan deja al menos 30 heridos, 17 de ellos graves\"},{\"@type\":\"BreadcrumbList\",\"@id\":\"https:\/\/www.diario21.tv\/noticias\/alerta-en-astun-accidente-de-telesilla-con-30-heridos-17-graves\/#breadcrumb\",\"itemListElement\":[{\"@type\":\"ListItem\",\"position\":1,\"name\":\"Accueil\",\"item\":\"https:\/\/www.diario21.tv\/noticias\/\"},{\"@type\":\"ListItem\",\"position\":2,\"name\":\"\u00a1Alerta en Ast\u00fan! Accidente de telesilla con 30 heridos, 17 graves.\"}]},{\"@type\":\"WebSite\",\"@id\":\"https:\/\/www.diario21.tv\/noticias\/#website\",\"url\":\"https:\/\/www.diario21.tv\/noticias\/\",\"name\":\"Diario 21\",\"description\":\"\",\"potentialAction\":[{\"@type\":\"SearchAction\",\"target\":{\"@type\":\"EntryPoint\",\"urlTemplate\":\"https:\/\/www.diario21.tv\/noticias\/?s={search_term_string}\"},\"query-input\":{\"@type\":\"PropertyValueSpecification\",\"valueRequired\":true,\"valueName\":\"search_term_string\"}}],\"inLanguage\":\"es-AR\"},{\"@type\":\"Person\",\"@id\":\"https:\/\/www.diario21.tv\/noticias\/#\/schema\/person\/dfb778f73814d8f09f302618446a526b\",\"name\":\"Juan P\u00e9rez\",\"image\":{\"@type\":\"ImageObject\",\"inLanguage\":\"es-AR\",\"@id\":\"https:\/\/www.diario21.tv\/noticias\/#\/schema\/person\/image\/\",\"url\":\"https:\/\/secure.gravatar.com\/avatar\/c478a405bd10621167f4c3167cc770f5?s=96&d=mm&r=g\",\"contentUrl\":\"https:\/\/secure.gravatar.com\/avatar\/c478a405bd10621167f4c3167cc770f5?s=96&d=mm&r=g\",\"caption\":\"Juan P\u00e9rez\"},\"description\":\"Juan P\u00e9rez es el redactor en jefe de Diario 21. Con m\u00e1s de 10 a\u00f1os de experiencia en el periodismo, se especializa en pol\u00edtica nacional y an\u00e1lisis socioecon\u00f3mico. Su enfoque cr\u00edtico y riguroso aporta una perspectiva \u00fanica a cada art\u00edculo.\",\"sameAs\":[\"https:\/\/www.diario21.tv\/noticias\/\"],\"url\":\"https:\/\/www.diario21.tv\/noticias\/author\/juan-perez\/\"}]}<\/script>\n<!-- \/ Yoast SEO plugin. -->","yoast_head_json":{"title":"\u00a1Alerta en Ast\u00fan! Accidente de telesilla con 30 heridos, 17 graves. - Diario 21","robots":{"index":"index","follow":"follow","max-snippet":"max-snippet:-1","max-image-preview":"max-image-preview:large","max-video-preview":"max-video-preview:-1"},"canonical":"https:\/\/www.diario21.tv\/noticias\/alerta-en-astun-accidente-de-telesilla-con-30-heridos-17-graves\/","og_locale":"es_ES","og_type":"article","og_title":"\u00a1Alerta en Ast\u00fan! Accidente de telesilla con 30 heridos, 17 graves. - Diario 21","og_description":"Incidente en Telesilla de Ast\u00fan Resulta en M\u00faltiples Heridos En un lamentable suceso registrado recientemente en la estaci\u00f3n de esqu\u00ed de Ast\u00fan, al menos 30 personas ... Seguir leyendo &rarr;","og_url":"https:\/\/www.diario21.tv\/noticias\/alerta-en-astun-accidente-de-telesilla-con-30-heridos-17-graves\/","og_site_name":"Diario 21","article_published_time":"2025-01-22T03:51:34+00:00","article_modified_time":"2025-01-22T03:51:35+00:00","og_image":[{"width":1920,"height":1080,"url":"https:\/\/www.diario21.tv\/noticias\/wp-content\/uploads\/2025\/01\/\u00a1Alerta-en-Astun-Accidente-de-telesilla-con-30-heridos-17.jpg","type":"image\/jpeg"}],"author":"Juan P\u00e9rez","twitter_card":"summary_large_image","twitter_misc":{"Escrito por":"Juan P\u00e9rez","Tiempo de lectura":"2 minutos"},"schema":{"@context":"https:\/\/schema.org","@graph":[{"@type":"WebPage","@id":"https:\/\/www.diario21.tv\/noticias\/alerta-en-astun-accidente-de-telesilla-con-30-heridos-17-graves\/","url":"https:\/\/www.diario21.tv\/noticias\/alerta-en-astun-accidente-de-telesilla-con-30-heridos-17-graves\/","name":"\u00a1Alerta en Ast\u00fan! Accidente de telesilla con 30 heridos, 17 graves. - Diario 21","isPartOf":{"@id":"https:\/\/www.diario21.tv\/noticias\/#website"},"primaryImageOfPage":{"@id":"https:\/\/www.diario21.tv\/noticias\/alerta-en-astun-accidente-de-telesilla-con-30-heridos-17-graves\/#primaryimage"},"image":{"@id":"https:\/\/www.diario21.tv\/noticias\/alerta-en-astun-accidente-de-telesilla-con-30-heridos-17-graves\/#primaryimage"},"thumbnailUrl":"https:\/\/www.diario21.tv\/noticias\/wp-content\/uploads\/2025\/01\/\u00a1Alerta-en-Astun-Accidente-de-telesilla-con-30-heridos-17.jpg","datePublished":"2025-01-22T03:51:34+00:00","dateModified":"2025-01-22T03:51:35+00:00","author":{"@id":"https:\/\/www.diario21.tv\/noticias\/#\/schema\/person\/dfb778f73814d8f09f302618446a526b"},"breadcrumb":{"@id":"https:\/\/www.diario21.tv\/noticias\/alerta-en-astun-accidente-de-telesilla-con-30-heridos-17-graves\/#breadcrumb"},"inLanguage":"es-AR","potentialAction":[{"@type":"ReadAction","target":["https:\/\/www.diario21.tv\/noticias\/alerta-en-astun-accidente-de-telesilla-con-30-heridos-17-graves\/"]}]},{"@type":"ImageObject","inLanguage":"es-AR","@id":"https:\/\/www.diario21.tv\/noticias\/alerta-en-astun-accidente-de-telesilla-con-30-heridos-17-graves\/#primaryimage","url":"https:\/\/www.diario21.tv\/noticias\/wp-content\/uploads\/2025\/01\/\u00a1Alerta-en-Astun-Accidente-de-telesilla-con-30-heridos-17.jpg","contentUrl":"https:\/\/www.diario21.tv\/noticias\/wp-content\/uploads\/2025\/01\/\u00a1Alerta-en-Astun-Accidente-de-telesilla-con-30-heridos-17.jpg","width":1920,"height":1080,"caption":"Un accidente en un telesilla en la estaci\u00f3n en Ast\u00fan deja al menos 30 heridos, 17 de ellos graves"},{"@type":"BreadcrumbList","@id":"https:\/\/www.diario21.tv\/noticias\/alerta-en-astun-accidente-de-telesilla-con-30-heridos-17-graves\/#breadcrumb","itemListElement":[{"@type":"ListItem","position":1,"name":"Accueil","item":"https:\/\/www.diario21.tv\/noticias\/"},{"@type":"ListItem","position":2,"name":"\u00a1Alerta en Ast\u00fan! Accidente de telesilla con 30 heridos, 17 graves."}]},{"@type":"WebSite","@id":"https:\/\/www.diario21.tv\/noticias\/#website","url":"https:\/\/www.diario21.tv\/noticias\/","name":"Diario 21","description":"","potentialAction":[{"@type":"SearchAction","target":{"@type":"EntryPoint","urlTemplate":"https:\/\/www.diario21.tv\/noticias\/?s={search_term_string}"},"query-input":{"@type":"PropertyValueSpecification","valueRequired":true,"valueName":"search_term_string"}}],"inLanguage":"es-AR"},{"@type":"Person","@id":"https:\/\/www.diario21.tv\/noticias\/#\/schema\/person\/dfb778f73814d8f09f302618446a526b","name":"Juan P\u00e9rez","image":{"@type":"ImageObject","inLanguage":"es-AR","@id":"https:\/\/www.diario21.tv\/noticias\/#\/schema\/person\/image\/","url":"https:\/\/secure.gravatar.com\/avatar\/c478a405bd10621167f4c3167cc770f5?s=96&d=mm&r=g","contentUrl":"https:\/\/secure.gravatar.com\/avatar\/c478a405bd10621167f4c3167cc770f5?s=96&d=mm&r=g","caption":"Juan P\u00e9rez"},"description":"Juan P\u00e9rez es el redactor en jefe de Diario 21. Con m\u00e1s de 10 a\u00f1os de experiencia en el periodismo, se especializa en pol\u00edtica nacional y an\u00e1lisis socioecon\u00f3mico. Su enfoque cr\u00edtico y riguroso aporta una perspectiva \u00fanica a cada art\u00edculo.","sameAs":["https:\/\/www.diario21.tv\/noticias\/"],"url":"https:\/\/www.diario21.tv\/noticias\/author\/juan-perez\/"}]}},"_links":{"self":[{"href":"https:\/\/www.diario21.tv\/noticias\/wp-json\/wp\/v2\/posts\/1899"}],"collection":[{"href":"https:\/\/www.diario21.tv\/noticias\/wp-json\/wp\/v2\/posts"}],"about":[{"href":"https:\/\/www.diario21.tv\/noticias\/wp-json\/wp\/v2\/types\/post"}],"author":[{"embeddable":true,"href":"https:\/\/www.diario21.tv\/noticias\/wp-json\/wp\/v2\/users\/20"}],"replies":[{"embeddable":true,"href":"https:\/\/www.diario21.tv\/noticias\/wp-json\/wp\/v2\/comments?post=1899"}],"version-history":[{"count":1,"href":"https:\/\/www.diario21.tv\/noticias\/wp-json\/wp\/v2\/posts\/1899\/revisions"}],"predecessor-version":[{"id":1901,"href":"https:\/\/www.diario21.tv\/noticias\/wp-json\/wp\/v2\/posts\/1899\/revisions\/1901"}],"wp:featuredmedia":[{"embeddable":true,"href":"https:\/\/www.diario21.tv\/noticias\/wp-json\/wp\/v2\/media\/1900"}],"wp:attachment":[{"href":"https:\/\/www.diario21.tv\/noticias\/wp-json\/wp\/v2\/media?parent=1899"}],"wp:term":[{"taxonomy":"category","embeddable":true,"href":"https:\/\/www.diario21.tv\/noticias\/wp-json\/wp\/v2\/categories?post=1899"},{"taxonomy":"post_tag","embeddable":true,"href":"https:\/\/www.diario21.tv\/noticias\/wp-json\/wp\/v2\/tags?post=1899"}],"curies":[{"name":"wp","href":"https:\/\/api.w.org\/{rel}","templated":true}]}}