{"id":1875,"date":"2025-01-20T02:00:29","date_gmt":"2025-01-20T02:00:29","guid":{"rendered":"https:\/\/www.diario21.tv\/noticias\/impactante-tres-arrestados-por-violacion-grupal-en-barcelona\/"},"modified":"2025-01-20T02:00:31","modified_gmt":"2025-01-20T02:00:31","slug":"impactante-tres-arrestados-por-violacion-grupal-en-barcelona","status":"publish","type":"post","link":"https:\/\/www.diario21.tv\/noticias\/impactante-tres-arrestados-por-violacion-grupal-en-barcelona\/","title":{"rendered":"\u00a1Impactante! Tres arrestados por violaci\u00f3n grupal en Barcelona"},"content":{"rendered":"<h2>Arresto de Tres Sospechosos por Supuesta Violaci\u00f3n en Grupo en Barcelona<\/h2>\n<p>Tres individuos han sido arrestados en relaci\u00f3n con un presunto caso de violaci\u00f3n grupal ocurrido en Barcelona. Las autoridades informaron que el incidente tuvo lugar durante la madrugada en un distrito central de la ciudad, generando una r\u00e1pida respuesta por parte de las fuerzas de seguridad.<\/p>\n<h3>Detalles del Incidente<\/h3>\n<p>Seg\u00fan reportes de la polic\u00eda, la presunta agresi\u00f3n sexual se llev\u00f3 a cabo en un apartamento local despu\u00e9s de que los sospechosos y la v\u00edctima se encontraran en un establecimiento nocturno cercano. Tras varias horas de interacci\u00f3n, se dirigieron al domicilio donde ocurrieron los hechos denunciados.<\/p>\n<p>La v\u00edctima, cuya identidad no ha sido divulgada para proteger su privacidad, logr\u00f3 contactar a las autoridades poco despu\u00e9s del suceso. Esto permiti\u00f3 que la polic\u00eda actuara de manera expedita para localizar y detener a los presuntos agresores en las inmediaciones del lugar de los hechos.<\/p>\n<h3>Reacciones y Procedimientos Legales<\/h3>\n<p>La noticia ha provocado una fuerte reacci\u00f3n entre los residentes y grupos defensores de los derechos humanos, quienes exigen justicia y medidas m\u00e1s severas contra los delitos sexuales. En respuesta, las autoridades han asegurado que est\u00e1n llevando a cabo una investigaci\u00f3n exhaustiva y que los detenidos ser\u00e1n sometidos a un proceso judicial riguroso.<\/p>\n<p>El sistema judicial est\u00e1 en proceso de recabar todas las pruebas necesarias, incluyendo testimonios, im\u00e1genes de c\u00e1maras de seguridad y an\u00e1lisis forenses, para esclarecer completamente los hechos y determinar la culpabilidad de los sospechosos. <\/p>\n<h3>Impacto en la Comunidad<\/h3>\n<p>Este incidente ha resaltado la necesidad de fortalecer la seguridad en \u00e1reas nocturnas y de incrementar la conciencia sobre la importancia del consentimiento y la prevenci\u00f3n de violencia sexual. Diversas organizaciones locales han comenzado a organizar talleres y charlas para educar a la poblaci\u00f3n sobre estos temas cr\u00edticos.<\/p>\n<p>La comunidad en general ha mostrado solidaridad con la v\u00edctima y reitera su apoyo a las medidas que buscan erradicar la violencia de g\u00e9nero en la ciudad. La esperanza es que este caso sirva como un catalizador para cambios positivos y para una mayor protecci\u00f3n de todos los ciudadanos.<\/p>\n<p>Este suceso contin\u00faa bajo investigaci\u00f3n y los detenidos permanecen en custodia a la espera de m\u00e1s desarrollos. Las autoridades han hecho un llamado a cualquier persona que pueda tener informaci\u00f3n adicional sobre el caso a que se presente y colabore con la justicia.<\/p>\n\n\n<div class=\"kk-star-ratings kksr-auto kksr-align-left kksr-valign-bottom\"\n    data-payload='{&quot;align&quot;:&quot;left&quot;,&quot;id&quot;:&quot;1875&quot;,&quot;slug&quot;:&quot;default&quot;,&quot;valign&quot;:&quot;bottom&quot;,&quot;ignore&quot;:&quot;&quot;,&quot;reference&quot;:&quot;auto&quot;,&quot;class&quot;:&quot;&quot;,&quot;count&quot;:&quot;0&quot;,&quot;legendonly&quot;:&quot;&quot;,&quot;readonly&quot;:&quot;&quot;,&quot;score&quot;:&quot;0&quot;,&quot;starsonly&quot;:&quot;&quot;,&quot;best&quot;:&quot;5&quot;,&quot;gap&quot;:&quot;5&quot;,&quot;greet&quot;:&quot;Valora este post&quot;,&quot;legend&quot;:&quot;0\\\/5 - (0 votes)&quot;,&quot;size&quot;:&quot;22&quot;,&quot;title&quot;:&quot;\u00a1Impactante! Tres arrestados por violaci\u00f3n grupal en Barcelona&quot;,&quot;width&quot;:&quot;0&quot;,&quot;_legend&quot;:&quot;{score}\\\/{best} - ({count} {votes})&quot;,&quot;font_factor&quot;:&quot;1.25&quot;}'>\n            \n<div class=\"kksr-stars\">\n    \n<div class=\"kksr-stars-inactive\">\n            <div class=\"kksr-star\" data-star=\"1\" style=\"padding-right: 5px\">\n            \n\n<div class=\"kksr-icon\" style=\"width: 22px; height: 22px;\"><\/div>\n        <\/div>\n            <div class=\"kksr-star\" data-star=\"2\" style=\"padding-right: 5px\">\n            \n\n<div class=\"kksr-icon\" style=\"width: 22px; height: 22px;\"><\/div>\n        <\/div>\n            <div class=\"kksr-star\" data-star=\"3\" style=\"padding-right: 5px\">\n            \n\n<div class=\"kksr-icon\" style=\"width: 22px; height: 22px;\"><\/div>\n        <\/div>\n            <div class=\"kksr-star\" data-star=\"4\" style=\"padding-right: 5px\">\n            \n\n<div class=\"kksr-icon\" style=\"width: 22px; height: 22px;\"><\/div>\n        <\/div>\n            <div class=\"kksr-star\" data-star=\"5\" style=\"padding-right: 5px\">\n            \n\n<div class=\"kksr-icon\" style=\"width: 22px; height: 22px;\"><\/div>\n        <\/div>\n    <\/div>\n    \n<div class=\"kksr-stars-active\" style=\"width: 0px;\">\n            <div class=\"kksr-star\" style=\"padding-right: 5px\">\n            \n\n<div class=\"kksr-icon\" style=\"width: 22px; height: 22px;\"><\/div>\n        <\/div>\n            <div class=\"kksr-star\" style=\"padding-right: 5px\">\n            \n\n<div class=\"kksr-icon\" style=\"width: 22px; height: 22px;\"><\/div>\n        <\/div>\n            <div class=\"kksr-star\" style=\"padding-right: 5px\">\n            \n\n<div class=\"kksr-icon\" style=\"width: 22px; height: 22px;\"><\/div>\n        <\/div>\n            <div class=\"kksr-star\" style=\"padding-right: 5px\">\n            \n\n<div class=\"kksr-icon\" style=\"width: 22px; height: 22px;\"><\/div>\n        <\/div>\n            <div class=\"kksr-star\" style=\"padding-right: 5px\">\n            \n\n<div class=\"kksr-icon\" style=\"width: 22px; height: 22px;\"><\/div>\n        <\/div>\n    <\/div>\n<\/div>\n                \n\n<div class=\"kksr-legend\" style=\"font-size: 17.6px;\">\n            <span class=\"kksr-muted\">Valora este post<\/span>\n    <\/div>\n    <\/div>\n","protected":false},"excerpt":{"rendered":"<p>Arresto de Tres Sospechosos por Supuesta Violaci\u00f3n en Grupo en Barcelona Tres individuos han sido arrestados en relaci\u00f3n con un presunto caso de violaci\u00f3n grupal ocurrido &#8230; <a title=\"\u00a1Impactante! Tres arrestados por violaci\u00f3n grupal en Barcelona\" class=\"read-more\" href=\"https:\/\/www.diario21.tv\/noticias\/impactante-tres-arrestados-por-violacion-grupal-en-barcelona\/\" aria-label=\"Leer m\u00e1s sobre \u00a1Impactante! Tres arrestados por violaci\u00f3n grupal en Barcelona\">Seguir leyendo &rarr;<\/a><\/p>\n","protected":false},"author":20,"featured_media":1876,"comment_status":"open","ping_status":"open","sticky":false,"template":"","format":"standard","meta":{"footnotes":""},"categories":[13],"tags":[],"class_list":["post-1875","post","type-post","status-publish","format-standard","has-post-thumbnail","hentry","category-portada"],"yoast_head":"<!-- This site is optimized with the Yoast SEO plugin v25.6 - https:\/\/yoast.com\/wordpress\/plugins\/seo\/ -->\n<title>\u00a1Impactante! Tres arrestados por violaci\u00f3n grupal en Barcelona - Diario 21<\/title>\n<meta name=\"robots\" content=\"index, follow, max-snippet:-1, max-image-preview:large, max-video-preview:-1\" \/>\n<link rel=\"canonical\" href=\"https:\/\/www.diario21.tv\/noticias\/impactante-tres-arrestados-por-violacion-grupal-en-barcelona\/\" \/>\n<meta property=\"og:locale\" content=\"es_ES\" \/>\n<meta property=\"og:type\" content=\"article\" \/>\n<meta property=\"og:title\" content=\"\u00a1Impactante! Tres arrestados por violaci\u00f3n grupal en Barcelona - Diario 21\" \/>\n<meta property=\"og:description\" content=\"Arresto de Tres Sospechosos por Supuesta Violaci\u00f3n en Grupo en Barcelona Tres individuos han sido arrestados en relaci\u00f3n con un presunto caso de violaci\u00f3n grupal ocurrido ... Seguir leyendo &rarr;\" \/>\n<meta property=\"og:url\" content=\"https:\/\/www.diario21.tv\/noticias\/impactante-tres-arrestados-por-violacion-grupal-en-barcelona\/\" \/>\n<meta property=\"og:site_name\" content=\"Diario 21\" \/>\n<meta property=\"article:published_time\" content=\"2025-01-20T02:00:29+00:00\" \/>\n<meta property=\"article:modified_time\" content=\"2025-01-20T02:00:31+00:00\" \/>\n<meta property=\"og:image\" content=\"https:\/\/www.diario21.tv\/noticias\/wp-content\/uploads\/2025\/01\/\u00a1Impactante-Tres-arrestados-por-violacion-grupal-en-Barcelona.jpg\" \/>\n\t<meta property=\"og:image:width\" content=\"1920\" \/>\n\t<meta property=\"og:image:height\" content=\"1080\" \/>\n\t<meta property=\"og:image:type\" content=\"image\/jpeg\" \/>\n<meta name=\"author\" content=\"Juan P\u00e9rez\" \/>\n<meta name=\"twitter:card\" content=\"summary_large_image\" \/>\n<meta name=\"twitter:label1\" content=\"Escrito por\" \/>\n\t<meta name=\"twitter:data1\" content=\"Juan P\u00e9rez\" \/>\n\t<meta name=\"twitter:label2\" content=\"Tiempo de lectura\" \/>\n\t<meta name=\"twitter:data2\" content=\"2 minutos\" \/>\n<script type=\"application\/ld+json\" class=\"yoast-schema-graph\">{\"@context\":\"https:\/\/schema.org\",\"@graph\":[{\"@type\":\"WebPage\",\"@id\":\"https:\/\/www.diario21.tv\/noticias\/impactante-tres-arrestados-por-violacion-grupal-en-barcelona\/\",\"url\":\"https:\/\/www.diario21.tv\/noticias\/impactante-tres-arrestados-por-violacion-grupal-en-barcelona\/\",\"name\":\"\u00a1Impactante! Tres arrestados por violaci\u00f3n grupal en Barcelona - Diario 21\",\"isPartOf\":{\"@id\":\"https:\/\/www.diario21.tv\/noticias\/#website\"},\"primaryImageOfPage\":{\"@id\":\"https:\/\/www.diario21.tv\/noticias\/impactante-tres-arrestados-por-violacion-grupal-en-barcelona\/#primaryimage\"},\"image\":{\"@id\":\"https:\/\/www.diario21.tv\/noticias\/impactante-tres-arrestados-por-violacion-grupal-en-barcelona\/#primaryimage\"},\"thumbnailUrl\":\"https:\/\/www.diario21.tv\/noticias\/wp-content\/uploads\/2025\/01\/\u00a1Impactante-Tres-arrestados-por-violacion-grupal-en-Barcelona.jpg\",\"datePublished\":\"2025-01-20T02:00:29+00:00\",\"dateModified\":\"2025-01-20T02:00:31+00:00\",\"author\":{\"@id\":\"https:\/\/www.diario21.tv\/noticias\/#\/schema\/person\/dfb778f73814d8f09f302618446a526b\"},\"breadcrumb\":{\"@id\":\"https:\/\/www.diario21.tv\/noticias\/impactante-tres-arrestados-por-violacion-grupal-en-barcelona\/#breadcrumb\"},\"inLanguage\":\"es-AR\",\"potentialAction\":[{\"@type\":\"ReadAction\",\"target\":[\"https:\/\/www.diario21.tv\/noticias\/impactante-tres-arrestados-por-violacion-grupal-en-barcelona\/\"]}]},{\"@type\":\"ImageObject\",\"inLanguage\":\"es-AR\",\"@id\":\"https:\/\/www.diario21.tv\/noticias\/impactante-tres-arrestados-por-violacion-grupal-en-barcelona\/#primaryimage\",\"url\":\"https:\/\/www.diario21.tv\/noticias\/wp-content\/uploads\/2025\/01\/\u00a1Impactante-Tres-arrestados-por-violacion-grupal-en-Barcelona.jpg\",\"contentUrl\":\"https:\/\/www.diario21.tv\/noticias\/wp-content\/uploads\/2025\/01\/\u00a1Impactante-Tres-arrestados-por-violacion-grupal-en-Barcelona.jpg\",\"width\":1920,\"height\":1080,\"caption\":\"Tres detenidos por una presunta violaci\u00f3n grupal en Barcelona\"},{\"@type\":\"BreadcrumbList\",\"@id\":\"https:\/\/www.diario21.tv\/noticias\/impactante-tres-arrestados-por-violacion-grupal-en-barcelona\/#breadcrumb\",\"itemListElement\":[{\"@type\":\"ListItem\",\"position\":1,\"name\":\"Accueil\",\"item\":\"https:\/\/www.diario21.tv\/noticias\/\"},{\"@type\":\"ListItem\",\"position\":2,\"name\":\"\u00a1Impactante! Tres arrestados por violaci\u00f3n grupal en Barcelona\"}]},{\"@type\":\"WebSite\",\"@id\":\"https:\/\/www.diario21.tv\/noticias\/#website\",\"url\":\"https:\/\/www.diario21.tv\/noticias\/\",\"name\":\"Diario 21\",\"description\":\"\",\"potentialAction\":[{\"@type\":\"SearchAction\",\"target\":{\"@type\":\"EntryPoint\",\"urlTemplate\":\"https:\/\/www.diario21.tv\/noticias\/?s={search_term_string}\"},\"query-input\":{\"@type\":\"PropertyValueSpecification\",\"valueRequired\":true,\"valueName\":\"search_term_string\"}}],\"inLanguage\":\"es-AR\"},{\"@type\":\"Person\",\"@id\":\"https:\/\/www.diario21.tv\/noticias\/#\/schema\/person\/dfb778f73814d8f09f302618446a526b\",\"name\":\"Juan P\u00e9rez\",\"image\":{\"@type\":\"ImageObject\",\"inLanguage\":\"es-AR\",\"@id\":\"https:\/\/www.diario21.tv\/noticias\/#\/schema\/person\/image\/\",\"url\":\"https:\/\/secure.gravatar.com\/avatar\/c478a405bd10621167f4c3167cc770f5?s=96&d=mm&r=g\",\"contentUrl\":\"https:\/\/secure.gravatar.com\/avatar\/c478a405bd10621167f4c3167cc770f5?s=96&d=mm&r=g\",\"caption\":\"Juan P\u00e9rez\"},\"description\":\"Juan P\u00e9rez es el redactor en jefe de Diario 21. Con m\u00e1s de 10 a\u00f1os de experiencia en el periodismo, se especializa en pol\u00edtica nacional y an\u00e1lisis socioecon\u00f3mico. Su enfoque cr\u00edtico y riguroso aporta una perspectiva \u00fanica a cada art\u00edculo.\",\"sameAs\":[\"https:\/\/www.diario21.tv\/noticias\/\"],\"url\":\"https:\/\/www.diario21.tv\/noticias\/author\/juan-perez\/\"}]}<\/script>\n<!-- \/ Yoast SEO plugin. -->","yoast_head_json":{"title":"\u00a1Impactante! Tres arrestados por violaci\u00f3n grupal en Barcelona - Diario 21","robots":{"index":"index","follow":"follow","max-snippet":"max-snippet:-1","max-image-preview":"max-image-preview:large","max-video-preview":"max-video-preview:-1"},"canonical":"https:\/\/www.diario21.tv\/noticias\/impactante-tres-arrestados-por-violacion-grupal-en-barcelona\/","og_locale":"es_ES","og_type":"article","og_title":"\u00a1Impactante! Tres arrestados por violaci\u00f3n grupal en Barcelona - Diario 21","og_description":"Arresto de Tres Sospechosos por Supuesta Violaci\u00f3n en Grupo en Barcelona Tres individuos han sido arrestados en relaci\u00f3n con un presunto caso de violaci\u00f3n grupal ocurrido ... Seguir leyendo &rarr;","og_url":"https:\/\/www.diario21.tv\/noticias\/impactante-tres-arrestados-por-violacion-grupal-en-barcelona\/","og_site_name":"Diario 21","article_published_time":"2025-01-20T02:00:29+00:00","article_modified_time":"2025-01-20T02:00:31+00:00","og_image":[{"width":1920,"height":1080,"url":"https:\/\/www.diario21.tv\/noticias\/wp-content\/uploads\/2025\/01\/\u00a1Impactante-Tres-arrestados-por-violacion-grupal-en-Barcelona.jpg","type":"image\/jpeg"}],"author":"Juan P\u00e9rez","twitter_card":"summary_large_image","twitter_misc":{"Escrito por":"Juan P\u00e9rez","Tiempo de lectura":"2 minutos"},"schema":{"@context":"https:\/\/schema.org","@graph":[{"@type":"WebPage","@id":"https:\/\/www.diario21.tv\/noticias\/impactante-tres-arrestados-por-violacion-grupal-en-barcelona\/","url":"https:\/\/www.diario21.tv\/noticias\/impactante-tres-arrestados-por-violacion-grupal-en-barcelona\/","name":"\u00a1Impactante! Tres arrestados por violaci\u00f3n grupal en Barcelona - Diario 21","isPartOf":{"@id":"https:\/\/www.diario21.tv\/noticias\/#website"},"primaryImageOfPage":{"@id":"https:\/\/www.diario21.tv\/noticias\/impactante-tres-arrestados-por-violacion-grupal-en-barcelona\/#primaryimage"},"image":{"@id":"https:\/\/www.diario21.tv\/noticias\/impactante-tres-arrestados-por-violacion-grupal-en-barcelona\/#primaryimage"},"thumbnailUrl":"https:\/\/www.diario21.tv\/noticias\/wp-content\/uploads\/2025\/01\/\u00a1Impactante-Tres-arrestados-por-violacion-grupal-en-Barcelona.jpg","datePublished":"2025-01-20T02:00:29+00:00","dateModified":"2025-01-20T02:00:31+00:00","author":{"@id":"https:\/\/www.diario21.tv\/noticias\/#\/schema\/person\/dfb778f73814d8f09f302618446a526b"},"breadcrumb":{"@id":"https:\/\/www.diario21.tv\/noticias\/impactante-tres-arrestados-por-violacion-grupal-en-barcelona\/#breadcrumb"},"inLanguage":"es-AR","potentialAction":[{"@type":"ReadAction","target":["https:\/\/www.diario21.tv\/noticias\/impactante-tres-arrestados-por-violacion-grupal-en-barcelona\/"]}]},{"@type":"ImageObject","inLanguage":"es-AR","@id":"https:\/\/www.diario21.tv\/noticias\/impactante-tres-arrestados-por-violacion-grupal-en-barcelona\/#primaryimage","url":"https:\/\/www.diario21.tv\/noticias\/wp-content\/uploads\/2025\/01\/\u00a1Impactante-Tres-arrestados-por-violacion-grupal-en-Barcelona.jpg","contentUrl":"https:\/\/www.diario21.tv\/noticias\/wp-content\/uploads\/2025\/01\/\u00a1Impactante-Tres-arrestados-por-violacion-grupal-en-Barcelona.jpg","width":1920,"height":1080,"caption":"Tres detenidos por una presunta violaci\u00f3n grupal en Barcelona"},{"@type":"BreadcrumbList","@id":"https:\/\/www.diario21.tv\/noticias\/impactante-tres-arrestados-por-violacion-grupal-en-barcelona\/#breadcrumb","itemListElement":[{"@type":"ListItem","position":1,"name":"Accueil","item":"https:\/\/www.diario21.tv\/noticias\/"},{"@type":"ListItem","position":2,"name":"\u00a1Impactante! Tres arrestados por violaci\u00f3n grupal en Barcelona"}]},{"@type":"WebSite","@id":"https:\/\/www.diario21.tv\/noticias\/#website","url":"https:\/\/www.diario21.tv\/noticias\/","name":"Diario 21","description":"","potentialAction":[{"@type":"SearchAction","target":{"@type":"EntryPoint","urlTemplate":"https:\/\/www.diario21.tv\/noticias\/?s={search_term_string}"},"query-input":{"@type":"PropertyValueSpecification","valueRequired":true,"valueName":"search_term_string"}}],"inLanguage":"es-AR"},{"@type":"Person","@id":"https:\/\/www.diario21.tv\/noticias\/#\/schema\/person\/dfb778f73814d8f09f302618446a526b","name":"Juan P\u00e9rez","image":{"@type":"ImageObject","inLanguage":"es-AR","@id":"https:\/\/www.diario21.tv\/noticias\/#\/schema\/person\/image\/","url":"https:\/\/secure.gravatar.com\/avatar\/c478a405bd10621167f4c3167cc770f5?s=96&d=mm&r=g","contentUrl":"https:\/\/secure.gravatar.com\/avatar\/c478a405bd10621167f4c3167cc770f5?s=96&d=mm&r=g","caption":"Juan P\u00e9rez"},"description":"Juan P\u00e9rez es el redactor en jefe de Diario 21. Con m\u00e1s de 10 a\u00f1os de experiencia en el periodismo, se especializa en pol\u00edtica nacional y an\u00e1lisis socioecon\u00f3mico. Su enfoque cr\u00edtico y riguroso aporta una perspectiva \u00fanica a cada art\u00edculo.","sameAs":["https:\/\/www.diario21.tv\/noticias\/"],"url":"https:\/\/www.diario21.tv\/noticias\/author\/juan-perez\/"}]}},"_links":{"self":[{"href":"https:\/\/www.diario21.tv\/noticias\/wp-json\/wp\/v2\/posts\/1875"}],"collection":[{"href":"https:\/\/www.diario21.tv\/noticias\/wp-json\/wp\/v2\/posts"}],"about":[{"href":"https:\/\/www.diario21.tv\/noticias\/wp-json\/wp\/v2\/types\/post"}],"author":[{"embeddable":true,"href":"https:\/\/www.diario21.tv\/noticias\/wp-json\/wp\/v2\/users\/20"}],"replies":[{"embeddable":true,"href":"https:\/\/www.diario21.tv\/noticias\/wp-json\/wp\/v2\/comments?post=1875"}],"version-history":[{"count":1,"href":"https:\/\/www.diario21.tv\/noticias\/wp-json\/wp\/v2\/posts\/1875\/revisions"}],"predecessor-version":[{"id":1877,"href":"https:\/\/www.diario21.tv\/noticias\/wp-json\/wp\/v2\/posts\/1875\/revisions\/1877"}],"wp:featuredmedia":[{"embeddable":true,"href":"https:\/\/www.diario21.tv\/noticias\/wp-json\/wp\/v2\/media\/1876"}],"wp:attachment":[{"href":"https:\/\/www.diario21.tv\/noticias\/wp-json\/wp\/v2\/media?parent=1875"}],"wp:term":[{"taxonomy":"category","embeddable":true,"href":"https:\/\/www.diario21.tv\/noticias\/wp-json\/wp\/v2\/categories?post=1875"},{"taxonomy":"post_tag","embeddable":true,"href":"https:\/\/www.diario21.tv\/noticias\/wp-json\/wp\/v2\/tags?post=1875"}],"curies":[{"name":"wp","href":"https:\/\/api.w.org\/{rel}","templated":true}]}}